{"id":154521,"date":"2025-05-21T18:13:08","date_gmt":"2025-05-21T18:13:08","guid":{"rendered":"https:\/\/www.nettali.com\/?p=154521"},"modified":"2025-05-21T16:14:58","modified_gmt":"2025-05-21T16:14:58","slug":"conge-maternite-les-femmes-de-sonatel-obtiennent-un-important-acquis-social","status":"publish","type":"post","link":"https:\/\/www.nettali.com\/2025\/05\/21\/conge-maternite-les-femmes-de-sonatel-obtiennent-un-important-acquis-social\/","title":{"rendered":"CONG\u00c9 MATERNIT\u00c9 - Les femmes de Sonatel obtiennent un important acquis social"},"content":{"rendered":"<p class=\"\" data-start=\"258\" data-end=\"561\"><strong data-start=\"258\" data-end=\"561\">NETTALI.COM - Gr\u00e2ce au plaidoyer constant de l\u2019Amicale des Femmes de Sonatel (AFSON), les salari\u00e9es du Groupe Sonatel b\u00e9n\u00e9ficieront d\u00e9sormais d\u2019un cong\u00e9 maternit\u00e9 allong\u00e9. Une avanc\u00e9e obtenue gr\u00e2ce \u00e0 un engagement collectif fort, qui interpelle aussi les pouvoirs publics sur la n\u00e9cessit\u00e9 d\u2019une r\u00e9forme nationale.<\/strong><\/p>\n<p class=\"\" data-start=\"563\" data-end=\"996\">L\u2019Amicale des Femmes de Sonatel (AFSON) vient de signer une belle victoire sociale. Apr\u00e8s plusieurs mois de mobilisation et de concertations internes, l\u2019organisation a obtenu une augmentation de la dur\u00e9e du cong\u00e9 maternit\u00e9 pour les femmes employ\u00e9es au sein du Groupe Sonatel. Cette d\u00e9cision marque une \u00e9tape d\u00e9cisive dans la qu\u00eate d\u2019un meilleur \u00e9quilibre entre vie professionnelle et maternit\u00e9 pour les travailleuses de l\u2019entreprise.<\/p>\n<p class=\"\" data-start=\"998\" data-end=\"1435\">Ce r\u00e9sultat est le fruit d\u2019un travail collectif soutenu par une vision claire et inclusive : offrir aux femmes les conditions leur permettant d\u2019assumer sereinement leur maternit\u00e9 sans compromettre leur carri\u00e8re. AFSON a su f\u00e9d\u00e9rer les \u00e9nergies autour de cette revendication, port\u00e9e notamment par deux de ses membres actives, Seynabou Niang et Fatou Camara, salu\u00e9es pour leur implication d\u00e9terminante dans la concr\u00e9tisation de cet acquis.<\/p>\n<p class=\"\" data-start=\"1437\" data-end=\"1727\">Le soutien d\u2019Ousmane Dieng, sponsor du projet, a \u00e9galement \u00e9t\u00e9 d\u00e9cisif. Ce dernier a accompagn\u00e9 le plaidoyer et facilit\u00e9 les \u00e9changes avec la direction g\u00e9n\u00e9rale, contribuant \u00e0 l\u2019adoption de cette mesure salu\u00e9e en interne comme un signal fort en faveur de l\u2019\u00e9quit\u00e9 et de la sant\u00e9 au travail.<\/p>\n<p class=\"\" data-start=\"1729\" data-end=\"2157\">Au-del\u00e0 de cette avanc\u00e9e dans le secteur priv\u00e9, AFSON appelle les autorit\u00e9s \u00e9tatiques \u00e0 acc\u00e9l\u00e9rer l\u2019adoption de projets de loi visant \u00e0 r\u00e9former le dispositif l\u00e9gal du cong\u00e9 maternit\u00e9 au S\u00e9n\u00e9gal. Dans un contexte o\u00f9 les questions de sant\u00e9, d\u2019inclusion et d\u2019\u00e9quit\u00e9 professionnelle deviennent des priorit\u00e9s soci\u00e9tales, cette initiative pourrait inspirer d\u2019autres entreprises et contribuer \u00e0 moderniser le cadre juridique national.<\/p>\n<div class='share-to-whatsapp-wrapper'><div class='share-on-whsp'>PARTAGER SUR : <\/div><a data-text='CONG\u00c9 MATERNIT\u00c9 - Les femmes de Sonatel obtiennent un important acquis social' data-link='https:\/\/www.nettali.com\/2025\/05\/21\/conge-maternite-les-femmes-de-sonatel-obtiennent-un-important-acquis-social\/' class='whatsapp-button whatsapp-share'>WhatsApp<\/a><div class='clear '><\/div><\/div>","protected":false},"excerpt":{"rendered":"<p>NETTALI.COM - Gr\u00e2ce au plaidoyer constant de l\u2019Amicale des Femmes de Sonatel (AFSON), les salari\u00e9es du Groupe Sonatel b\u00e9n\u00e9ficieront d\u00e9sormais d\u2019un cong\u00e9 maternit\u00e9 allong\u00e9. Une avanc\u00e9e obtenue gr\u00e2ce \u00e0 un engagement collectif fort, qui interpelle aussi les pouvoirs publics sur la n\u00e9cessit\u00e9 d\u2019une r\u00e9forme nationale. L\u2019Amicale des Femmes de Sonatel (AFSON) vient de signer une [&hellip;]<\/p>\n","protected":false},"author":4,"featured_media":1420,"comment_status":"open","ping_status":"open","sticky":false,"template":"","format":"standard","meta":{"_et_pb_use_builder":"","_et_pb_old_content":""},"categories":[3],"tags":[],"yoast_head":"<!-- This site is optimized with the Yoast SEO Premium plugin v17.8 (Yoast SEO v17.8) - https:\/\/yoast.com\/wordpress\/plugins\/seo\/ -->\n<title>CONG\u00c9 MATERNIT\u00c9 - Les femmes de Sonatel obtiennent un important acquis social | Nettali.com<\/title>\n<meta name=\"robots\" content=\"index, follow, max-snippet:-1, max-image-preview:large, max-video-preview:-1\" \/>\n<link rel=\"canonical\" href=\"https:\/\/www.nettali.com\/2025\/05\/21\/conge-maternite-les-femmes-de-sonatel-obtiennent-un-important-acquis-social\/\" \/>\n<meta property=\"og:locale\" content=\"fr_FR\" \/>\n<meta property=\"og:type\" content=\"article\" \/>\n<meta property=\"og:title\" content=\"CONG\u00c9 MATERNIT\u00c9 - Les femmes de Sonatel obtiennent un important acquis social\" \/>\n<meta property=\"og:description\" content=\"NETTALI.COM - Gr\u00e2ce au plaidoyer constant de l\u2019Amicale des Femmes de Sonatel (AFSON), les salari\u00e9es du Groupe Sonatel b\u00e9n\u00e9ficieront d\u00e9sormais d\u2019un cong\u00e9 maternit\u00e9 allong\u00e9. Une avanc\u00e9e obtenue gr\u00e2ce \u00e0 un engagement collectif fort, qui interpelle aussi les pouvoirs publics sur la n\u00e9cessit\u00e9 d\u2019une r\u00e9forme nationale. L\u2019Amicale des Femmes de Sonatel (AFSON) vient de signer une [&hellip;]\" \/>\n<meta property=\"og:url\" content=\"https:\/\/www.nettali.com\/2025\/05\/21\/conge-maternite-les-femmes-de-sonatel-obtiennent-un-important-acquis-social\/\" \/>\n<meta property=\"og:site_name\" content=\"Nettali.com\" \/>\n<meta property=\"article:publisher\" content=\"https:\/\/www.facebook.com\/nettalicom\" \/>\n<meta property=\"article:published_time\" content=\"2025-05-21T18:13:08+00:00\" \/>\n<meta property=\"article:modified_time\" content=\"2025-05-21T16:14:58+00:00\" \/>\n<meta property=\"og:image\" content=\"https:\/\/www.nettali.com\/wp-content\/uploads\/2019\/03\/sekou-drame.jpg\" \/>\n\t<meta property=\"og:image:width\" content=\"600\" \/>\n\t<meta property=\"og:image:height\" content=\"320\" \/>\n<meta name=\"twitter:card\" content=\"summary_large_image\" \/>\n<meta name=\"twitter:label1\" content=\"\u00c9crit par\" \/>\n\t<meta name=\"twitter:data1\" content=\"Daouda\" \/>\n\t<meta name=\"twitter:label2\" content=\"Dur\u00e9e de lecture estim\u00e9e\" \/>\n\t<meta name=\"twitter:data2\" content=\"2 minutes\" \/>\n<script type=\"application\/ld+json\" class=\"yoast-schema-graph\">{\"@context\":\"https:\/\/schema.org\",\"@graph\":[{\"@type\":\"WebSite\",\"@id\":\"https:\/\/www.nettali.com\/#website\",\"url\":\"https:\/\/www.nettali.com\/\",\"name\":\"Nettali.com\",\"description\":\"Le rendez-vous critique du Net\",\"potentialAction\":[{\"@type\":\"SearchAction\",\"target\":{\"@type\":\"EntryPoint\",\"urlTemplate\":\"https:\/\/www.nettali.com\/?s={search_term_string}\"},\"query-input\":\"required name=search_term_string\"}],\"inLanguage\":\"fr-FR\"},{\"@type\":\"ImageObject\",\"@id\":\"https:\/\/www.nettali.com\/2025\/05\/21\/conge-maternite-les-femmes-de-sonatel-obtiennent-un-important-acquis-social\/#primaryimage\",\"inLanguage\":\"fr-FR\",\"url\":\"https:\/\/www.nettali.com\/wp-content\/uploads\/2019\/03\/sekou-drame.jpg\",\"contentUrl\":\"https:\/\/www.nettali.com\/wp-content\/uploads\/2019\/03\/sekou-drame.jpg\",\"width\":600,\"height\":320},{\"@type\":\"WebPage\",\"@id\":\"https:\/\/www.nettali.com\/2025\/05\/21\/conge-maternite-les-femmes-de-sonatel-obtiennent-un-important-acquis-social\/#webpage\",\"url\":\"https:\/\/www.nettali.com\/2025\/05\/21\/conge-maternite-les-femmes-de-sonatel-obtiennent-un-important-acquis-social\/\",\"name\":\"CONG\\u00c9 MATERNIT\\u00c9 - Les femmes de Sonatel obtiennent un important acquis social | Nettali.com\",\"isPartOf\":{\"@id\":\"https:\/\/www.nettali.com\/#website\"},\"primaryImageOfPage\":{\"@id\":\"https:\/\/www.nettali.com\/2025\/05\/21\/conge-maternite-les-femmes-de-sonatel-obtiennent-un-important-acquis-social\/#primaryimage\"},\"datePublished\":\"2025-05-21T18:13:08+00:00\",\"dateModified\":\"2025-05-21T16:14:58+00:00\",\"author\":{\"@id\":\"https:\/\/www.nettali.com\/#\/schema\/person\/3317e0bb3aa1da309fbf7b2780901bf4\"},\"breadcrumb\":{\"@id\":\"https:\/\/www.nettali.com\/2025\/05\/21\/conge-maternite-les-femmes-de-sonatel-obtiennent-un-important-acquis-social\/#breadcrumb\"},\"inLanguage\":\"fr-FR\",\"potentialAction\":[{\"@type\":\"ReadAction\",\"target\":[\"https:\/\/www.nettali.com\/2025\/05\/21\/conge-maternite-les-femmes-de-sonatel-obtiennent-un-important-acquis-social\/\"]}]},{\"@type\":\"BreadcrumbList\",\"@id\":\"https:\/\/www.nettali.com\/2025\/05\/21\/conge-maternite-les-femmes-de-sonatel-obtiennent-un-important-acquis-social\/#breadcrumb\",\"itemListElement\":[{\"@type\":\"ListItem\",\"position\":1,\"name\":\"Accueil\",\"item\":\"https:\/\/www.nettali.com\/\"},{\"@type\":\"ListItem\",\"position\":2,\"name\":\"CONG\\u00c9 MATERNIT\\u00c9 - Les femmes de Sonatel obtiennent un important acquis social\"}]},{\"@type\":\"Person\",\"@id\":\"https:\/\/www.nettali.com\/#\/schema\/person\/3317e0bb3aa1da309fbf7b2780901bf4\",\"name\":\"Daouda\",\"image\":{\"@type\":\"ImageObject\",\"@id\":\"https:\/\/www.nettali.com\/#personlogo\",\"inLanguage\":\"fr-FR\",\"url\":\"https:\/\/secure.gravatar.com\/avatar\/8d143b5a49345098ddcfee1c49c2f47c?s=96&d=mm&r=g\",\"contentUrl\":\"https:\/\/secure.gravatar.com\/avatar\/8d143b5a49345098ddcfee1c49c2f47c?s=96&d=mm&r=g\",\"caption\":\"Daouda\"},\"sameAs\":[\"https:\/\/www.nettali.com\"]}]}<\/script>\n<!-- \/ Yoast SEO Premium plugin. -->","yoast_head_json":{"title":"CONG\u00c9 MATERNIT\u00c9 - Les femmes de Sonatel obtiennent un important acquis social | Nettali.com","robots":{"index":"index","follow":"follow","max-snippet":"max-snippet:-1","max-image-preview":"max-image-preview:large","max-video-preview":"max-video-preview:-1"},"canonical":"https:\/\/www.nettali.com\/2025\/05\/21\/conge-maternite-les-femmes-de-sonatel-obtiennent-un-important-acquis-social\/","og_locale":"fr_FR","og_type":"article","og_title":"CONG\u00c9 MATERNIT\u00c9 - Les femmes de Sonatel obtiennent un important acquis social","og_description":"NETTALI.COM - Gr\u00e2ce au plaidoyer constant de l\u2019Amicale des Femmes de Sonatel (AFSON), les salari\u00e9es du Groupe Sonatel b\u00e9n\u00e9ficieront d\u00e9sormais d\u2019un cong\u00e9 maternit\u00e9 allong\u00e9. Une avanc\u00e9e obtenue gr\u00e2ce \u00e0 un engagement collectif fort, qui interpelle aussi les pouvoirs publics sur la n\u00e9cessit\u00e9 d\u2019une r\u00e9forme nationale. L\u2019Amicale des Femmes de Sonatel (AFSON) vient de signer une [&hellip;]","og_url":"https:\/\/www.nettali.com\/2025\/05\/21\/conge-maternite-les-femmes-de-sonatel-obtiennent-un-important-acquis-social\/","og_site_name":"Nettali.com","article_publisher":"https:\/\/www.facebook.com\/nettalicom","article_published_time":"2025-05-21T18:13:08+00:00","article_modified_time":"2025-05-21T16:14:58+00:00","og_image":[{"width":600,"height":320,"url":"https:\/\/www.nettali.com\/wp-content\/uploads\/2019\/03\/sekou-drame.jpg","type":"image\/jpeg"}],"twitter_card":"summary_large_image","twitter_misc":{"\u00c9crit par":"Daouda","Dur\u00e9e de lecture estim\u00e9e":"2 minutes"},"schema":{"@context":"https:\/\/schema.org","@graph":[{"@type":"WebSite","@id":"https:\/\/www.nettali.com\/#website","url":"https:\/\/www.nettali.com\/","name":"Nettali.com","description":"Le rendez-vous critique du Net","potentialAction":[{"@type":"SearchAction","target":{"@type":"EntryPoint","urlTemplate":"https:\/\/www.nettali.com\/?s={search_term_string}"},"query-input":"required name=search_term_string"}],"inLanguage":"fr-FR"},{"@type":"ImageObject","@id":"https:\/\/www.nettali.com\/2025\/05\/21\/conge-maternite-les-femmes-de-sonatel-obtiennent-un-important-acquis-social\/#primaryimage","inLanguage":"fr-FR","url":"https:\/\/www.nettali.com\/wp-content\/uploads\/2019\/03\/sekou-drame.jpg","contentUrl":"https:\/\/www.nettali.com\/wp-content\/uploads\/2019\/03\/sekou-drame.jpg","width":600,"height":320},{"@type":"WebPage","@id":"https:\/\/www.nettali.com\/2025\/05\/21\/conge-maternite-les-femmes-de-sonatel-obtiennent-un-important-acquis-social\/#webpage","url":"https:\/\/www.nettali.com\/2025\/05\/21\/conge-maternite-les-femmes-de-sonatel-obtiennent-un-important-acquis-social\/","name":"CONG\u00c9 MATERNIT\u00c9 - Les femmes de Sonatel obtiennent un important acquis social | Nettali.com","isPartOf":{"@id":"https:\/\/www.nettali.com\/#website"},"primaryImageOfPage":{"@id":"https:\/\/www.nettali.com\/2025\/05\/21\/conge-maternite-les-femmes-de-sonatel-obtiennent-un-important-acquis-social\/#primaryimage"},"datePublished":"2025-05-21T18:13:08+00:00","dateModified":"2025-05-21T16:14:58+00:00","author":{"@id":"https:\/\/www.nettali.com\/#\/schema\/person\/3317e0bb3aa1da309fbf7b2780901bf4"},"breadcrumb":{"@id":"https:\/\/www.nettali.com\/2025\/05\/21\/conge-maternite-les-femmes-de-sonatel-obtiennent-un-important-acquis-social\/#breadcrumb"},"inLanguage":"fr-FR","potentialAction":[{"@type":"ReadAction","target":["https:\/\/www.nettali.com\/2025\/05\/21\/conge-maternite-les-femmes-de-sonatel-obtiennent-un-important-acquis-social\/"]}]},{"@type":"BreadcrumbList","@id":"https:\/\/www.nettali.com\/2025\/05\/21\/conge-maternite-les-femmes-de-sonatel-obtiennent-un-important-acquis-social\/#breadcrumb","itemListElement":[{"@type":"ListItem","position":1,"name":"Accueil","item":"https:\/\/www.nettali.com\/"},{"@type":"ListItem","position":2,"name":"CONG\u00c9 MATERNIT\u00c9 - Les femmes de Sonatel obtiennent un important acquis social"}]},{"@type":"Person","@id":"https:\/\/www.nettali.com\/#\/schema\/person\/3317e0bb3aa1da309fbf7b2780901bf4","name":"Daouda","image":{"@type":"ImageObject","@id":"https:\/\/www.nettali.com\/#personlogo","inLanguage":"fr-FR","url":"https:\/\/secure.gravatar.com\/avatar\/8d143b5a49345098ddcfee1c49c2f47c?s=96&d=mm&r=g","contentUrl":"https:\/\/secure.gravatar.com\/avatar\/8d143b5a49345098ddcfee1c49c2f47c?s=96&d=mm&r=g","caption":"Daouda"},"sameAs":["https:\/\/www.nettali.com"]}]}},"_links":{"self":[{"href":"https:\/\/www.nettali.com\/rest\/wp\/v2\/posts\/154521"}],"collection":[{"href":"https:\/\/www.nettali.com\/rest\/wp\/v2\/posts"}],"about":[{"href":"https:\/\/www.nettali.com\/rest\/wp\/v2\/types\/post"}],"author":[{"embeddable":true,"href":"https:\/\/www.nettali.com\/rest\/wp\/v2\/users\/4"}],"replies":[{"embeddable":true,"href":"https:\/\/www.nettali.com\/rest\/wp\/v2\/comments?post=154521"}],"version-history":[{"count":1,"href":"https:\/\/www.nettali.com\/rest\/wp\/v2\/posts\/154521\/revisions"}],"predecessor-version":[{"id":154522,"href":"https:\/\/www.nettali.com\/rest\/wp\/v2\/posts\/154521\/revisions\/154522"}],"wp:featuredmedia":[{"embeddable":true,"href":"https:\/\/www.nettali.com\/rest\/wp\/v2\/media\/1420"}],"wp:attachment":[{"href":"https:\/\/www.nettali.com\/rest\/wp\/v2\/media?parent=154521"}],"wp:term":[{"taxonomy":"category","embeddable":true,"href":"https:\/\/www.nettali.com\/rest\/wp\/v2\/categories?post=154521"},{"taxonomy":"post_tag","embeddable":true,"href":"https:\/\/www.nettali.com\/rest\/wp\/v2\/tags?post=154521"}],"curies":[{"name":"wp","href":"https:\/\/api.w.org\/{rel}","templated":true}]}}