{"id":154406,"date":"2025-05-19T11:19:45","date_gmt":"2025-05-19T11:19:45","guid":{"rendered":"https:\/\/www.nettali.com\/?p=154406"},"modified":"2025-05-20T14:44:53","modified_gmt":"2025-05-20T14:44:53","slug":"haute-cour-de-justice-ndeye-saly-diop-placee-sous-controle-judiciaire","status":"publish","type":"post","link":"https:\/\/www.nettali.com\/2025\/05\/19\/haute-cour-de-justice-ndeye-saly-diop-placee-sous-controle-judiciaire\/","title":{"rendered":"HAUTE COUR DE JUSTICE - Nd\u00e8ye Saly Diop plac\u00e9e sous contr\u00f4le judiciaire"},"content":{"rendered":"<p class=\"\" data-start=\"300\" data-end=\"611\"><strong>NETTALI.COM - Poursuivie pour un pr\u00e9sum\u00e9 d\u00e9tournement de deniers publics dans le cadre de l\u2019enqu\u00eate sur la gestion des fonds destin\u00e9s \u00e0 la lutte contre la Covid-19, l\u2019ancienne ministre Nd\u00e8ye Saly Diop a \u00e9t\u00e9 entendue ce lundi par la Haute Cour de Justice. \u00c0 l'issue de son audition, elle a \u00e9t\u00e9 plac\u00e9e sous contr\u00f4le judiciaire.<\/strong><\/p>\n<p class=\"\" data-start=\"640\" data-end=\"1068\">Ce lundi 19 mai 2025, Nd\u00e8ye Saly Diop, ancienne ministre de la Femme, de la Famille, du Genre et de la Protection des Enfants sous le r\u00e9gime de Macky Sall, a comparu devant la Commission d\u2019instruction de la Haute Cour de Justice. Elle \u00e9tait mise en cause dans le dossier relatif au d\u00e9tournement pr\u00e9sum\u00e9 de 52 millions FCFA, dans le cadre de la gestion des fonds Covid-19, suite aux conclusions du rapport de la Cour des comptes.<\/p>\n<p class=\"\" data-start=\"1070\" data-end=\"1408\">Au cours de son audition, Nd\u00e8ye Saly Diop, assist\u00e9e de son collectif d\u2019avocats, a cat\u00e9goriquement rejet\u00e9 les accusations port\u00e9es contre elle. Malgr\u00e9 ses contestations, l\u2019ancienne ministre a d\u00fb s\u2019acquitter d\u2019une caution de plus de 57 millions FCFA, vers\u00e9e \u00e0 la Caisse des D\u00e9p\u00f4ts et Consignations (CDC), pour \u00e9viter la d\u00e9tention pr\u00e9ventive.<\/p>\n<p class=\"\" data-start=\"1410\" data-end=\"1642\">Gr\u00e2ce \u00e0 cette garantie financi\u00e8re, elle b\u00e9n\u00e9ficie d\u2019une libert\u00e9 sous contr\u00f4le judiciaire en attendant la suite de la proc\u00e9dure. L\u2019affaire reste suivie de pr\u00e8s par l\u2019opinion publique et les observateurs de la vie politique nationale.<\/p>\n<div class='share-to-whatsapp-wrapper'><div class='share-on-whsp'>PARTAGER SUR : <\/div><a data-text='HAUTE COUR DE JUSTICE - Nd\u00e8ye Saly Diop plac\u00e9e sous contr\u00f4le judiciaire' data-link='https:\/\/www.nettali.com\/2025\/05\/19\/haute-cour-de-justice-ndeye-saly-diop-placee-sous-controle-judiciaire\/' class='whatsapp-button whatsapp-share'>WhatsApp<\/a><div class='clear '><\/div><\/div>","protected":false},"excerpt":{"rendered":"<p>NETTALI.COM - Poursuivie pour un pr\u00e9sum\u00e9 d\u00e9tournement de deniers publics dans le cadre de l\u2019enqu\u00eate sur la gestion des fonds destin\u00e9s \u00e0 la lutte contre la Covid-19, l\u2019ancienne ministre Nd\u00e8ye Saly Diop a \u00e9t\u00e9 entendue ce lundi par la Haute Cour de Justice. \u00c0 l'issue de son audition, elle a \u00e9t\u00e9 plac\u00e9e sous contr\u00f4le judiciaire. [&hellip;]<\/p>\n","protected":false},"author":4,"featured_media":76031,"comment_status":"open","ping_status":"open","sticky":false,"template":"","format":"standard","meta":{"_et_pb_use_builder":"","_et_pb_old_content":""},"categories":[2],"tags":[],"yoast_head":"<!-- This site is optimized with the Yoast SEO Premium plugin v17.8 (Yoast SEO v17.8) - https:\/\/yoast.com\/wordpress\/plugins\/seo\/ -->\n<title>HAUTE COUR DE JUSTICE - Nd\u00e8ye Saly Diop plac\u00e9e sous contr\u00f4le judiciaire | Nettali.com<\/title>\n<meta name=\"robots\" content=\"index, follow, max-snippet:-1, max-image-preview:large, max-video-preview:-1\" \/>\n<link rel=\"canonical\" href=\"https:\/\/www.nettali.com\/2025\/05\/19\/haute-cour-de-justice-ndeye-saly-diop-placee-sous-controle-judiciaire\/\" \/>\n<meta property=\"og:locale\" content=\"fr_FR\" \/>\n<meta property=\"og:type\" content=\"article\" \/>\n<meta property=\"og:title\" content=\"HAUTE COUR DE JUSTICE - Nd\u00e8ye Saly Diop plac\u00e9e sous contr\u00f4le judiciaire\" \/>\n<meta property=\"og:description\" content=\"NETTALI.COM - Poursuivie pour un pr\u00e9sum\u00e9 d\u00e9tournement de deniers publics dans le cadre de l\u2019enqu\u00eate sur la gestion des fonds destin\u00e9s \u00e0 la lutte contre la Covid-19, l\u2019ancienne ministre Nd\u00e8ye Saly Diop a \u00e9t\u00e9 entendue ce lundi par la Haute Cour de Justice. \u00c0 l&#039;issue de son audition, elle a \u00e9t\u00e9 plac\u00e9e sous contr\u00f4le judiciaire. [&hellip;]\" \/>\n<meta property=\"og:url\" content=\"https:\/\/www.nettali.com\/2025\/05\/19\/haute-cour-de-justice-ndeye-saly-diop-placee-sous-controle-judiciaire\/\" \/>\n<meta property=\"og:site_name\" content=\"Nettali.com\" \/>\n<meta property=\"article:publisher\" content=\"https:\/\/www.facebook.com\/nettalicom\" \/>\n<meta property=\"article:published_time\" content=\"2025-05-19T11:19:45+00:00\" \/>\n<meta property=\"article:modified_time\" content=\"2025-05-20T14:44:53+00:00\" \/>\n<meta property=\"og:image\" content=\"https:\/\/www.nettali.com\/wp-content\/uploads\/2021\/11\/ndeye-saly-diop-dieng-ministre-des-femmes-de-lapr.jpg\" \/>\n\t<meta property=\"og:image:width\" content=\"640\" \/>\n\t<meta property=\"og:image:height\" content=\"681\" \/>\n<meta name=\"twitter:card\" content=\"summary_large_image\" \/>\n<meta name=\"twitter:label1\" content=\"\u00c9crit par\" \/>\n\t<meta name=\"twitter:data1\" content=\"Daouda\" \/>\n\t<meta name=\"twitter:label2\" content=\"Dur\u00e9e de lecture estim\u00e9e\" \/>\n\t<meta name=\"twitter:data2\" content=\"2 minutes\" \/>\n<script type=\"application\/ld+json\" class=\"yoast-schema-graph\">{\"@context\":\"https:\/\/schema.org\",\"@graph\":[{\"@type\":\"WebSite\",\"@id\":\"https:\/\/www.nettali.com\/#website\",\"url\":\"https:\/\/www.nettali.com\/\",\"name\":\"Nettali.com\",\"description\":\"Le rendez-vous critique du Net\",\"potentialAction\":[{\"@type\":\"SearchAction\",\"target\":{\"@type\":\"EntryPoint\",\"urlTemplate\":\"https:\/\/www.nettali.com\/?s={search_term_string}\"},\"query-input\":\"required name=search_term_string\"}],\"inLanguage\":\"fr-FR\"},{\"@type\":\"ImageObject\",\"@id\":\"https:\/\/www.nettali.com\/2025\/05\/19\/haute-cour-de-justice-ndeye-saly-diop-placee-sous-controle-judiciaire\/#primaryimage\",\"inLanguage\":\"fr-FR\",\"url\":\"https:\/\/www.nettali.com\/wp-content\/uploads\/2021\/11\/ndeye-saly-diop-dieng-ministre-des-femmes-de-lapr.jpg\",\"contentUrl\":\"https:\/\/www.nettali.com\/wp-content\/uploads\/2021\/11\/ndeye-saly-diop-dieng-ministre-des-femmes-de-lapr.jpg\",\"width\":640,\"height\":681},{\"@type\":\"WebPage\",\"@id\":\"https:\/\/www.nettali.com\/2025\/05\/19\/haute-cour-de-justice-ndeye-saly-diop-placee-sous-controle-judiciaire\/#webpage\",\"url\":\"https:\/\/www.nettali.com\/2025\/05\/19\/haute-cour-de-justice-ndeye-saly-diop-placee-sous-controle-judiciaire\/\",\"name\":\"HAUTE COUR DE JUSTICE - Nd\\u00e8ye Saly Diop plac\\u00e9e sous contr\\u00f4le judiciaire | Nettali.com\",\"isPartOf\":{\"@id\":\"https:\/\/www.nettali.com\/#website\"},\"primaryImageOfPage\":{\"@id\":\"https:\/\/www.nettali.com\/2025\/05\/19\/haute-cour-de-justice-ndeye-saly-diop-placee-sous-controle-judiciaire\/#primaryimage\"},\"datePublished\":\"2025-05-19T11:19:45+00:00\",\"dateModified\":\"2025-05-20T14:44:53+00:00\",\"author\":{\"@id\":\"https:\/\/www.nettali.com\/#\/schema\/person\/3317e0bb3aa1da309fbf7b2780901bf4\"},\"breadcrumb\":{\"@id\":\"https:\/\/www.nettali.com\/2025\/05\/19\/haute-cour-de-justice-ndeye-saly-diop-placee-sous-controle-judiciaire\/#breadcrumb\"},\"inLanguage\":\"fr-FR\",\"potentialAction\":[{\"@type\":\"ReadAction\",\"target\":[\"https:\/\/www.nettali.com\/2025\/05\/19\/haute-cour-de-justice-ndeye-saly-diop-placee-sous-controle-judiciaire\/\"]}]},{\"@type\":\"BreadcrumbList\",\"@id\":\"https:\/\/www.nettali.com\/2025\/05\/19\/haute-cour-de-justice-ndeye-saly-diop-placee-sous-controle-judiciaire\/#breadcrumb\",\"itemListElement\":[{\"@type\":\"ListItem\",\"position\":1,\"name\":\"Accueil\",\"item\":\"https:\/\/www.nettali.com\/\"},{\"@type\":\"ListItem\",\"position\":2,\"name\":\"HAUTE COUR DE JUSTICE - Nd\\u00e8ye Saly Diop plac\\u00e9e sous contr\\u00f4le judiciaire\"}]},{\"@type\":\"Person\",\"@id\":\"https:\/\/www.nettali.com\/#\/schema\/person\/3317e0bb3aa1da309fbf7b2780901bf4\",\"name\":\"Daouda\",\"image\":{\"@type\":\"ImageObject\",\"@id\":\"https:\/\/www.nettali.com\/#personlogo\",\"inLanguage\":\"fr-FR\",\"url\":\"https:\/\/secure.gravatar.com\/avatar\/8d143b5a49345098ddcfee1c49c2f47c?s=96&d=mm&r=g\",\"contentUrl\":\"https:\/\/secure.gravatar.com\/avatar\/8d143b5a49345098ddcfee1c49c2f47c?s=96&d=mm&r=g\",\"caption\":\"Daouda\"},\"sameAs\":[\"https:\/\/www.nettali.com\"]}]}<\/script>\n<!-- \/ Yoast SEO Premium plugin. -->","yoast_head_json":{"title":"HAUTE COUR DE JUSTICE - Nd\u00e8ye Saly Diop plac\u00e9e sous contr\u00f4le judiciaire | Nettali.com","robots":{"index":"index","follow":"follow","max-snippet":"max-snippet:-1","max-image-preview":"max-image-preview:large","max-video-preview":"max-video-preview:-1"},"canonical":"https:\/\/www.nettali.com\/2025\/05\/19\/haute-cour-de-justice-ndeye-saly-diop-placee-sous-controle-judiciaire\/","og_locale":"fr_FR","og_type":"article","og_title":"HAUTE COUR DE JUSTICE - Nd\u00e8ye Saly Diop plac\u00e9e sous contr\u00f4le judiciaire","og_description":"NETTALI.COM - Poursuivie pour un pr\u00e9sum\u00e9 d\u00e9tournement de deniers publics dans le cadre de l\u2019enqu\u00eate sur la gestion des fonds destin\u00e9s \u00e0 la lutte contre la Covid-19, l\u2019ancienne ministre Nd\u00e8ye Saly Diop a \u00e9t\u00e9 entendue ce lundi par la Haute Cour de Justice. \u00c0 l'issue de son audition, elle a \u00e9t\u00e9 plac\u00e9e sous contr\u00f4le judiciaire. [&hellip;]","og_url":"https:\/\/www.nettali.com\/2025\/05\/19\/haute-cour-de-justice-ndeye-saly-diop-placee-sous-controle-judiciaire\/","og_site_name":"Nettali.com","article_publisher":"https:\/\/www.facebook.com\/nettalicom","article_published_time":"2025-05-19T11:19:45+00:00","article_modified_time":"2025-05-20T14:44:53+00:00","og_image":[{"width":640,"height":681,"url":"https:\/\/www.nettali.com\/wp-content\/uploads\/2021\/11\/ndeye-saly-diop-dieng-ministre-des-femmes-de-lapr.jpg","type":"image\/jpeg"}],"twitter_card":"summary_large_image","twitter_misc":{"\u00c9crit par":"Daouda","Dur\u00e9e de lecture estim\u00e9e":"2 minutes"},"schema":{"@context":"https:\/\/schema.org","@graph":[{"@type":"WebSite","@id":"https:\/\/www.nettali.com\/#website","url":"https:\/\/www.nettali.com\/","name":"Nettali.com","description":"Le rendez-vous critique du Net","potentialAction":[{"@type":"SearchAction","target":{"@type":"EntryPoint","urlTemplate":"https:\/\/www.nettali.com\/?s={search_term_string}"},"query-input":"required name=search_term_string"}],"inLanguage":"fr-FR"},{"@type":"ImageObject","@id":"https:\/\/www.nettali.com\/2025\/05\/19\/haute-cour-de-justice-ndeye-saly-diop-placee-sous-controle-judiciaire\/#primaryimage","inLanguage":"fr-FR","url":"https:\/\/www.nettali.com\/wp-content\/uploads\/2021\/11\/ndeye-saly-diop-dieng-ministre-des-femmes-de-lapr.jpg","contentUrl":"https:\/\/www.nettali.com\/wp-content\/uploads\/2021\/11\/ndeye-saly-diop-dieng-ministre-des-femmes-de-lapr.jpg","width":640,"height":681},{"@type":"WebPage","@id":"https:\/\/www.nettali.com\/2025\/05\/19\/haute-cour-de-justice-ndeye-saly-diop-placee-sous-controle-judiciaire\/#webpage","url":"https:\/\/www.nettali.com\/2025\/05\/19\/haute-cour-de-justice-ndeye-saly-diop-placee-sous-controle-judiciaire\/","name":"HAUTE COUR DE JUSTICE - Nd\u00e8ye Saly Diop plac\u00e9e sous contr\u00f4le judiciaire | Nettali.com","isPartOf":{"@id":"https:\/\/www.nettali.com\/#website"},"primaryImageOfPage":{"@id":"https:\/\/www.nettali.com\/2025\/05\/19\/haute-cour-de-justice-ndeye-saly-diop-placee-sous-controle-judiciaire\/#primaryimage"},"datePublished":"2025-05-19T11:19:45+00:00","dateModified":"2025-05-20T14:44:53+00:00","author":{"@id":"https:\/\/www.nettali.com\/#\/schema\/person\/3317e0bb3aa1da309fbf7b2780901bf4"},"breadcrumb":{"@id":"https:\/\/www.nettali.com\/2025\/05\/19\/haute-cour-de-justice-ndeye-saly-diop-placee-sous-controle-judiciaire\/#breadcrumb"},"inLanguage":"fr-FR","potentialAction":[{"@type":"ReadAction","target":["https:\/\/www.nettali.com\/2025\/05\/19\/haute-cour-de-justice-ndeye-saly-diop-placee-sous-controle-judiciaire\/"]}]},{"@type":"BreadcrumbList","@id":"https:\/\/www.nettali.com\/2025\/05\/19\/haute-cour-de-justice-ndeye-saly-diop-placee-sous-controle-judiciaire\/#breadcrumb","itemListElement":[{"@type":"ListItem","position":1,"name":"Accueil","item":"https:\/\/www.nettali.com\/"},{"@type":"ListItem","position":2,"name":"HAUTE COUR DE JUSTICE - Nd\u00e8ye Saly Diop plac\u00e9e sous contr\u00f4le judiciaire"}]},{"@type":"Person","@id":"https:\/\/www.nettali.com\/#\/schema\/person\/3317e0bb3aa1da309fbf7b2780901bf4","name":"Daouda","image":{"@type":"ImageObject","@id":"https:\/\/www.nettali.com\/#personlogo","inLanguage":"fr-FR","url":"https:\/\/secure.gravatar.com\/avatar\/8d143b5a49345098ddcfee1c49c2f47c?s=96&d=mm&r=g","contentUrl":"https:\/\/secure.gravatar.com\/avatar\/8d143b5a49345098ddcfee1c49c2f47c?s=96&d=mm&r=g","caption":"Daouda"},"sameAs":["https:\/\/www.nettali.com"]}]}},"_links":{"self":[{"href":"https:\/\/www.nettali.com\/rest\/wp\/v2\/posts\/154406"}],"collection":[{"href":"https:\/\/www.nettali.com\/rest\/wp\/v2\/posts"}],"about":[{"href":"https:\/\/www.nettali.com\/rest\/wp\/v2\/types\/post"}],"author":[{"embeddable":true,"href":"https:\/\/www.nettali.com\/rest\/wp\/v2\/users\/4"}],"replies":[{"embeddable":true,"href":"https:\/\/www.nettali.com\/rest\/wp\/v2\/comments?post=154406"}],"version-history":[{"count":1,"href":"https:\/\/www.nettali.com\/rest\/wp\/v2\/posts\/154406\/revisions"}],"predecessor-version":[{"id":154407,"href":"https:\/\/www.nettali.com\/rest\/wp\/v2\/posts\/154406\/revisions\/154407"}],"wp:featuredmedia":[{"embeddable":true,"href":"https:\/\/www.nettali.com\/rest\/wp\/v2\/media\/76031"}],"wp:attachment":[{"href":"https:\/\/www.nettali.com\/rest\/wp\/v2\/media?parent=154406"}],"wp:term":[{"taxonomy":"category","embeddable":true,"href":"https:\/\/www.nettali.com\/rest\/wp\/v2\/categories?post=154406"},{"taxonomy":"post_tag","embeddable":true,"href":"https:\/\/www.nettali.com\/rest\/wp\/v2\/tags?post=154406"}],"curies":[{"name":"wp","href":"https:\/\/api.w.org\/{rel}","templated":true}]}}