{"id":154395,"date":"2025-05-19T07:10:46","date_gmt":"2025-05-19T07:10:46","guid":{"rendered":"https:\/\/www.nettali.com\/?p=154395"},"modified":"2025-05-19T07:10:46","modified_gmt":"2025-05-19T07:10:46","slug":"politique-anta-babacar-ngom-annonce-son-depart-du-fdr","status":"publish","type":"post","link":"https:\/\/www.nettali.com\/2025\/05\/19\/politique-anta-babacar-ngom-annonce-son-depart-du-fdr\/","title":{"rendered":"POLITIQUE - Anta Babacar Ngom annonce son d\u00e9part du FDR"},"content":{"rendered":"<p>NETTALI.COM - En tourn\u00e9e de proximit\u00e9 \u00e0 Kaffrine, la patronne de l\u2019Alternative pour la rel\u00e8ve citoyenne (ARC) a officiellement annonc\u00e9 son d\u00e9part d\u00e9finitif du Front pour la d\u00e9fense de la d\u00e9mocratie et de la R\u00e9publique (FDR). \u201c<em>Aujourd\u2019hui, l\u2019ARC entend tracer sa propre voie et assumer pleinement son autonomie. Je suis d\u00e9sormais engag\u00e9e \u00e0 100 % dans ce projet politique, enracin\u00e9 dans les r\u00e9alit\u00e9s du pays, tourn\u00e9 vers la jeunesse, les femmes et les territoires oubli\u00e9s. Mais je reste fermement ancr\u00e9e dans l\u2019opposition. Ce choix, m\u00fbri depuis plusieurs mois, refl\u00e8te une volont\u00e9 claire : affirmer une nouvelle identit\u00e9 politique fond\u00e9e sur la proximit\u00e9, l\u2019\u00e9coute et une autre mani\u00e8re de faire de la politique. \u00c0 travers cette tourn\u00e9e au coeur du pays, je souhaite renforcer les bases de l\u2019ARC et consolider un mouvement citoyen port\u00e9 par les aspirations profondes des populations<\/em>\u201d, renseigne Anta Babacar Ngom.<\/p>\n<p>Elle attend de se concerter avec les membres de sa formation politique, pour se d\u00e9terminer quant \u00e0 sa participation au Dialogue national.<\/p>\n<div class='share-to-whatsapp-wrapper'><div class='share-on-whsp'>PARTAGER SUR : <\/div><a data-text='POLITIQUE - Anta Babacar Ngom annonce son d\u00e9part du FDR' data-link='https:\/\/www.nettali.com\/2025\/05\/19\/politique-anta-babacar-ngom-annonce-son-depart-du-fdr\/' class='whatsapp-button whatsapp-share'>WhatsApp<\/a><div class='clear '><\/div><\/div>","protected":false},"excerpt":{"rendered":"<p>NETTALI.COM - En tourn\u00e9e de proximit\u00e9 \u00e0 Kaffrine, la patronne de l\u2019Alternative pour la rel\u00e8ve citoyenne (ARC) a officiellement annonc\u00e9 son d\u00e9part d\u00e9finitif du Front pour la d\u00e9fense de la d\u00e9mocratie et de la R\u00e9publique (FDR). \u201cAujourd\u2019hui, l\u2019ARC entend tracer sa propre voie et assumer pleinement son autonomie. Je suis d\u00e9sormais engag\u00e9e \u00e0 100 % [&hellip;]<\/p>\n","protected":false},"author":2,"featured_media":154396,"comment_status":"open","ping_status":"open","sticky":false,"template":"","format":"standard","meta":{"_et_pb_use_builder":"","_et_pb_old_content":""},"categories":[2],"tags":[],"yoast_head":"<!-- This site is optimized with the Yoast SEO Premium plugin v17.8 (Yoast SEO v17.8) - https:\/\/yoast.com\/wordpress\/plugins\/seo\/ -->\n<title>POLITIQUE - Anta Babacar Ngom annonce son d\u00e9part du FDR | Nettali.com<\/title>\n<meta name=\"robots\" content=\"index, follow, max-snippet:-1, max-image-preview:large, max-video-preview:-1\" \/>\n<link rel=\"canonical\" href=\"https:\/\/www.nettali.com\/2025\/05\/19\/politique-anta-babacar-ngom-annonce-son-depart-du-fdr\/\" \/>\n<meta property=\"og:locale\" content=\"fr_FR\" \/>\n<meta property=\"og:type\" content=\"article\" \/>\n<meta property=\"og:title\" content=\"POLITIQUE - Anta Babacar Ngom annonce son d\u00e9part du FDR\" \/>\n<meta property=\"og:description\" content=\"NETTALI.COM - En tourn\u00e9e de proximit\u00e9 \u00e0 Kaffrine, la patronne de l\u2019Alternative pour la rel\u00e8ve citoyenne (ARC) a officiellement annonc\u00e9 son d\u00e9part d\u00e9finitif du Front pour la d\u00e9fense de la d\u00e9mocratie et de la R\u00e9publique (FDR). \u201cAujourd\u2019hui, l\u2019ARC entend tracer sa propre voie et assumer pleinement son autonomie. Je suis d\u00e9sormais engag\u00e9e \u00e0 100 % [&hellip;]\" \/>\n<meta property=\"og:url\" content=\"https:\/\/www.nettali.com\/2025\/05\/19\/politique-anta-babacar-ngom-annonce-son-depart-du-fdr\/\" \/>\n<meta property=\"og:site_name\" content=\"Nettali.com\" \/>\n<meta property=\"article:publisher\" content=\"https:\/\/www.facebook.com\/nettalicom\" \/>\n<meta property=\"article:published_time\" content=\"2025-05-19T07:10:46+00:00\" \/>\n<meta property=\"og:image\" content=\"https:\/\/www.nettali.com\/wp-content\/uploads\/2025\/05\/WhatsApp-Image-2025-05-18-at-14.34.42.jpeg\" \/>\n\t<meta property=\"og:image:width\" content=\"1215\" \/>\n\t<meta property=\"og:image:height\" content=\"1190\" \/>\n<meta name=\"twitter:card\" content=\"summary_large_image\" \/>\n<meta name=\"twitter:label1\" content=\"\u00c9crit par\" \/>\n\t<meta name=\"twitter:data1\" content=\"CK\" \/>\n\t<meta name=\"twitter:label2\" content=\"Dur\u00e9e de lecture estim\u00e9e\" \/>\n\t<meta name=\"twitter:data2\" content=\"1 minute\" \/>\n<script type=\"application\/ld+json\" class=\"yoast-schema-graph\">{\"@context\":\"https:\/\/schema.org\",\"@graph\":[{\"@type\":\"WebSite\",\"@id\":\"https:\/\/www.nettali.com\/#website\",\"url\":\"https:\/\/www.nettali.com\/\",\"name\":\"Nettali.com\",\"description\":\"Le rendez-vous critique du Net\",\"potentialAction\":[{\"@type\":\"SearchAction\",\"target\":{\"@type\":\"EntryPoint\",\"urlTemplate\":\"https:\/\/www.nettali.com\/?s={search_term_string}\"},\"query-input\":\"required name=search_term_string\"}],\"inLanguage\":\"fr-FR\"},{\"@type\":\"ImageObject\",\"@id\":\"https:\/\/www.nettali.com\/2025\/05\/19\/politique-anta-babacar-ngom-annonce-son-depart-du-fdr\/#primaryimage\",\"inLanguage\":\"fr-FR\",\"url\":\"https:\/\/www.nettali.com\/wp-content\/uploads\/2025\/05\/WhatsApp-Image-2025-05-18-at-14.34.42.jpeg\",\"contentUrl\":\"https:\/\/www.nettali.com\/wp-content\/uploads\/2025\/05\/WhatsApp-Image-2025-05-18-at-14.34.42.jpeg\",\"width\":1215,\"height\":1190},{\"@type\":\"WebPage\",\"@id\":\"https:\/\/www.nettali.com\/2025\/05\/19\/politique-anta-babacar-ngom-annonce-son-depart-du-fdr\/#webpage\",\"url\":\"https:\/\/www.nettali.com\/2025\/05\/19\/politique-anta-babacar-ngom-annonce-son-depart-du-fdr\/\",\"name\":\"POLITIQUE - Anta Babacar Ngom annonce son d\\u00e9part du FDR | Nettali.com\",\"isPartOf\":{\"@id\":\"https:\/\/www.nettali.com\/#website\"},\"primaryImageOfPage\":{\"@id\":\"https:\/\/www.nettali.com\/2025\/05\/19\/politique-anta-babacar-ngom-annonce-son-depart-du-fdr\/#primaryimage\"},\"datePublished\":\"2025-05-19T07:10:46+00:00\",\"dateModified\":\"2025-05-19T07:10:46+00:00\",\"author\":{\"@id\":\"https:\/\/www.nettali.com\/#\/schema\/person\/d8ac7b7e27ddad43f1c0d2ef090d7f71\"},\"breadcrumb\":{\"@id\":\"https:\/\/www.nettali.com\/2025\/05\/19\/politique-anta-babacar-ngom-annonce-son-depart-du-fdr\/#breadcrumb\"},\"inLanguage\":\"fr-FR\",\"potentialAction\":[{\"@type\":\"ReadAction\",\"target\":[\"https:\/\/www.nettali.com\/2025\/05\/19\/politique-anta-babacar-ngom-annonce-son-depart-du-fdr\/\"]}]},{\"@type\":\"BreadcrumbList\",\"@id\":\"https:\/\/www.nettali.com\/2025\/05\/19\/politique-anta-babacar-ngom-annonce-son-depart-du-fdr\/#breadcrumb\",\"itemListElement\":[{\"@type\":\"ListItem\",\"position\":1,\"name\":\"Accueil\",\"item\":\"https:\/\/www.nettali.com\/\"},{\"@type\":\"ListItem\",\"position\":2,\"name\":\"POLITIQUE - Anta Babacar Ngom annonce son d\\u00e9part du FDR\"}]},{\"@type\":\"Person\",\"@id\":\"https:\/\/www.nettali.com\/#\/schema\/person\/d8ac7b7e27ddad43f1c0d2ef090d7f71\",\"name\":\"CK\",\"image\":{\"@type\":\"ImageObject\",\"@id\":\"https:\/\/www.nettali.com\/#personlogo\",\"inLanguage\":\"fr-FR\",\"url\":\"https:\/\/secure.gravatar.com\/avatar\/1d8d5118b9327d94da7cd4ce7f17fec2?s=96&d=mm&r=g\",\"contentUrl\":\"https:\/\/secure.gravatar.com\/avatar\/1d8d5118b9327d94da7cd4ce7f17fec2?s=96&d=mm&r=g\",\"caption\":\"CK\"},\"sameAs\":[\"https:\/\/www.nettali.com\"]}]}<\/script>\n<!-- \/ Yoast SEO Premium plugin. -->","yoast_head_json":{"title":"POLITIQUE - Anta Babacar Ngom annonce son d\u00e9part du FDR | Nettali.com","robots":{"index":"index","follow":"follow","max-snippet":"max-snippet:-1","max-image-preview":"max-image-preview:large","max-video-preview":"max-video-preview:-1"},"canonical":"https:\/\/www.nettali.com\/2025\/05\/19\/politique-anta-babacar-ngom-annonce-son-depart-du-fdr\/","og_locale":"fr_FR","og_type":"article","og_title":"POLITIQUE - Anta Babacar Ngom annonce son d\u00e9part du FDR","og_description":"NETTALI.COM - En tourn\u00e9e de proximit\u00e9 \u00e0 Kaffrine, la patronne de l\u2019Alternative pour la rel\u00e8ve citoyenne (ARC) a officiellement annonc\u00e9 son d\u00e9part d\u00e9finitif du Front pour la d\u00e9fense de la d\u00e9mocratie et de la R\u00e9publique (FDR). \u201cAujourd\u2019hui, l\u2019ARC entend tracer sa propre voie et assumer pleinement son autonomie. Je suis d\u00e9sormais engag\u00e9e \u00e0 100 % [&hellip;]","og_url":"https:\/\/www.nettali.com\/2025\/05\/19\/politique-anta-babacar-ngom-annonce-son-depart-du-fdr\/","og_site_name":"Nettali.com","article_publisher":"https:\/\/www.facebook.com\/nettalicom","article_published_time":"2025-05-19T07:10:46+00:00","og_image":[{"width":1215,"height":1190,"url":"https:\/\/www.nettali.com\/wp-content\/uploads\/2025\/05\/WhatsApp-Image-2025-05-18-at-14.34.42.jpeg","type":"image\/jpeg"}],"twitter_card":"summary_large_image","twitter_misc":{"\u00c9crit par":"CK","Dur\u00e9e de lecture estim\u00e9e":"1 minute"},"schema":{"@context":"https:\/\/schema.org","@graph":[{"@type":"WebSite","@id":"https:\/\/www.nettali.com\/#website","url":"https:\/\/www.nettali.com\/","name":"Nettali.com","description":"Le rendez-vous critique du Net","potentialAction":[{"@type":"SearchAction","target":{"@type":"EntryPoint","urlTemplate":"https:\/\/www.nettali.com\/?s={search_term_string}"},"query-input":"required name=search_term_string"}],"inLanguage":"fr-FR"},{"@type":"ImageObject","@id":"https:\/\/www.nettali.com\/2025\/05\/19\/politique-anta-babacar-ngom-annonce-son-depart-du-fdr\/#primaryimage","inLanguage":"fr-FR","url":"https:\/\/www.nettali.com\/wp-content\/uploads\/2025\/05\/WhatsApp-Image-2025-05-18-at-14.34.42.jpeg","contentUrl":"https:\/\/www.nettali.com\/wp-content\/uploads\/2025\/05\/WhatsApp-Image-2025-05-18-at-14.34.42.jpeg","width":1215,"height":1190},{"@type":"WebPage","@id":"https:\/\/www.nettali.com\/2025\/05\/19\/politique-anta-babacar-ngom-annonce-son-depart-du-fdr\/#webpage","url":"https:\/\/www.nettali.com\/2025\/05\/19\/politique-anta-babacar-ngom-annonce-son-depart-du-fdr\/","name":"POLITIQUE - Anta Babacar Ngom annonce son d\u00e9part du FDR | Nettali.com","isPartOf":{"@id":"https:\/\/www.nettali.com\/#website"},"primaryImageOfPage":{"@id":"https:\/\/www.nettali.com\/2025\/05\/19\/politique-anta-babacar-ngom-annonce-son-depart-du-fdr\/#primaryimage"},"datePublished":"2025-05-19T07:10:46+00:00","dateModified":"2025-05-19T07:10:46+00:00","author":{"@id":"https:\/\/www.nettali.com\/#\/schema\/person\/d8ac7b7e27ddad43f1c0d2ef090d7f71"},"breadcrumb":{"@id":"https:\/\/www.nettali.com\/2025\/05\/19\/politique-anta-babacar-ngom-annonce-son-depart-du-fdr\/#breadcrumb"},"inLanguage":"fr-FR","potentialAction":[{"@type":"ReadAction","target":["https:\/\/www.nettali.com\/2025\/05\/19\/politique-anta-babacar-ngom-annonce-son-depart-du-fdr\/"]}]},{"@type":"BreadcrumbList","@id":"https:\/\/www.nettali.com\/2025\/05\/19\/politique-anta-babacar-ngom-annonce-son-depart-du-fdr\/#breadcrumb","itemListElement":[{"@type":"ListItem","position":1,"name":"Accueil","item":"https:\/\/www.nettali.com\/"},{"@type":"ListItem","position":2,"name":"POLITIQUE - Anta Babacar Ngom annonce son d\u00e9part du FDR"}]},{"@type":"Person","@id":"https:\/\/www.nettali.com\/#\/schema\/person\/d8ac7b7e27ddad43f1c0d2ef090d7f71","name":"CK","image":{"@type":"ImageObject","@id":"https:\/\/www.nettali.com\/#personlogo","inLanguage":"fr-FR","url":"https:\/\/secure.gravatar.com\/avatar\/1d8d5118b9327d94da7cd4ce7f17fec2?s=96&d=mm&r=g","contentUrl":"https:\/\/secure.gravatar.com\/avatar\/1d8d5118b9327d94da7cd4ce7f17fec2?s=96&d=mm&r=g","caption":"CK"},"sameAs":["https:\/\/www.nettali.com"]}]}},"_links":{"self":[{"href":"https:\/\/www.nettali.com\/rest\/wp\/v2\/posts\/154395"}],"collection":[{"href":"https:\/\/www.nettali.com\/rest\/wp\/v2\/posts"}],"about":[{"href":"https:\/\/www.nettali.com\/rest\/wp\/v2\/types\/post"}],"author":[{"embeddable":true,"href":"https:\/\/www.nettali.com\/rest\/wp\/v2\/users\/2"}],"replies":[{"embeddable":true,"href":"https:\/\/www.nettali.com\/rest\/wp\/v2\/comments?post=154395"}],"version-history":[{"count":1,"href":"https:\/\/www.nettali.com\/rest\/wp\/v2\/posts\/154395\/revisions"}],"predecessor-version":[{"id":154397,"href":"https:\/\/www.nettali.com\/rest\/wp\/v2\/posts\/154395\/revisions\/154397"}],"wp:featuredmedia":[{"embeddable":true,"href":"https:\/\/www.nettali.com\/rest\/wp\/v2\/media\/154396"}],"wp:attachment":[{"href":"https:\/\/www.nettali.com\/rest\/wp\/v2\/media?parent=154395"}],"wp:term":[{"taxonomy":"category","embeddable":true,"href":"https:\/\/www.nettali.com\/rest\/wp\/v2\/categories?post=154395"},{"taxonomy":"post_tag","embeddable":true,"href":"https:\/\/www.nettali.com\/rest\/wp\/v2\/tags?post=154395"}],"curies":[{"name":"wp","href":"https:\/\/api.w.org\/{rel}","templated":true}]}}