{"id":154389,"date":"2025-05-19T06:59:57","date_gmt":"2025-05-19T06:59:57","guid":{"rendered":"https:\/\/www.nettali.com\/?p=154389"},"modified":"2025-05-19T07:01:52","modified_gmt":"2025-05-19T07:01:52","slug":"politique-abdoul-mbaye-et-lact-sannoncent-au-dialogue-national","status":"publish","type":"post","link":"https:\/\/www.nettali.com\/2025\/05\/19\/politique-abdoul-mbaye-et-lact-sannoncent-au-dialogue-national\/","title":{"rendered":"POLITIQUE - Abdoul Mbaye et l\u2019ACT s\u2019annoncent au Dialogue national"},"content":{"rendered":"<p><strong>NETTALI.COM -<\/strong> L\u2019 Alliance pour la citoyennet\u00e9 et le travail (ACT) a d\u00e9cid\u00e9 de prendre part au Dialogue national pr\u00e9vu le 28 mai 2025. Cette d\u00e9cision, souligne la formation politique, d\u00e9coule d\u2019un choix r\u00e9fl\u00e9chi, motiv\u00e9 par sa volont\u00e9 de r\u00e9pondre positivement \u00e0 l\u2019invitation du pr\u00e9sident de la R\u00e9publique Bassirou Diomaye Faye, dans un esprit d\u2019ouverture et de responsabilit\u00e9 r\u00e9publicaine.<\/p>\n<p>\u201c<em>Notre participation vise \u00e0 faire entendre la voix d\u2019une opposition constructive, force de propositions et soucieuse de l\u2019int\u00e9r\u00eat g\u00e9n\u00e9ral. \u00c0 ce titre, l\u2019ACT a transmis une contribution structur\u00e9e comportant 23 propositions et recommandations portant notamment sur la r\u00e9forme des institutions et la s\u00e9paration des pouvoirs, l\u2019\u00e9quit\u00e9 du syst\u00e8me \u00e9lectoral, la transparence de la vie publique, la moralisation de la politique et le financement des partis politiques. Nous y allons avec des id\u00e9es, pas pour servir de d\u00e9cor<\/em>\u201d renseigne le communiqu\u00e9 parvenu \u00e0 \u201cNettali.com\u201d.<\/p>\n<p>Toutefois, l\u2019ACT se dit vigilante sur les conditions de ce dialogue, notamment sa conduite par le minist\u00e8re de l\u2019Int\u00e9rieur.<\/p>\n<p>Pour \u00eatre cr\u00e9dible, ce processus, selon le parti, doit garantir la transparence, l\u2019inclusivit\u00e9 et la sinc\u00e9rit\u00e9 des \u00e9changes.<\/p>\n<p>Aux yeux des opposants, toute tentative de r\u00e9cup\u00e9ration politique ou de mise en sc\u00e8ne affaiblirait le cr\u00e9dit du dialogue et entamerait la confiance de nos concitoyens. C\u2019est pourquoi, dit-on, \u201c<em>l\u2019ACT prend part au dialogue pour porter une ambition forte pour le S\u00e9n\u00e9gal, mais en gardant une exigence ferme : que cette concertation ne soit ni un rituel institutionnel ni une diversion politique, mais bien un moment de refondation et de v\u00e9rit\u00e9<\/em>\u201d.<\/p>\n<div class='share-to-whatsapp-wrapper'><div class='share-on-whsp'>PARTAGER SUR : <\/div><a data-text='POLITIQUE - Abdoul Mbaye et l\u2019ACT s\u2019annoncent au Dialogue national' data-link='https:\/\/www.nettali.com\/2025\/05\/19\/politique-abdoul-mbaye-et-lact-sannoncent-au-dialogue-national\/' class='whatsapp-button whatsapp-share'>WhatsApp<\/a><div class='clear '><\/div><\/div>","protected":false},"excerpt":{"rendered":"<p>NETTALI.COM - L\u2019 Alliance pour la citoyennet\u00e9 et le travail (ACT) a d\u00e9cid\u00e9 de prendre part au Dialogue national pr\u00e9vu le 28 mai 2025. Cette d\u00e9cision, souligne la formation politique, d\u00e9coule d\u2019un choix r\u00e9fl\u00e9chi, motiv\u00e9 par sa volont\u00e9 de r\u00e9pondre positivement \u00e0 l\u2019invitation du pr\u00e9sident de la R\u00e9publique Bassirou Diomaye Faye, dans un esprit d\u2019ouverture [&hellip;]<\/p>\n","protected":false},"author":2,"featured_media":154390,"comment_status":"open","ping_status":"open","sticky":false,"template":"","format":"standard","meta":{"_et_pb_use_builder":"","_et_pb_old_content":""},"categories":[2],"tags":[],"yoast_head":"<!-- This site is optimized with the Yoast SEO Premium plugin v17.8 (Yoast SEO v17.8) - https:\/\/yoast.com\/wordpress\/plugins\/seo\/ -->\n<title>POLITIQUE - Abdoul Mbaye et l\u2019ACT s\u2019annoncent au Dialogue national | Nettali.com<\/title>\n<meta name=\"robots\" content=\"index, follow, max-snippet:-1, max-image-preview:large, max-video-preview:-1\" \/>\n<link rel=\"canonical\" href=\"https:\/\/www.nettali.com\/2025\/05\/19\/politique-abdoul-mbaye-et-lact-sannoncent-au-dialogue-national\/\" \/>\n<meta property=\"og:locale\" content=\"fr_FR\" \/>\n<meta property=\"og:type\" content=\"article\" \/>\n<meta property=\"og:title\" content=\"POLITIQUE - Abdoul Mbaye et l\u2019ACT s\u2019annoncent au Dialogue national\" \/>\n<meta property=\"og:description\" content=\"NETTALI.COM - L\u2019 Alliance pour la citoyennet\u00e9 et le travail (ACT) a d\u00e9cid\u00e9 de prendre part au Dialogue national pr\u00e9vu le 28 mai 2025. Cette d\u00e9cision, souligne la formation politique, d\u00e9coule d\u2019un choix r\u00e9fl\u00e9chi, motiv\u00e9 par sa volont\u00e9 de r\u00e9pondre positivement \u00e0 l\u2019invitation du pr\u00e9sident de la R\u00e9publique Bassirou Diomaye Faye, dans un esprit d\u2019ouverture [&hellip;]\" \/>\n<meta property=\"og:url\" content=\"https:\/\/www.nettali.com\/2025\/05\/19\/politique-abdoul-mbaye-et-lact-sannoncent-au-dialogue-national\/\" \/>\n<meta property=\"og:site_name\" content=\"Nettali.com\" \/>\n<meta property=\"article:publisher\" content=\"https:\/\/www.facebook.com\/nettalicom\" \/>\n<meta property=\"article:published_time\" content=\"2025-05-19T06:59:57+00:00\" \/>\n<meta property=\"article:modified_time\" content=\"2025-05-19T07:01:52+00:00\" \/>\n<meta property=\"og:image\" content=\"https:\/\/www.nettali.com\/wp-content\/uploads\/2025\/05\/58487687-43123698.jpg\" \/>\n\t<meta property=\"og:image:width\" content=\"800\" \/>\n\t<meta property=\"og:image:height\" content=\"524\" \/>\n<meta name=\"twitter:card\" content=\"summary_large_image\" \/>\n<meta name=\"twitter:label1\" content=\"\u00c9crit par\" \/>\n\t<meta name=\"twitter:data1\" content=\"CK\" \/>\n\t<meta name=\"twitter:label2\" content=\"Dur\u00e9e de lecture estim\u00e9e\" \/>\n\t<meta name=\"twitter:data2\" content=\"2 minutes\" \/>\n<script type=\"application\/ld+json\" class=\"yoast-schema-graph\">{\"@context\":\"https:\/\/schema.org\",\"@graph\":[{\"@type\":\"WebSite\",\"@id\":\"https:\/\/www.nettali.com\/#website\",\"url\":\"https:\/\/www.nettali.com\/\",\"name\":\"Nettali.com\",\"description\":\"Le rendez-vous critique du Net\",\"potentialAction\":[{\"@type\":\"SearchAction\",\"target\":{\"@type\":\"EntryPoint\",\"urlTemplate\":\"https:\/\/www.nettali.com\/?s={search_term_string}\"},\"query-input\":\"required name=search_term_string\"}],\"inLanguage\":\"fr-FR\"},{\"@type\":\"ImageObject\",\"@id\":\"https:\/\/www.nettali.com\/2025\/05\/19\/politique-abdoul-mbaye-et-lact-sannoncent-au-dialogue-national\/#primaryimage\",\"inLanguage\":\"fr-FR\",\"url\":\"https:\/\/www.nettali.com\/wp-content\/uploads\/2025\/05\/58487687-43123698.jpg\",\"contentUrl\":\"https:\/\/www.nettali.com\/wp-content\/uploads\/2025\/05\/58487687-43123698.jpg\",\"width\":800,\"height\":524},{\"@type\":\"WebPage\",\"@id\":\"https:\/\/www.nettali.com\/2025\/05\/19\/politique-abdoul-mbaye-et-lact-sannoncent-au-dialogue-national\/#webpage\",\"url\":\"https:\/\/www.nettali.com\/2025\/05\/19\/politique-abdoul-mbaye-et-lact-sannoncent-au-dialogue-national\/\",\"name\":\"POLITIQUE - Abdoul Mbaye et l\\u2019ACT s\\u2019annoncent au Dialogue national | Nettali.com\",\"isPartOf\":{\"@id\":\"https:\/\/www.nettali.com\/#website\"},\"primaryImageOfPage\":{\"@id\":\"https:\/\/www.nettali.com\/2025\/05\/19\/politique-abdoul-mbaye-et-lact-sannoncent-au-dialogue-national\/#primaryimage\"},\"datePublished\":\"2025-05-19T06:59:57+00:00\",\"dateModified\":\"2025-05-19T07:01:52+00:00\",\"author\":{\"@id\":\"https:\/\/www.nettali.com\/#\/schema\/person\/d8ac7b7e27ddad43f1c0d2ef090d7f71\"},\"breadcrumb\":{\"@id\":\"https:\/\/www.nettali.com\/2025\/05\/19\/politique-abdoul-mbaye-et-lact-sannoncent-au-dialogue-national\/#breadcrumb\"},\"inLanguage\":\"fr-FR\",\"potentialAction\":[{\"@type\":\"ReadAction\",\"target\":[\"https:\/\/www.nettali.com\/2025\/05\/19\/politique-abdoul-mbaye-et-lact-sannoncent-au-dialogue-national\/\"]}]},{\"@type\":\"BreadcrumbList\",\"@id\":\"https:\/\/www.nettali.com\/2025\/05\/19\/politique-abdoul-mbaye-et-lact-sannoncent-au-dialogue-national\/#breadcrumb\",\"itemListElement\":[{\"@type\":\"ListItem\",\"position\":1,\"name\":\"Accueil\",\"item\":\"https:\/\/www.nettali.com\/\"},{\"@type\":\"ListItem\",\"position\":2,\"name\":\"POLITIQUE - Abdoul Mbaye et l\\u2019ACT s\\u2019annoncent au Dialogue national\"}]},{\"@type\":\"Person\",\"@id\":\"https:\/\/www.nettali.com\/#\/schema\/person\/d8ac7b7e27ddad43f1c0d2ef090d7f71\",\"name\":\"CK\",\"image\":{\"@type\":\"ImageObject\",\"@id\":\"https:\/\/www.nettali.com\/#personlogo\",\"inLanguage\":\"fr-FR\",\"url\":\"https:\/\/secure.gravatar.com\/avatar\/1d8d5118b9327d94da7cd4ce7f17fec2?s=96&d=mm&r=g\",\"contentUrl\":\"https:\/\/secure.gravatar.com\/avatar\/1d8d5118b9327d94da7cd4ce7f17fec2?s=96&d=mm&r=g\",\"caption\":\"CK\"},\"sameAs\":[\"https:\/\/www.nettali.com\"]}]}<\/script>\n<!-- \/ Yoast SEO Premium plugin. -->","yoast_head_json":{"title":"POLITIQUE - Abdoul Mbaye et l\u2019ACT s\u2019annoncent au Dialogue national | Nettali.com","robots":{"index":"index","follow":"follow","max-snippet":"max-snippet:-1","max-image-preview":"max-image-preview:large","max-video-preview":"max-video-preview:-1"},"canonical":"https:\/\/www.nettali.com\/2025\/05\/19\/politique-abdoul-mbaye-et-lact-sannoncent-au-dialogue-national\/","og_locale":"fr_FR","og_type":"article","og_title":"POLITIQUE - Abdoul Mbaye et l\u2019ACT s\u2019annoncent au Dialogue national","og_description":"NETTALI.COM - L\u2019 Alliance pour la citoyennet\u00e9 et le travail (ACT) a d\u00e9cid\u00e9 de prendre part au Dialogue national pr\u00e9vu le 28 mai 2025. Cette d\u00e9cision, souligne la formation politique, d\u00e9coule d\u2019un choix r\u00e9fl\u00e9chi, motiv\u00e9 par sa volont\u00e9 de r\u00e9pondre positivement \u00e0 l\u2019invitation du pr\u00e9sident de la R\u00e9publique Bassirou Diomaye Faye, dans un esprit d\u2019ouverture [&hellip;]","og_url":"https:\/\/www.nettali.com\/2025\/05\/19\/politique-abdoul-mbaye-et-lact-sannoncent-au-dialogue-national\/","og_site_name":"Nettali.com","article_publisher":"https:\/\/www.facebook.com\/nettalicom","article_published_time":"2025-05-19T06:59:57+00:00","article_modified_time":"2025-05-19T07:01:52+00:00","og_image":[{"width":800,"height":524,"url":"https:\/\/www.nettali.com\/wp-content\/uploads\/2025\/05\/58487687-43123698.jpg","type":"image\/jpeg"}],"twitter_card":"summary_large_image","twitter_misc":{"\u00c9crit par":"CK","Dur\u00e9e de lecture estim\u00e9e":"2 minutes"},"schema":{"@context":"https:\/\/schema.org","@graph":[{"@type":"WebSite","@id":"https:\/\/www.nettali.com\/#website","url":"https:\/\/www.nettali.com\/","name":"Nettali.com","description":"Le rendez-vous critique du Net","potentialAction":[{"@type":"SearchAction","target":{"@type":"EntryPoint","urlTemplate":"https:\/\/www.nettali.com\/?s={search_term_string}"},"query-input":"required name=search_term_string"}],"inLanguage":"fr-FR"},{"@type":"ImageObject","@id":"https:\/\/www.nettali.com\/2025\/05\/19\/politique-abdoul-mbaye-et-lact-sannoncent-au-dialogue-national\/#primaryimage","inLanguage":"fr-FR","url":"https:\/\/www.nettali.com\/wp-content\/uploads\/2025\/05\/58487687-43123698.jpg","contentUrl":"https:\/\/www.nettali.com\/wp-content\/uploads\/2025\/05\/58487687-43123698.jpg","width":800,"height":524},{"@type":"WebPage","@id":"https:\/\/www.nettali.com\/2025\/05\/19\/politique-abdoul-mbaye-et-lact-sannoncent-au-dialogue-national\/#webpage","url":"https:\/\/www.nettali.com\/2025\/05\/19\/politique-abdoul-mbaye-et-lact-sannoncent-au-dialogue-national\/","name":"POLITIQUE - Abdoul Mbaye et l\u2019ACT s\u2019annoncent au Dialogue national | Nettali.com","isPartOf":{"@id":"https:\/\/www.nettali.com\/#website"},"primaryImageOfPage":{"@id":"https:\/\/www.nettali.com\/2025\/05\/19\/politique-abdoul-mbaye-et-lact-sannoncent-au-dialogue-national\/#primaryimage"},"datePublished":"2025-05-19T06:59:57+00:00","dateModified":"2025-05-19T07:01:52+00:00","author":{"@id":"https:\/\/www.nettali.com\/#\/schema\/person\/d8ac7b7e27ddad43f1c0d2ef090d7f71"},"breadcrumb":{"@id":"https:\/\/www.nettali.com\/2025\/05\/19\/politique-abdoul-mbaye-et-lact-sannoncent-au-dialogue-national\/#breadcrumb"},"inLanguage":"fr-FR","potentialAction":[{"@type":"ReadAction","target":["https:\/\/www.nettali.com\/2025\/05\/19\/politique-abdoul-mbaye-et-lact-sannoncent-au-dialogue-national\/"]}]},{"@type":"BreadcrumbList","@id":"https:\/\/www.nettali.com\/2025\/05\/19\/politique-abdoul-mbaye-et-lact-sannoncent-au-dialogue-national\/#breadcrumb","itemListElement":[{"@type":"ListItem","position":1,"name":"Accueil","item":"https:\/\/www.nettali.com\/"},{"@type":"ListItem","position":2,"name":"POLITIQUE - Abdoul Mbaye et l\u2019ACT s\u2019annoncent au Dialogue national"}]},{"@type":"Person","@id":"https:\/\/www.nettali.com\/#\/schema\/person\/d8ac7b7e27ddad43f1c0d2ef090d7f71","name":"CK","image":{"@type":"ImageObject","@id":"https:\/\/www.nettali.com\/#personlogo","inLanguage":"fr-FR","url":"https:\/\/secure.gravatar.com\/avatar\/1d8d5118b9327d94da7cd4ce7f17fec2?s=96&d=mm&r=g","contentUrl":"https:\/\/secure.gravatar.com\/avatar\/1d8d5118b9327d94da7cd4ce7f17fec2?s=96&d=mm&r=g","caption":"CK"},"sameAs":["https:\/\/www.nettali.com"]}]}},"_links":{"self":[{"href":"https:\/\/www.nettali.com\/rest\/wp\/v2\/posts\/154389"}],"collection":[{"href":"https:\/\/www.nettali.com\/rest\/wp\/v2\/posts"}],"about":[{"href":"https:\/\/www.nettali.com\/rest\/wp\/v2\/types\/post"}],"author":[{"embeddable":true,"href":"https:\/\/www.nettali.com\/rest\/wp\/v2\/users\/2"}],"replies":[{"embeddable":true,"href":"https:\/\/www.nettali.com\/rest\/wp\/v2\/comments?post=154389"}],"version-history":[{"count":1,"href":"https:\/\/www.nettali.com\/rest\/wp\/v2\/posts\/154389\/revisions"}],"predecessor-version":[{"id":154391,"href":"https:\/\/www.nettali.com\/rest\/wp\/v2\/posts\/154389\/revisions\/154391"}],"wp:featuredmedia":[{"embeddable":true,"href":"https:\/\/www.nettali.com\/rest\/wp\/v2\/media\/154390"}],"wp:attachment":[{"href":"https:\/\/www.nettali.com\/rest\/wp\/v2\/media?parent=154389"}],"wp:term":[{"taxonomy":"category","embeddable":true,"href":"https:\/\/www.nettali.com\/rest\/wp\/v2\/categories?post=154389"},{"taxonomy":"post_tag","embeddable":true,"href":"https:\/\/www.nettali.com\/rest\/wp\/v2\/tags?post=154389"}],"curies":[{"name":"wp","href":"https:\/\/api.w.org\/{rel}","templated":true}]}}