{"id":154363,"date":"2025-05-18T12:02:29","date_gmt":"2025-05-18T12:02:29","guid":{"rendered":"https:\/\/www.nettali.com\/?p=154363"},"modified":"2025-05-20T07:24:21","modified_gmt":"2025-05-20T07:24:21","slug":"yoro-dia-que-sonko-sache-que-le-senegal-na-pas-a-rougir-devant-ibrahim-traore-ou-assimi-goita","status":"publish","type":"post","link":"https:\/\/www.nettali.com\/2025\/05\/18\/yoro-dia-que-sonko-sache-que-le-senegal-na-pas-a-rougir-devant-ibrahim-traore-ou-assimi-goita\/","title":{"rendered":"YORO DIA : \"Que Sonko sache que le S\u00e9n\u00e9gal n\u2019a pas \u00e0 rougir devant Ibrahim Traor\u00e9 ou Assimi Go\u00efta\""},"content":{"rendered":"<p class=\"\" data-start=\"241\" data-end=\"623\"><strong>NETTALI.COM - Invit\u00e9 ce samedi \u00e0 la rentr\u00e9e solennelle de l\u2019\u00c9cole du Parti socialiste, le politologue Yoro Dia a livr\u00e9 une analyse critique des courants souverainistes port\u00e9s par certains pays africains. Admiratif de la pens\u00e9e de Senghor, il a r\u00e9affirm\u00e9 l\u2019importance pour le S\u00e9n\u00e9gal de pr\u00e9server son mod\u00e8le d\u00e9mocratique face \u00e0 la mont\u00e9e des discours populistes et des coups d\u2019\u00c9tat dans la r\u00e9gion.<\/strong><\/p>\n<p class=\"\" data-start=\"651\" data-end=\"1119\">Prenant la parole lors de la rentr\u00e9e solennelle de l\u2019\u00c9cole du Parti socialiste ce samedi, le politologue Yoro Dia a une nouvelle fois mis \u00e0 l\u2019honneur la pens\u00e9e de L\u00e9opold S\u00e9dar Senghor, qu\u2019il admire profond\u00e9ment. Dans un contexte o\u00f9 plusieurs pays africains affichent leur volont\u00e9 de rompre avec les mod\u00e8les h\u00e9rit\u00e9s pour s\u2019engager dans des politiques de souverainisme, Yoro Dia a d\u00e9plor\u00e9 ce qu\u2019il per\u00e7oit comme un affaiblissement de la logique r\u00e9publicaine au S\u00e9n\u00e9gal.<\/p>\n<p class=\"\" data-start=\"1121\" data-end=\"1692\"><em>\u00ab Je suis passionn\u00e9 de Senghor, mais son seul d\u00e9faut, c\u2019est qu\u2019il est s\u00e9r\u00e8re \u00bb, a-t-il lanc\u00e9 avec une touche d\u2019ironie, avant de rappeler que chaque nation construit sa diplomatie \u00e0 partir de sa g\u00e9ographie et de son histoire. \u00ab En Afrique, nous avons \u00e9t\u00e9 le phare d\u00e9mocratique et nous le restons \u00bb<\/em>, a-t-il martel\u00e9. L\u2019ancien coordonnateur de la communication de la pr\u00e9sidence de la R\u00e9publique a tenu \u00e0 rappeler au leader de Pastef, Ousmane Sonko, et \u00e0 ses alli\u00e9s de l\u2019Alliance des \u00c9tats du Sahel (AES) que le S\u00e9n\u00e9gal n\u2019a pas \u00e0 rougir de son statut de d\u00e9mocratie exemplaire.<\/p>\n<p class=\"\" data-start=\"1694\" data-end=\"2026\">Selon lui, <em>\u00ab le comportement de ces nouveaux dirigeants laisse penser que le S\u00e9n\u00e9gal devrait avoir honte de l\u2019\u00e9chec de l\u2019insurrection. Or, nous sommes fiers d\u2019\u00eatre une d\u00e9mocratie. La v\u00e9rit\u00e9, c\u2019est de dire \u00e0 l\u2019AES que les coups d\u2019\u00c9tat sont anachroniques. Il faut qu\u2019ils sachent que ce sont de vulgaires putschistes \u00bb<\/em>, a-t-il d\u00e9nonc\u00e9.<\/p>\n<p class=\"\" data-start=\"2028\" data-end=\"2452\">Poursuivant devant les responsables socialistes, Yoro Dia a estim\u00e9 que <em>\u00ab l\u2019id\u00e9ologie du souverainisme et du panafricanisme brandie par l\u2019AES n\u2019est qu\u2019un vernis destin\u00e9 \u00e0 masquer la forfaiture des coups d\u2019\u00c9tat \u00bb<\/em>. Pour lui, le S\u00e9n\u00e9gal doit rester fid\u00e8le \u00e0 son histoire et \u00e0 son rang sur le continent. <em>\u00ab Le S\u00e9n\u00e9gal n\u2019a pas \u00e0 rougir devant Ibrahim Traor\u00e9 ou encore Assimi Go\u00efta. Ce sont eux qui doivent rougir \u00bb<\/em>, a-t-il insist\u00e9.<\/p>\n<p class=\"\" data-start=\"2454\" data-end=\"2986\">Enfin, Yoro Dia a mis en garde contre la tentation de r\u00e9duire le S\u00e9n\u00e9gal \u00e0 un simple acteur du bloc souverainiste, rappelant son r\u00f4le strat\u00e9gique : <em>\u00ab Pastef veut rabaisser le S\u00e9n\u00e9gal, qui est la porte du continent, \u00e0 quelques heures de l\u2019Europe, le pont entre l\u2019Afrique noire et le Maghreb, et li\u00e9 \u00e0 l\u2019Orient par l\u2019islam et la chr\u00e9tient\u00e9, mais aussi \u00e0 l\u2019Europe par les valeurs de la R\u00e9publique. \u00bb<\/em> Une vision qu\u2019avait d\u00e9j\u00e0 anticip\u00e9e L\u00e9opold S\u00e9dar Senghor en th\u00e9orisant \u00ab la civilisation de l\u2019Universel \u00bb, a conclu le politologue.<\/p>\n<div class='share-to-whatsapp-wrapper'><div class='share-on-whsp'>PARTAGER SUR : <\/div><a data-text='YORO DIA : \"Que Sonko sache que le S\u00e9n\u00e9gal n\u2019a pas \u00e0 rougir devant Ibrahim Traor\u00e9 ou Assimi Go\u00efta\"' data-link='https:\/\/www.nettali.com\/2025\/05\/18\/yoro-dia-que-sonko-sache-que-le-senegal-na-pas-a-rougir-devant-ibrahim-traore-ou-assimi-goita\/' class='whatsapp-button whatsapp-share'>WhatsApp<\/a><div class='clear '><\/div><\/div>","protected":false},"excerpt":{"rendered":"<p>NETTALI.COM - Invit\u00e9 ce samedi \u00e0 la rentr\u00e9e solennelle de l\u2019\u00c9cole du Parti socialiste, le politologue Yoro Dia a livr\u00e9 une analyse critique des courants souverainistes port\u00e9s par certains pays africains. Admiratif de la pens\u00e9e de Senghor, il a r\u00e9affirm\u00e9 l\u2019importance pour le S\u00e9n\u00e9gal de pr\u00e9server son mod\u00e8le d\u00e9mocratique face \u00e0 la mont\u00e9e des discours [&hellip;]<\/p>\n","protected":false},"author":4,"featured_media":136506,"comment_status":"open","ping_status":"open","sticky":false,"template":"","format":"standard","meta":{"_et_pb_use_builder":"","_et_pb_old_content":""},"categories":[2],"tags":[],"yoast_head":"<!-- This site is optimized with the Yoast SEO Premium plugin v17.8 (Yoast SEO v17.8) - https:\/\/yoast.com\/wordpress\/plugins\/seo\/ -->\n<title>YORO DIA : &quot;Que Sonko sache que le S\u00e9n\u00e9gal n\u2019a pas \u00e0 rougir devant Ibrahim Traor\u00e9 ou Assimi Go\u00efta&quot; | Nettali.com<\/title>\n<meta name=\"robots\" content=\"index, follow, max-snippet:-1, max-image-preview:large, max-video-preview:-1\" \/>\n<link rel=\"canonical\" href=\"https:\/\/www.nettali.com\/2025\/05\/18\/yoro-dia-que-sonko-sache-que-le-senegal-na-pas-a-rougir-devant-ibrahim-traore-ou-assimi-goita\/\" \/>\n<meta property=\"og:locale\" content=\"fr_FR\" \/>\n<meta property=\"og:type\" content=\"article\" \/>\n<meta property=\"og:title\" content=\"YORO DIA : &quot;Que Sonko sache que le S\u00e9n\u00e9gal n\u2019a pas \u00e0 rougir devant Ibrahim Traor\u00e9 ou Assimi Go\u00efta&quot;\" \/>\n<meta property=\"og:description\" content=\"NETTALI.COM - Invit\u00e9 ce samedi \u00e0 la rentr\u00e9e solennelle de l\u2019\u00c9cole du Parti socialiste, le politologue Yoro Dia a livr\u00e9 une analyse critique des courants souverainistes port\u00e9s par certains pays africains. Admiratif de la pens\u00e9e de Senghor, il a r\u00e9affirm\u00e9 l\u2019importance pour le S\u00e9n\u00e9gal de pr\u00e9server son mod\u00e8le d\u00e9mocratique face \u00e0 la mont\u00e9e des discours [&hellip;]\" \/>\n<meta property=\"og:url\" content=\"https:\/\/www.nettali.com\/2025\/05\/18\/yoro-dia-que-sonko-sache-que-le-senegal-na-pas-a-rougir-devant-ibrahim-traore-ou-assimi-goita\/\" \/>\n<meta property=\"og:site_name\" content=\"Nettali.com\" \/>\n<meta property=\"article:publisher\" content=\"https:\/\/www.facebook.com\/nettalicom\" \/>\n<meta property=\"article:published_time\" content=\"2025-05-18T12:02:29+00:00\" \/>\n<meta property=\"article:modified_time\" content=\"2025-05-20T07:24:21+00:00\" \/>\n<meta property=\"og:image\" content=\"https:\/\/www.nettali.com\/wp-content\/uploads\/2024\/07\/Yoro-Dia.jpg\" \/>\n\t<meta property=\"og:image:width\" content=\"1280\" \/>\n\t<meta property=\"og:image:height\" content=\"720\" \/>\n<meta name=\"twitter:card\" content=\"summary_large_image\" \/>\n<meta name=\"twitter:label1\" content=\"\u00c9crit par\" \/>\n\t<meta name=\"twitter:data1\" content=\"Daouda\" \/>\n\t<meta name=\"twitter:label2\" content=\"Dur\u00e9e de lecture estim\u00e9e\" \/>\n\t<meta name=\"twitter:data2\" content=\"3 minutes\" \/>\n<script type=\"application\/ld+json\" class=\"yoast-schema-graph\">{\"@context\":\"https:\/\/schema.org\",\"@graph\":[{\"@type\":\"WebSite\",\"@id\":\"https:\/\/www.nettali.com\/#website\",\"url\":\"https:\/\/www.nettali.com\/\",\"name\":\"Nettali.com\",\"description\":\"Le rendez-vous critique du Net\",\"potentialAction\":[{\"@type\":\"SearchAction\",\"target\":{\"@type\":\"EntryPoint\",\"urlTemplate\":\"https:\/\/www.nettali.com\/?s={search_term_string}\"},\"query-input\":\"required name=search_term_string\"}],\"inLanguage\":\"fr-FR\"},{\"@type\":\"ImageObject\",\"@id\":\"https:\/\/www.nettali.com\/2025\/05\/18\/yoro-dia-que-sonko-sache-que-le-senegal-na-pas-a-rougir-devant-ibrahim-traore-ou-assimi-goita\/#primaryimage\",\"inLanguage\":\"fr-FR\",\"url\":\"https:\/\/www.nettali.com\/wp-content\/uploads\/2024\/07\/Yoro-Dia.jpg\",\"contentUrl\":\"https:\/\/www.nettali.com\/wp-content\/uploads\/2024\/07\/Yoro-Dia.jpg\",\"width\":1280,\"height\":720},{\"@type\":\"WebPage\",\"@id\":\"https:\/\/www.nettali.com\/2025\/05\/18\/yoro-dia-que-sonko-sache-que-le-senegal-na-pas-a-rougir-devant-ibrahim-traore-ou-assimi-goita\/#webpage\",\"url\":\"https:\/\/www.nettali.com\/2025\/05\/18\/yoro-dia-que-sonko-sache-que-le-senegal-na-pas-a-rougir-devant-ibrahim-traore-ou-assimi-goita\/\",\"name\":\"YORO DIA : \\\"Que Sonko sache que le S\\u00e9n\\u00e9gal n\\u2019a pas \\u00e0 rougir devant Ibrahim Traor\\u00e9 ou Assimi Go\\u00efta\\\" | Nettali.com\",\"isPartOf\":{\"@id\":\"https:\/\/www.nettali.com\/#website\"},\"primaryImageOfPage\":{\"@id\":\"https:\/\/www.nettali.com\/2025\/05\/18\/yoro-dia-que-sonko-sache-que-le-senegal-na-pas-a-rougir-devant-ibrahim-traore-ou-assimi-goita\/#primaryimage\"},\"datePublished\":\"2025-05-18T12:02:29+00:00\",\"dateModified\":\"2025-05-20T07:24:21+00:00\",\"author\":{\"@id\":\"https:\/\/www.nettali.com\/#\/schema\/person\/3317e0bb3aa1da309fbf7b2780901bf4\"},\"breadcrumb\":{\"@id\":\"https:\/\/www.nettali.com\/2025\/05\/18\/yoro-dia-que-sonko-sache-que-le-senegal-na-pas-a-rougir-devant-ibrahim-traore-ou-assimi-goita\/#breadcrumb\"},\"inLanguage\":\"fr-FR\",\"potentialAction\":[{\"@type\":\"ReadAction\",\"target\":[\"https:\/\/www.nettali.com\/2025\/05\/18\/yoro-dia-que-sonko-sache-que-le-senegal-na-pas-a-rougir-devant-ibrahim-traore-ou-assimi-goita\/\"]}]},{\"@type\":\"BreadcrumbList\",\"@id\":\"https:\/\/www.nettali.com\/2025\/05\/18\/yoro-dia-que-sonko-sache-que-le-senegal-na-pas-a-rougir-devant-ibrahim-traore-ou-assimi-goita\/#breadcrumb\",\"itemListElement\":[{\"@type\":\"ListItem\",\"position\":1,\"name\":\"Accueil\",\"item\":\"https:\/\/www.nettali.com\/\"},{\"@type\":\"ListItem\",\"position\":2,\"name\":\"YORO DIA : \\\"Que Sonko sache que le S\\u00e9n\\u00e9gal n\\u2019a pas \\u00e0 rougir devant Ibrahim Traor\\u00e9 ou Assimi Go\\u00efta\\\"\"}]},{\"@type\":\"Person\",\"@id\":\"https:\/\/www.nettali.com\/#\/schema\/person\/3317e0bb3aa1da309fbf7b2780901bf4\",\"name\":\"Daouda\",\"image\":{\"@type\":\"ImageObject\",\"@id\":\"https:\/\/www.nettali.com\/#personlogo\",\"inLanguage\":\"fr-FR\",\"url\":\"https:\/\/secure.gravatar.com\/avatar\/8d143b5a49345098ddcfee1c49c2f47c?s=96&d=mm&r=g\",\"contentUrl\":\"https:\/\/secure.gravatar.com\/avatar\/8d143b5a49345098ddcfee1c49c2f47c?s=96&d=mm&r=g\",\"caption\":\"Daouda\"},\"sameAs\":[\"https:\/\/www.nettali.com\"]}]}<\/script>\n<!-- \/ Yoast SEO Premium plugin. -->","yoast_head_json":{"title":"YORO DIA : \"Que Sonko sache que le S\u00e9n\u00e9gal n\u2019a pas \u00e0 rougir devant Ibrahim Traor\u00e9 ou Assimi Go\u00efta\" | Nettali.com","robots":{"index":"index","follow":"follow","max-snippet":"max-snippet:-1","max-image-preview":"max-image-preview:large","max-video-preview":"max-video-preview:-1"},"canonical":"https:\/\/www.nettali.com\/2025\/05\/18\/yoro-dia-que-sonko-sache-que-le-senegal-na-pas-a-rougir-devant-ibrahim-traore-ou-assimi-goita\/","og_locale":"fr_FR","og_type":"article","og_title":"YORO DIA : \"Que Sonko sache que le S\u00e9n\u00e9gal n\u2019a pas \u00e0 rougir devant Ibrahim Traor\u00e9 ou Assimi Go\u00efta\"","og_description":"NETTALI.COM - Invit\u00e9 ce samedi \u00e0 la rentr\u00e9e solennelle de l\u2019\u00c9cole du Parti socialiste, le politologue Yoro Dia a livr\u00e9 une analyse critique des courants souverainistes port\u00e9s par certains pays africains. Admiratif de la pens\u00e9e de Senghor, il a r\u00e9affirm\u00e9 l\u2019importance pour le S\u00e9n\u00e9gal de pr\u00e9server son mod\u00e8le d\u00e9mocratique face \u00e0 la mont\u00e9e des discours [&hellip;]","og_url":"https:\/\/www.nettali.com\/2025\/05\/18\/yoro-dia-que-sonko-sache-que-le-senegal-na-pas-a-rougir-devant-ibrahim-traore-ou-assimi-goita\/","og_site_name":"Nettali.com","article_publisher":"https:\/\/www.facebook.com\/nettalicom","article_published_time":"2025-05-18T12:02:29+00:00","article_modified_time":"2025-05-20T07:24:21+00:00","og_image":[{"width":1280,"height":720,"url":"https:\/\/www.nettali.com\/wp-content\/uploads\/2024\/07\/Yoro-Dia.jpg","type":"image\/jpeg"}],"twitter_card":"summary_large_image","twitter_misc":{"\u00c9crit par":"Daouda","Dur\u00e9e de lecture estim\u00e9e":"3 minutes"},"schema":{"@context":"https:\/\/schema.org","@graph":[{"@type":"WebSite","@id":"https:\/\/www.nettali.com\/#website","url":"https:\/\/www.nettali.com\/","name":"Nettali.com","description":"Le rendez-vous critique du Net","potentialAction":[{"@type":"SearchAction","target":{"@type":"EntryPoint","urlTemplate":"https:\/\/www.nettali.com\/?s={search_term_string}"},"query-input":"required name=search_term_string"}],"inLanguage":"fr-FR"},{"@type":"ImageObject","@id":"https:\/\/www.nettali.com\/2025\/05\/18\/yoro-dia-que-sonko-sache-que-le-senegal-na-pas-a-rougir-devant-ibrahim-traore-ou-assimi-goita\/#primaryimage","inLanguage":"fr-FR","url":"https:\/\/www.nettali.com\/wp-content\/uploads\/2024\/07\/Yoro-Dia.jpg","contentUrl":"https:\/\/www.nettali.com\/wp-content\/uploads\/2024\/07\/Yoro-Dia.jpg","width":1280,"height":720},{"@type":"WebPage","@id":"https:\/\/www.nettali.com\/2025\/05\/18\/yoro-dia-que-sonko-sache-que-le-senegal-na-pas-a-rougir-devant-ibrahim-traore-ou-assimi-goita\/#webpage","url":"https:\/\/www.nettali.com\/2025\/05\/18\/yoro-dia-que-sonko-sache-que-le-senegal-na-pas-a-rougir-devant-ibrahim-traore-ou-assimi-goita\/","name":"YORO DIA : \"Que Sonko sache que le S\u00e9n\u00e9gal n\u2019a pas \u00e0 rougir devant Ibrahim Traor\u00e9 ou Assimi Go\u00efta\" | Nettali.com","isPartOf":{"@id":"https:\/\/www.nettali.com\/#website"},"primaryImageOfPage":{"@id":"https:\/\/www.nettali.com\/2025\/05\/18\/yoro-dia-que-sonko-sache-que-le-senegal-na-pas-a-rougir-devant-ibrahim-traore-ou-assimi-goita\/#primaryimage"},"datePublished":"2025-05-18T12:02:29+00:00","dateModified":"2025-05-20T07:24:21+00:00","author":{"@id":"https:\/\/www.nettali.com\/#\/schema\/person\/3317e0bb3aa1da309fbf7b2780901bf4"},"breadcrumb":{"@id":"https:\/\/www.nettali.com\/2025\/05\/18\/yoro-dia-que-sonko-sache-que-le-senegal-na-pas-a-rougir-devant-ibrahim-traore-ou-assimi-goita\/#breadcrumb"},"inLanguage":"fr-FR","potentialAction":[{"@type":"ReadAction","target":["https:\/\/www.nettali.com\/2025\/05\/18\/yoro-dia-que-sonko-sache-que-le-senegal-na-pas-a-rougir-devant-ibrahim-traore-ou-assimi-goita\/"]}]},{"@type":"BreadcrumbList","@id":"https:\/\/www.nettali.com\/2025\/05\/18\/yoro-dia-que-sonko-sache-que-le-senegal-na-pas-a-rougir-devant-ibrahim-traore-ou-assimi-goita\/#breadcrumb","itemListElement":[{"@type":"ListItem","position":1,"name":"Accueil","item":"https:\/\/www.nettali.com\/"},{"@type":"ListItem","position":2,"name":"YORO DIA : \"Que Sonko sache que le S\u00e9n\u00e9gal n\u2019a pas \u00e0 rougir devant Ibrahim Traor\u00e9 ou Assimi Go\u00efta\""}]},{"@type":"Person","@id":"https:\/\/www.nettali.com\/#\/schema\/person\/3317e0bb3aa1da309fbf7b2780901bf4","name":"Daouda","image":{"@type":"ImageObject","@id":"https:\/\/www.nettali.com\/#personlogo","inLanguage":"fr-FR","url":"https:\/\/secure.gravatar.com\/avatar\/8d143b5a49345098ddcfee1c49c2f47c?s=96&d=mm&r=g","contentUrl":"https:\/\/secure.gravatar.com\/avatar\/8d143b5a49345098ddcfee1c49c2f47c?s=96&d=mm&r=g","caption":"Daouda"},"sameAs":["https:\/\/www.nettali.com"]}]}},"_links":{"self":[{"href":"https:\/\/www.nettali.com\/rest\/wp\/v2\/posts\/154363"}],"collection":[{"href":"https:\/\/www.nettali.com\/rest\/wp\/v2\/posts"}],"about":[{"href":"https:\/\/www.nettali.com\/rest\/wp\/v2\/types\/post"}],"author":[{"embeddable":true,"href":"https:\/\/www.nettali.com\/rest\/wp\/v2\/users\/4"}],"replies":[{"embeddable":true,"href":"https:\/\/www.nettali.com\/rest\/wp\/v2\/comments?post=154363"}],"version-history":[{"count":2,"href":"https:\/\/www.nettali.com\/rest\/wp\/v2\/posts\/154363\/revisions"}],"predecessor-version":[{"id":154365,"href":"https:\/\/www.nettali.com\/rest\/wp\/v2\/posts\/154363\/revisions\/154365"}],"wp:featuredmedia":[{"embeddable":true,"href":"https:\/\/www.nettali.com\/rest\/wp\/v2\/media\/136506"}],"wp:attachment":[{"href":"https:\/\/www.nettali.com\/rest\/wp\/v2\/media?parent=154363"}],"wp:term":[{"taxonomy":"category","embeddable":true,"href":"https:\/\/www.nettali.com\/rest\/wp\/v2\/categories?post=154363"},{"taxonomy":"post_tag","embeddable":true,"href":"https:\/\/www.nettali.com\/rest\/wp\/v2\/tags?post=154363"}],"curies":[{"name":"wp","href":"https:\/\/api.w.org\/{rel}","templated":true}]}}