{"id":154330,"date":"2025-05-17T16:13:06","date_gmt":"2025-05-17T16:13:06","guid":{"rendered":"https:\/\/www.nettali.com\/?p=154330"},"modified":"2025-05-17T16:13:06","modified_gmt":"2025-05-17T16:13:06","slug":"etats-unis-la-cour-supreme-recale-encore-ladministration-trump-sur-la-question-de-la-loi-des-ennemis-etrangers","status":"publish","type":"post","link":"https:\/\/www.nettali.com\/2025\/05\/17\/etats-unis-la-cour-supreme-recale-encore-ladministration-trump-sur-la-question-de-la-loi-des-ennemis-etrangers\/","title":{"rendered":"\u00c9TATS-UNIS - La Cour supr\u00eame recale encore l'administration Trump sur la question de la loi des \u00abennemis \u00e9trangers\u00bb"},"content":{"rendered":"<p><strong>NETTALI.COM - La Cour supr\u00eame des \u00c9tats-Unis a de nouveau rejet\u00e9 vendredi une demande de l'administration Trump de l'autoriser \u00e0 expulser des immigr\u00e9s v\u00e9n\u00e9zu\u00e9liens en vertu d'une loi d'exception.<\/strong><\/p>\n<div class=\"t-content__main-media\"><\/div>\n<div class=\"t-content__body u-clearfix\" data-empty-p=\"true\">\n<div class=\"m-interstitial\">\n<div class=\"m-interstitial__ad\" data-readmore-target=\"\">\n<div class=\"m-block-ad \" data-tms-ad-type=\"box\" data-tms-ad-status=\"resized\" data-tms-ad-pos=\"1\" data-tms-ad-provider=\"gam\" data-tms-ad-owner=\"fmm\">\n<div id=\"tms-block-06800575720967683\" class=\"m-block-ad__content\" data-google-query-id=\"CK2SnpXxqo0DFadepAQdbpAHFg\">\n<div id=\"google_ads_iframe_\/33480810\/web\/rfi\/fr\/article\/pave1_0__container__\">Plusieurs tribunaux et cours d'appel f\u00e9d\u00e9raux \u2014 ainsi que la Cour supr\u00eame elle-m\u00eame le 19 avril \u2014 ont d\u00e9j\u00e0 bloqu\u00e9 provisoirement le recours \u00e0 la loi de 1798 sur \u00ab<em>\u00a0les ennemis \u00e9trangers\u00a0<\/em>\u00bb, jusqu'alors utilis\u00e9e exclusivement en temps de guerre, au motif que les personnes expuls\u00e9es devaient pouvoir faire valoir leurs droits. Cette fois, la Cour supr\u00eame a de nouveau rejet\u00e9 la demande de l'administration Trump \u00e0 utiliser cette loi pour expulser des immigr\u00e9s v\u00e9n\u00e9zu\u00e9liens.<\/div>\n<\/div>\n<\/div>\n<\/div>\n<\/div>\n<p><strong>Donald Trump<\/strong>\u00a0a invoqu\u00e9 cette loi dans une d\u00e9claration pr\u00e9sidentielle publi\u00e9e le 15 mars \u00e0 l'encontre du gang v\u00e9n\u00e9zu\u00e9lien Tren de Aragua, d\u00e9clar\u00e9e organisation \u00ab terroriste \u00bb par Washington, le jour m\u00eame de l'expulsion vers le Salvador de quelque 250 personnes, en grande majorit\u00e9 des V\u00e9n\u00e9zu\u00e9liens accus\u00e9s d'appartenir \u00e0 ce gang. Plus de la moiti\u00e9 l'ont \u00e9t\u00e9 en vertu de la loi de 1798.<\/p>\n<h2>Les deux juges les plus conservateurs \u00e9taient favorables \u00e0 l'utilisation de la loi<\/h2>\n<p>Dans sa d\u00e9cision vendredi, par sept voix, celles de quatre juges conservateurs et de trois progressistes, contre celles des deux magistrats les plus conservateurs, la Cour prolonge jusqu'\u00e0 nouvel ordre l'interdiction qu'elle a prononc\u00e9e le 19 avril. Elle renvoie le dossier \u00e0 une cour d'appel f\u00e9d\u00e9rale pour d\u00e9terminer la l\u00e9galit\u00e9 du recours \u00e0 cette loi ainsi que les conditions dans lesquelles les personnes vis\u00e9es peuvent contester en justice leur expulsion.<\/p>\n<p>Au total, quelque 300 immigr\u00e9s ont \u00e9t\u00e9 expuls\u00e9s vers le Salvador o\u00f9 ils ont \u00e9t\u00e9 incarc\u00e9r\u00e9s dans une prison de haute s\u00e9curit\u00e9 connue pour la duret\u00e9 de ses conditions de d\u00e9tention.<\/p>\n<\/div>\n<div class='share-to-whatsapp-wrapper'><div class='share-on-whsp'>PARTAGER SUR : <\/div><a data-text='\u00c9TATS-UNIS - La Cour supr\u00eame recale encore l'administration Trump sur la question de la loi des \u00abennemis \u00e9trangers\u00bb' data-link='https:\/\/www.nettali.com\/2025\/05\/17\/etats-unis-la-cour-supreme-recale-encore-ladministration-trump-sur-la-question-de-la-loi-des-ennemis-etrangers\/' class='whatsapp-button whatsapp-share'>WhatsApp<\/a><div class='clear '><\/div><\/div>","protected":false},"excerpt":{"rendered":"<p>NETTALI.COM - La Cour supr\u00eame des \u00c9tats-Unis a de nouveau rejet\u00e9 vendredi une demande de l'administration Trump de l'autoriser \u00e0 expulser des immigr\u00e9s v\u00e9n\u00e9zu\u00e9liens en vertu d'une loi d'exception. Plusieurs tribunaux et cours d'appel f\u00e9d\u00e9raux \u2014 ainsi que la Cour supr\u00eame elle-m\u00eame le 19 avril \u2014 ont d\u00e9j\u00e0 bloqu\u00e9 provisoirement le recours \u00e0 la loi [&hellip;]<\/p>\n","protected":false},"author":4,"featured_media":154331,"comment_status":"open","ping_status":"open","sticky":false,"template":"","format":"standard","meta":{"_et_pb_use_builder":"","_et_pb_old_content":""},"categories":[3],"tags":[],"yoast_head":"<!-- This site is optimized with the Yoast SEO Premium plugin v17.8 (Yoast SEO v17.8) - https:\/\/yoast.com\/wordpress\/plugins\/seo\/ -->\n<title>\u00c9TATS-UNIS - La Cour supr\u00eame recale encore l&#039;administration Trump sur la question de la loi des \u00abennemis \u00e9trangers\u00bb | Nettali.com<\/title>\n<meta name=\"robots\" content=\"index, follow, max-snippet:-1, max-image-preview:large, max-video-preview:-1\" \/>\n<link rel=\"canonical\" href=\"https:\/\/www.nettali.com\/2025\/05\/17\/etats-unis-la-cour-supreme-recale-encore-ladministration-trump-sur-la-question-de-la-loi-des-ennemis-etrangers\/\" \/>\n<meta property=\"og:locale\" content=\"fr_FR\" \/>\n<meta property=\"og:type\" content=\"article\" \/>\n<meta property=\"og:title\" content=\"\u00c9TATS-UNIS - La Cour supr\u00eame recale encore l&#039;administration Trump sur la question de la loi des \u00abennemis \u00e9trangers\u00bb\" \/>\n<meta property=\"og:description\" content=\"NETTALI.COM - La Cour supr\u00eame des \u00c9tats-Unis a de nouveau rejet\u00e9 vendredi une demande de l&#039;administration Trump de l&#039;autoriser \u00e0 expulser des immigr\u00e9s v\u00e9n\u00e9zu\u00e9liens en vertu d&#039;une loi d&#039;exception. Plusieurs tribunaux et cours d&#039;appel f\u00e9d\u00e9raux \u2014 ainsi que la Cour supr\u00eame elle-m\u00eame le 19 avril \u2014 ont d\u00e9j\u00e0 bloqu\u00e9 provisoirement le recours \u00e0 la loi [&hellip;]\" \/>\n<meta property=\"og:url\" content=\"https:\/\/www.nettali.com\/2025\/05\/17\/etats-unis-la-cour-supreme-recale-encore-ladministration-trump-sur-la-question-de-la-loi-des-ennemis-etrangers\/\" \/>\n<meta property=\"og:site_name\" content=\"Nettali.com\" \/>\n<meta property=\"article:publisher\" content=\"https:\/\/www.facebook.com\/nettalicom\" \/>\n<meta property=\"article:published_time\" content=\"2025-05-17T16:13:06+00:00\" \/>\n<meta property=\"og:image\" content=\"https:\/\/www.nettali.com\/wp-content\/uploads\/2025\/05\/Capture-de\u0301cran-2025-05-17-a\u0300-16.10.28.png\" \/>\n\t<meta property=\"og:image:width\" content=\"859\" \/>\n\t<meta property=\"og:image:height\" content=\"426\" \/>\n<meta name=\"twitter:card\" content=\"summary_large_image\" \/>\n<meta name=\"twitter:label1\" content=\"\u00c9crit par\" \/>\n\t<meta name=\"twitter:data1\" content=\"Daouda\" \/>\n\t<meta name=\"twitter:label2\" content=\"Dur\u00e9e de lecture estim\u00e9e\" \/>\n\t<meta name=\"twitter:data2\" content=\"2 minutes\" \/>\n<script type=\"application\/ld+json\" class=\"yoast-schema-graph\">{\"@context\":\"https:\/\/schema.org\",\"@graph\":[{\"@type\":\"WebSite\",\"@id\":\"https:\/\/www.nettali.com\/#website\",\"url\":\"https:\/\/www.nettali.com\/\",\"name\":\"Nettali.com\",\"description\":\"Le rendez-vous critique du Net\",\"potentialAction\":[{\"@type\":\"SearchAction\",\"target\":{\"@type\":\"EntryPoint\",\"urlTemplate\":\"https:\/\/www.nettali.com\/?s={search_term_string}\"},\"query-input\":\"required name=search_term_string\"}],\"inLanguage\":\"fr-FR\"},{\"@type\":\"ImageObject\",\"@id\":\"https:\/\/www.nettali.com\/2025\/05\/17\/etats-unis-la-cour-supreme-recale-encore-ladministration-trump-sur-la-question-de-la-loi-des-ennemis-etrangers\/#primaryimage\",\"inLanguage\":\"fr-FR\",\"url\":\"https:\/\/www.nettali.com\/wp-content\/uploads\/2025\/05\/Capture-de\\u0301cran-2025-05-17-a\\u0300-16.10.28.png\",\"contentUrl\":\"https:\/\/www.nettali.com\/wp-content\/uploads\/2025\/05\/Capture-de\\u0301cran-2025-05-17-a\\u0300-16.10.28.png\",\"width\":859,\"height\":426},{\"@type\":\"WebPage\",\"@id\":\"https:\/\/www.nettali.com\/2025\/05\/17\/etats-unis-la-cour-supreme-recale-encore-ladministration-trump-sur-la-question-de-la-loi-des-ennemis-etrangers\/#webpage\",\"url\":\"https:\/\/www.nettali.com\/2025\/05\/17\/etats-unis-la-cour-supreme-recale-encore-ladministration-trump-sur-la-question-de-la-loi-des-ennemis-etrangers\/\",\"name\":\"\\u00c9TATS-UNIS - La Cour supr\\u00eame recale encore l'administration Trump sur la question de la loi des \\u00abennemis \\u00e9trangers\\u00bb | Nettali.com\",\"isPartOf\":{\"@id\":\"https:\/\/www.nettali.com\/#website\"},\"primaryImageOfPage\":{\"@id\":\"https:\/\/www.nettali.com\/2025\/05\/17\/etats-unis-la-cour-supreme-recale-encore-ladministration-trump-sur-la-question-de-la-loi-des-ennemis-etrangers\/#primaryimage\"},\"datePublished\":\"2025-05-17T16:13:06+00:00\",\"dateModified\":\"2025-05-17T16:13:06+00:00\",\"author\":{\"@id\":\"https:\/\/www.nettali.com\/#\/schema\/person\/3317e0bb3aa1da309fbf7b2780901bf4\"},\"breadcrumb\":{\"@id\":\"https:\/\/www.nettali.com\/2025\/05\/17\/etats-unis-la-cour-supreme-recale-encore-ladministration-trump-sur-la-question-de-la-loi-des-ennemis-etrangers\/#breadcrumb\"},\"inLanguage\":\"fr-FR\",\"potentialAction\":[{\"@type\":\"ReadAction\",\"target\":[\"https:\/\/www.nettali.com\/2025\/05\/17\/etats-unis-la-cour-supreme-recale-encore-ladministration-trump-sur-la-question-de-la-loi-des-ennemis-etrangers\/\"]}]},{\"@type\":\"BreadcrumbList\",\"@id\":\"https:\/\/www.nettali.com\/2025\/05\/17\/etats-unis-la-cour-supreme-recale-encore-ladministration-trump-sur-la-question-de-la-loi-des-ennemis-etrangers\/#breadcrumb\",\"itemListElement\":[{\"@type\":\"ListItem\",\"position\":1,\"name\":\"Accueil\",\"item\":\"https:\/\/www.nettali.com\/\"},{\"@type\":\"ListItem\",\"position\":2,\"name\":\"\\u00c9TATS-UNIS - La Cour supr\\u00eame recale encore l'administration Trump sur la question de la loi des \\u00abennemis \\u00e9trangers\\u00bb\"}]},{\"@type\":\"Person\",\"@id\":\"https:\/\/www.nettali.com\/#\/schema\/person\/3317e0bb3aa1da309fbf7b2780901bf4\",\"name\":\"Daouda\",\"image\":{\"@type\":\"ImageObject\",\"@id\":\"https:\/\/www.nettali.com\/#personlogo\",\"inLanguage\":\"fr-FR\",\"url\":\"https:\/\/secure.gravatar.com\/avatar\/8d143b5a49345098ddcfee1c49c2f47c?s=96&d=mm&r=g\",\"contentUrl\":\"https:\/\/secure.gravatar.com\/avatar\/8d143b5a49345098ddcfee1c49c2f47c?s=96&d=mm&r=g\",\"caption\":\"Daouda\"},\"sameAs\":[\"https:\/\/www.nettali.com\"]}]}<\/script>\n<!-- \/ Yoast SEO Premium plugin. -->","yoast_head_json":{"title":"\u00c9TATS-UNIS - La Cour supr\u00eame recale encore l'administration Trump sur la question de la loi des \u00abennemis \u00e9trangers\u00bb | Nettali.com","robots":{"index":"index","follow":"follow","max-snippet":"max-snippet:-1","max-image-preview":"max-image-preview:large","max-video-preview":"max-video-preview:-1"},"canonical":"https:\/\/www.nettali.com\/2025\/05\/17\/etats-unis-la-cour-supreme-recale-encore-ladministration-trump-sur-la-question-de-la-loi-des-ennemis-etrangers\/","og_locale":"fr_FR","og_type":"article","og_title":"\u00c9TATS-UNIS - La Cour supr\u00eame recale encore l'administration Trump sur la question de la loi des \u00abennemis \u00e9trangers\u00bb","og_description":"NETTALI.COM - La Cour supr\u00eame des \u00c9tats-Unis a de nouveau rejet\u00e9 vendredi une demande de l'administration Trump de l'autoriser \u00e0 expulser des immigr\u00e9s v\u00e9n\u00e9zu\u00e9liens en vertu d'une loi d'exception. Plusieurs tribunaux et cours d'appel f\u00e9d\u00e9raux \u2014 ainsi que la Cour supr\u00eame elle-m\u00eame le 19 avril \u2014 ont d\u00e9j\u00e0 bloqu\u00e9 provisoirement le recours \u00e0 la loi [&hellip;]","og_url":"https:\/\/www.nettali.com\/2025\/05\/17\/etats-unis-la-cour-supreme-recale-encore-ladministration-trump-sur-la-question-de-la-loi-des-ennemis-etrangers\/","og_site_name":"Nettali.com","article_publisher":"https:\/\/www.facebook.com\/nettalicom","article_published_time":"2025-05-17T16:13:06+00:00","og_image":[{"width":859,"height":426,"url":"https:\/\/www.nettali.com\/wp-content\/uploads\/2025\/05\/Capture-de\u0301cran-2025-05-17-a\u0300-16.10.28.png","type":"image\/png"}],"twitter_card":"summary_large_image","twitter_misc":{"\u00c9crit par":"Daouda","Dur\u00e9e de lecture estim\u00e9e":"2 minutes"},"schema":{"@context":"https:\/\/schema.org","@graph":[{"@type":"WebSite","@id":"https:\/\/www.nettali.com\/#website","url":"https:\/\/www.nettali.com\/","name":"Nettali.com","description":"Le rendez-vous critique du Net","potentialAction":[{"@type":"SearchAction","target":{"@type":"EntryPoint","urlTemplate":"https:\/\/www.nettali.com\/?s={search_term_string}"},"query-input":"required name=search_term_string"}],"inLanguage":"fr-FR"},{"@type":"ImageObject","@id":"https:\/\/www.nettali.com\/2025\/05\/17\/etats-unis-la-cour-supreme-recale-encore-ladministration-trump-sur-la-question-de-la-loi-des-ennemis-etrangers\/#primaryimage","inLanguage":"fr-FR","url":"https:\/\/www.nettali.com\/wp-content\/uploads\/2025\/05\/Capture-de\u0301cran-2025-05-17-a\u0300-16.10.28.png","contentUrl":"https:\/\/www.nettali.com\/wp-content\/uploads\/2025\/05\/Capture-de\u0301cran-2025-05-17-a\u0300-16.10.28.png","width":859,"height":426},{"@type":"WebPage","@id":"https:\/\/www.nettali.com\/2025\/05\/17\/etats-unis-la-cour-supreme-recale-encore-ladministration-trump-sur-la-question-de-la-loi-des-ennemis-etrangers\/#webpage","url":"https:\/\/www.nettali.com\/2025\/05\/17\/etats-unis-la-cour-supreme-recale-encore-ladministration-trump-sur-la-question-de-la-loi-des-ennemis-etrangers\/","name":"\u00c9TATS-UNIS - La Cour supr\u00eame recale encore l'administration Trump sur la question de la loi des \u00abennemis \u00e9trangers\u00bb | Nettali.com","isPartOf":{"@id":"https:\/\/www.nettali.com\/#website"},"primaryImageOfPage":{"@id":"https:\/\/www.nettali.com\/2025\/05\/17\/etats-unis-la-cour-supreme-recale-encore-ladministration-trump-sur-la-question-de-la-loi-des-ennemis-etrangers\/#primaryimage"},"datePublished":"2025-05-17T16:13:06+00:00","dateModified":"2025-05-17T16:13:06+00:00","author":{"@id":"https:\/\/www.nettali.com\/#\/schema\/person\/3317e0bb3aa1da309fbf7b2780901bf4"},"breadcrumb":{"@id":"https:\/\/www.nettali.com\/2025\/05\/17\/etats-unis-la-cour-supreme-recale-encore-ladministration-trump-sur-la-question-de-la-loi-des-ennemis-etrangers\/#breadcrumb"},"inLanguage":"fr-FR","potentialAction":[{"@type":"ReadAction","target":["https:\/\/www.nettali.com\/2025\/05\/17\/etats-unis-la-cour-supreme-recale-encore-ladministration-trump-sur-la-question-de-la-loi-des-ennemis-etrangers\/"]}]},{"@type":"BreadcrumbList","@id":"https:\/\/www.nettali.com\/2025\/05\/17\/etats-unis-la-cour-supreme-recale-encore-ladministration-trump-sur-la-question-de-la-loi-des-ennemis-etrangers\/#breadcrumb","itemListElement":[{"@type":"ListItem","position":1,"name":"Accueil","item":"https:\/\/www.nettali.com\/"},{"@type":"ListItem","position":2,"name":"\u00c9TATS-UNIS - La Cour supr\u00eame recale encore l'administration Trump sur la question de la loi des \u00abennemis \u00e9trangers\u00bb"}]},{"@type":"Person","@id":"https:\/\/www.nettali.com\/#\/schema\/person\/3317e0bb3aa1da309fbf7b2780901bf4","name":"Daouda","image":{"@type":"ImageObject","@id":"https:\/\/www.nettali.com\/#personlogo","inLanguage":"fr-FR","url":"https:\/\/secure.gravatar.com\/avatar\/8d143b5a49345098ddcfee1c49c2f47c?s=96&d=mm&r=g","contentUrl":"https:\/\/secure.gravatar.com\/avatar\/8d143b5a49345098ddcfee1c49c2f47c?s=96&d=mm&r=g","caption":"Daouda"},"sameAs":["https:\/\/www.nettali.com"]}]}},"_links":{"self":[{"href":"https:\/\/www.nettali.com\/rest\/wp\/v2\/posts\/154330"}],"collection":[{"href":"https:\/\/www.nettali.com\/rest\/wp\/v2\/posts"}],"about":[{"href":"https:\/\/www.nettali.com\/rest\/wp\/v2\/types\/post"}],"author":[{"embeddable":true,"href":"https:\/\/www.nettali.com\/rest\/wp\/v2\/users\/4"}],"replies":[{"embeddable":true,"href":"https:\/\/www.nettali.com\/rest\/wp\/v2\/comments?post=154330"}],"version-history":[{"count":1,"href":"https:\/\/www.nettali.com\/rest\/wp\/v2\/posts\/154330\/revisions"}],"predecessor-version":[{"id":154332,"href":"https:\/\/www.nettali.com\/rest\/wp\/v2\/posts\/154330\/revisions\/154332"}],"wp:featuredmedia":[{"embeddable":true,"href":"https:\/\/www.nettali.com\/rest\/wp\/v2\/media\/154331"}],"wp:attachment":[{"href":"https:\/\/www.nettali.com\/rest\/wp\/v2\/media?parent=154330"}],"wp:term":[{"taxonomy":"category","embeddable":true,"href":"https:\/\/www.nettali.com\/rest\/wp\/v2\/categories?post=154330"},{"taxonomy":"post_tag","embeddable":true,"href":"https:\/\/www.nettali.com\/rest\/wp\/v2\/tags?post=154330"}],"curies":[{"name":"wp","href":"https:\/\/api.w.org\/{rel}","templated":true}]}}