{"id":154328,"date":"2025-05-17T16:05:02","date_gmt":"2025-05-17T16:05:02","guid":{"rendered":"https:\/\/www.nettali.com\/?p=154328"},"modified":"2025-05-17T16:05:02","modified_gmt":"2025-05-17T16:05:02","slug":"thiaroye-44-tiken-jah-fakoly-appelle-les-senegalais-a-exiger-de-la-france-la-declassification-des-documents-sur-ce-massacre","status":"publish","type":"post","link":"https:\/\/www.nettali.com\/2025\/05\/17\/thiaroye-44-tiken-jah-fakoly-appelle-les-senegalais-a-exiger-de-la-france-la-declassification-des-documents-sur-ce-massacre\/","title":{"rendered":"THIAROYE 44 -  Tiken Jah Fakoly appelle les S\u00e9n\u00e9galais \u00e0 exiger de la France la \u2018\u2019d\u00e9classification\u2019\u2019 des documents sur ce massacre"},"content":{"rendered":"<p><strong>NETTALI.COM - L\u2019auteur-compositeur et chanteur ivoirien, Tiken Jah Fakoly a appel\u00e9 les S\u00e9n\u00e9galais \u00e0 exiger de la France la d\u00e9classification des documents pour la manifestation de la v\u00e9rit\u00e9 sur l\u2019histoire du massacre par l\u2019arm\u00e9e coloniale fran\u00e7aise des tirailleurs dans le camp de Thiaroye, dans la banlieue dakaroise, le 1<sup>er<\/sup> d\u00e9cembre 1944. \u00a0<\/strong><\/p>\n<p>Les tirailleurs s\u00e9n\u00e9galais est le terme g\u00e9n\u00e9rique pour d\u00e9signer les soldats africains incorpor\u00e9s pour la plupart de force dans l\u2019arm\u00e9e coloniale fran\u00e7aise et ayant grandement particip\u00e9 \u00e0 la lib\u00e9ration de la France du joug nazi.<\/p>\n<p><em>\u2018\u2019Il faut que le peuple s\u00e9n\u00e9galais aide leurs autorit\u00e9s \u00e0 r\u00e9clamer les r\u00e9sultats de ce qui s\u2019est pass\u00e9 \u00e0 Thiaroye le 1<sup>er<\/sup>\u00a0d\u00e9cembre 1944.\u00a0Il faut que le peuple s\u00e9n\u00e9galais organise des manifestations pour Thiaroye pour que le gouvernement fran\u00e7ais puisse dire ce qui s\u2019est pass\u00e9, o\u00f9 les morts ont \u00e9t\u00e9 enterr\u00e9s, ce qui s\u2019est pass\u00e9 exactement, etc. il faut qu\u2019il y ait des manifestations pacifiques qui vont donner de la force \u00e0 nos autorit\u00e9s pour r\u00e9clamer cette d\u00e9classification\u2019\u2019<\/em>, a lanc\u00e9 le reggaeman.<\/p>\n<p>Tiken Jah Fakoly estime que c\u2019est \u00e0 travers les manifestations que le S\u00e9n\u00e9gal peut amener la France \u00e0 r\u00e9agir.<\/p>\n<p><em>\u2018\u2019Quand les Fran\u00e7ais verront que les S\u00e9n\u00e9galais sont en train de se mobiliser pour que la v\u00e9rit\u00e9 soit dite sur Thiaroye, vous allez voir la r\u00e9action de la France\u2019<\/em>\u2019, a-t-il dit convaincu que \u2018\u2019le peuple s\u00e9n\u00e9galais qui sait lutter sera pr\u00eat \u00e0 aider car le dossier est juste\u2019\u2019.<\/p>\n<p><em>\u2018\u2019Je pense que le fait de r\u00e9clamer que ce dossier soit d\u00e9classifi\u00e9 et qu\u2019on nous dise o\u00f9 nos parents ont \u00e9t\u00e9 enterr\u00e9s, va r\u00e9accueillir du soutien m\u00eame en France. Et c\u2019est ce qui va pousser les autorit\u00e9s fran\u00e7aises \u00e0 \u00eatre claires\u2019\u2019<\/em>, sur ce dossier, a-t-il insist\u00e9.<\/p>\n<div class='share-to-whatsapp-wrapper'><div class='share-on-whsp'>PARTAGER SUR : <\/div><a data-text='THIAROYE 44 -  Tiken Jah Fakoly appelle les S\u00e9n\u00e9galais \u00e0 exiger de la France la \u2018\u2019d\u00e9classification\u2019\u2019 des documents sur ce massacre' data-link='https:\/\/www.nettali.com\/2025\/05\/17\/thiaroye-44-tiken-jah-fakoly-appelle-les-senegalais-a-exiger-de-la-france-la-declassification-des-documents-sur-ce-massacre\/' class='whatsapp-button whatsapp-share'>WhatsApp<\/a><div class='clear '><\/div><\/div>","protected":false},"excerpt":{"rendered":"<p>NETTALI.COM - L\u2019auteur-compositeur et chanteur ivoirien, Tiken Jah Fakoly a appel\u00e9 les S\u00e9n\u00e9galais \u00e0 exiger de la France la d\u00e9classification des documents pour la manifestation de la v\u00e9rit\u00e9 sur l\u2019histoire du massacre par l\u2019arm\u00e9e coloniale fran\u00e7aise des tirailleurs dans le camp de Thiaroye, dans la banlieue dakaroise, le 1er d\u00e9cembre 1944. \u00a0 Les tirailleurs s\u00e9n\u00e9galais [&hellip;]<\/p>\n","protected":false},"author":4,"featured_media":78912,"comment_status":"open","ping_status":"open","sticky":false,"template":"","format":"standard","meta":{"_et_pb_use_builder":"","_et_pb_old_content":""},"categories":[3],"tags":[],"yoast_head":"<!-- This site is optimized with the Yoast SEO Premium plugin v17.8 (Yoast SEO v17.8) - https:\/\/yoast.com\/wordpress\/plugins\/seo\/ -->\n<title>THIAROYE 44 - Tiken Jah Fakoly appelle les S\u00e9n\u00e9galais \u00e0 exiger de la France la \u2018\u2019d\u00e9classification\u2019\u2019 des documents sur ce massacre | Nettali.com<\/title>\n<meta name=\"robots\" content=\"index, follow, max-snippet:-1, max-image-preview:large, max-video-preview:-1\" \/>\n<link rel=\"canonical\" href=\"https:\/\/www.nettali.com\/2025\/05\/17\/thiaroye-44-tiken-jah-fakoly-appelle-les-senegalais-a-exiger-de-la-france-la-declassification-des-documents-sur-ce-massacre\/\" \/>\n<meta property=\"og:locale\" content=\"fr_FR\" \/>\n<meta property=\"og:type\" content=\"article\" \/>\n<meta property=\"og:title\" content=\"THIAROYE 44 - Tiken Jah Fakoly appelle les S\u00e9n\u00e9galais \u00e0 exiger de la France la \u2018\u2019d\u00e9classification\u2019\u2019 des documents sur ce massacre\" \/>\n<meta property=\"og:description\" content=\"NETTALI.COM - L\u2019auteur-compositeur et chanteur ivoirien, Tiken Jah Fakoly a appel\u00e9 les S\u00e9n\u00e9galais \u00e0 exiger de la France la d\u00e9classification des documents pour la manifestation de la v\u00e9rit\u00e9 sur l\u2019histoire du massacre par l\u2019arm\u00e9e coloniale fran\u00e7aise des tirailleurs dans le camp de Thiaroye, dans la banlieue dakaroise, le 1er d\u00e9cembre 1944. \u00a0 Les tirailleurs s\u00e9n\u00e9galais [&hellip;]\" \/>\n<meta property=\"og:url\" content=\"https:\/\/www.nettali.com\/2025\/05\/17\/thiaroye-44-tiken-jah-fakoly-appelle-les-senegalais-a-exiger-de-la-france-la-declassification-des-documents-sur-ce-massacre\/\" \/>\n<meta property=\"og:site_name\" content=\"Nettali.com\" \/>\n<meta property=\"article:publisher\" content=\"https:\/\/www.facebook.com\/nettalicom\" \/>\n<meta property=\"article:published_time\" content=\"2025-05-17T16:05:02+00:00\" \/>\n<meta property=\"og:image\" content=\"https:\/\/www.nettali.com\/wp-content\/uploads\/2022\/01\/tiken-jah-auxsons-640x550-1.jpg\" \/>\n\t<meta property=\"og:image:width\" content=\"640\" \/>\n\t<meta property=\"og:image:height\" content=\"550\" \/>\n<meta name=\"twitter:card\" content=\"summary_large_image\" \/>\n<meta name=\"twitter:label1\" content=\"\u00c9crit par\" \/>\n\t<meta name=\"twitter:data1\" content=\"Daouda\" \/>\n\t<meta name=\"twitter:label2\" content=\"Dur\u00e9e de lecture estim\u00e9e\" \/>\n\t<meta name=\"twitter:data2\" content=\"2 minutes\" \/>\n<script type=\"application\/ld+json\" class=\"yoast-schema-graph\">{\"@context\":\"https:\/\/schema.org\",\"@graph\":[{\"@type\":\"WebSite\",\"@id\":\"https:\/\/www.nettali.com\/#website\",\"url\":\"https:\/\/www.nettali.com\/\",\"name\":\"Nettali.com\",\"description\":\"Le rendez-vous critique du Net\",\"potentialAction\":[{\"@type\":\"SearchAction\",\"target\":{\"@type\":\"EntryPoint\",\"urlTemplate\":\"https:\/\/www.nettali.com\/?s={search_term_string}\"},\"query-input\":\"required name=search_term_string\"}],\"inLanguage\":\"fr-FR\"},{\"@type\":\"ImageObject\",\"@id\":\"https:\/\/www.nettali.com\/2025\/05\/17\/thiaroye-44-tiken-jah-fakoly-appelle-les-senegalais-a-exiger-de-la-france-la-declassification-des-documents-sur-ce-massacre\/#primaryimage\",\"inLanguage\":\"fr-FR\",\"url\":\"https:\/\/www.nettali.com\/wp-content\/uploads\/2022\/01\/tiken-jah-auxsons-640x550-1.jpg\",\"contentUrl\":\"https:\/\/www.nettali.com\/wp-content\/uploads\/2022\/01\/tiken-jah-auxsons-640x550-1.jpg\",\"width\":640,\"height\":550},{\"@type\":\"WebPage\",\"@id\":\"https:\/\/www.nettali.com\/2025\/05\/17\/thiaroye-44-tiken-jah-fakoly-appelle-les-senegalais-a-exiger-de-la-france-la-declassification-des-documents-sur-ce-massacre\/#webpage\",\"url\":\"https:\/\/www.nettali.com\/2025\/05\/17\/thiaroye-44-tiken-jah-fakoly-appelle-les-senegalais-a-exiger-de-la-france-la-declassification-des-documents-sur-ce-massacre\/\",\"name\":\"THIAROYE 44 - Tiken Jah Fakoly appelle les S\\u00e9n\\u00e9galais \\u00e0 exiger de la France la \\u2018\\u2019d\\u00e9classification\\u2019\\u2019 des documents sur ce massacre | Nettali.com\",\"isPartOf\":{\"@id\":\"https:\/\/www.nettali.com\/#website\"},\"primaryImageOfPage\":{\"@id\":\"https:\/\/www.nettali.com\/2025\/05\/17\/thiaroye-44-tiken-jah-fakoly-appelle-les-senegalais-a-exiger-de-la-france-la-declassification-des-documents-sur-ce-massacre\/#primaryimage\"},\"datePublished\":\"2025-05-17T16:05:02+00:00\",\"dateModified\":\"2025-05-17T16:05:02+00:00\",\"author\":{\"@id\":\"https:\/\/www.nettali.com\/#\/schema\/person\/3317e0bb3aa1da309fbf7b2780901bf4\"},\"breadcrumb\":{\"@id\":\"https:\/\/www.nettali.com\/2025\/05\/17\/thiaroye-44-tiken-jah-fakoly-appelle-les-senegalais-a-exiger-de-la-france-la-declassification-des-documents-sur-ce-massacre\/#breadcrumb\"},\"inLanguage\":\"fr-FR\",\"potentialAction\":[{\"@type\":\"ReadAction\",\"target\":[\"https:\/\/www.nettali.com\/2025\/05\/17\/thiaroye-44-tiken-jah-fakoly-appelle-les-senegalais-a-exiger-de-la-france-la-declassification-des-documents-sur-ce-massacre\/\"]}]},{\"@type\":\"BreadcrumbList\",\"@id\":\"https:\/\/www.nettali.com\/2025\/05\/17\/thiaroye-44-tiken-jah-fakoly-appelle-les-senegalais-a-exiger-de-la-france-la-declassification-des-documents-sur-ce-massacre\/#breadcrumb\",\"itemListElement\":[{\"@type\":\"ListItem\",\"position\":1,\"name\":\"Accueil\",\"item\":\"https:\/\/www.nettali.com\/\"},{\"@type\":\"ListItem\",\"position\":2,\"name\":\"THIAROYE 44 - Tiken Jah Fakoly appelle les S\\u00e9n\\u00e9galais \\u00e0 exiger de la France la \\u2018\\u2019d\\u00e9classification\\u2019\\u2019 des documents sur ce massacre\"}]},{\"@type\":\"Person\",\"@id\":\"https:\/\/www.nettali.com\/#\/schema\/person\/3317e0bb3aa1da309fbf7b2780901bf4\",\"name\":\"Daouda\",\"image\":{\"@type\":\"ImageObject\",\"@id\":\"https:\/\/www.nettali.com\/#personlogo\",\"inLanguage\":\"fr-FR\",\"url\":\"https:\/\/secure.gravatar.com\/avatar\/8d143b5a49345098ddcfee1c49c2f47c?s=96&d=mm&r=g\",\"contentUrl\":\"https:\/\/secure.gravatar.com\/avatar\/8d143b5a49345098ddcfee1c49c2f47c?s=96&d=mm&r=g\",\"caption\":\"Daouda\"},\"sameAs\":[\"https:\/\/www.nettali.com\"]}]}<\/script>\n<!-- \/ Yoast SEO Premium plugin. -->","yoast_head_json":{"title":"THIAROYE 44 - Tiken Jah Fakoly appelle les S\u00e9n\u00e9galais \u00e0 exiger de la France la \u2018\u2019d\u00e9classification\u2019\u2019 des documents sur ce massacre | Nettali.com","robots":{"index":"index","follow":"follow","max-snippet":"max-snippet:-1","max-image-preview":"max-image-preview:large","max-video-preview":"max-video-preview:-1"},"canonical":"https:\/\/www.nettali.com\/2025\/05\/17\/thiaroye-44-tiken-jah-fakoly-appelle-les-senegalais-a-exiger-de-la-france-la-declassification-des-documents-sur-ce-massacre\/","og_locale":"fr_FR","og_type":"article","og_title":"THIAROYE 44 - Tiken Jah Fakoly appelle les S\u00e9n\u00e9galais \u00e0 exiger de la France la \u2018\u2019d\u00e9classification\u2019\u2019 des documents sur ce massacre","og_description":"NETTALI.COM - L\u2019auteur-compositeur et chanteur ivoirien, Tiken Jah Fakoly a appel\u00e9 les S\u00e9n\u00e9galais \u00e0 exiger de la France la d\u00e9classification des documents pour la manifestation de la v\u00e9rit\u00e9 sur l\u2019histoire du massacre par l\u2019arm\u00e9e coloniale fran\u00e7aise des tirailleurs dans le camp de Thiaroye, dans la banlieue dakaroise, le 1er d\u00e9cembre 1944. \u00a0 Les tirailleurs s\u00e9n\u00e9galais [&hellip;]","og_url":"https:\/\/www.nettali.com\/2025\/05\/17\/thiaroye-44-tiken-jah-fakoly-appelle-les-senegalais-a-exiger-de-la-france-la-declassification-des-documents-sur-ce-massacre\/","og_site_name":"Nettali.com","article_publisher":"https:\/\/www.facebook.com\/nettalicom","article_published_time":"2025-05-17T16:05:02+00:00","og_image":[{"width":640,"height":550,"url":"https:\/\/www.nettali.com\/wp-content\/uploads\/2022\/01\/tiken-jah-auxsons-640x550-1.jpg","type":"image\/jpeg"}],"twitter_card":"summary_large_image","twitter_misc":{"\u00c9crit par":"Daouda","Dur\u00e9e de lecture estim\u00e9e":"2 minutes"},"schema":{"@context":"https:\/\/schema.org","@graph":[{"@type":"WebSite","@id":"https:\/\/www.nettali.com\/#website","url":"https:\/\/www.nettali.com\/","name":"Nettali.com","description":"Le rendez-vous critique du Net","potentialAction":[{"@type":"SearchAction","target":{"@type":"EntryPoint","urlTemplate":"https:\/\/www.nettali.com\/?s={search_term_string}"},"query-input":"required name=search_term_string"}],"inLanguage":"fr-FR"},{"@type":"ImageObject","@id":"https:\/\/www.nettali.com\/2025\/05\/17\/thiaroye-44-tiken-jah-fakoly-appelle-les-senegalais-a-exiger-de-la-france-la-declassification-des-documents-sur-ce-massacre\/#primaryimage","inLanguage":"fr-FR","url":"https:\/\/www.nettali.com\/wp-content\/uploads\/2022\/01\/tiken-jah-auxsons-640x550-1.jpg","contentUrl":"https:\/\/www.nettali.com\/wp-content\/uploads\/2022\/01\/tiken-jah-auxsons-640x550-1.jpg","width":640,"height":550},{"@type":"WebPage","@id":"https:\/\/www.nettali.com\/2025\/05\/17\/thiaroye-44-tiken-jah-fakoly-appelle-les-senegalais-a-exiger-de-la-france-la-declassification-des-documents-sur-ce-massacre\/#webpage","url":"https:\/\/www.nettali.com\/2025\/05\/17\/thiaroye-44-tiken-jah-fakoly-appelle-les-senegalais-a-exiger-de-la-france-la-declassification-des-documents-sur-ce-massacre\/","name":"THIAROYE 44 - Tiken Jah Fakoly appelle les S\u00e9n\u00e9galais \u00e0 exiger de la France la \u2018\u2019d\u00e9classification\u2019\u2019 des documents sur ce massacre | Nettali.com","isPartOf":{"@id":"https:\/\/www.nettali.com\/#website"},"primaryImageOfPage":{"@id":"https:\/\/www.nettali.com\/2025\/05\/17\/thiaroye-44-tiken-jah-fakoly-appelle-les-senegalais-a-exiger-de-la-france-la-declassification-des-documents-sur-ce-massacre\/#primaryimage"},"datePublished":"2025-05-17T16:05:02+00:00","dateModified":"2025-05-17T16:05:02+00:00","author":{"@id":"https:\/\/www.nettali.com\/#\/schema\/person\/3317e0bb3aa1da309fbf7b2780901bf4"},"breadcrumb":{"@id":"https:\/\/www.nettali.com\/2025\/05\/17\/thiaroye-44-tiken-jah-fakoly-appelle-les-senegalais-a-exiger-de-la-france-la-declassification-des-documents-sur-ce-massacre\/#breadcrumb"},"inLanguage":"fr-FR","potentialAction":[{"@type":"ReadAction","target":["https:\/\/www.nettali.com\/2025\/05\/17\/thiaroye-44-tiken-jah-fakoly-appelle-les-senegalais-a-exiger-de-la-france-la-declassification-des-documents-sur-ce-massacre\/"]}]},{"@type":"BreadcrumbList","@id":"https:\/\/www.nettali.com\/2025\/05\/17\/thiaroye-44-tiken-jah-fakoly-appelle-les-senegalais-a-exiger-de-la-france-la-declassification-des-documents-sur-ce-massacre\/#breadcrumb","itemListElement":[{"@type":"ListItem","position":1,"name":"Accueil","item":"https:\/\/www.nettali.com\/"},{"@type":"ListItem","position":2,"name":"THIAROYE 44 - Tiken Jah Fakoly appelle les S\u00e9n\u00e9galais \u00e0 exiger de la France la \u2018\u2019d\u00e9classification\u2019\u2019 des documents sur ce massacre"}]},{"@type":"Person","@id":"https:\/\/www.nettali.com\/#\/schema\/person\/3317e0bb3aa1da309fbf7b2780901bf4","name":"Daouda","image":{"@type":"ImageObject","@id":"https:\/\/www.nettali.com\/#personlogo","inLanguage":"fr-FR","url":"https:\/\/secure.gravatar.com\/avatar\/8d143b5a49345098ddcfee1c49c2f47c?s=96&d=mm&r=g","contentUrl":"https:\/\/secure.gravatar.com\/avatar\/8d143b5a49345098ddcfee1c49c2f47c?s=96&d=mm&r=g","caption":"Daouda"},"sameAs":["https:\/\/www.nettali.com"]}]}},"_links":{"self":[{"href":"https:\/\/www.nettali.com\/rest\/wp\/v2\/posts\/154328"}],"collection":[{"href":"https:\/\/www.nettali.com\/rest\/wp\/v2\/posts"}],"about":[{"href":"https:\/\/www.nettali.com\/rest\/wp\/v2\/types\/post"}],"author":[{"embeddable":true,"href":"https:\/\/www.nettali.com\/rest\/wp\/v2\/users\/4"}],"replies":[{"embeddable":true,"href":"https:\/\/www.nettali.com\/rest\/wp\/v2\/comments?post=154328"}],"version-history":[{"count":1,"href":"https:\/\/www.nettali.com\/rest\/wp\/v2\/posts\/154328\/revisions"}],"predecessor-version":[{"id":154329,"href":"https:\/\/www.nettali.com\/rest\/wp\/v2\/posts\/154328\/revisions\/154329"}],"wp:featuredmedia":[{"embeddable":true,"href":"https:\/\/www.nettali.com\/rest\/wp\/v2\/media\/78912"}],"wp:attachment":[{"href":"https:\/\/www.nettali.com\/rest\/wp\/v2\/media?parent=154328"}],"wp:term":[{"taxonomy":"category","embeddable":true,"href":"https:\/\/www.nettali.com\/rest\/wp\/v2\/categories?post=154328"},{"taxonomy":"post_tag","embeddable":true,"href":"https:\/\/www.nettali.com\/rest\/wp\/v2\/tags?post=154328"}],"curies":[{"name":"wp","href":"https:\/\/api.w.org\/{rel}","templated":true}]}}