{"id":154322,"date":"2025-05-17T14:01:03","date_gmt":"2025-05-17T14:01:03","guid":{"rendered":"https:\/\/www.nettali.com\/?p=154322"},"modified":"2025-05-17T14:01:03","modified_gmt":"2025-05-17T14:01:03","slug":"mercato-dean-huijsen-debarque-au-real-madrid","status":"publish","type":"post","link":"https:\/\/www.nettali.com\/2025\/05\/17\/mercato-dean-huijsen-debarque-au-real-madrid\/","title":{"rendered":"MERCATO - Dean Huijsen d\u00e9barque au Real Madrid"},"content":{"rendered":"<p><strong>NETTALI.COM - C'\u00e9tait dans les tuyaux, c'est d\u00e9sormais officiel ! Dean Huijsen est un nouveau joueur du Real Madrid. L'international espagnol de 20 ans quitte Bournemouth et rejoint la Casa Blanca pour un bail de 5 ans.<\/strong><\/p>\n<p>Le premier renfort estival du Real Madrid se nomme Dean\u00a0Huijsen. Le club espagnol a officialis\u00e9 ce samedi 17 mai le recrutement du d\u00e9fenseur central de Bournemouth contre un ch\u00e8que de 58 millions d'euros, le montant de sa clause lib\u00e9ratoire.<\/p>\n<p>L'ancien joueur de la Juventus a paraph\u00e9 un contrat de cinq ann\u00e9es, soit jusqu'en juin 2030, en faveur de la Maison Blanche. Il int\u00e9grera l'effectif \u00e0 partir du 1er juin et pourra ainsi disputer la Coupe du monde des clubs de la FIFA avec les Merengue.<\/p>\n<div class='share-to-whatsapp-wrapper'><div class='share-on-whsp'>PARTAGER SUR : <\/div><a data-text='MERCATO - Dean Huijsen d\u00e9barque au Real Madrid' data-link='https:\/\/www.nettali.com\/2025\/05\/17\/mercato-dean-huijsen-debarque-au-real-madrid\/' class='whatsapp-button whatsapp-share'>WhatsApp<\/a><div class='clear '><\/div><\/div>","protected":false},"excerpt":{"rendered":"<p>NETTALI.COM - C'\u00e9tait dans les tuyaux, c'est d\u00e9sormais officiel ! Dean Huijsen est un nouveau joueur du Real Madrid. L'international espagnol de 20 ans quitte Bournemouth et rejoint la Casa Blanca pour un bail de 5 ans. Le premier renfort estival du Real Madrid se nomme Dean\u00a0Huijsen. Le club espagnol a officialis\u00e9 ce samedi 17 [&hellip;]<\/p>\n","protected":false},"author":5,"featured_media":154323,"comment_status":"open","ping_status":"open","sticky":false,"template":"","format":"standard","meta":{"_et_pb_use_builder":"","_et_pb_old_content":""},"categories":[6],"tags":[],"yoast_head":"<!-- This site is optimized with the Yoast SEO Premium plugin v17.8 (Yoast SEO v17.8) - https:\/\/yoast.com\/wordpress\/plugins\/seo\/ -->\n<title>MERCATO - Dean Huijsen d\u00e9barque au Real Madrid | Nettali.com<\/title>\n<meta name=\"robots\" content=\"index, follow, max-snippet:-1, max-image-preview:large, max-video-preview:-1\" \/>\n<link rel=\"canonical\" href=\"https:\/\/www.nettali.com\/2025\/05\/17\/mercato-dean-huijsen-debarque-au-real-madrid\/\" \/>\n<meta property=\"og:locale\" content=\"fr_FR\" \/>\n<meta property=\"og:type\" content=\"article\" \/>\n<meta property=\"og:title\" content=\"MERCATO - Dean Huijsen d\u00e9barque au Real Madrid\" \/>\n<meta property=\"og:description\" content=\"NETTALI.COM - C&#039;\u00e9tait dans les tuyaux, c&#039;est d\u00e9sormais officiel ! Dean Huijsen est un nouveau joueur du Real Madrid. L&#039;international espagnol de 20 ans quitte Bournemouth et rejoint la Casa Blanca pour un bail de 5 ans. Le premier renfort estival du Real Madrid se nomme Dean\u00a0Huijsen. Le club espagnol a officialis\u00e9 ce samedi 17 [&hellip;]\" \/>\n<meta property=\"og:url\" content=\"https:\/\/www.nettali.com\/2025\/05\/17\/mercato-dean-huijsen-debarque-au-real-madrid\/\" \/>\n<meta property=\"og:site_name\" content=\"Nettali.com\" \/>\n<meta property=\"article:publisher\" content=\"https:\/\/www.facebook.com\/nettalicom\" \/>\n<meta property=\"article:published_time\" content=\"2025-05-17T14:01:03+00:00\" \/>\n<meta property=\"og:image\" content=\"https:\/\/www.nettali.com\/wp-content\/uploads\/2025\/05\/Dean-Huijsen-Real-Madrid-GFX.jpg.jpg\" \/>\n\t<meta property=\"og:image:width\" content=\"1920\" \/>\n\t<meta property=\"og:image:height\" content=\"1080\" \/>\n<meta name=\"twitter:card\" content=\"summary_large_image\" \/>\n<meta name=\"twitter:label1\" content=\"\u00c9crit par\" \/>\n\t<meta name=\"twitter:data1\" content=\"Ibrahima\" \/>\n\t<meta name=\"twitter:label2\" content=\"Dur\u00e9e de lecture estim\u00e9e\" \/>\n\t<meta name=\"twitter:data2\" content=\"1 minute\" \/>\n<script type=\"application\/ld+json\" class=\"yoast-schema-graph\">{\"@context\":\"https:\/\/schema.org\",\"@graph\":[{\"@type\":\"WebSite\",\"@id\":\"https:\/\/www.nettali.com\/#website\",\"url\":\"https:\/\/www.nettali.com\/\",\"name\":\"Nettali.com\",\"description\":\"Le rendez-vous critique du Net\",\"potentialAction\":[{\"@type\":\"SearchAction\",\"target\":{\"@type\":\"EntryPoint\",\"urlTemplate\":\"https:\/\/www.nettali.com\/?s={search_term_string}\"},\"query-input\":\"required name=search_term_string\"}],\"inLanguage\":\"fr-FR\"},{\"@type\":\"ImageObject\",\"@id\":\"https:\/\/www.nettali.com\/2025\/05\/17\/mercato-dean-huijsen-debarque-au-real-madrid\/#primaryimage\",\"inLanguage\":\"fr-FR\",\"url\":\"https:\/\/www.nettali.com\/wp-content\/uploads\/2025\/05\/Dean-Huijsen-Real-Madrid-GFX.jpg.jpg\",\"contentUrl\":\"https:\/\/www.nettali.com\/wp-content\/uploads\/2025\/05\/Dean-Huijsen-Real-Madrid-GFX.jpg.jpg\",\"width\":1920,\"height\":1080},{\"@type\":\"WebPage\",\"@id\":\"https:\/\/www.nettali.com\/2025\/05\/17\/mercato-dean-huijsen-debarque-au-real-madrid\/#webpage\",\"url\":\"https:\/\/www.nettali.com\/2025\/05\/17\/mercato-dean-huijsen-debarque-au-real-madrid\/\",\"name\":\"MERCATO - Dean Huijsen d\\u00e9barque au Real Madrid | Nettali.com\",\"isPartOf\":{\"@id\":\"https:\/\/www.nettali.com\/#website\"},\"primaryImageOfPage\":{\"@id\":\"https:\/\/www.nettali.com\/2025\/05\/17\/mercato-dean-huijsen-debarque-au-real-madrid\/#primaryimage\"},\"datePublished\":\"2025-05-17T14:01:03+00:00\",\"dateModified\":\"2025-05-17T14:01:03+00:00\",\"author\":{\"@id\":\"https:\/\/www.nettali.com\/#\/schema\/person\/bb147657c2986240405a608162b9bb23\"},\"breadcrumb\":{\"@id\":\"https:\/\/www.nettali.com\/2025\/05\/17\/mercato-dean-huijsen-debarque-au-real-madrid\/#breadcrumb\"},\"inLanguage\":\"fr-FR\",\"potentialAction\":[{\"@type\":\"ReadAction\",\"target\":[\"https:\/\/www.nettali.com\/2025\/05\/17\/mercato-dean-huijsen-debarque-au-real-madrid\/\"]}]},{\"@type\":\"BreadcrumbList\",\"@id\":\"https:\/\/www.nettali.com\/2025\/05\/17\/mercato-dean-huijsen-debarque-au-real-madrid\/#breadcrumb\",\"itemListElement\":[{\"@type\":\"ListItem\",\"position\":1,\"name\":\"Accueil\",\"item\":\"https:\/\/www.nettali.com\/\"},{\"@type\":\"ListItem\",\"position\":2,\"name\":\"MERCATO - Dean Huijsen d\\u00e9barque au Real Madrid\"}]},{\"@type\":\"Person\",\"@id\":\"https:\/\/www.nettali.com\/#\/schema\/person\/bb147657c2986240405a608162b9bb23\",\"name\":\"Ibrahima\",\"image\":{\"@type\":\"ImageObject\",\"@id\":\"https:\/\/www.nettali.com\/#personlogo\",\"inLanguage\":\"fr-FR\",\"url\":\"https:\/\/secure.gravatar.com\/avatar\/26a8a81f09f0dd7624c9d5c36c9ba3a2?s=96&d=mm&r=g\",\"contentUrl\":\"https:\/\/secure.gravatar.com\/avatar\/26a8a81f09f0dd7624c9d5c36c9ba3a2?s=96&d=mm&r=g\",\"caption\":\"Ibrahima\"},\"sameAs\":[\"https:\/\/www.nettali.com\"]}]}<\/script>\n<!-- \/ Yoast SEO Premium plugin. -->","yoast_head_json":{"title":"MERCATO - Dean Huijsen d\u00e9barque au Real Madrid | Nettali.com","robots":{"index":"index","follow":"follow","max-snippet":"max-snippet:-1","max-image-preview":"max-image-preview:large","max-video-preview":"max-video-preview:-1"},"canonical":"https:\/\/www.nettali.com\/2025\/05\/17\/mercato-dean-huijsen-debarque-au-real-madrid\/","og_locale":"fr_FR","og_type":"article","og_title":"MERCATO - Dean Huijsen d\u00e9barque au Real Madrid","og_description":"NETTALI.COM - C'\u00e9tait dans les tuyaux, c'est d\u00e9sormais officiel ! Dean Huijsen est un nouveau joueur du Real Madrid. L'international espagnol de 20 ans quitte Bournemouth et rejoint la Casa Blanca pour un bail de 5 ans. Le premier renfort estival du Real Madrid se nomme Dean\u00a0Huijsen. Le club espagnol a officialis\u00e9 ce samedi 17 [&hellip;]","og_url":"https:\/\/www.nettali.com\/2025\/05\/17\/mercato-dean-huijsen-debarque-au-real-madrid\/","og_site_name":"Nettali.com","article_publisher":"https:\/\/www.facebook.com\/nettalicom","article_published_time":"2025-05-17T14:01:03+00:00","og_image":[{"width":1920,"height":1080,"url":"https:\/\/www.nettali.com\/wp-content\/uploads\/2025\/05\/Dean-Huijsen-Real-Madrid-GFX.jpg.jpg","type":"image\/jpeg"}],"twitter_card":"summary_large_image","twitter_misc":{"\u00c9crit par":"Ibrahima","Dur\u00e9e de lecture estim\u00e9e":"1 minute"},"schema":{"@context":"https:\/\/schema.org","@graph":[{"@type":"WebSite","@id":"https:\/\/www.nettali.com\/#website","url":"https:\/\/www.nettali.com\/","name":"Nettali.com","description":"Le rendez-vous critique du Net","potentialAction":[{"@type":"SearchAction","target":{"@type":"EntryPoint","urlTemplate":"https:\/\/www.nettali.com\/?s={search_term_string}"},"query-input":"required name=search_term_string"}],"inLanguage":"fr-FR"},{"@type":"ImageObject","@id":"https:\/\/www.nettali.com\/2025\/05\/17\/mercato-dean-huijsen-debarque-au-real-madrid\/#primaryimage","inLanguage":"fr-FR","url":"https:\/\/www.nettali.com\/wp-content\/uploads\/2025\/05\/Dean-Huijsen-Real-Madrid-GFX.jpg.jpg","contentUrl":"https:\/\/www.nettali.com\/wp-content\/uploads\/2025\/05\/Dean-Huijsen-Real-Madrid-GFX.jpg.jpg","width":1920,"height":1080},{"@type":"WebPage","@id":"https:\/\/www.nettali.com\/2025\/05\/17\/mercato-dean-huijsen-debarque-au-real-madrid\/#webpage","url":"https:\/\/www.nettali.com\/2025\/05\/17\/mercato-dean-huijsen-debarque-au-real-madrid\/","name":"MERCATO - Dean Huijsen d\u00e9barque au Real Madrid | Nettali.com","isPartOf":{"@id":"https:\/\/www.nettali.com\/#website"},"primaryImageOfPage":{"@id":"https:\/\/www.nettali.com\/2025\/05\/17\/mercato-dean-huijsen-debarque-au-real-madrid\/#primaryimage"},"datePublished":"2025-05-17T14:01:03+00:00","dateModified":"2025-05-17T14:01:03+00:00","author":{"@id":"https:\/\/www.nettali.com\/#\/schema\/person\/bb147657c2986240405a608162b9bb23"},"breadcrumb":{"@id":"https:\/\/www.nettali.com\/2025\/05\/17\/mercato-dean-huijsen-debarque-au-real-madrid\/#breadcrumb"},"inLanguage":"fr-FR","potentialAction":[{"@type":"ReadAction","target":["https:\/\/www.nettali.com\/2025\/05\/17\/mercato-dean-huijsen-debarque-au-real-madrid\/"]}]},{"@type":"BreadcrumbList","@id":"https:\/\/www.nettali.com\/2025\/05\/17\/mercato-dean-huijsen-debarque-au-real-madrid\/#breadcrumb","itemListElement":[{"@type":"ListItem","position":1,"name":"Accueil","item":"https:\/\/www.nettali.com\/"},{"@type":"ListItem","position":2,"name":"MERCATO - Dean Huijsen d\u00e9barque au Real Madrid"}]},{"@type":"Person","@id":"https:\/\/www.nettali.com\/#\/schema\/person\/bb147657c2986240405a608162b9bb23","name":"Ibrahima","image":{"@type":"ImageObject","@id":"https:\/\/www.nettali.com\/#personlogo","inLanguage":"fr-FR","url":"https:\/\/secure.gravatar.com\/avatar\/26a8a81f09f0dd7624c9d5c36c9ba3a2?s=96&d=mm&r=g","contentUrl":"https:\/\/secure.gravatar.com\/avatar\/26a8a81f09f0dd7624c9d5c36c9ba3a2?s=96&d=mm&r=g","caption":"Ibrahima"},"sameAs":["https:\/\/www.nettali.com"]}]}},"_links":{"self":[{"href":"https:\/\/www.nettali.com\/rest\/wp\/v2\/posts\/154322"}],"collection":[{"href":"https:\/\/www.nettali.com\/rest\/wp\/v2\/posts"}],"about":[{"href":"https:\/\/www.nettali.com\/rest\/wp\/v2\/types\/post"}],"author":[{"embeddable":true,"href":"https:\/\/www.nettali.com\/rest\/wp\/v2\/users\/5"}],"replies":[{"embeddable":true,"href":"https:\/\/www.nettali.com\/rest\/wp\/v2\/comments?post=154322"}],"version-history":[{"count":1,"href":"https:\/\/www.nettali.com\/rest\/wp\/v2\/posts\/154322\/revisions"}],"predecessor-version":[{"id":154324,"href":"https:\/\/www.nettali.com\/rest\/wp\/v2\/posts\/154322\/revisions\/154324"}],"wp:featuredmedia":[{"embeddable":true,"href":"https:\/\/www.nettali.com\/rest\/wp\/v2\/media\/154323"}],"wp:attachment":[{"href":"https:\/\/www.nettali.com\/rest\/wp\/v2\/media?parent=154322"}],"wp:term":[{"taxonomy":"category","embeddable":true,"href":"https:\/\/www.nettali.com\/rest\/wp\/v2\/categories?post=154322"},{"taxonomy":"post_tag","embeddable":true,"href":"https:\/\/www.nettali.com\/rest\/wp\/v2\/tags?post=154322"}],"curies":[{"name":"wp","href":"https:\/\/api.w.org\/{rel}","templated":true}]}}