{"id":154320,"date":"2025-05-17T12:58:32","date_gmt":"2025-05-17T12:58:32","guid":{"rendered":"https:\/\/www.nettali.com\/?p=154320"},"modified":"2025-05-17T13:48:26","modified_gmt":"2025-05-17T13:48:26","slug":"tiken-jah-fakoly-la-cedeao-nest-plus-credible","status":"publish","type":"post","link":"https:\/\/www.nettali.com\/2025\/05\/17\/tiken-jah-fakoly-la-cedeao-nest-plus-credible\/","title":{"rendered":"TIKEN JAH FAKOLY : \"La CEDEAO n\u2019est plus cr\u00e9dible...\""},"content":{"rendered":"<p><strong>NETTALI.COM - La Communaut\u00e9 \u00e9conomique des Etats de l\u2019Afrique de l\u2019Ouest (CEDEAO) doit \u00eatre r\u00e9form\u00e9e avec de nouveaux dirigeants, a estim\u00e9 le chanteur ivoirien Tiken Jah Fakoly pour qui cette organisation sous r\u00e9gionale \"n\u2019est plus cr\u00e9dible\u2019\u2019.<\/strong><\/p>\n<p>\"Il faut le dire, le pr\u00e9ciser, la CEDEAO n\u2019est plus cr\u00e9dible. Je pense qu\u2019il faut r\u00e9former la CEDEAO avec des nouveaux dirigeants, des jeunes qui sont en train d\u2019arriver\", a-t-il plaid\u00e9 au cours d\u2019un entretien.<\/p>\n<p>Pour le reggaeman, la CEDEAO est \u2018<em>\u2019incapable de trouver une solution et de juger \u00e9quitablement les choses\u2019\u2019<\/em>, ce qui, \u00e0 ses yeux contribue \u00e0 la discr\u00e9diter aupr\u00e8s des populations africaines.<\/p>\n<p>Il a ainsi appel\u00e9, au-del\u00e0 d\u2019une r\u00e9forme \u00e0 un changement de d\u00e9nomination l\u2019organisation sous-r\u00e9gionale, afin de \u2018\u2019redorer son blason\u2019\u2019.<\/p>\n<p><em>\u2018\u2019Quand tu parles de la CEDEAO dans certains pays, on n\u2019a pas envie d\u2019entendre du tout. Donc, je pense qu\u2019il faut aller jusqu\u2019\u00e0 changer de nom\u2019<\/em>\u2019, a-t-il dit, ajoutant avoir espoir que des nouveaux leaders comme le pr\u00e9sident s\u00e9n\u00e9galais Bassirou Diomaye Faye et le Premier ministre Ousmane Sonko vont changer les choses, r\u00e9former et dire la v\u00e9rit\u00e9 sur cette institution s\u2019ils ont les manettes.<\/p>\n<p>Le musicien s\u2019est dit \u2018\u2019meurtri\u2019\u2019 et \u2018\u2019tr\u00e8s mal \u00e0 l\u2019aise\u2019\u2019 de voir ce qu\u2019est devenu aujourd\u2019hui les institutions l\u00e9gu\u00e9es par les p\u00e8res fondateurs tels que l\u2019Organisation de l\u2019unit\u00e9 africaine devenue l\u2019Union Afrique (UA) et la CEDEAO, entre autres.<\/p>\n<p>\u2018\u2019Notre mission, notre devoir, c\u2019\u00e9tait de consolider cela, m\u00eame d\u2019agrandir et d\u2019aller jusqu\u2019\u00e0 ramener des pays lointains de l\u2019Afrique centrale. Au lieu de renforcer la communaut\u00e9, nous sommes divis\u00e9s aujourd\u2019hui. Nous n\u2019avons jamais \u00e9t\u00e9 aussi divis\u00e9s\u2019\u2019, a r\u00e9grett\u00e9 Tiken Jah Fakloy faisant r\u00e9f\u00e9rence \u00e0 la cr\u00e9ation de la conf\u00e9d\u00e9ration de l\u2019Alliance des Etats du Sahel (AES) n\u00e9e des flancs de la CEDEAO.<\/p>\n<p>\u2018\u2019Maintenant, il y a l\u2019AES. Cela fait deux camps. Et puis, au niveau m\u00eame de l\u2019AES, il y a une grande division dans les pays. Le Mali n\u2019a jamais \u00e9t\u00e9 aussi divis\u00e9. J\u2019y vis depuis 22 ans. Je n\u2019ai jamais vu autant de division au Mali.\u00a0Le Burkina est divis\u00e9, le Niger est divis\u00e9. Les autres pays sont divis\u00e9s sur le plan politique. Je suis meurtri de voir cela\u2019\u2019, se d\u00e9sole l\u2019interpr\u00e8te de la chanson \u2018\u2019Mon pays va mal\u2019\u2019.<\/p>\n<p><strong>\u2018\u2019Les pays de l\u2019AES ont manqu\u00e9 un peu de diplomatie\u2019\u2019<\/strong><\/p>\n<p>\u2018\u2019C\u2019est uni qu\u2019on sera fort, divis\u00e9, on sera toujours faible\u2019\u2019, a lanc\u00e9 Tiken Jah Fakoly pour qui, les trois pays de l\u2019Alliance des Etats du Sahel ont \u2018\u2019manqu\u00e9 de diplomatie\u2019\u2019.<\/p>\n<p>\u2018\u2019Les trois pays de l\u2019AES sont en difficult\u00e9 aujourd\u2019hui, parce qu\u2019ils ont d\u00e9cid\u00e9 de faire une r\u00e9volution \u00e0 la Sankara [ancien pr\u00e9sident du Burkina Faso Thomas Sankara (1949-1987)], c\u2019est-\u00e0-dire r\u00e9clamer la vraie rupture de l\u2019ind\u00e9pendance. Sauf que, (\u2026) moi, je pense qu\u2019ils ont manqu\u00e9 un peu de diplomatie\u2019\u2019, a analys\u00e9 le chanteur.<\/p>\n<p>Pour lui, Sankara, malgr\u00e9 sa fougue, malgr\u00e9 son charisme, a quand m\u00eame maintenu une certaine diplomatie.<\/p>\n<p>TiKen Jah Fakoly, qui est pour cette souverainet\u00e9 r\u00e9clam\u00e9e aujourd\u2019hui par les Etats africains, estime qu\u2019il s\u2019agit d\u2019\u2018\u2019un combat important, logique\u2019\u2019.<\/p>\n<p>\u2018\u2019Il n\u2019y a pas que du n\u00e9gatif dans ce qui s\u2019est pass\u00e9 au Mali. Je pense que le fait d\u2019arr\u00eater les contrats coloniaux, tous les contrats qui nous attachaient, qui attachaient notre peuple, qui mettaient notre peuple dans un truc d\u2019esclavage\u2026 le fait qu\u2019ils aient cass\u00e9 les cha\u00eenes comme \u00e7a, c\u2019est positif\u2019\u2019, a-t-il reconnu, estimant qu\u2019on peut le faire lorsqu\u2019on a le peuple avec soi.<\/p>\n<p>Il estime que les pays africains ont l\u2019obligation de r\u00e9cup\u00e9rer la copie originale de leur ind\u00e9pendance, de leur souverainet\u00e9, car celle re\u00e7ue en 1960 n\u2019est qu\u2019une photocopie.<\/p>\n<p>\u2018\u2019Je pense que c\u2019est ce que ces trois pays ont essay\u00e9 de faire, sauf qu\u2019ils sont sur deux fronts. Ils sont attaqu\u00e9s par les djihadistes et ils sont en confrontation avec l\u2019occident. Donc, \u00eatre entre les deux comme cela, ce n\u2019est pas \u00e9vident\u2019\u2019, a-t-il fait saloir.<\/p>\n<p>\u2018\u2019Je suis tr\u00e8s triste de voir l\u2019Afrique en train de se diviser au lieu de s\u2019unir. Cela me donne l\u2019impression souvent que notre g\u00e9n\u00e9ration a \u00e9chou\u00e9, mais j\u2019ai espoir\u2019\u2019, a-t-il dit.<\/p>\n<div class='share-to-whatsapp-wrapper'><div class='share-on-whsp'>PARTAGER SUR : <\/div><a data-text='TIKEN JAH FAKOLY : \"La CEDEAO n\u2019est plus cr\u00e9dible...\"' data-link='https:\/\/www.nettali.com\/2025\/05\/17\/tiken-jah-fakoly-la-cedeao-nest-plus-credible\/' class='whatsapp-button whatsapp-share'>WhatsApp<\/a><div class='clear '><\/div><\/div>","protected":false},"excerpt":{"rendered":"<p>NETTALI.COM - La Communaut\u00e9 \u00e9conomique des Etats de l\u2019Afrique de l\u2019Ouest (CEDEAO) doit \u00eatre r\u00e9form\u00e9e avec de nouveaux dirigeants, a estim\u00e9 le chanteur ivoirien Tiken Jah Fakoly pour qui cette organisation sous r\u00e9gionale \"n\u2019est plus cr\u00e9dible\u2019\u2019. \"Il faut le dire, le pr\u00e9ciser, la CEDEAO n\u2019est plus cr\u00e9dible. Je pense qu\u2019il faut r\u00e9former la CEDEAO avec [&hellip;]<\/p>\n","protected":false},"author":4,"featured_media":71628,"comment_status":"open","ping_status":"open","sticky":false,"template":"","format":"standard","meta":{"_et_pb_use_builder":"","_et_pb_old_content":""},"categories":[3],"tags":[],"yoast_head":"<!-- This site is optimized with the Yoast SEO Premium plugin v17.8 (Yoast SEO v17.8) - https:\/\/yoast.com\/wordpress\/plugins\/seo\/ -->\n<title>TIKEN JAH FAKOLY : &quot;La CEDEAO n\u2019est plus cr\u00e9dible...&quot; | Nettali.com<\/title>\n<meta name=\"robots\" content=\"index, follow, max-snippet:-1, max-image-preview:large, max-video-preview:-1\" \/>\n<link rel=\"canonical\" href=\"https:\/\/www.nettali.com\/2025\/05\/17\/tiken-jah-fakoly-la-cedeao-nest-plus-credible\/\" \/>\n<meta property=\"og:locale\" content=\"fr_FR\" \/>\n<meta property=\"og:type\" content=\"article\" \/>\n<meta property=\"og:title\" content=\"TIKEN JAH FAKOLY : &quot;La CEDEAO n\u2019est plus cr\u00e9dible...&quot;\" \/>\n<meta property=\"og:description\" content=\"NETTALI.COM - La Communaut\u00e9 \u00e9conomique des Etats de l\u2019Afrique de l\u2019Ouest (CEDEAO) doit \u00eatre r\u00e9form\u00e9e avec de nouveaux dirigeants, a estim\u00e9 le chanteur ivoirien Tiken Jah Fakoly pour qui cette organisation sous r\u00e9gionale &quot;n\u2019est plus cr\u00e9dible\u2019\u2019. &quot;Il faut le dire, le pr\u00e9ciser, la CEDEAO n\u2019est plus cr\u00e9dible. Je pense qu\u2019il faut r\u00e9former la CEDEAO avec [&hellip;]\" \/>\n<meta property=\"og:url\" content=\"https:\/\/www.nettali.com\/2025\/05\/17\/tiken-jah-fakoly-la-cedeao-nest-plus-credible\/\" \/>\n<meta property=\"og:site_name\" content=\"Nettali.com\" \/>\n<meta property=\"article:publisher\" content=\"https:\/\/www.facebook.com\/nettalicom\" \/>\n<meta property=\"article:published_time\" content=\"2025-05-17T12:58:32+00:00\" \/>\n<meta property=\"article:modified_time\" content=\"2025-05-17T13:48:26+00:00\" \/>\n<meta property=\"og:image\" content=\"https:\/\/www.nettali.com\/wp-content\/uploads\/2021\/09\/tiken-jah-fakoly-998324-jpg_874019_1250x625.jpeg\" \/>\n\t<meta property=\"og:image:width\" content=\"1250\" \/>\n\t<meta property=\"og:image:height\" content=\"625\" \/>\n<meta name=\"twitter:card\" content=\"summary_large_image\" \/>\n<meta name=\"twitter:label1\" content=\"\u00c9crit par\" \/>\n\t<meta name=\"twitter:data1\" content=\"Daouda\" \/>\n\t<meta name=\"twitter:label2\" content=\"Dur\u00e9e de lecture estim\u00e9e\" \/>\n\t<meta name=\"twitter:data2\" content=\"4 minutes\" \/>\n<script type=\"application\/ld+json\" class=\"yoast-schema-graph\">{\"@context\":\"https:\/\/schema.org\",\"@graph\":[{\"@type\":\"WebSite\",\"@id\":\"https:\/\/www.nettali.com\/#website\",\"url\":\"https:\/\/www.nettali.com\/\",\"name\":\"Nettali.com\",\"description\":\"Le rendez-vous critique du Net\",\"potentialAction\":[{\"@type\":\"SearchAction\",\"target\":{\"@type\":\"EntryPoint\",\"urlTemplate\":\"https:\/\/www.nettali.com\/?s={search_term_string}\"},\"query-input\":\"required name=search_term_string\"}],\"inLanguage\":\"fr-FR\"},{\"@type\":\"ImageObject\",\"@id\":\"https:\/\/www.nettali.com\/2025\/05\/17\/tiken-jah-fakoly-la-cedeao-nest-plus-credible\/#primaryimage\",\"inLanguage\":\"fr-FR\",\"url\":\"https:\/\/www.nettali.com\/wp-content\/uploads\/2021\/09\/tiken-jah-fakoly-998324-jpg_874019_1250x625.jpeg\",\"contentUrl\":\"https:\/\/www.nettali.com\/wp-content\/uploads\/2021\/09\/tiken-jah-fakoly-998324-jpg_874019_1250x625.jpeg\",\"width\":1250,\"height\":625},{\"@type\":\"WebPage\",\"@id\":\"https:\/\/www.nettali.com\/2025\/05\/17\/tiken-jah-fakoly-la-cedeao-nest-plus-credible\/#webpage\",\"url\":\"https:\/\/www.nettali.com\/2025\/05\/17\/tiken-jah-fakoly-la-cedeao-nest-plus-credible\/\",\"name\":\"TIKEN JAH FAKOLY : \\\"La CEDEAO n\\u2019est plus cr\\u00e9dible...\\\" | Nettali.com\",\"isPartOf\":{\"@id\":\"https:\/\/www.nettali.com\/#website\"},\"primaryImageOfPage\":{\"@id\":\"https:\/\/www.nettali.com\/2025\/05\/17\/tiken-jah-fakoly-la-cedeao-nest-plus-credible\/#primaryimage\"},\"datePublished\":\"2025-05-17T12:58:32+00:00\",\"dateModified\":\"2025-05-17T13:48:26+00:00\",\"author\":{\"@id\":\"https:\/\/www.nettali.com\/#\/schema\/person\/3317e0bb3aa1da309fbf7b2780901bf4\"},\"breadcrumb\":{\"@id\":\"https:\/\/www.nettali.com\/2025\/05\/17\/tiken-jah-fakoly-la-cedeao-nest-plus-credible\/#breadcrumb\"},\"inLanguage\":\"fr-FR\",\"potentialAction\":[{\"@type\":\"ReadAction\",\"target\":[\"https:\/\/www.nettali.com\/2025\/05\/17\/tiken-jah-fakoly-la-cedeao-nest-plus-credible\/\"]}]},{\"@type\":\"BreadcrumbList\",\"@id\":\"https:\/\/www.nettali.com\/2025\/05\/17\/tiken-jah-fakoly-la-cedeao-nest-plus-credible\/#breadcrumb\",\"itemListElement\":[{\"@type\":\"ListItem\",\"position\":1,\"name\":\"Accueil\",\"item\":\"https:\/\/www.nettali.com\/\"},{\"@type\":\"ListItem\",\"position\":2,\"name\":\"TIKEN JAH FAKOLY : \\\"La CEDEAO n\\u2019est plus cr\\u00e9dible...\\\"\"}]},{\"@type\":\"Person\",\"@id\":\"https:\/\/www.nettali.com\/#\/schema\/person\/3317e0bb3aa1da309fbf7b2780901bf4\",\"name\":\"Daouda\",\"image\":{\"@type\":\"ImageObject\",\"@id\":\"https:\/\/www.nettali.com\/#personlogo\",\"inLanguage\":\"fr-FR\",\"url\":\"https:\/\/secure.gravatar.com\/avatar\/8d143b5a49345098ddcfee1c49c2f47c?s=96&d=mm&r=g\",\"contentUrl\":\"https:\/\/secure.gravatar.com\/avatar\/8d143b5a49345098ddcfee1c49c2f47c?s=96&d=mm&r=g\",\"caption\":\"Daouda\"},\"sameAs\":[\"https:\/\/www.nettali.com\"]}]}<\/script>\n<!-- \/ Yoast SEO Premium plugin. -->","yoast_head_json":{"title":"TIKEN JAH FAKOLY : \"La CEDEAO n\u2019est plus cr\u00e9dible...\" | Nettali.com","robots":{"index":"index","follow":"follow","max-snippet":"max-snippet:-1","max-image-preview":"max-image-preview:large","max-video-preview":"max-video-preview:-1"},"canonical":"https:\/\/www.nettali.com\/2025\/05\/17\/tiken-jah-fakoly-la-cedeao-nest-plus-credible\/","og_locale":"fr_FR","og_type":"article","og_title":"TIKEN JAH FAKOLY : \"La CEDEAO n\u2019est plus cr\u00e9dible...\"","og_description":"NETTALI.COM - La Communaut\u00e9 \u00e9conomique des Etats de l\u2019Afrique de l\u2019Ouest (CEDEAO) doit \u00eatre r\u00e9form\u00e9e avec de nouveaux dirigeants, a estim\u00e9 le chanteur ivoirien Tiken Jah Fakoly pour qui cette organisation sous r\u00e9gionale \"n\u2019est plus cr\u00e9dible\u2019\u2019. \"Il faut le dire, le pr\u00e9ciser, la CEDEAO n\u2019est plus cr\u00e9dible. Je pense qu\u2019il faut r\u00e9former la CEDEAO avec [&hellip;]","og_url":"https:\/\/www.nettali.com\/2025\/05\/17\/tiken-jah-fakoly-la-cedeao-nest-plus-credible\/","og_site_name":"Nettali.com","article_publisher":"https:\/\/www.facebook.com\/nettalicom","article_published_time":"2025-05-17T12:58:32+00:00","article_modified_time":"2025-05-17T13:48:26+00:00","og_image":[{"width":1250,"height":625,"url":"https:\/\/www.nettali.com\/wp-content\/uploads\/2021\/09\/tiken-jah-fakoly-998324-jpg_874019_1250x625.jpeg","type":"image\/jpeg"}],"twitter_card":"summary_large_image","twitter_misc":{"\u00c9crit par":"Daouda","Dur\u00e9e de lecture estim\u00e9e":"4 minutes"},"schema":{"@context":"https:\/\/schema.org","@graph":[{"@type":"WebSite","@id":"https:\/\/www.nettali.com\/#website","url":"https:\/\/www.nettali.com\/","name":"Nettali.com","description":"Le rendez-vous critique du Net","potentialAction":[{"@type":"SearchAction","target":{"@type":"EntryPoint","urlTemplate":"https:\/\/www.nettali.com\/?s={search_term_string}"},"query-input":"required name=search_term_string"}],"inLanguage":"fr-FR"},{"@type":"ImageObject","@id":"https:\/\/www.nettali.com\/2025\/05\/17\/tiken-jah-fakoly-la-cedeao-nest-plus-credible\/#primaryimage","inLanguage":"fr-FR","url":"https:\/\/www.nettali.com\/wp-content\/uploads\/2021\/09\/tiken-jah-fakoly-998324-jpg_874019_1250x625.jpeg","contentUrl":"https:\/\/www.nettali.com\/wp-content\/uploads\/2021\/09\/tiken-jah-fakoly-998324-jpg_874019_1250x625.jpeg","width":1250,"height":625},{"@type":"WebPage","@id":"https:\/\/www.nettali.com\/2025\/05\/17\/tiken-jah-fakoly-la-cedeao-nest-plus-credible\/#webpage","url":"https:\/\/www.nettali.com\/2025\/05\/17\/tiken-jah-fakoly-la-cedeao-nest-plus-credible\/","name":"TIKEN JAH FAKOLY : \"La CEDEAO n\u2019est plus cr\u00e9dible...\" | Nettali.com","isPartOf":{"@id":"https:\/\/www.nettali.com\/#website"},"primaryImageOfPage":{"@id":"https:\/\/www.nettali.com\/2025\/05\/17\/tiken-jah-fakoly-la-cedeao-nest-plus-credible\/#primaryimage"},"datePublished":"2025-05-17T12:58:32+00:00","dateModified":"2025-05-17T13:48:26+00:00","author":{"@id":"https:\/\/www.nettali.com\/#\/schema\/person\/3317e0bb3aa1da309fbf7b2780901bf4"},"breadcrumb":{"@id":"https:\/\/www.nettali.com\/2025\/05\/17\/tiken-jah-fakoly-la-cedeao-nest-plus-credible\/#breadcrumb"},"inLanguage":"fr-FR","potentialAction":[{"@type":"ReadAction","target":["https:\/\/www.nettali.com\/2025\/05\/17\/tiken-jah-fakoly-la-cedeao-nest-plus-credible\/"]}]},{"@type":"BreadcrumbList","@id":"https:\/\/www.nettali.com\/2025\/05\/17\/tiken-jah-fakoly-la-cedeao-nest-plus-credible\/#breadcrumb","itemListElement":[{"@type":"ListItem","position":1,"name":"Accueil","item":"https:\/\/www.nettali.com\/"},{"@type":"ListItem","position":2,"name":"TIKEN JAH FAKOLY : \"La CEDEAO n\u2019est plus cr\u00e9dible...\""}]},{"@type":"Person","@id":"https:\/\/www.nettali.com\/#\/schema\/person\/3317e0bb3aa1da309fbf7b2780901bf4","name":"Daouda","image":{"@type":"ImageObject","@id":"https:\/\/www.nettali.com\/#personlogo","inLanguage":"fr-FR","url":"https:\/\/secure.gravatar.com\/avatar\/8d143b5a49345098ddcfee1c49c2f47c?s=96&d=mm&r=g","contentUrl":"https:\/\/secure.gravatar.com\/avatar\/8d143b5a49345098ddcfee1c49c2f47c?s=96&d=mm&r=g","caption":"Daouda"},"sameAs":["https:\/\/www.nettali.com"]}]}},"_links":{"self":[{"href":"https:\/\/www.nettali.com\/rest\/wp\/v2\/posts\/154320"}],"collection":[{"href":"https:\/\/www.nettali.com\/rest\/wp\/v2\/posts"}],"about":[{"href":"https:\/\/www.nettali.com\/rest\/wp\/v2\/types\/post"}],"author":[{"embeddable":true,"href":"https:\/\/www.nettali.com\/rest\/wp\/v2\/users\/4"}],"replies":[{"embeddable":true,"href":"https:\/\/www.nettali.com\/rest\/wp\/v2\/comments?post=154320"}],"version-history":[{"count":2,"href":"https:\/\/www.nettali.com\/rest\/wp\/v2\/posts\/154320\/revisions"}],"predecessor-version":[{"id":154325,"href":"https:\/\/www.nettali.com\/rest\/wp\/v2\/posts\/154320\/revisions\/154325"}],"wp:featuredmedia":[{"embeddable":true,"href":"https:\/\/www.nettali.com\/rest\/wp\/v2\/media\/71628"}],"wp:attachment":[{"href":"https:\/\/www.nettali.com\/rest\/wp\/v2\/media?parent=154320"}],"wp:term":[{"taxonomy":"category","embeddable":true,"href":"https:\/\/www.nettali.com\/rest\/wp\/v2\/categories?post=154320"},{"taxonomy":"post_tag","embeddable":true,"href":"https:\/\/www.nettali.com\/rest\/wp\/v2\/tags?post=154320"}],"curies":[{"name":"wp","href":"https:\/\/api.w.org\/{rel}","templated":true}]}}