{"id":154304,"date":"2025-05-17T01:09:37","date_gmt":"2025-05-17T01:09:37","guid":{"rendered":"https:\/\/www.nettali.com\/?p=154304"},"modified":"2025-05-19T06:52:52","modified_gmt":"2025-05-19T06:52:52","slug":"sonko-a-ibrahima-traore-je-viens-transmettre-un-message-de-soutien-absolu","status":"publish","type":"post","link":"https:\/\/www.nettali.com\/2025\/05\/17\/sonko-a-ibrahima-traore-je-viens-transmettre-un-message-de-soutien-absolu\/","title":{"rendered":"SONKO \u00c0 IBRAHIMA TRAORE : \"Je viens transmettre un message de soutien absolu\""},"content":{"rendered":"<p><strong>NETTALI.COM -<\/strong> Le Premier ministre Ousmane Sonko a atterri \u00e0 Ouagadougou, capitale du Burkina Faso, ce vendredi 16 mai, renseigne la cellule de communication de la primature.<\/p>\n<p>Lors de son s\u00e9jour de 48 heures, le chef du gouvernement va s'entretenir avec le leader de la transition burkinab\u00e9, le capitaine Ibrahim Traor\u00e9, et son homologue PM du Faso, Jean Emmanuel Ouedraogo.<\/p>\n<p>\u00c0 l'issue des \u00e9changes, le PM a r\u00e9it\u00e9r\u00e9 le soutien du S\u00e9n\u00e9gal au Burkina Faso dans la lutte contre le fl\u00e9au terroriste. \u201c<em>Je viens transmettre un message de soutien absolu au pr\u00e9sident Ibrahim Traor\u00e9, \u00e0 son gouvernement et \u00e0 tout le peuple burkinab\u00e9 dans sa lutte contre le terrorisme et envisager toute possibilit\u00e9 de collaboration et de soutien du S\u00e9n\u00e9gal face \u00e0 cette \u00e9preuve. Il est illusoire de croire que la menace s\u00e9curitaire s'arr\u00eatera aux fronti\u00e8res du Burkina Faso, du Mali ou du Niger. C\u2019est une lutte de toute l\u2019Afrique de l\u2019Ouest<\/em>\u201d.<\/p>\n<p>Selon Sonko, il est n\u00e9cessaire d'\u00eatre aux c\u00f4t\u00e9s du Pays des hommes int\u00e8gres, pour \u00e9viter l'effet boule de neige. \u201c<em>Aucun pays de la sous-r\u00e9gion ne sera \u00e9pargn\u00e9 par cette gangr\u00e8ne, si elle continue de s\u2019\u00e9tendre<\/em>\u201d.<\/p>\n<p>Dans ses propos, le chef du gouvernement s\u00e9n\u00e9galais laisse entendre cette scission, la constitution d'un bloc en Afrique de l'Ouest et au-del\u00e0 reste toujours d'actualit\u00e9, possible. \u201c<em>Le pr\u00e9sident du Faso a r\u00e9it\u00e9r\u00e9 son ouverture et celle du Burkina Faso \u00e0 rester un facteur d\u2019unit\u00e9 africaine, d\u2019unit\u00e9 dans la sous-r\u00e9gion, un facteur d\u2019ouverture dans la collaboration \u00e0 la fois \u00e9conomique et s\u00e9curitaire<\/em>\u201d.<\/p>\n<p>Mais l'un des moments forts de ce voyage se d\u00e9roulera ce samedi. Le Premier ministre s\u00e9n\u00e9galais va participer \u00e0 la c\u00e9r\u00e9monie d\u2019inauguration du mausol\u00e9e de Thomas Sankara et ses douze compagnons.<\/p>\n<p>Par ailleurs, dans l\u2019agenda d\u2019Ousmane Sonko, figurent une rencontre avec la communaut\u00e9 s\u00e9n\u00e9galaise et une interview qu\u2019il devrait accorder \u00e0 la RTB, la t\u00e9l\u00e9vision publique du Burkina Faso.<\/p>\n<p>Rappelons que la d\u00e9l\u00e9gation du Premier ministre est aussi compos\u00e9e des ministres de l\u2019Int\u00e9gration africaine et des Affaires \u00e9trang\u00e8res Yassine Fall, des Forces arm\u00e9es Birame Diop et des Sports Khady Di\u00e8ne.<\/p>\n<div class='share-to-whatsapp-wrapper'><div class='share-on-whsp'>PARTAGER SUR : <\/div><a data-text='SONKO \u00c0 IBRAHIMA TRAORE : \"Je viens transmettre un message de soutien absolu\"' data-link='https:\/\/www.nettali.com\/2025\/05\/17\/sonko-a-ibrahima-traore-je-viens-transmettre-un-message-de-soutien-absolu\/' class='whatsapp-button whatsapp-share'>WhatsApp<\/a><div class='clear '><\/div><\/div>","protected":false},"excerpt":{"rendered":"<p>NETTALI.COM - Le Premier ministre Ousmane Sonko a atterri \u00e0 Ouagadougou, capitale du Burkina Faso, ce vendredi 16 mai, renseigne la cellule de communication de la primature. Lors de son s\u00e9jour de 48 heures, le chef du gouvernement va s'entretenir avec le leader de la transition burkinab\u00e9, le capitaine Ibrahim Traor\u00e9, et son homologue PM [&hellip;]<\/p>\n","protected":false},"author":2,"featured_media":154305,"comment_status":"open","ping_status":"open","sticky":false,"template":"","format":"standard","meta":{"_et_pb_use_builder":"","_et_pb_old_content":""},"categories":[8],"tags":[],"yoast_head":"<!-- This site is optimized with the Yoast SEO Premium plugin v17.8 (Yoast SEO v17.8) - https:\/\/yoast.com\/wordpress\/plugins\/seo\/ -->\n<title>SONKO \u00c0 IBRAHIMA TRAORE : &quot;Je viens transmettre un message de soutien absolu&quot; | Nettali.com<\/title>\n<meta name=\"robots\" content=\"index, follow, max-snippet:-1, max-image-preview:large, max-video-preview:-1\" \/>\n<link rel=\"canonical\" href=\"https:\/\/www.nettali.com\/2025\/05\/17\/sonko-a-ibrahima-traore-je-viens-transmettre-un-message-de-soutien-absolu\/\" \/>\n<meta property=\"og:locale\" content=\"fr_FR\" \/>\n<meta property=\"og:type\" content=\"article\" \/>\n<meta property=\"og:title\" content=\"SONKO \u00c0 IBRAHIMA TRAORE : &quot;Je viens transmettre un message de soutien absolu&quot;\" \/>\n<meta property=\"og:description\" content=\"NETTALI.COM - Le Premier ministre Ousmane Sonko a atterri \u00e0 Ouagadougou, capitale du Burkina Faso, ce vendredi 16 mai, renseigne la cellule de communication de la primature. Lors de son s\u00e9jour de 48 heures, le chef du gouvernement va s&#039;entretenir avec le leader de la transition burkinab\u00e9, le capitaine Ibrahim Traor\u00e9, et son homologue PM [&hellip;]\" \/>\n<meta property=\"og:url\" content=\"https:\/\/www.nettali.com\/2025\/05\/17\/sonko-a-ibrahima-traore-je-viens-transmettre-un-message-de-soutien-absolu\/\" \/>\n<meta property=\"og:site_name\" content=\"Nettali.com\" \/>\n<meta property=\"article:publisher\" content=\"https:\/\/www.facebook.com\/nettalicom\" \/>\n<meta property=\"article:published_time\" content=\"2025-05-17T01:09:37+00:00\" \/>\n<meta property=\"article:modified_time\" content=\"2025-05-19T06:52:52+00:00\" \/>\n<meta property=\"og:image\" content=\"https:\/\/www.nettali.com\/wp-content\/uploads\/2025\/05\/Senegal-Ousmane-Sonko-and-Burkina-Faso-Ibrahim-Traore-News-Central-TV.jpeg\" \/>\n\t<meta property=\"og:image:width\" content=\"1427\" \/>\n\t<meta property=\"og:image:height\" content=\"854\" \/>\n<meta name=\"twitter:card\" content=\"summary_large_image\" \/>\n<meta name=\"twitter:label1\" content=\"\u00c9crit par\" \/>\n\t<meta name=\"twitter:data1\" content=\"CK\" \/>\n\t<meta name=\"twitter:label2\" content=\"Dur\u00e9e de lecture estim\u00e9e\" \/>\n\t<meta name=\"twitter:data2\" content=\"2 minutes\" \/>\n<script type=\"application\/ld+json\" class=\"yoast-schema-graph\">{\"@context\":\"https:\/\/schema.org\",\"@graph\":[{\"@type\":\"WebSite\",\"@id\":\"https:\/\/www.nettali.com\/#website\",\"url\":\"https:\/\/www.nettali.com\/\",\"name\":\"Nettali.com\",\"description\":\"Le rendez-vous critique du Net\",\"potentialAction\":[{\"@type\":\"SearchAction\",\"target\":{\"@type\":\"EntryPoint\",\"urlTemplate\":\"https:\/\/www.nettali.com\/?s={search_term_string}\"},\"query-input\":\"required name=search_term_string\"}],\"inLanguage\":\"fr-FR\"},{\"@type\":\"ImageObject\",\"@id\":\"https:\/\/www.nettali.com\/2025\/05\/17\/sonko-a-ibrahima-traore-je-viens-transmettre-un-message-de-soutien-absolu\/#primaryimage\",\"inLanguage\":\"fr-FR\",\"url\":\"https:\/\/www.nettali.com\/wp-content\/uploads\/2025\/05\/Senegal-Ousmane-Sonko-and-Burkina-Faso-Ibrahim-Traore-News-Central-TV.jpeg\",\"contentUrl\":\"https:\/\/www.nettali.com\/wp-content\/uploads\/2025\/05\/Senegal-Ousmane-Sonko-and-Burkina-Faso-Ibrahim-Traore-News-Central-TV.jpeg\",\"width\":1427,\"height\":854},{\"@type\":\"WebPage\",\"@id\":\"https:\/\/www.nettali.com\/2025\/05\/17\/sonko-a-ibrahima-traore-je-viens-transmettre-un-message-de-soutien-absolu\/#webpage\",\"url\":\"https:\/\/www.nettali.com\/2025\/05\/17\/sonko-a-ibrahima-traore-je-viens-transmettre-un-message-de-soutien-absolu\/\",\"name\":\"SONKO \\u00c0 IBRAHIMA TRAORE : \\\"Je viens transmettre un message de soutien absolu\\\" | Nettali.com\",\"isPartOf\":{\"@id\":\"https:\/\/www.nettali.com\/#website\"},\"primaryImageOfPage\":{\"@id\":\"https:\/\/www.nettali.com\/2025\/05\/17\/sonko-a-ibrahima-traore-je-viens-transmettre-un-message-de-soutien-absolu\/#primaryimage\"},\"datePublished\":\"2025-05-17T01:09:37+00:00\",\"dateModified\":\"2025-05-19T06:52:52+00:00\",\"author\":{\"@id\":\"https:\/\/www.nettali.com\/#\/schema\/person\/d8ac7b7e27ddad43f1c0d2ef090d7f71\"},\"breadcrumb\":{\"@id\":\"https:\/\/www.nettali.com\/2025\/05\/17\/sonko-a-ibrahima-traore-je-viens-transmettre-un-message-de-soutien-absolu\/#breadcrumb\"},\"inLanguage\":\"fr-FR\",\"potentialAction\":[{\"@type\":\"ReadAction\",\"target\":[\"https:\/\/www.nettali.com\/2025\/05\/17\/sonko-a-ibrahima-traore-je-viens-transmettre-un-message-de-soutien-absolu\/\"]}]},{\"@type\":\"BreadcrumbList\",\"@id\":\"https:\/\/www.nettali.com\/2025\/05\/17\/sonko-a-ibrahima-traore-je-viens-transmettre-un-message-de-soutien-absolu\/#breadcrumb\",\"itemListElement\":[{\"@type\":\"ListItem\",\"position\":1,\"name\":\"Accueil\",\"item\":\"https:\/\/www.nettali.com\/\"},{\"@type\":\"ListItem\",\"position\":2,\"name\":\"SONKO \\u00c0 IBRAHIMA TRAORE : \\\"Je viens transmettre un message de soutien absolu\\\"\"}]},{\"@type\":\"Person\",\"@id\":\"https:\/\/www.nettali.com\/#\/schema\/person\/d8ac7b7e27ddad43f1c0d2ef090d7f71\",\"name\":\"CK\",\"image\":{\"@type\":\"ImageObject\",\"@id\":\"https:\/\/www.nettali.com\/#personlogo\",\"inLanguage\":\"fr-FR\",\"url\":\"https:\/\/secure.gravatar.com\/avatar\/1d8d5118b9327d94da7cd4ce7f17fec2?s=96&d=mm&r=g\",\"contentUrl\":\"https:\/\/secure.gravatar.com\/avatar\/1d8d5118b9327d94da7cd4ce7f17fec2?s=96&d=mm&r=g\",\"caption\":\"CK\"},\"sameAs\":[\"https:\/\/www.nettali.com\"]}]}<\/script>\n<!-- \/ Yoast SEO Premium plugin. -->","yoast_head_json":{"title":"SONKO \u00c0 IBRAHIMA TRAORE : \"Je viens transmettre un message de soutien absolu\" | Nettali.com","robots":{"index":"index","follow":"follow","max-snippet":"max-snippet:-1","max-image-preview":"max-image-preview:large","max-video-preview":"max-video-preview:-1"},"canonical":"https:\/\/www.nettali.com\/2025\/05\/17\/sonko-a-ibrahima-traore-je-viens-transmettre-un-message-de-soutien-absolu\/","og_locale":"fr_FR","og_type":"article","og_title":"SONKO \u00c0 IBRAHIMA TRAORE : \"Je viens transmettre un message de soutien absolu\"","og_description":"NETTALI.COM - Le Premier ministre Ousmane Sonko a atterri \u00e0 Ouagadougou, capitale du Burkina Faso, ce vendredi 16 mai, renseigne la cellule de communication de la primature. Lors de son s\u00e9jour de 48 heures, le chef du gouvernement va s'entretenir avec le leader de la transition burkinab\u00e9, le capitaine Ibrahim Traor\u00e9, et son homologue PM [&hellip;]","og_url":"https:\/\/www.nettali.com\/2025\/05\/17\/sonko-a-ibrahima-traore-je-viens-transmettre-un-message-de-soutien-absolu\/","og_site_name":"Nettali.com","article_publisher":"https:\/\/www.facebook.com\/nettalicom","article_published_time":"2025-05-17T01:09:37+00:00","article_modified_time":"2025-05-19T06:52:52+00:00","og_image":[{"width":1427,"height":854,"url":"https:\/\/www.nettali.com\/wp-content\/uploads\/2025\/05\/Senegal-Ousmane-Sonko-and-Burkina-Faso-Ibrahim-Traore-News-Central-TV.jpeg","type":"image\/jpeg"}],"twitter_card":"summary_large_image","twitter_misc":{"\u00c9crit par":"CK","Dur\u00e9e de lecture estim\u00e9e":"2 minutes"},"schema":{"@context":"https:\/\/schema.org","@graph":[{"@type":"WebSite","@id":"https:\/\/www.nettali.com\/#website","url":"https:\/\/www.nettali.com\/","name":"Nettali.com","description":"Le rendez-vous critique du Net","potentialAction":[{"@type":"SearchAction","target":{"@type":"EntryPoint","urlTemplate":"https:\/\/www.nettali.com\/?s={search_term_string}"},"query-input":"required name=search_term_string"}],"inLanguage":"fr-FR"},{"@type":"ImageObject","@id":"https:\/\/www.nettali.com\/2025\/05\/17\/sonko-a-ibrahima-traore-je-viens-transmettre-un-message-de-soutien-absolu\/#primaryimage","inLanguage":"fr-FR","url":"https:\/\/www.nettali.com\/wp-content\/uploads\/2025\/05\/Senegal-Ousmane-Sonko-and-Burkina-Faso-Ibrahim-Traore-News-Central-TV.jpeg","contentUrl":"https:\/\/www.nettali.com\/wp-content\/uploads\/2025\/05\/Senegal-Ousmane-Sonko-and-Burkina-Faso-Ibrahim-Traore-News-Central-TV.jpeg","width":1427,"height":854},{"@type":"WebPage","@id":"https:\/\/www.nettali.com\/2025\/05\/17\/sonko-a-ibrahima-traore-je-viens-transmettre-un-message-de-soutien-absolu\/#webpage","url":"https:\/\/www.nettali.com\/2025\/05\/17\/sonko-a-ibrahima-traore-je-viens-transmettre-un-message-de-soutien-absolu\/","name":"SONKO \u00c0 IBRAHIMA TRAORE : \"Je viens transmettre un message de soutien absolu\" | Nettali.com","isPartOf":{"@id":"https:\/\/www.nettali.com\/#website"},"primaryImageOfPage":{"@id":"https:\/\/www.nettali.com\/2025\/05\/17\/sonko-a-ibrahima-traore-je-viens-transmettre-un-message-de-soutien-absolu\/#primaryimage"},"datePublished":"2025-05-17T01:09:37+00:00","dateModified":"2025-05-19T06:52:52+00:00","author":{"@id":"https:\/\/www.nettali.com\/#\/schema\/person\/d8ac7b7e27ddad43f1c0d2ef090d7f71"},"breadcrumb":{"@id":"https:\/\/www.nettali.com\/2025\/05\/17\/sonko-a-ibrahima-traore-je-viens-transmettre-un-message-de-soutien-absolu\/#breadcrumb"},"inLanguage":"fr-FR","potentialAction":[{"@type":"ReadAction","target":["https:\/\/www.nettali.com\/2025\/05\/17\/sonko-a-ibrahima-traore-je-viens-transmettre-un-message-de-soutien-absolu\/"]}]},{"@type":"BreadcrumbList","@id":"https:\/\/www.nettali.com\/2025\/05\/17\/sonko-a-ibrahima-traore-je-viens-transmettre-un-message-de-soutien-absolu\/#breadcrumb","itemListElement":[{"@type":"ListItem","position":1,"name":"Accueil","item":"https:\/\/www.nettali.com\/"},{"@type":"ListItem","position":2,"name":"SONKO \u00c0 IBRAHIMA TRAORE : \"Je viens transmettre un message de soutien absolu\""}]},{"@type":"Person","@id":"https:\/\/www.nettali.com\/#\/schema\/person\/d8ac7b7e27ddad43f1c0d2ef090d7f71","name":"CK","image":{"@type":"ImageObject","@id":"https:\/\/www.nettali.com\/#personlogo","inLanguage":"fr-FR","url":"https:\/\/secure.gravatar.com\/avatar\/1d8d5118b9327d94da7cd4ce7f17fec2?s=96&d=mm&r=g","contentUrl":"https:\/\/secure.gravatar.com\/avatar\/1d8d5118b9327d94da7cd4ce7f17fec2?s=96&d=mm&r=g","caption":"CK"},"sameAs":["https:\/\/www.nettali.com"]}]}},"_links":{"self":[{"href":"https:\/\/www.nettali.com\/rest\/wp\/v2\/posts\/154304"}],"collection":[{"href":"https:\/\/www.nettali.com\/rest\/wp\/v2\/posts"}],"about":[{"href":"https:\/\/www.nettali.com\/rest\/wp\/v2\/types\/post"}],"author":[{"embeddable":true,"href":"https:\/\/www.nettali.com\/rest\/wp\/v2\/users\/2"}],"replies":[{"embeddable":true,"href":"https:\/\/www.nettali.com\/rest\/wp\/v2\/comments?post=154304"}],"version-history":[{"count":2,"href":"https:\/\/www.nettali.com\/rest\/wp\/v2\/posts\/154304\/revisions"}],"predecessor-version":[{"id":154327,"href":"https:\/\/www.nettali.com\/rest\/wp\/v2\/posts\/154304\/revisions\/154327"}],"wp:featuredmedia":[{"embeddable":true,"href":"https:\/\/www.nettali.com\/rest\/wp\/v2\/media\/154305"}],"wp:attachment":[{"href":"https:\/\/www.nettali.com\/rest\/wp\/v2\/media?parent=154304"}],"wp:term":[{"taxonomy":"category","embeddable":true,"href":"https:\/\/www.nettali.com\/rest\/wp\/v2\/categories?post=154304"},{"taxonomy":"post_tag","embeddable":true,"href":"https:\/\/www.nettali.com\/rest\/wp\/v2\/tags?post=154304"}],"curies":[{"name":"wp","href":"https:\/\/api.w.org\/{rel}","templated":true}]}}