{"id":154299,"date":"2025-05-16T23:51:12","date_gmt":"2025-05-16T23:51:12","guid":{"rendered":"https:\/\/www.nettali.com\/?p=154299"},"modified":"2025-05-16T22:51:55","modified_gmt":"2025-05-16T22:51:55","slug":"service-public-olivier-boucal-sengage-pour-une-administration-de-qualite","status":"publish","type":"post","link":"https:\/\/www.nettali.com\/2025\/05\/16\/service-public-olivier-boucal-sengage-pour-une-administration-de-qualite\/","title":{"rendered":"SERVICE PUBLIC - Olivier Boucal s'engage pour une administration de qualit\u00e9"},"content":{"rendered":"<p><strong>NETTALI.COM - Le ministre de la fonction publique et de la r\u00e9forme du service public a pr\u00e9sid\u00e9 ce vendredi 16 mai \u00e0 la cl\u00f4ture des journ\u00e9es de concertations nationales pour la r\u00e9forme du service public. Avec cette initiative qui vise \u00e0 faire un diagnostic profond du service public et de repanser les m\u00e9thodes et modes de gouvernance des affaires publiques, Olivier Boucal veut r\u00e9concilier les S\u00e9n\u00e9galais avec leur administration.<\/strong><\/p>\n<p>Ministre de la Fonction publique et de la R\u00e9forme du Service public, Oliver Boucal<br \/>\nlance un cri d'alarme : l'administration s\u00e9n\u00e9galaise est critiqu\u00e9e pour sa distance, son inefficacit\u00e9 et son encrassement par la corruption. Ainsi, il plaide pour une transformation radicale du service public afin de satisfaire les exigences des citoyens, longtemps n\u00e9glig\u00e9s. \"<em>On ne proc\u00e8de pas \u00e0 la r\u00e9forme de l'administration pour son propre compte, mais pour le b\u00e9n\u00e9fice du citoyen<\/em>\", a-t-il soulign\u00e9, mettant en exergue la n\u00e9cessit\u00e9 urgente d'une transformation structurelle et culturelle au sein de l'appareil gouvernemental.<\/p>\n<p>\"<em>Cette journ\u00e9e, qui marque la derni\u00e8re \u00e9tape de la phase th\u00e9matique des concertations, s\u2019inscrit dans une dynamique nationale initi\u00e9e par Son Excellence Monsieur le Premier Ministre, qui m\u2019a instruit, par lettre n\u00b03199\/PM\/CAB\/CT\/GOUV.DEC du 18 octobre 2024, d\u2019organiser, dans les meilleurs d\u00e9lais, des concertations nationales afin de repenser nos m\u00e9thodes de gestion publique et nos modes de gouvernance, au service de l\u2019usager-citoyen<\/em>\", a laiss\u00e9 entendre le ministre de la Fonction publique.<\/p>\n<p>\"<em>Ce cinqui\u00e8me atelier vise donc \u00e0 produire des recommandations op\u00e9rationnelles capables de structurer un cadrage de gouvernance solide, durable et responsable pour conduire \u00e0 l\u2019agenda de la r\u00e9forme<\/em>\", a-t-il dit, vendredi, lors de la c\u00e9r\u00e9monie de cl\u00f4ture des ateliers de concertations th\u00e9matiques sur la r\u00e9forme du service public.<\/p>\n<p>Olivier Boucal dit \u00eatre \"<em>particuli\u00e8rement heureux<\/em>\" de constater que cette r\u00e9flexion strat\u00e9gique intervient au moment m\u00eame o\u00f9, lors du Conseil des ministres du 14 mai 2025, le Premier ministre avait rappel\u00e9 que \"<em>l\u2019administration publique constitue le principal levier de mise en \u0153uvre de la vision S\u00e9n\u00e9gal 2050<\/em>\".<\/p>\n<p>Il soutient \u00e0 cet \u00e9gard que <em>\"sa transformation et sa modernisation sont donc essentielles pour un service public performant et inclusif<\/em>\".<\/p>\n<p>Olivier Boucal a soulign\u00e9 \u00e0 ce propos que \"<em>le pilotage strat\u00e9gique est la boussole qui oriente la r\u00e9forme et en garantit l\u2019efficacit\u00e9\".<\/em>\u00a0Il s\u2019agit selon le ministre \"<em>d\u2019articuler vision, planification, coordination interinstitutionnelle, mobilisation des ressources et culture du r\u00e9sultat<\/em>\". Non sans rappeller que la \"<em>r\u00e9forme du Service public ne saurait \u00eatre une simple affaire de textes ou de proc\u00e9dures. Elle doit \u00eatre une volont\u00e9 collective, une responsabilit\u00e9 partag\u00e9e, un engagement concret envers nos concitoyens<\/em>.\"<\/p>\n<p>A rappeler que les concertations nationales pour la R\u00e9forme du Service public ont \u00e9t\u00e9 lanc\u00e9es le 23 janvier 2025, Mus\u00e9e des Civilisations Noires.<\/p>\n<p>La premi\u00e8re phase, dite r\u00e9gionale, s\u2019est tenue du 24 f\u00e9vrier au 5 mars 2025 dans les 14 r\u00e9gions du S\u00e9n\u00e9gal, sous la coordination des gouverneurs de r\u00e9gion. La deuxi\u00e8me phase, dite th\u00e9matique, a d\u00e9marr\u00e9 le 12 mai 2025 et ce vendredi 16 mai a \u00e9t\u00e9 le dernier atelier. Cette deuxi\u00e8me phase a permis, \u00e0 travers cinq ateliers, d\u2019approfondir les probl\u00e9matiques majeures de transformation de l\u2019administration s\u00e9n\u00e9galaise, notamment la qualit\u00e9 du service public et la participation citoyenne, la gestion des ressources humaines, la modernisation organisationnelle et num\u00e9rique, la transparence, le contr\u00f4le et la lutte contre la corruption.<\/p>\n<div class='share-to-whatsapp-wrapper'><div class='share-on-whsp'>PARTAGER SUR : <\/div><a data-text='SERVICE PUBLIC - Olivier Boucal s'engage pour une administration de qualit\u00e9' data-link='https:\/\/www.nettali.com\/2025\/05\/16\/service-public-olivier-boucal-sengage-pour-une-administration-de-qualite\/' class='whatsapp-button whatsapp-share'>WhatsApp<\/a><div class='clear '><\/div><\/div>","protected":false},"excerpt":{"rendered":"<p>NETTALI.COM - Le ministre de la fonction publique et de la r\u00e9forme du service public a pr\u00e9sid\u00e9 ce vendredi 16 mai \u00e0 la cl\u00f4ture des journ\u00e9es de concertations nationales pour la r\u00e9forme du service public. Avec cette initiative qui vise \u00e0 faire un diagnostic profond du service public et de repanser les m\u00e9thodes et modes [&hellip;]<\/p>\n","protected":false},"author":5,"featured_media":154293,"comment_status":"open","ping_status":"open","sticky":false,"template":"","format":"standard","meta":{"_et_pb_use_builder":"","_et_pb_old_content":""},"categories":[3],"tags":[],"yoast_head":"<!-- This site is optimized with the Yoast SEO Premium plugin v17.8 (Yoast SEO v17.8) - https:\/\/yoast.com\/wordpress\/plugins\/seo\/ -->\n<title>SERVICE PUBLIC - Olivier Boucal s&#039;engage pour une administration de qualit\u00e9 | Nettali.com<\/title>\n<meta name=\"robots\" content=\"index, follow, max-snippet:-1, max-image-preview:large, max-video-preview:-1\" \/>\n<link rel=\"canonical\" href=\"https:\/\/www.nettali.com\/2025\/05\/16\/service-public-olivier-boucal-sengage-pour-une-administration-de-qualite\/\" \/>\n<meta property=\"og:locale\" content=\"fr_FR\" \/>\n<meta property=\"og:type\" content=\"article\" \/>\n<meta property=\"og:title\" content=\"SERVICE PUBLIC - Olivier Boucal s&#039;engage pour une administration de qualit\u00e9\" \/>\n<meta property=\"og:description\" content=\"NETTALI.COM - Le ministre de la fonction publique et de la r\u00e9forme du service public a pr\u00e9sid\u00e9 ce vendredi 16 mai \u00e0 la cl\u00f4ture des journ\u00e9es de concertations nationales pour la r\u00e9forme du service public. Avec cette initiative qui vise \u00e0 faire un diagnostic profond du service public et de repanser les m\u00e9thodes et modes [&hellip;]\" \/>\n<meta property=\"og:url\" content=\"https:\/\/www.nettali.com\/2025\/05\/16\/service-public-olivier-boucal-sengage-pour-une-administration-de-qualite\/\" \/>\n<meta property=\"og:site_name\" content=\"Nettali.com\" \/>\n<meta property=\"article:publisher\" content=\"https:\/\/www.facebook.com\/nettalicom\" \/>\n<meta property=\"article:published_time\" content=\"2025-05-16T23:51:12+00:00\" \/>\n<meta property=\"article:modified_time\" content=\"2025-05-16T22:51:55+00:00\" \/>\n<meta property=\"og:image\" content=\"https:\/\/www.nettali.com\/wp-content\/uploads\/2025\/05\/Screenshot_20250516_202824_Gallery.jpg\" \/>\n\t<meta property=\"og:image:width\" content=\"892\" \/>\n\t<meta property=\"og:image:height\" content=\"543\" \/>\n<meta name=\"twitter:card\" content=\"summary_large_image\" \/>\n<meta name=\"twitter:label1\" content=\"\u00c9crit par\" \/>\n\t<meta name=\"twitter:data1\" content=\"Ibrahima\" \/>\n\t<meta name=\"twitter:label2\" content=\"Dur\u00e9e de lecture estim\u00e9e\" \/>\n\t<meta name=\"twitter:data2\" content=\"3 minutes\" \/>\n<script type=\"application\/ld+json\" class=\"yoast-schema-graph\">{\"@context\":\"https:\/\/schema.org\",\"@graph\":[{\"@type\":\"WebSite\",\"@id\":\"https:\/\/www.nettali.com\/#website\",\"url\":\"https:\/\/www.nettali.com\/\",\"name\":\"Nettali.com\",\"description\":\"Le rendez-vous critique du Net\",\"potentialAction\":[{\"@type\":\"SearchAction\",\"target\":{\"@type\":\"EntryPoint\",\"urlTemplate\":\"https:\/\/www.nettali.com\/?s={search_term_string}\"},\"query-input\":\"required name=search_term_string\"}],\"inLanguage\":\"fr-FR\"},{\"@type\":\"ImageObject\",\"@id\":\"https:\/\/www.nettali.com\/2025\/05\/16\/service-public-olivier-boucal-sengage-pour-une-administration-de-qualite\/#primaryimage\",\"inLanguage\":\"fr-FR\",\"url\":\"https:\/\/www.nettali.com\/wp-content\/uploads\/2025\/05\/Screenshot_20250516_202824_Gallery.jpg\",\"contentUrl\":\"https:\/\/www.nettali.com\/wp-content\/uploads\/2025\/05\/Screenshot_20250516_202824_Gallery.jpg\",\"width\":892,\"height\":543},{\"@type\":\"WebPage\",\"@id\":\"https:\/\/www.nettali.com\/2025\/05\/16\/service-public-olivier-boucal-sengage-pour-une-administration-de-qualite\/#webpage\",\"url\":\"https:\/\/www.nettali.com\/2025\/05\/16\/service-public-olivier-boucal-sengage-pour-une-administration-de-qualite\/\",\"name\":\"SERVICE PUBLIC - Olivier Boucal s'engage pour une administration de qualit\\u00e9 | Nettali.com\",\"isPartOf\":{\"@id\":\"https:\/\/www.nettali.com\/#website\"},\"primaryImageOfPage\":{\"@id\":\"https:\/\/www.nettali.com\/2025\/05\/16\/service-public-olivier-boucal-sengage-pour-une-administration-de-qualite\/#primaryimage\"},\"datePublished\":\"2025-05-16T23:51:12+00:00\",\"dateModified\":\"2025-05-16T22:51:55+00:00\",\"author\":{\"@id\":\"https:\/\/www.nettali.com\/#\/schema\/person\/bb147657c2986240405a608162b9bb23\"},\"breadcrumb\":{\"@id\":\"https:\/\/www.nettali.com\/2025\/05\/16\/service-public-olivier-boucal-sengage-pour-une-administration-de-qualite\/#breadcrumb\"},\"inLanguage\":\"fr-FR\",\"potentialAction\":[{\"@type\":\"ReadAction\",\"target\":[\"https:\/\/www.nettali.com\/2025\/05\/16\/service-public-olivier-boucal-sengage-pour-une-administration-de-qualite\/\"]}]},{\"@type\":\"BreadcrumbList\",\"@id\":\"https:\/\/www.nettali.com\/2025\/05\/16\/service-public-olivier-boucal-sengage-pour-une-administration-de-qualite\/#breadcrumb\",\"itemListElement\":[{\"@type\":\"ListItem\",\"position\":1,\"name\":\"Accueil\",\"item\":\"https:\/\/www.nettali.com\/\"},{\"@type\":\"ListItem\",\"position\":2,\"name\":\"SERVICE PUBLIC - Olivier Boucal s'engage pour une administration de qualit\\u00e9\"}]},{\"@type\":\"Person\",\"@id\":\"https:\/\/www.nettali.com\/#\/schema\/person\/bb147657c2986240405a608162b9bb23\",\"name\":\"Ibrahima\",\"image\":{\"@type\":\"ImageObject\",\"@id\":\"https:\/\/www.nettali.com\/#personlogo\",\"inLanguage\":\"fr-FR\",\"url\":\"https:\/\/secure.gravatar.com\/avatar\/26a8a81f09f0dd7624c9d5c36c9ba3a2?s=96&d=mm&r=g\",\"contentUrl\":\"https:\/\/secure.gravatar.com\/avatar\/26a8a81f09f0dd7624c9d5c36c9ba3a2?s=96&d=mm&r=g\",\"caption\":\"Ibrahima\"},\"sameAs\":[\"https:\/\/www.nettali.com\"]}]}<\/script>\n<!-- \/ Yoast SEO Premium plugin. -->","yoast_head_json":{"title":"SERVICE PUBLIC - Olivier Boucal s'engage pour une administration de qualit\u00e9 | Nettali.com","robots":{"index":"index","follow":"follow","max-snippet":"max-snippet:-1","max-image-preview":"max-image-preview:large","max-video-preview":"max-video-preview:-1"},"canonical":"https:\/\/www.nettali.com\/2025\/05\/16\/service-public-olivier-boucal-sengage-pour-une-administration-de-qualite\/","og_locale":"fr_FR","og_type":"article","og_title":"SERVICE PUBLIC - Olivier Boucal s'engage pour une administration de qualit\u00e9","og_description":"NETTALI.COM - Le ministre de la fonction publique et de la r\u00e9forme du service public a pr\u00e9sid\u00e9 ce vendredi 16 mai \u00e0 la cl\u00f4ture des journ\u00e9es de concertations nationales pour la r\u00e9forme du service public. Avec cette initiative qui vise \u00e0 faire un diagnostic profond du service public et de repanser les m\u00e9thodes et modes [&hellip;]","og_url":"https:\/\/www.nettali.com\/2025\/05\/16\/service-public-olivier-boucal-sengage-pour-une-administration-de-qualite\/","og_site_name":"Nettali.com","article_publisher":"https:\/\/www.facebook.com\/nettalicom","article_published_time":"2025-05-16T23:51:12+00:00","article_modified_time":"2025-05-16T22:51:55+00:00","og_image":[{"width":892,"height":543,"url":"https:\/\/www.nettali.com\/wp-content\/uploads\/2025\/05\/Screenshot_20250516_202824_Gallery.jpg","type":"image\/jpeg"}],"twitter_card":"summary_large_image","twitter_misc":{"\u00c9crit par":"Ibrahima","Dur\u00e9e de lecture estim\u00e9e":"3 minutes"},"schema":{"@context":"https:\/\/schema.org","@graph":[{"@type":"WebSite","@id":"https:\/\/www.nettali.com\/#website","url":"https:\/\/www.nettali.com\/","name":"Nettali.com","description":"Le rendez-vous critique du Net","potentialAction":[{"@type":"SearchAction","target":{"@type":"EntryPoint","urlTemplate":"https:\/\/www.nettali.com\/?s={search_term_string}"},"query-input":"required name=search_term_string"}],"inLanguage":"fr-FR"},{"@type":"ImageObject","@id":"https:\/\/www.nettali.com\/2025\/05\/16\/service-public-olivier-boucal-sengage-pour-une-administration-de-qualite\/#primaryimage","inLanguage":"fr-FR","url":"https:\/\/www.nettali.com\/wp-content\/uploads\/2025\/05\/Screenshot_20250516_202824_Gallery.jpg","contentUrl":"https:\/\/www.nettali.com\/wp-content\/uploads\/2025\/05\/Screenshot_20250516_202824_Gallery.jpg","width":892,"height":543},{"@type":"WebPage","@id":"https:\/\/www.nettali.com\/2025\/05\/16\/service-public-olivier-boucal-sengage-pour-une-administration-de-qualite\/#webpage","url":"https:\/\/www.nettali.com\/2025\/05\/16\/service-public-olivier-boucal-sengage-pour-une-administration-de-qualite\/","name":"SERVICE PUBLIC - Olivier Boucal s'engage pour une administration de qualit\u00e9 | Nettali.com","isPartOf":{"@id":"https:\/\/www.nettali.com\/#website"},"primaryImageOfPage":{"@id":"https:\/\/www.nettali.com\/2025\/05\/16\/service-public-olivier-boucal-sengage-pour-une-administration-de-qualite\/#primaryimage"},"datePublished":"2025-05-16T23:51:12+00:00","dateModified":"2025-05-16T22:51:55+00:00","author":{"@id":"https:\/\/www.nettali.com\/#\/schema\/person\/bb147657c2986240405a608162b9bb23"},"breadcrumb":{"@id":"https:\/\/www.nettali.com\/2025\/05\/16\/service-public-olivier-boucal-sengage-pour-une-administration-de-qualite\/#breadcrumb"},"inLanguage":"fr-FR","potentialAction":[{"@type":"ReadAction","target":["https:\/\/www.nettali.com\/2025\/05\/16\/service-public-olivier-boucal-sengage-pour-une-administration-de-qualite\/"]}]},{"@type":"BreadcrumbList","@id":"https:\/\/www.nettali.com\/2025\/05\/16\/service-public-olivier-boucal-sengage-pour-une-administration-de-qualite\/#breadcrumb","itemListElement":[{"@type":"ListItem","position":1,"name":"Accueil","item":"https:\/\/www.nettali.com\/"},{"@type":"ListItem","position":2,"name":"SERVICE PUBLIC - Olivier Boucal s'engage pour une administration de qualit\u00e9"}]},{"@type":"Person","@id":"https:\/\/www.nettali.com\/#\/schema\/person\/bb147657c2986240405a608162b9bb23","name":"Ibrahima","image":{"@type":"ImageObject","@id":"https:\/\/www.nettali.com\/#personlogo","inLanguage":"fr-FR","url":"https:\/\/secure.gravatar.com\/avatar\/26a8a81f09f0dd7624c9d5c36c9ba3a2?s=96&d=mm&r=g","contentUrl":"https:\/\/secure.gravatar.com\/avatar\/26a8a81f09f0dd7624c9d5c36c9ba3a2?s=96&d=mm&r=g","caption":"Ibrahima"},"sameAs":["https:\/\/www.nettali.com"]}]}},"_links":{"self":[{"href":"https:\/\/www.nettali.com\/rest\/wp\/v2\/posts\/154299"}],"collection":[{"href":"https:\/\/www.nettali.com\/rest\/wp\/v2\/posts"}],"about":[{"href":"https:\/\/www.nettali.com\/rest\/wp\/v2\/types\/post"}],"author":[{"embeddable":true,"href":"https:\/\/www.nettali.com\/rest\/wp\/v2\/users\/5"}],"replies":[{"embeddable":true,"href":"https:\/\/www.nettali.com\/rest\/wp\/v2\/comments?post=154299"}],"version-history":[{"count":1,"href":"https:\/\/www.nettali.com\/rest\/wp\/v2\/posts\/154299\/revisions"}],"predecessor-version":[{"id":154300,"href":"https:\/\/www.nettali.com\/rest\/wp\/v2\/posts\/154299\/revisions\/154300"}],"wp:featuredmedia":[{"embeddable":true,"href":"https:\/\/www.nettali.com\/rest\/wp\/v2\/media\/154293"}],"wp:attachment":[{"href":"https:\/\/www.nettali.com\/rest\/wp\/v2\/media?parent=154299"}],"wp:term":[{"taxonomy":"category","embeddable":true,"href":"https:\/\/www.nettali.com\/rest\/wp\/v2\/categories?post=154299"},{"taxonomy":"post_tag","embeddable":true,"href":"https:\/\/www.nettali.com\/rest\/wp\/v2\/tags?post=154299"}],"curies":[{"name":"wp","href":"https:\/\/api.w.org\/{rel}","templated":true}]}}