{"id":154297,"date":"2025-05-17T01:02:11","date_gmt":"2025-05-17T01:02:11","guid":{"rendered":"https:\/\/www.nettali.com\/?p=154297"},"modified":"2025-05-17T22:54:55","modified_gmt":"2025-05-17T22:54:55","slug":"lapr-sur-laffaire-azura-fall-le-soutien-personnel-dousmane-sonko-a-un-insulteur-notoire-a-confirme-sa-nature-de","status":"publish","type":"post","link":"https:\/\/www.nettali.com\/2025\/05\/17\/lapr-sur-laffaire-azura-fall-le-soutien-personnel-dousmane-sonko-a-un-insulteur-notoire-a-confirme-sa-nature-de\/","title":{"rendered":"L\u2019APR SUR L\u2019AFFAIRE AZURA FALL \u2013  \"Le soutien personnel d'Ousmane Sonko \u00e0 un insulteur notoire, a confirm\u00e9 sa nature de...\""},"content":{"rendered":"<p><strong>NETTALI.COM - Lors de sa r\u00e9union de ce jeudi 15 mai 2025, le Secr\u00e9tariat ex\u00e9cutif national (SEN) de l'Alliance pour la R\u00e9publique (APR) s\u2019est prononc\u00e9 sur l\u2019affaire Azura. Elle d\u00e9nonce surtout la visite de Ousmane Sonko \u00e0 l\u2019influenceur \u00ab past\u00e9fien \u00bb, \u00e0 la veille du proc\u00e8s de celui-ci. L\u2019ex-parti au pouvoir fustige \u00e9galement les poursuites lanc\u00e9es contre d\u2019anciens dignitaires du r\u00e9gime.<\/strong><\/p>\n<p>Le Secr\u00e9tariat ex\u00e9cutif national (SEN) de l'Alliance pour la R\u00e9publique (APR) est dans tous ses \u00e9tats apr\u00e8s les propos d\u00e9sobligeants tenus \u00e0 l\u2019endroit de Macky Sall par l\u2019influenceur Azura Fall.<\/p>\n<p>Dans un communiqu\u00e9, les \u00ab ap\u00e9ristes \u00bb condamnent \u00a0\u00ab <em>les propos graves et outranciers port\u00e9s \u00e0 l'encontre du Pr\u00e9sident Macky Sall, de sa famille, de ses responsables par des proches du Premier ministre<\/em> \u00bb.<\/p>\n<p>Ils fustigent \u00e9galement la visite rendue par Ousmane Sonko \u00e0 Azura Fall. Selon eux, \u00ab <em>ce soutien personnel d'Ousmane Sonko \u00e0\u00a0 un insulteur notoire, en plus d'avoir \u00e9t\u00e9 une pression sur les juges \u00e0 la veille d'un proc\u00e8s, a confirm\u00e9 sa nature de sponsor leader de la meute d'insulteurs publics du Pastef<\/em> \u00bb.<\/p>\n<p>\u00ab <em>Ce fait in\u00e9dit dans l'histoire du S\u00e9n\u00e9gal, qui nuit gravement \u00e0 la stabilit\u00e9 nationale et \u00e0 l'instauration d'un climat sain dans l'espace public, rejoint l'usage du terme grossier de \u2018\u2019r\u00e9sidu\u2019\u2019 \u00e0 l'endroit de l'opposition<\/em> \u00bb, soutiennent-ils. Avant d\u2019ajouter que \u00ab <em>tous ces actes pos\u00e9s par le pouvoir confirment que le dialogue politique auquel il convie l'opposition, n'est ni sinc\u00e8re, ni honn\u00eate, mais qu'il rel\u00e8ve plut\u00f4t de la ruse politicienne et de la volont\u00e9 de validation de d\u00e9cisions d\u00e9j\u00e0 arr\u00eat\u00e9es<\/em> \u00bb.<\/p>\n<p>Ainsi tout en rappelant son ancrage dans l'opposition, notamment au sein du FDR, et son respect de la souverainet\u00e9 de chaque parti politique, l\u2019Apr r\u00e9it\u00e8re sa position de ne pas prendre part au dialogue du 28 mai prochain.<\/p>\n<p>Par ailleurs, le SEN exprime son inqui\u00e9tude relative \u00e0 \u00ab <em>la recrudescence des attaques arm\u00e9es en Casamance, dont la derni\u00e8re est le braquage d'un convoi de collecteurs de noix de cajou dans la commune de Boutoupa Camaracounda<\/em> \u00bb.<\/p>\n<p>\u00c0 ce titre, il rappelle qu'en douze ans, le pr\u00e9sident Macky Sall a mis en place des \u00ab p<em>olitiques ambitieuses aux plans s\u00e9curitaire et \u00e9conomique, qui ont permis le d\u00e9senclavement et le retour de la paix en Casamance<\/em> \u00bb.<\/p>\n<p>\u00ab <em>Il \u00e9tait attendu du r\u00e9gime actuel des efforts en vue de clore d\u00e9finitivement le chapitre de la violence et de parachever l'unit\u00e9 nationale<\/em> \u00bb, ajoutent les partisans de Macky Sall..<\/p>\n<p>Dans le m\u00eame ordre d\u2019id\u00e9es, ils expriment leur soutien au \u00ab <em>vaillant Jambaar<\/em> \u00bb port\u00e9 disparu depuis le 26 avril dernier et pr\u00e9sum\u00e9 d\u00e9tenu par le MFDC.<\/p>\n<p>Tout en saluant les efforts de l'arm\u00e9e pour retrouver ce compatriote officier, le SEN exige du gouvernement \u00ab <em>une attention plus accrue \u00e0 la question cruciale de la Casamance, loin des slogans et des exercices de communication<\/em> \u00bb.<\/p>\n<p>Abordant l\u2019incarc\u00e9ration de Farba Ngom, de Lat Diop et Abdoulaye Ndiaye, les aperiste exigent la lib\u00e9ration de ces \u00ab d\u00e9tenus politiques \u00bb. Selon eux, il s\u2019agit \u00ab <em>d\u2019otages du r\u00e9gime et victimes d'un odieux r\u00e8glement de compte d'un r\u00e9gime qui fait de la pers\u00e9cution son programme de gouvernement<\/em> \u00bb.<\/p>\n<p>Dans la m\u00eame dynamique, l\u2019Apr apporte son soutien aux anciens ministres, Amadou Mansour Faye, Ismaila Madior Fall, Salimata Diop, Aissatou Sophie Gladima et Moustapha Diop. Pour l\u2019ex-parti au pouvoir, la mise en accusation de ces derniers en vue de leur traduction devant la Haute Cour de Justice constitue \u00ab\u00a0<em>une agression du r\u00e9gime contre l'\u00c9tat de droit et d'une volont\u00e9 d'acharnement et de r\u00e8glement de comptes<\/em>\u00a0\u00bb.<\/p>\n<p>Au demeurant, l\u2019ex-parti au pouvoir exprime sa vive pr\u00e9occupation \u00ab\u00a0<em>aux atteintes graves aux libert\u00e9s d'expression et d'association au Mali\u00a0<\/em>\u00bb. Il appelle \u00ab<em>\u00a0\u00e0 la garantie des droits fondamentaux qui r\u00e9gissent les soci\u00e9t\u00e9s d\u00e9mocratiques et sans lesquels nul progr\u00e8s \u00e9conomique et social ne saurait \u00eatre possible<\/em> \u00bb.<\/p>\n<p>Abordant la conf\u00e9rence de l'Union africaine sur la dette des pays africains tenue \u00e0 Lom\u00e9, l\u2019Apr regrette \u00ab<em> la faible participation du S\u00e9n\u00e9gal \u00e0 cet important \u00e9v\u00e9nement alors que le pays, gr\u00e2ce au leadership du pr\u00e9sident Macky Sall, porte depuis plusieurs ann\u00e9es ce sujet sur la sc\u00e8ne internationale avec constance, brio et efficacit\u00e9<\/em> \u00bb.<\/p>\n<div class='share-to-whatsapp-wrapper'><div class='share-on-whsp'>PARTAGER SUR : <\/div><a data-text='L\u2019APR SUR L\u2019AFFAIRE AZURA FALL \u2013  \"Le soutien personnel d'Ousmane Sonko \u00e0 un insulteur notoire, a confirm\u00e9 sa nature de...\"' data-link='https:\/\/www.nettali.com\/2025\/05\/17\/lapr-sur-laffaire-azura-fall-le-soutien-personnel-dousmane-sonko-a-un-insulteur-notoire-a-confirme-sa-nature-de\/' class='whatsapp-button whatsapp-share'>WhatsApp<\/a><div class='clear '><\/div><\/div>","protected":false},"excerpt":{"rendered":"<p>NETTALI.COM - Lors de sa r\u00e9union de ce jeudi 15 mai 2025, le Secr\u00e9tariat ex\u00e9cutif national (SEN) de l'Alliance pour la R\u00e9publique (APR) s\u2019est prononc\u00e9 sur l\u2019affaire Azura. Elle d\u00e9nonce surtout la visite de Ousmane Sonko \u00e0 l\u2019influenceur \u00ab past\u00e9fien \u00bb, \u00e0 la veille du proc\u00e8s de celui-ci. L\u2019ex-parti au pouvoir fustige \u00e9galement les poursuites [&hellip;]<\/p>\n","protected":false},"author":6,"featured_media":142278,"comment_status":"open","ping_status":"open","sticky":false,"template":"","format":"standard","meta":{"_et_pb_use_builder":"","_et_pb_old_content":""},"categories":[2],"tags":[],"yoast_head":"<!-- This site is optimized with the Yoast SEO Premium plugin v17.8 (Yoast SEO v17.8) - https:\/\/yoast.com\/wordpress\/plugins\/seo\/ -->\n<title>L\u2019APR SUR L\u2019AFFAIRE AZURA FALL \u2013 &quot;Le soutien personnel d&#039;Ousmane Sonko \u00e0 un insulteur notoire, a confirm\u00e9 sa nature de...&quot; | Nettali.com<\/title>\n<meta name=\"robots\" content=\"index, follow, max-snippet:-1, max-image-preview:large, max-video-preview:-1\" \/>\n<link rel=\"canonical\" href=\"https:\/\/www.nettali.com\/2025\/05\/17\/lapr-sur-laffaire-azura-fall-le-soutien-personnel-dousmane-sonko-a-un-insulteur-notoire-a-confirme-sa-nature-de\/\" \/>\n<meta property=\"og:locale\" content=\"fr_FR\" \/>\n<meta property=\"og:type\" content=\"article\" \/>\n<meta property=\"og:title\" content=\"L\u2019APR SUR L\u2019AFFAIRE AZURA FALL \u2013 &quot;Le soutien personnel d&#039;Ousmane Sonko \u00e0 un insulteur notoire, a confirm\u00e9 sa nature de...&quot;\" \/>\n<meta property=\"og:description\" content=\"NETTALI.COM - Lors de sa r\u00e9union de ce jeudi 15 mai 2025, le Secr\u00e9tariat ex\u00e9cutif national (SEN) de l&#039;Alliance pour la R\u00e9publique (APR) s\u2019est prononc\u00e9 sur l\u2019affaire Azura. Elle d\u00e9nonce surtout la visite de Ousmane Sonko \u00e0 l\u2019influenceur \u00ab past\u00e9fien \u00bb, \u00e0 la veille du proc\u00e8s de celui-ci. L\u2019ex-parti au pouvoir fustige \u00e9galement les poursuites [&hellip;]\" \/>\n<meta property=\"og:url\" content=\"https:\/\/www.nettali.com\/2025\/05\/17\/lapr-sur-laffaire-azura-fall-le-soutien-personnel-dousmane-sonko-a-un-insulteur-notoire-a-confirme-sa-nature-de\/\" \/>\n<meta property=\"og:site_name\" content=\"Nettali.com\" \/>\n<meta property=\"article:publisher\" content=\"https:\/\/www.facebook.com\/nettalicom\" \/>\n<meta property=\"article:published_time\" content=\"2025-05-17T01:02:11+00:00\" \/>\n<meta property=\"article:modified_time\" content=\"2025-05-17T22:54:55+00:00\" \/>\n<meta property=\"og:image\" content=\"https:\/\/www.nettali.com\/wp-content\/uploads\/2024\/10\/AbdouMbow.jpg\" \/>\n\t<meta property=\"og:image:width\" content=\"1700\" \/>\n\t<meta property=\"og:image:height\" content=\"982\" \/>\n<meta name=\"twitter:card\" content=\"summary_large_image\" \/>\n<meta name=\"twitter:label1\" content=\"\u00c9crit par\" \/>\n\t<meta name=\"twitter:data1\" content=\"Fatou\" \/>\n\t<meta name=\"twitter:label2\" content=\"Dur\u00e9e de lecture estim\u00e9e\" \/>\n\t<meta name=\"twitter:data2\" content=\"4 minutes\" \/>\n<script type=\"application\/ld+json\" class=\"yoast-schema-graph\">{\"@context\":\"https:\/\/schema.org\",\"@graph\":[{\"@type\":\"WebSite\",\"@id\":\"https:\/\/www.nettali.com\/#website\",\"url\":\"https:\/\/www.nettali.com\/\",\"name\":\"Nettali.com\",\"description\":\"Le rendez-vous critique du Net\",\"potentialAction\":[{\"@type\":\"SearchAction\",\"target\":{\"@type\":\"EntryPoint\",\"urlTemplate\":\"https:\/\/www.nettali.com\/?s={search_term_string}\"},\"query-input\":\"required name=search_term_string\"}],\"inLanguage\":\"fr-FR\"},{\"@type\":\"ImageObject\",\"@id\":\"https:\/\/www.nettali.com\/2025\/05\/17\/lapr-sur-laffaire-azura-fall-le-soutien-personnel-dousmane-sonko-a-un-insulteur-notoire-a-confirme-sa-nature-de\/#primaryimage\",\"inLanguage\":\"fr-FR\",\"url\":\"https:\/\/www.nettali.com\/wp-content\/uploads\/2024\/10\/AbdouMbow.jpg\",\"contentUrl\":\"https:\/\/www.nettali.com\/wp-content\/uploads\/2024\/10\/AbdouMbow.jpg\",\"width\":1700,\"height\":982},{\"@type\":\"WebPage\",\"@id\":\"https:\/\/www.nettali.com\/2025\/05\/17\/lapr-sur-laffaire-azura-fall-le-soutien-personnel-dousmane-sonko-a-un-insulteur-notoire-a-confirme-sa-nature-de\/#webpage\",\"url\":\"https:\/\/www.nettali.com\/2025\/05\/17\/lapr-sur-laffaire-azura-fall-le-soutien-personnel-dousmane-sonko-a-un-insulteur-notoire-a-confirme-sa-nature-de\/\",\"name\":\"L\\u2019APR SUR L\\u2019AFFAIRE AZURA FALL \\u2013 \\\"Le soutien personnel d'Ousmane Sonko \\u00e0 un insulteur notoire, a confirm\\u00e9 sa nature de...\\\" | Nettali.com\",\"isPartOf\":{\"@id\":\"https:\/\/www.nettali.com\/#website\"},\"primaryImageOfPage\":{\"@id\":\"https:\/\/www.nettali.com\/2025\/05\/17\/lapr-sur-laffaire-azura-fall-le-soutien-personnel-dousmane-sonko-a-un-insulteur-notoire-a-confirme-sa-nature-de\/#primaryimage\"},\"datePublished\":\"2025-05-17T01:02:11+00:00\",\"dateModified\":\"2025-05-17T22:54:55+00:00\",\"author\":{\"@id\":\"https:\/\/www.nettali.com\/#\/schema\/person\/418274a86bdf87caff7a3ef476bd0bbf\"},\"breadcrumb\":{\"@id\":\"https:\/\/www.nettali.com\/2025\/05\/17\/lapr-sur-laffaire-azura-fall-le-soutien-personnel-dousmane-sonko-a-un-insulteur-notoire-a-confirme-sa-nature-de\/#breadcrumb\"},\"inLanguage\":\"fr-FR\",\"potentialAction\":[{\"@type\":\"ReadAction\",\"target\":[\"https:\/\/www.nettali.com\/2025\/05\/17\/lapr-sur-laffaire-azura-fall-le-soutien-personnel-dousmane-sonko-a-un-insulteur-notoire-a-confirme-sa-nature-de\/\"]}]},{\"@type\":\"BreadcrumbList\",\"@id\":\"https:\/\/www.nettali.com\/2025\/05\/17\/lapr-sur-laffaire-azura-fall-le-soutien-personnel-dousmane-sonko-a-un-insulteur-notoire-a-confirme-sa-nature-de\/#breadcrumb\",\"itemListElement\":[{\"@type\":\"ListItem\",\"position\":1,\"name\":\"Accueil\",\"item\":\"https:\/\/www.nettali.com\/\"},{\"@type\":\"ListItem\",\"position\":2,\"name\":\"L\\u2019APR SUR L\\u2019AFFAIRE AZURA FALL \\u2013 \\\"Le soutien personnel d'Ousmane Sonko \\u00e0 un insulteur notoire, a confirm\\u00e9 sa nature de...\\\"\"}]},{\"@type\":\"Person\",\"@id\":\"https:\/\/www.nettali.com\/#\/schema\/person\/418274a86bdf87caff7a3ef476bd0bbf\",\"name\":\"Fatou\",\"image\":{\"@type\":\"ImageObject\",\"@id\":\"https:\/\/www.nettali.com\/#personlogo\",\"inLanguage\":\"fr-FR\",\"url\":\"https:\/\/secure.gravatar.com\/avatar\/5a9442a2bee7b4dcf167cab035858e9a?s=96&d=mm&r=g\",\"contentUrl\":\"https:\/\/secure.gravatar.com\/avatar\/5a9442a2bee7b4dcf167cab035858e9a?s=96&d=mm&r=g\",\"caption\":\"Fatou\"},\"sameAs\":[\"https:\/\/www.nettali.com\"]}]}<\/script>\n<!-- \/ Yoast SEO Premium plugin. -->","yoast_head_json":{"title":"L\u2019APR SUR L\u2019AFFAIRE AZURA FALL \u2013 \"Le soutien personnel d'Ousmane Sonko \u00e0 un insulteur notoire, a confirm\u00e9 sa nature de...\" | Nettali.com","robots":{"index":"index","follow":"follow","max-snippet":"max-snippet:-1","max-image-preview":"max-image-preview:large","max-video-preview":"max-video-preview:-1"},"canonical":"https:\/\/www.nettali.com\/2025\/05\/17\/lapr-sur-laffaire-azura-fall-le-soutien-personnel-dousmane-sonko-a-un-insulteur-notoire-a-confirme-sa-nature-de\/","og_locale":"fr_FR","og_type":"article","og_title":"L\u2019APR SUR L\u2019AFFAIRE AZURA FALL \u2013 \"Le soutien personnel d'Ousmane Sonko \u00e0 un insulteur notoire, a confirm\u00e9 sa nature de...\"","og_description":"NETTALI.COM - Lors de sa r\u00e9union de ce jeudi 15 mai 2025, le Secr\u00e9tariat ex\u00e9cutif national (SEN) de l'Alliance pour la R\u00e9publique (APR) s\u2019est prononc\u00e9 sur l\u2019affaire Azura. Elle d\u00e9nonce surtout la visite de Ousmane Sonko \u00e0 l\u2019influenceur \u00ab past\u00e9fien \u00bb, \u00e0 la veille du proc\u00e8s de celui-ci. L\u2019ex-parti au pouvoir fustige \u00e9galement les poursuites [&hellip;]","og_url":"https:\/\/www.nettali.com\/2025\/05\/17\/lapr-sur-laffaire-azura-fall-le-soutien-personnel-dousmane-sonko-a-un-insulteur-notoire-a-confirme-sa-nature-de\/","og_site_name":"Nettali.com","article_publisher":"https:\/\/www.facebook.com\/nettalicom","article_published_time":"2025-05-17T01:02:11+00:00","article_modified_time":"2025-05-17T22:54:55+00:00","og_image":[{"width":1700,"height":982,"url":"https:\/\/www.nettali.com\/wp-content\/uploads\/2024\/10\/AbdouMbow.jpg","type":"image\/jpeg"}],"twitter_card":"summary_large_image","twitter_misc":{"\u00c9crit par":"Fatou","Dur\u00e9e de lecture estim\u00e9e":"4 minutes"},"schema":{"@context":"https:\/\/schema.org","@graph":[{"@type":"WebSite","@id":"https:\/\/www.nettali.com\/#website","url":"https:\/\/www.nettali.com\/","name":"Nettali.com","description":"Le rendez-vous critique du Net","potentialAction":[{"@type":"SearchAction","target":{"@type":"EntryPoint","urlTemplate":"https:\/\/www.nettali.com\/?s={search_term_string}"},"query-input":"required name=search_term_string"}],"inLanguage":"fr-FR"},{"@type":"ImageObject","@id":"https:\/\/www.nettali.com\/2025\/05\/17\/lapr-sur-laffaire-azura-fall-le-soutien-personnel-dousmane-sonko-a-un-insulteur-notoire-a-confirme-sa-nature-de\/#primaryimage","inLanguage":"fr-FR","url":"https:\/\/www.nettali.com\/wp-content\/uploads\/2024\/10\/AbdouMbow.jpg","contentUrl":"https:\/\/www.nettali.com\/wp-content\/uploads\/2024\/10\/AbdouMbow.jpg","width":1700,"height":982},{"@type":"WebPage","@id":"https:\/\/www.nettali.com\/2025\/05\/17\/lapr-sur-laffaire-azura-fall-le-soutien-personnel-dousmane-sonko-a-un-insulteur-notoire-a-confirme-sa-nature-de\/#webpage","url":"https:\/\/www.nettali.com\/2025\/05\/17\/lapr-sur-laffaire-azura-fall-le-soutien-personnel-dousmane-sonko-a-un-insulteur-notoire-a-confirme-sa-nature-de\/","name":"L\u2019APR SUR L\u2019AFFAIRE AZURA FALL \u2013 \"Le soutien personnel d'Ousmane Sonko \u00e0 un insulteur notoire, a confirm\u00e9 sa nature de...\" | Nettali.com","isPartOf":{"@id":"https:\/\/www.nettali.com\/#website"},"primaryImageOfPage":{"@id":"https:\/\/www.nettali.com\/2025\/05\/17\/lapr-sur-laffaire-azura-fall-le-soutien-personnel-dousmane-sonko-a-un-insulteur-notoire-a-confirme-sa-nature-de\/#primaryimage"},"datePublished":"2025-05-17T01:02:11+00:00","dateModified":"2025-05-17T22:54:55+00:00","author":{"@id":"https:\/\/www.nettali.com\/#\/schema\/person\/418274a86bdf87caff7a3ef476bd0bbf"},"breadcrumb":{"@id":"https:\/\/www.nettali.com\/2025\/05\/17\/lapr-sur-laffaire-azura-fall-le-soutien-personnel-dousmane-sonko-a-un-insulteur-notoire-a-confirme-sa-nature-de\/#breadcrumb"},"inLanguage":"fr-FR","potentialAction":[{"@type":"ReadAction","target":["https:\/\/www.nettali.com\/2025\/05\/17\/lapr-sur-laffaire-azura-fall-le-soutien-personnel-dousmane-sonko-a-un-insulteur-notoire-a-confirme-sa-nature-de\/"]}]},{"@type":"BreadcrumbList","@id":"https:\/\/www.nettali.com\/2025\/05\/17\/lapr-sur-laffaire-azura-fall-le-soutien-personnel-dousmane-sonko-a-un-insulteur-notoire-a-confirme-sa-nature-de\/#breadcrumb","itemListElement":[{"@type":"ListItem","position":1,"name":"Accueil","item":"https:\/\/www.nettali.com\/"},{"@type":"ListItem","position":2,"name":"L\u2019APR SUR L\u2019AFFAIRE AZURA FALL \u2013 \"Le soutien personnel d'Ousmane Sonko \u00e0 un insulteur notoire, a confirm\u00e9 sa nature de...\""}]},{"@type":"Person","@id":"https:\/\/www.nettali.com\/#\/schema\/person\/418274a86bdf87caff7a3ef476bd0bbf","name":"Fatou","image":{"@type":"ImageObject","@id":"https:\/\/www.nettali.com\/#personlogo","inLanguage":"fr-FR","url":"https:\/\/secure.gravatar.com\/avatar\/5a9442a2bee7b4dcf167cab035858e9a?s=96&d=mm&r=g","contentUrl":"https:\/\/secure.gravatar.com\/avatar\/5a9442a2bee7b4dcf167cab035858e9a?s=96&d=mm&r=g","caption":"Fatou"},"sameAs":["https:\/\/www.nettali.com"]}]}},"_links":{"self":[{"href":"https:\/\/www.nettali.com\/rest\/wp\/v2\/posts\/154297"}],"collection":[{"href":"https:\/\/www.nettali.com\/rest\/wp\/v2\/posts"}],"about":[{"href":"https:\/\/www.nettali.com\/rest\/wp\/v2\/types\/post"}],"author":[{"embeddable":true,"href":"https:\/\/www.nettali.com\/rest\/wp\/v2\/users\/6"}],"replies":[{"embeddable":true,"href":"https:\/\/www.nettali.com\/rest\/wp\/v2\/comments?post=154297"}],"version-history":[{"count":3,"href":"https:\/\/www.nettali.com\/rest\/wp\/v2\/posts\/154297\/revisions"}],"predecessor-version":[{"id":154303,"href":"https:\/\/www.nettali.com\/rest\/wp\/v2\/posts\/154297\/revisions\/154303"}],"wp:featuredmedia":[{"embeddable":true,"href":"https:\/\/www.nettali.com\/rest\/wp\/v2\/media\/142278"}],"wp:attachment":[{"href":"https:\/\/www.nettali.com\/rest\/wp\/v2\/media?parent=154297"}],"wp:term":[{"taxonomy":"category","embeddable":true,"href":"https:\/\/www.nettali.com\/rest\/wp\/v2\/categories?post=154297"},{"taxonomy":"post_tag","embeddable":true,"href":"https:\/\/www.nettali.com\/rest\/wp\/v2\/tags?post=154297"}],"curies":[{"name":"wp","href":"https:\/\/api.w.org\/{rel}","templated":true}]}}