{"id":154294,"date":"2025-05-16T22:49:32","date_gmt":"2025-05-16T22:49:32","guid":{"rendered":"https:\/\/www.nettali.com\/?p=154294"},"modified":"2025-05-16T22:49:32","modified_gmt":"2025-05-16T22:49:32","slug":"nantes-mostafa-mohamed-dit-non-au-maillot-arc-en-ciel","status":"publish","type":"post","link":"https:\/\/www.nettali.com\/2025\/05\/16\/nantes-mostafa-mohamed-dit-non-au-maillot-arc-en-ciel\/","title":{"rendered":"NANTES - Mostafa Mohamed dit non au maillot arc-en-ciel"},"content":{"rendered":"<p><strong>NETTALI.COM - Pour la troisi\u00e8me saison d\u2019affil\u00e9e, l\u2019attaquant \u00e9gyptien du FC Nantes, Mohamed Mostafa a refus\u00e9 de participer \u00e0 la journ\u00e9e de Ligue 1 d\u00e9di\u00e9e \u00e0 la lutte contre l\u2019homophobie, et donc de porter le maillot aux couleurs arc-en-ciel. Alors que les Canaris jouent leur survie ce samedi 17 mai contre Montpellier lors de la derni\u00e8re journ\u00e9e, son absence, qui \u00e9tait attendue, a \u00e9t\u00e9 confirm\u00e9e. Mais contrairement aux ann\u00e9es pr\u00e9c\u00e9dentes o\u00f9 le silence ou une blessure opportune \u00e9taient parfois \u00e9voqu\u00e9s, l'\u00c9gyptien de 27 ans a cette fois choisi de prendre la parole publiquement pour justifier sa position, et il n\u2019en d\u00e9mord pas.<\/strong><\/p>\n<p>C\u2019est via une \"<em>story<\/em>\" Instagram, r\u00e9dig\u00e9e en arabe puis en fran\u00e7ais, que Mostafa Mohamed s\u2019est expliqu\u00e9 ce vendredi. Musulman pratiquant, il invoque des \"<em>valeurs profond\u00e9ment ancr\u00e9es, li\u00e9es \u00e0 [s]es origines et \u00e0 [s]a foi\" qui rendent sa \"participation \u00e0 cette initiative difficile<\/em>\". Loin de se d\u00e9filer, il assume pleinement ce choix personnel, affirmant que son refus \"<em>n\u2019exprime ni rejet ni jugement, seulement une fid\u00e9lit\u00e9 \u00e0 ce qui me construit<\/em>\". Il plaide pour la reconnaissance d\u2019une \"<em>diversit\u00e9 [qui] peut s\u2019exprimer de mani\u00e8re diff\u00e9rente<\/em>\" et met en avant le \"<em>respect mutuel, celui qu\u2019on doit aux autres, mais aussi celui qu\u2019on se doit \u00e0 soi-m\u00eame et \u00e0 ses convictions<\/em>\".<\/p>\n<p>Ce n\u2019est donc pas une premi\u00e8re. En 2022 et 2023 d\u00e9j\u00e0, l\u2019international \u00e9gyptien (47 s\u00e9lections) avait manqu\u00e9 ces journ\u00e9es sp\u00e9cifiques, \u00e9copant de sanctions financi\u00e8res de la part du FC Nantes. L\u2019argent r\u00e9colt\u00e9 avait d\u2019ailleurs \u00e9t\u00e9 revers\u00e9 \u00e0 des associations de lutte contre l\u2019homophobie. Cette ann\u00e9e encore, le club a confirm\u00e9 qu\u2019une sanction financi\u00e8re serait appliqu\u00e9e et que les fonds iraient \u00e0 une association. Cette r\u00e9currence et la justification publique du joueur posent la question d\u2019une impasse dans la relation entre le joueur, son club, et les valeurs port\u00e9es par la LFP.<\/p>\n<div class='share-to-whatsapp-wrapper'><div class='share-on-whsp'>PARTAGER SUR : <\/div><a data-text='NANTES - Mostafa Mohamed dit non au maillot arc-en-ciel' data-link='https:\/\/www.nettali.com\/2025\/05\/16\/nantes-mostafa-mohamed-dit-non-au-maillot-arc-en-ciel\/' class='whatsapp-button whatsapp-share'>WhatsApp<\/a><div class='clear '><\/div><\/div>","protected":false},"excerpt":{"rendered":"<p>NETTALI.COM - Pour la troisi\u00e8me saison d\u2019affil\u00e9e, l\u2019attaquant \u00e9gyptien du FC Nantes, Mohamed Mostafa a refus\u00e9 de participer \u00e0 la journ\u00e9e de Ligue 1 d\u00e9di\u00e9e \u00e0 la lutte contre l\u2019homophobie, et donc de porter le maillot aux couleurs arc-en-ciel. Alors que les Canaris jouent leur survie ce samedi 17 mai contre Montpellier lors de la [&hellip;]<\/p>\n","protected":false},"author":5,"featured_media":154295,"comment_status":"open","ping_status":"open","sticky":false,"template":"","format":"standard","meta":{"_et_pb_use_builder":"","_et_pb_old_content":""},"categories":[6],"tags":[],"yoast_head":"<!-- This site is optimized with the Yoast SEO Premium plugin v17.8 (Yoast SEO v17.8) - https:\/\/yoast.com\/wordpress\/plugins\/seo\/ -->\n<title>NANTES - Mostafa Mohamed dit non au maillot arc-en-ciel | Nettali.com<\/title>\n<meta name=\"robots\" content=\"index, follow, max-snippet:-1, max-image-preview:large, max-video-preview:-1\" \/>\n<link rel=\"canonical\" href=\"https:\/\/www.nettali.com\/2025\/05\/16\/nantes-mostafa-mohamed-dit-non-au-maillot-arc-en-ciel\/\" \/>\n<meta property=\"og:locale\" content=\"fr_FR\" \/>\n<meta property=\"og:type\" content=\"article\" \/>\n<meta property=\"og:title\" content=\"NANTES - Mostafa Mohamed dit non au maillot arc-en-ciel\" \/>\n<meta property=\"og:description\" content=\"NETTALI.COM - Pour la troisi\u00e8me saison d\u2019affil\u00e9e, l\u2019attaquant \u00e9gyptien du FC Nantes, Mohamed Mostafa a refus\u00e9 de participer \u00e0 la journ\u00e9e de Ligue 1 d\u00e9di\u00e9e \u00e0 la lutte contre l\u2019homophobie, et donc de porter le maillot aux couleurs arc-en-ciel. Alors que les Canaris jouent leur survie ce samedi 17 mai contre Montpellier lors de la [&hellip;]\" \/>\n<meta property=\"og:url\" content=\"https:\/\/www.nettali.com\/2025\/05\/16\/nantes-mostafa-mohamed-dit-non-au-maillot-arc-en-ciel\/\" \/>\n<meta property=\"og:site_name\" content=\"Nettali.com\" \/>\n<meta property=\"article:publisher\" content=\"https:\/\/www.facebook.com\/nettalicom\" \/>\n<meta property=\"article:published_time\" content=\"2025-05-16T22:49:32+00:00\" \/>\n<meta property=\"og:image\" content=\"https:\/\/www.nettali.com\/wp-content\/uploads\/2025\/05\/41_2025-638830074144145660-414.jpg\" \/>\n\t<meta property=\"og:image:width\" content=\"800\" \/>\n\t<meta property=\"og:image:height\" content=\"533\" \/>\n<meta name=\"twitter:card\" content=\"summary_large_image\" \/>\n<meta name=\"twitter:label1\" content=\"\u00c9crit par\" \/>\n\t<meta name=\"twitter:data1\" content=\"Ibrahima\" \/>\n\t<meta name=\"twitter:label2\" content=\"Dur\u00e9e de lecture estim\u00e9e\" \/>\n\t<meta name=\"twitter:data2\" content=\"2 minutes\" \/>\n<script type=\"application\/ld+json\" class=\"yoast-schema-graph\">{\"@context\":\"https:\/\/schema.org\",\"@graph\":[{\"@type\":\"WebSite\",\"@id\":\"https:\/\/www.nettali.com\/#website\",\"url\":\"https:\/\/www.nettali.com\/\",\"name\":\"Nettali.com\",\"description\":\"Le rendez-vous critique du Net\",\"potentialAction\":[{\"@type\":\"SearchAction\",\"target\":{\"@type\":\"EntryPoint\",\"urlTemplate\":\"https:\/\/www.nettali.com\/?s={search_term_string}\"},\"query-input\":\"required name=search_term_string\"}],\"inLanguage\":\"fr-FR\"},{\"@type\":\"ImageObject\",\"@id\":\"https:\/\/www.nettali.com\/2025\/05\/16\/nantes-mostafa-mohamed-dit-non-au-maillot-arc-en-ciel\/#primaryimage\",\"inLanguage\":\"fr-FR\",\"url\":\"https:\/\/www.nettali.com\/wp-content\/uploads\/2025\/05\/41_2025-638830074144145660-414.jpg\",\"contentUrl\":\"https:\/\/www.nettali.com\/wp-content\/uploads\/2025\/05\/41_2025-638830074144145660-414.jpg\",\"width\":800,\"height\":533},{\"@type\":\"WebPage\",\"@id\":\"https:\/\/www.nettali.com\/2025\/05\/16\/nantes-mostafa-mohamed-dit-non-au-maillot-arc-en-ciel\/#webpage\",\"url\":\"https:\/\/www.nettali.com\/2025\/05\/16\/nantes-mostafa-mohamed-dit-non-au-maillot-arc-en-ciel\/\",\"name\":\"NANTES - Mostafa Mohamed dit non au maillot arc-en-ciel | Nettali.com\",\"isPartOf\":{\"@id\":\"https:\/\/www.nettali.com\/#website\"},\"primaryImageOfPage\":{\"@id\":\"https:\/\/www.nettali.com\/2025\/05\/16\/nantes-mostafa-mohamed-dit-non-au-maillot-arc-en-ciel\/#primaryimage\"},\"datePublished\":\"2025-05-16T22:49:32+00:00\",\"dateModified\":\"2025-05-16T22:49:32+00:00\",\"author\":{\"@id\":\"https:\/\/www.nettali.com\/#\/schema\/person\/bb147657c2986240405a608162b9bb23\"},\"breadcrumb\":{\"@id\":\"https:\/\/www.nettali.com\/2025\/05\/16\/nantes-mostafa-mohamed-dit-non-au-maillot-arc-en-ciel\/#breadcrumb\"},\"inLanguage\":\"fr-FR\",\"potentialAction\":[{\"@type\":\"ReadAction\",\"target\":[\"https:\/\/www.nettali.com\/2025\/05\/16\/nantes-mostafa-mohamed-dit-non-au-maillot-arc-en-ciel\/\"]}]},{\"@type\":\"BreadcrumbList\",\"@id\":\"https:\/\/www.nettali.com\/2025\/05\/16\/nantes-mostafa-mohamed-dit-non-au-maillot-arc-en-ciel\/#breadcrumb\",\"itemListElement\":[{\"@type\":\"ListItem\",\"position\":1,\"name\":\"Accueil\",\"item\":\"https:\/\/www.nettali.com\/\"},{\"@type\":\"ListItem\",\"position\":2,\"name\":\"NANTES - Mostafa Mohamed dit non au maillot arc-en-ciel\"}]},{\"@type\":\"Person\",\"@id\":\"https:\/\/www.nettali.com\/#\/schema\/person\/bb147657c2986240405a608162b9bb23\",\"name\":\"Ibrahima\",\"image\":{\"@type\":\"ImageObject\",\"@id\":\"https:\/\/www.nettali.com\/#personlogo\",\"inLanguage\":\"fr-FR\",\"url\":\"https:\/\/secure.gravatar.com\/avatar\/26a8a81f09f0dd7624c9d5c36c9ba3a2?s=96&d=mm&r=g\",\"contentUrl\":\"https:\/\/secure.gravatar.com\/avatar\/26a8a81f09f0dd7624c9d5c36c9ba3a2?s=96&d=mm&r=g\",\"caption\":\"Ibrahima\"},\"sameAs\":[\"https:\/\/www.nettali.com\"]}]}<\/script>\n<!-- \/ Yoast SEO Premium plugin. -->","yoast_head_json":{"title":"NANTES - Mostafa Mohamed dit non au maillot arc-en-ciel | Nettali.com","robots":{"index":"index","follow":"follow","max-snippet":"max-snippet:-1","max-image-preview":"max-image-preview:large","max-video-preview":"max-video-preview:-1"},"canonical":"https:\/\/www.nettali.com\/2025\/05\/16\/nantes-mostafa-mohamed-dit-non-au-maillot-arc-en-ciel\/","og_locale":"fr_FR","og_type":"article","og_title":"NANTES - Mostafa Mohamed dit non au maillot arc-en-ciel","og_description":"NETTALI.COM - Pour la troisi\u00e8me saison d\u2019affil\u00e9e, l\u2019attaquant \u00e9gyptien du FC Nantes, Mohamed Mostafa a refus\u00e9 de participer \u00e0 la journ\u00e9e de Ligue 1 d\u00e9di\u00e9e \u00e0 la lutte contre l\u2019homophobie, et donc de porter le maillot aux couleurs arc-en-ciel. Alors que les Canaris jouent leur survie ce samedi 17 mai contre Montpellier lors de la [&hellip;]","og_url":"https:\/\/www.nettali.com\/2025\/05\/16\/nantes-mostafa-mohamed-dit-non-au-maillot-arc-en-ciel\/","og_site_name":"Nettali.com","article_publisher":"https:\/\/www.facebook.com\/nettalicom","article_published_time":"2025-05-16T22:49:32+00:00","og_image":[{"width":800,"height":533,"url":"https:\/\/www.nettali.com\/wp-content\/uploads\/2025\/05\/41_2025-638830074144145660-414.jpg","type":"image\/jpeg"}],"twitter_card":"summary_large_image","twitter_misc":{"\u00c9crit par":"Ibrahima","Dur\u00e9e de lecture estim\u00e9e":"2 minutes"},"schema":{"@context":"https:\/\/schema.org","@graph":[{"@type":"WebSite","@id":"https:\/\/www.nettali.com\/#website","url":"https:\/\/www.nettali.com\/","name":"Nettali.com","description":"Le rendez-vous critique du Net","potentialAction":[{"@type":"SearchAction","target":{"@type":"EntryPoint","urlTemplate":"https:\/\/www.nettali.com\/?s={search_term_string}"},"query-input":"required name=search_term_string"}],"inLanguage":"fr-FR"},{"@type":"ImageObject","@id":"https:\/\/www.nettali.com\/2025\/05\/16\/nantes-mostafa-mohamed-dit-non-au-maillot-arc-en-ciel\/#primaryimage","inLanguage":"fr-FR","url":"https:\/\/www.nettali.com\/wp-content\/uploads\/2025\/05\/41_2025-638830074144145660-414.jpg","contentUrl":"https:\/\/www.nettali.com\/wp-content\/uploads\/2025\/05\/41_2025-638830074144145660-414.jpg","width":800,"height":533},{"@type":"WebPage","@id":"https:\/\/www.nettali.com\/2025\/05\/16\/nantes-mostafa-mohamed-dit-non-au-maillot-arc-en-ciel\/#webpage","url":"https:\/\/www.nettali.com\/2025\/05\/16\/nantes-mostafa-mohamed-dit-non-au-maillot-arc-en-ciel\/","name":"NANTES - Mostafa Mohamed dit non au maillot arc-en-ciel | Nettali.com","isPartOf":{"@id":"https:\/\/www.nettali.com\/#website"},"primaryImageOfPage":{"@id":"https:\/\/www.nettali.com\/2025\/05\/16\/nantes-mostafa-mohamed-dit-non-au-maillot-arc-en-ciel\/#primaryimage"},"datePublished":"2025-05-16T22:49:32+00:00","dateModified":"2025-05-16T22:49:32+00:00","author":{"@id":"https:\/\/www.nettali.com\/#\/schema\/person\/bb147657c2986240405a608162b9bb23"},"breadcrumb":{"@id":"https:\/\/www.nettali.com\/2025\/05\/16\/nantes-mostafa-mohamed-dit-non-au-maillot-arc-en-ciel\/#breadcrumb"},"inLanguage":"fr-FR","potentialAction":[{"@type":"ReadAction","target":["https:\/\/www.nettali.com\/2025\/05\/16\/nantes-mostafa-mohamed-dit-non-au-maillot-arc-en-ciel\/"]}]},{"@type":"BreadcrumbList","@id":"https:\/\/www.nettali.com\/2025\/05\/16\/nantes-mostafa-mohamed-dit-non-au-maillot-arc-en-ciel\/#breadcrumb","itemListElement":[{"@type":"ListItem","position":1,"name":"Accueil","item":"https:\/\/www.nettali.com\/"},{"@type":"ListItem","position":2,"name":"NANTES - Mostafa Mohamed dit non au maillot arc-en-ciel"}]},{"@type":"Person","@id":"https:\/\/www.nettali.com\/#\/schema\/person\/bb147657c2986240405a608162b9bb23","name":"Ibrahima","image":{"@type":"ImageObject","@id":"https:\/\/www.nettali.com\/#personlogo","inLanguage":"fr-FR","url":"https:\/\/secure.gravatar.com\/avatar\/26a8a81f09f0dd7624c9d5c36c9ba3a2?s=96&d=mm&r=g","contentUrl":"https:\/\/secure.gravatar.com\/avatar\/26a8a81f09f0dd7624c9d5c36c9ba3a2?s=96&d=mm&r=g","caption":"Ibrahima"},"sameAs":["https:\/\/www.nettali.com"]}]}},"_links":{"self":[{"href":"https:\/\/www.nettali.com\/rest\/wp\/v2\/posts\/154294"}],"collection":[{"href":"https:\/\/www.nettali.com\/rest\/wp\/v2\/posts"}],"about":[{"href":"https:\/\/www.nettali.com\/rest\/wp\/v2\/types\/post"}],"author":[{"embeddable":true,"href":"https:\/\/www.nettali.com\/rest\/wp\/v2\/users\/5"}],"replies":[{"embeddable":true,"href":"https:\/\/www.nettali.com\/rest\/wp\/v2\/comments?post=154294"}],"version-history":[{"count":1,"href":"https:\/\/www.nettali.com\/rest\/wp\/v2\/posts\/154294\/revisions"}],"predecessor-version":[{"id":154296,"href":"https:\/\/www.nettali.com\/rest\/wp\/v2\/posts\/154294\/revisions\/154296"}],"wp:featuredmedia":[{"embeddable":true,"href":"https:\/\/www.nettali.com\/rest\/wp\/v2\/media\/154295"}],"wp:attachment":[{"href":"https:\/\/www.nettali.com\/rest\/wp\/v2\/media?parent=154294"}],"wp:term":[{"taxonomy":"category","embeddable":true,"href":"https:\/\/www.nettali.com\/rest\/wp\/v2\/categories?post=154294"},{"taxonomy":"post_tag","embeddable":true,"href":"https:\/\/www.nettali.com\/rest\/wp\/v2\/tags?post=154294"}],"curies":[{"name":"wp","href":"https:\/\/api.w.org\/{rel}","templated":true}]}}