{"id":154281,"date":"2025-05-16T19:22:00","date_gmt":"2025-05-16T19:22:00","guid":{"rendered":"https:\/\/www.nettali.com\/?p=154281"},"modified":"2025-05-16T19:22:00","modified_gmt":"2025-05-16T19:22:00","slug":"necrologie-deces-demmanuel-kunde-ancien-international-camerounais","status":"publish","type":"post","link":"https:\/\/www.nettali.com\/2025\/05\/16\/necrologie-deces-demmanuel-kunde-ancien-international-camerounais\/","title":{"rendered":"NECROLOGIE - D\u00e9c\u00e8s d'Emmanuel Kund\u00e9, ancien international camerounais"},"content":{"rendered":"<p><strong>NETTALI.COM - Emmanuel Kund\u00e9, un des grands d\u00e9fenseurs de l\u2019histoire des Lions Indomptables, est d\u00e9c\u00e9d\u00e9 vendredi 16 mai \u00e0 l\u2019\u00e2ge de 68 ans. <\/strong><\/p>\n<p>Double vainqueur de la CAN, il restera une des figures historiques du foot camerounais des ann\u00e9es 1980. Emmanuel Kund\u00e9 a particip\u00e9 \u00e0 deux Coupes du monde avec le Cameroun, en 1982 et surtout 1990, ann\u00e9e durant laquelle le Cameroun atteignait les quarts de finale.<\/p>\n<p>Face \u00e0 l\u2019Angleterre, il avait \u00e9galis\u00e9 sur penalty (1-1). \u00ab<em>\u00a0Un monument est tomb\u00e9 ce jour. Une l\u00e9gende s\u2019en est all\u00e9e. Un tr\u00e8s grand meneur d'homme, calme, serein, naturellement capitaine. J\u2019ai toujours eu beaucoup de respect et d\u2019admiration pour cet homme sans histoire, ce baobab, champion hors \u00e9chelle<\/em>\u00a0\u00bb, a comment\u00e9 son compatriote Rigobert Song.<\/p>\n<p>En France, il a port\u00e9 les couleurs du Stade Lavallois et du Stade de Reims. Emmanuel Kund\u00e9 a principalement \u00e9volu\u00e9 au\u00a0Canon Yaound\u00e9. Apr\u00e8s sa carri\u00e8re de joueur, il a entra\u00een\u00e9 au\u00a0Gabon, notamment \u00e0 l\u2019US Bitam.<\/p>\n<div class='share-to-whatsapp-wrapper'><div class='share-on-whsp'>PARTAGER SUR : <\/div><a data-text='NECROLOGIE - D\u00e9c\u00e8s d'Emmanuel Kund\u00e9, ancien international camerounais' data-link='https:\/\/www.nettali.com\/2025\/05\/16\/necrologie-deces-demmanuel-kunde-ancien-international-camerounais\/' class='whatsapp-button whatsapp-share'>WhatsApp<\/a><div class='clear '><\/div><\/div>","protected":false},"excerpt":{"rendered":"<p>NETTALI.COM - Emmanuel Kund\u00e9, un des grands d\u00e9fenseurs de l\u2019histoire des Lions Indomptables, est d\u00e9c\u00e9d\u00e9 vendredi 16 mai \u00e0 l\u2019\u00e2ge de 68 ans. Double vainqueur de la CAN, il restera une des figures historiques du foot camerounais des ann\u00e9es 1980. Emmanuel Kund\u00e9 a particip\u00e9 \u00e0 deux Coupes du monde avec le Cameroun, en 1982 et [&hellip;]<\/p>\n","protected":false},"author":4,"featured_media":154283,"comment_status":"open","ping_status":"open","sticky":false,"template":"","format":"standard","meta":{"_et_pb_use_builder":"","_et_pb_old_content":""},"categories":[3],"tags":[],"yoast_head":"<!-- This site is optimized with the Yoast SEO Premium plugin v17.8 (Yoast SEO v17.8) - https:\/\/yoast.com\/wordpress\/plugins\/seo\/ -->\n<title>NECROLOGIE - D\u00e9c\u00e8s d&#039;Emmanuel Kund\u00e9, ancien international camerounais | Nettali.com<\/title>\n<meta name=\"robots\" content=\"index, follow, max-snippet:-1, max-image-preview:large, max-video-preview:-1\" \/>\n<link rel=\"canonical\" href=\"https:\/\/www.nettali.com\/2025\/05\/16\/necrologie-deces-demmanuel-kunde-ancien-international-camerounais\/\" \/>\n<meta property=\"og:locale\" content=\"fr_FR\" \/>\n<meta property=\"og:type\" content=\"article\" \/>\n<meta property=\"og:title\" content=\"NECROLOGIE - D\u00e9c\u00e8s d&#039;Emmanuel Kund\u00e9, ancien international camerounais\" \/>\n<meta property=\"og:description\" content=\"NETTALI.COM - Emmanuel Kund\u00e9, un des grands d\u00e9fenseurs de l\u2019histoire des Lions Indomptables, est d\u00e9c\u00e9d\u00e9 vendredi 16 mai \u00e0 l\u2019\u00e2ge de 68 ans. Double vainqueur de la CAN, il restera une des figures historiques du foot camerounais des ann\u00e9es 1980. Emmanuel Kund\u00e9 a particip\u00e9 \u00e0 deux Coupes du monde avec le Cameroun, en 1982 et [&hellip;]\" \/>\n<meta property=\"og:url\" content=\"https:\/\/www.nettali.com\/2025\/05\/16\/necrologie-deces-demmanuel-kunde-ancien-international-camerounais\/\" \/>\n<meta property=\"og:site_name\" content=\"Nettali.com\" \/>\n<meta property=\"article:publisher\" content=\"https:\/\/www.facebook.com\/nettalicom\" \/>\n<meta property=\"article:published_time\" content=\"2025-05-16T19:22:00+00:00\" \/>\n<meta property=\"og:image\" content=\"https:\/\/www.nettali.com\/wp-content\/uploads\/2025\/05\/Capture-de\u0301cran-2025-05-16-a\u0300-19.18.40-1.png\" \/>\n\t<meta property=\"og:image:width\" content=\"993\" \/>\n\t<meta property=\"og:image:height\" content=\"554\" \/>\n<meta name=\"twitter:card\" content=\"summary_large_image\" \/>\n<meta name=\"twitter:label1\" content=\"\u00c9crit par\" \/>\n\t<meta name=\"twitter:data1\" content=\"Daouda\" \/>\n\t<meta name=\"twitter:label2\" content=\"Dur\u00e9e de lecture estim\u00e9e\" \/>\n\t<meta name=\"twitter:data2\" content=\"1 minute\" \/>\n<script type=\"application\/ld+json\" class=\"yoast-schema-graph\">{\"@context\":\"https:\/\/schema.org\",\"@graph\":[{\"@type\":\"WebSite\",\"@id\":\"https:\/\/www.nettali.com\/#website\",\"url\":\"https:\/\/www.nettali.com\/\",\"name\":\"Nettali.com\",\"description\":\"Le rendez-vous critique du Net\",\"potentialAction\":[{\"@type\":\"SearchAction\",\"target\":{\"@type\":\"EntryPoint\",\"urlTemplate\":\"https:\/\/www.nettali.com\/?s={search_term_string}\"},\"query-input\":\"required name=search_term_string\"}],\"inLanguage\":\"fr-FR\"},{\"@type\":\"ImageObject\",\"@id\":\"https:\/\/www.nettali.com\/2025\/05\/16\/necrologie-deces-demmanuel-kunde-ancien-international-camerounais\/#primaryimage\",\"inLanguage\":\"fr-FR\",\"url\":\"https:\/\/www.nettali.com\/wp-content\/uploads\/2025\/05\/Capture-de\\u0301cran-2025-05-16-a\\u0300-19.18.40-1.png\",\"contentUrl\":\"https:\/\/www.nettali.com\/wp-content\/uploads\/2025\/05\/Capture-de\\u0301cran-2025-05-16-a\\u0300-19.18.40-1.png\",\"width\":993,\"height\":554},{\"@type\":\"WebPage\",\"@id\":\"https:\/\/www.nettali.com\/2025\/05\/16\/necrologie-deces-demmanuel-kunde-ancien-international-camerounais\/#webpage\",\"url\":\"https:\/\/www.nettali.com\/2025\/05\/16\/necrologie-deces-demmanuel-kunde-ancien-international-camerounais\/\",\"name\":\"NECROLOGIE - D\\u00e9c\\u00e8s d'Emmanuel Kund\\u00e9, ancien international camerounais | Nettali.com\",\"isPartOf\":{\"@id\":\"https:\/\/www.nettali.com\/#website\"},\"primaryImageOfPage\":{\"@id\":\"https:\/\/www.nettali.com\/2025\/05\/16\/necrologie-deces-demmanuel-kunde-ancien-international-camerounais\/#primaryimage\"},\"datePublished\":\"2025-05-16T19:22:00+00:00\",\"dateModified\":\"2025-05-16T19:22:00+00:00\",\"author\":{\"@id\":\"https:\/\/www.nettali.com\/#\/schema\/person\/3317e0bb3aa1da309fbf7b2780901bf4\"},\"breadcrumb\":{\"@id\":\"https:\/\/www.nettali.com\/2025\/05\/16\/necrologie-deces-demmanuel-kunde-ancien-international-camerounais\/#breadcrumb\"},\"inLanguage\":\"fr-FR\",\"potentialAction\":[{\"@type\":\"ReadAction\",\"target\":[\"https:\/\/www.nettali.com\/2025\/05\/16\/necrologie-deces-demmanuel-kunde-ancien-international-camerounais\/\"]}]},{\"@type\":\"BreadcrumbList\",\"@id\":\"https:\/\/www.nettali.com\/2025\/05\/16\/necrologie-deces-demmanuel-kunde-ancien-international-camerounais\/#breadcrumb\",\"itemListElement\":[{\"@type\":\"ListItem\",\"position\":1,\"name\":\"Accueil\",\"item\":\"https:\/\/www.nettali.com\/\"},{\"@type\":\"ListItem\",\"position\":2,\"name\":\"NECROLOGIE - D\\u00e9c\\u00e8s d'Emmanuel Kund\\u00e9, ancien international camerounais\"}]},{\"@type\":\"Person\",\"@id\":\"https:\/\/www.nettali.com\/#\/schema\/person\/3317e0bb3aa1da309fbf7b2780901bf4\",\"name\":\"Daouda\",\"image\":{\"@type\":\"ImageObject\",\"@id\":\"https:\/\/www.nettali.com\/#personlogo\",\"inLanguage\":\"fr-FR\",\"url\":\"https:\/\/secure.gravatar.com\/avatar\/8d143b5a49345098ddcfee1c49c2f47c?s=96&d=mm&r=g\",\"contentUrl\":\"https:\/\/secure.gravatar.com\/avatar\/8d143b5a49345098ddcfee1c49c2f47c?s=96&d=mm&r=g\",\"caption\":\"Daouda\"},\"sameAs\":[\"https:\/\/www.nettali.com\"]}]}<\/script>\n<!-- \/ Yoast SEO Premium plugin. -->","yoast_head_json":{"title":"NECROLOGIE - D\u00e9c\u00e8s d'Emmanuel Kund\u00e9, ancien international camerounais | Nettali.com","robots":{"index":"index","follow":"follow","max-snippet":"max-snippet:-1","max-image-preview":"max-image-preview:large","max-video-preview":"max-video-preview:-1"},"canonical":"https:\/\/www.nettali.com\/2025\/05\/16\/necrologie-deces-demmanuel-kunde-ancien-international-camerounais\/","og_locale":"fr_FR","og_type":"article","og_title":"NECROLOGIE - D\u00e9c\u00e8s d'Emmanuel Kund\u00e9, ancien international camerounais","og_description":"NETTALI.COM - Emmanuel Kund\u00e9, un des grands d\u00e9fenseurs de l\u2019histoire des Lions Indomptables, est d\u00e9c\u00e9d\u00e9 vendredi 16 mai \u00e0 l\u2019\u00e2ge de 68 ans. Double vainqueur de la CAN, il restera une des figures historiques du foot camerounais des ann\u00e9es 1980. Emmanuel Kund\u00e9 a particip\u00e9 \u00e0 deux Coupes du monde avec le Cameroun, en 1982 et [&hellip;]","og_url":"https:\/\/www.nettali.com\/2025\/05\/16\/necrologie-deces-demmanuel-kunde-ancien-international-camerounais\/","og_site_name":"Nettali.com","article_publisher":"https:\/\/www.facebook.com\/nettalicom","article_published_time":"2025-05-16T19:22:00+00:00","og_image":[{"width":993,"height":554,"url":"https:\/\/www.nettali.com\/wp-content\/uploads\/2025\/05\/Capture-de\u0301cran-2025-05-16-a\u0300-19.18.40-1.png","type":"image\/png"}],"twitter_card":"summary_large_image","twitter_misc":{"\u00c9crit par":"Daouda","Dur\u00e9e de lecture estim\u00e9e":"1 minute"},"schema":{"@context":"https:\/\/schema.org","@graph":[{"@type":"WebSite","@id":"https:\/\/www.nettali.com\/#website","url":"https:\/\/www.nettali.com\/","name":"Nettali.com","description":"Le rendez-vous critique du Net","potentialAction":[{"@type":"SearchAction","target":{"@type":"EntryPoint","urlTemplate":"https:\/\/www.nettali.com\/?s={search_term_string}"},"query-input":"required name=search_term_string"}],"inLanguage":"fr-FR"},{"@type":"ImageObject","@id":"https:\/\/www.nettali.com\/2025\/05\/16\/necrologie-deces-demmanuel-kunde-ancien-international-camerounais\/#primaryimage","inLanguage":"fr-FR","url":"https:\/\/www.nettali.com\/wp-content\/uploads\/2025\/05\/Capture-de\u0301cran-2025-05-16-a\u0300-19.18.40-1.png","contentUrl":"https:\/\/www.nettali.com\/wp-content\/uploads\/2025\/05\/Capture-de\u0301cran-2025-05-16-a\u0300-19.18.40-1.png","width":993,"height":554},{"@type":"WebPage","@id":"https:\/\/www.nettali.com\/2025\/05\/16\/necrologie-deces-demmanuel-kunde-ancien-international-camerounais\/#webpage","url":"https:\/\/www.nettali.com\/2025\/05\/16\/necrologie-deces-demmanuel-kunde-ancien-international-camerounais\/","name":"NECROLOGIE - D\u00e9c\u00e8s d'Emmanuel Kund\u00e9, ancien international camerounais | Nettali.com","isPartOf":{"@id":"https:\/\/www.nettali.com\/#website"},"primaryImageOfPage":{"@id":"https:\/\/www.nettali.com\/2025\/05\/16\/necrologie-deces-demmanuel-kunde-ancien-international-camerounais\/#primaryimage"},"datePublished":"2025-05-16T19:22:00+00:00","dateModified":"2025-05-16T19:22:00+00:00","author":{"@id":"https:\/\/www.nettali.com\/#\/schema\/person\/3317e0bb3aa1da309fbf7b2780901bf4"},"breadcrumb":{"@id":"https:\/\/www.nettali.com\/2025\/05\/16\/necrologie-deces-demmanuel-kunde-ancien-international-camerounais\/#breadcrumb"},"inLanguage":"fr-FR","potentialAction":[{"@type":"ReadAction","target":["https:\/\/www.nettali.com\/2025\/05\/16\/necrologie-deces-demmanuel-kunde-ancien-international-camerounais\/"]}]},{"@type":"BreadcrumbList","@id":"https:\/\/www.nettali.com\/2025\/05\/16\/necrologie-deces-demmanuel-kunde-ancien-international-camerounais\/#breadcrumb","itemListElement":[{"@type":"ListItem","position":1,"name":"Accueil","item":"https:\/\/www.nettali.com\/"},{"@type":"ListItem","position":2,"name":"NECROLOGIE - D\u00e9c\u00e8s d'Emmanuel Kund\u00e9, ancien international camerounais"}]},{"@type":"Person","@id":"https:\/\/www.nettali.com\/#\/schema\/person\/3317e0bb3aa1da309fbf7b2780901bf4","name":"Daouda","image":{"@type":"ImageObject","@id":"https:\/\/www.nettali.com\/#personlogo","inLanguage":"fr-FR","url":"https:\/\/secure.gravatar.com\/avatar\/8d143b5a49345098ddcfee1c49c2f47c?s=96&d=mm&r=g","contentUrl":"https:\/\/secure.gravatar.com\/avatar\/8d143b5a49345098ddcfee1c49c2f47c?s=96&d=mm&r=g","caption":"Daouda"},"sameAs":["https:\/\/www.nettali.com"]}]}},"_links":{"self":[{"href":"https:\/\/www.nettali.com\/rest\/wp\/v2\/posts\/154281"}],"collection":[{"href":"https:\/\/www.nettali.com\/rest\/wp\/v2\/posts"}],"about":[{"href":"https:\/\/www.nettali.com\/rest\/wp\/v2\/types\/post"}],"author":[{"embeddable":true,"href":"https:\/\/www.nettali.com\/rest\/wp\/v2\/users\/4"}],"replies":[{"embeddable":true,"href":"https:\/\/www.nettali.com\/rest\/wp\/v2\/comments?post=154281"}],"version-history":[{"count":1,"href":"https:\/\/www.nettali.com\/rest\/wp\/v2\/posts\/154281\/revisions"}],"predecessor-version":[{"id":154284,"href":"https:\/\/www.nettali.com\/rest\/wp\/v2\/posts\/154281\/revisions\/154284"}],"wp:featuredmedia":[{"embeddable":true,"href":"https:\/\/www.nettali.com\/rest\/wp\/v2\/media\/154283"}],"wp:attachment":[{"href":"https:\/\/www.nettali.com\/rest\/wp\/v2\/media?parent=154281"}],"wp:term":[{"taxonomy":"category","embeddable":true,"href":"https:\/\/www.nettali.com\/rest\/wp\/v2\/categories?post=154281"},{"taxonomy":"post_tag","embeddable":true,"href":"https:\/\/www.nettali.com\/rest\/wp\/v2\/tags?post=154281"}],"curies":[{"name":"wp","href":"https:\/\/api.w.org\/{rel}","templated":true}]}}