{"id":154277,"date":"2025-05-16T17:59:16","date_gmt":"2025-05-16T17:59:16","guid":{"rendered":"https:\/\/www.nettali.com\/?p=154277"},"modified":"2025-05-16T17:59:16","modified_gmt":"2025-05-16T17:59:16","slug":"ousmane-sonko-a-ouagadougou-je-suis-venu-transmettre-un-message-de-soutien-absolu","status":"publish","type":"post","link":"https:\/\/www.nettali.com\/2025\/05\/16\/ousmane-sonko-a-ouagadougou-je-suis-venu-transmettre-un-message-de-soutien-absolu\/","title":{"rendered":"OUSMANE SONKO A OUAGADOUGOU : \"Je suis venu transmettre un message de soutien absolu...\""},"content":{"rendered":"<p><strong>NETTALI.COM - Arriv\u00e9 \u00e0 Ouagadougou ce vendredi, Ousmane Sonko a \u00e9t\u00e9 re\u00e7u en d\u00e9but d'apr\u00e8s-midi par le capitaine Ibrahima Traor\u00e9. Au pr\u00e9sident du Burkina, le Premier ministre a transmis un message de \"soutien absolu\" de Bassirou Diomaye Faye.<\/strong><\/p>\n<p>C'est une visite de travail de 48 heures que le Premier ministre du S\u00e9n\u00e9gal a entam\u00e9e ce vendredi au Burkina Faso. Ousmane Sonko est accompagn\u00e9 des ministres Yassin Fall de l'Int\u00e9gration africaine et des Affaires \u00e9trang\u00e8res, Birame Diop des Forces arm\u00e9es et Khady Di\u00e8ne Gaye des Sports, de la Culture et de la Jeunesse. Le chef du gouvernement a \u00e9t\u00e9 accueilli \u00e0 sa descente d'avion par son homologue burkinab\u00e8 Rimtalba Jean Emmanuel Ou\u00e9draogo. Et c'est dans l'apr\u00e8s-midi que Ousmane Sonko a eu un entretien avec le capitaine Ibrahima Traor\u00e9, chef de l\u2019Etat du Burkina Faso.<\/p>\n<p>Selon la Direction de la communication de la pr\u00e9sidence du Faso, Ousmane Sonko a transmis au capitaine Traor\u00e9 un message de soutien du pr\u00e9sident Bassirou Diomaye Faye. \"<em>Je suis venu transmettre un message de soutien absolu au Pr\u00e9sident Traor\u00e9,\u00a0 \u00e0 tout son gouvernement, au peuple burkinab\u00e8 dans leur lutte contre ce terrorisme qui leur a \u00e9t\u00e9 impos\u00e9e, et envisager toute possibilit\u00e9 de collaboration et de soutien face \u00e0 cette \u00e9preuve<\/em>\", a indiqu\u00e9 le Premier ministre du S\u00e9n\u00e9gal \u00e0 sa sortie d'audience. Ousmane Sonko estime illusoire le fait de penser que la situation que vivent actuellement le Burkina, le Mali et le Niger restera dans leurs fronti\u00e8res. Parce qu'il est convaincu que toute la sous-r\u00e9gion ouest-africaine est concern\u00e9e, Ousmane Sonko souligne : \"<em>Au-del\u00e0 de la manifestation de solidarit\u00e9, le S\u00e9n\u00e9gal n'exclut aucune forme de collaboration pour soutenir nos fr\u00e8res dans cette \u00e9preuve<\/em>.\"<\/p>\n<p>Signalons que la d\u00e9l\u00e9gation s\u00e9n\u00e9galaise aura une s\u00e9ance de travail avec le gouvernement burkinab\u00e8 et assistera \u00e0 l'inauguration du Mausol\u00e9e de Thomas Sankara.<\/p>\n<div class='share-to-whatsapp-wrapper'><div class='share-on-whsp'>PARTAGER SUR : <\/div><a data-text='OUSMANE SONKO A OUAGADOUGOU : \"Je suis venu transmettre un message de soutien absolu...\"' data-link='https:\/\/www.nettali.com\/2025\/05\/16\/ousmane-sonko-a-ouagadougou-je-suis-venu-transmettre-un-message-de-soutien-absolu\/' class='whatsapp-button whatsapp-share'>WhatsApp<\/a><div class='clear '><\/div><\/div>","protected":false},"excerpt":{"rendered":"<p>NETTALI.COM - Arriv\u00e9 \u00e0 Ouagadougou ce vendredi, Ousmane Sonko a \u00e9t\u00e9 re\u00e7u en d\u00e9but d'apr\u00e8s-midi par le capitaine Ibrahima Traor\u00e9. Au pr\u00e9sident du Burkina, le Premier ministre a transmis un message de \"soutien absolu\" de Bassirou Diomaye Faye. C'est une visite de travail de 48 heures que le Premier ministre du S\u00e9n\u00e9gal a entam\u00e9e ce [&hellip;]<\/p>\n","protected":false},"author":3,"featured_media":154279,"comment_status":"open","ping_status":"open","sticky":false,"template":"","format":"standard","meta":{"_et_pb_use_builder":"","_et_pb_old_content":""},"categories":[2],"tags":[],"yoast_head":"<!-- This site is optimized with the Yoast SEO Premium plugin v17.8 (Yoast SEO v17.8) - https:\/\/yoast.com\/wordpress\/plugins\/seo\/ -->\n<title>OUSMANE SONKO A OUAGADOUGOU : &quot;Je suis venu transmettre un message de soutien absolu...&quot; | Nettali.com<\/title>\n<meta name=\"robots\" content=\"index, follow, max-snippet:-1, max-image-preview:large, max-video-preview:-1\" \/>\n<link rel=\"canonical\" href=\"https:\/\/www.nettali.com\/2025\/05\/16\/ousmane-sonko-a-ouagadougou-je-suis-venu-transmettre-un-message-de-soutien-absolu\/\" \/>\n<meta property=\"og:locale\" content=\"fr_FR\" \/>\n<meta property=\"og:type\" content=\"article\" \/>\n<meta property=\"og:title\" content=\"OUSMANE SONKO A OUAGADOUGOU : &quot;Je suis venu transmettre un message de soutien absolu...&quot;\" \/>\n<meta property=\"og:description\" content=\"NETTALI.COM - Arriv\u00e9 \u00e0 Ouagadougou ce vendredi, Ousmane Sonko a \u00e9t\u00e9 re\u00e7u en d\u00e9but d&#039;apr\u00e8s-midi par le capitaine Ibrahima Traor\u00e9. Au pr\u00e9sident du Burkina, le Premier ministre a transmis un message de &quot;soutien absolu&quot; de Bassirou Diomaye Faye. C&#039;est une visite de travail de 48 heures que le Premier ministre du S\u00e9n\u00e9gal a entam\u00e9e ce [&hellip;]\" \/>\n<meta property=\"og:url\" content=\"https:\/\/www.nettali.com\/2025\/05\/16\/ousmane-sonko-a-ouagadougou-je-suis-venu-transmettre-un-message-de-soutien-absolu\/\" \/>\n<meta property=\"og:site_name\" content=\"Nettali.com\" \/>\n<meta property=\"article:publisher\" content=\"https:\/\/www.facebook.com\/nettalicom\" \/>\n<meta property=\"article:published_time\" content=\"2025-05-16T17:59:16+00:00\" \/>\n<meta property=\"og:image\" content=\"https:\/\/www.nettali.com\/wp-content\/uploads\/2025\/05\/FB_IMG_1747418315662.jpg\" \/>\n\t<meta property=\"og:image:width\" content=\"1080\" \/>\n\t<meta property=\"og:image:height\" content=\"1211\" \/>\n<meta name=\"twitter:card\" content=\"summary_large_image\" \/>\n<meta name=\"twitter:label1\" content=\"\u00c9crit par\" \/>\n\t<meta name=\"twitter:data1\" content=\"Moustapha\" \/>\n\t<meta name=\"twitter:label2\" content=\"Dur\u00e9e de lecture estim\u00e9e\" \/>\n\t<meta name=\"twitter:data2\" content=\"2 minutes\" \/>\n<script type=\"application\/ld+json\" class=\"yoast-schema-graph\">{\"@context\":\"https:\/\/schema.org\",\"@graph\":[{\"@type\":\"WebSite\",\"@id\":\"https:\/\/www.nettali.com\/#website\",\"url\":\"https:\/\/www.nettali.com\/\",\"name\":\"Nettali.com\",\"description\":\"Le rendez-vous critique du Net\",\"potentialAction\":[{\"@type\":\"SearchAction\",\"target\":{\"@type\":\"EntryPoint\",\"urlTemplate\":\"https:\/\/www.nettali.com\/?s={search_term_string}\"},\"query-input\":\"required name=search_term_string\"}],\"inLanguage\":\"fr-FR\"},{\"@type\":\"ImageObject\",\"@id\":\"https:\/\/www.nettali.com\/2025\/05\/16\/ousmane-sonko-a-ouagadougou-je-suis-venu-transmettre-un-message-de-soutien-absolu\/#primaryimage\",\"inLanguage\":\"fr-FR\",\"url\":\"https:\/\/www.nettali.com\/wp-content\/uploads\/2025\/05\/FB_IMG_1747418315662.jpg\",\"contentUrl\":\"https:\/\/www.nettali.com\/wp-content\/uploads\/2025\/05\/FB_IMG_1747418315662.jpg\",\"width\":1080,\"height\":1211},{\"@type\":\"WebPage\",\"@id\":\"https:\/\/www.nettali.com\/2025\/05\/16\/ousmane-sonko-a-ouagadougou-je-suis-venu-transmettre-un-message-de-soutien-absolu\/#webpage\",\"url\":\"https:\/\/www.nettali.com\/2025\/05\/16\/ousmane-sonko-a-ouagadougou-je-suis-venu-transmettre-un-message-de-soutien-absolu\/\",\"name\":\"OUSMANE SONKO A OUAGADOUGOU : \\\"Je suis venu transmettre un message de soutien absolu...\\\" | Nettali.com\",\"isPartOf\":{\"@id\":\"https:\/\/www.nettali.com\/#website\"},\"primaryImageOfPage\":{\"@id\":\"https:\/\/www.nettali.com\/2025\/05\/16\/ousmane-sonko-a-ouagadougou-je-suis-venu-transmettre-un-message-de-soutien-absolu\/#primaryimage\"},\"datePublished\":\"2025-05-16T17:59:16+00:00\",\"dateModified\":\"2025-05-16T17:59:16+00:00\",\"author\":{\"@id\":\"https:\/\/www.nettali.com\/#\/schema\/person\/7962a12a6e0267f88f0ffa544c36469a\"},\"breadcrumb\":{\"@id\":\"https:\/\/www.nettali.com\/2025\/05\/16\/ousmane-sonko-a-ouagadougou-je-suis-venu-transmettre-un-message-de-soutien-absolu\/#breadcrumb\"},\"inLanguage\":\"fr-FR\",\"potentialAction\":[{\"@type\":\"ReadAction\",\"target\":[\"https:\/\/www.nettali.com\/2025\/05\/16\/ousmane-sonko-a-ouagadougou-je-suis-venu-transmettre-un-message-de-soutien-absolu\/\"]}]},{\"@type\":\"BreadcrumbList\",\"@id\":\"https:\/\/www.nettali.com\/2025\/05\/16\/ousmane-sonko-a-ouagadougou-je-suis-venu-transmettre-un-message-de-soutien-absolu\/#breadcrumb\",\"itemListElement\":[{\"@type\":\"ListItem\",\"position\":1,\"name\":\"Accueil\",\"item\":\"https:\/\/www.nettali.com\/\"},{\"@type\":\"ListItem\",\"position\":2,\"name\":\"OUSMANE SONKO A OUAGADOUGOU : \\\"Je suis venu transmettre un message de soutien absolu...\\\"\"}]},{\"@type\":\"Person\",\"@id\":\"https:\/\/www.nettali.com\/#\/schema\/person\/7962a12a6e0267f88f0ffa544c36469a\",\"name\":\"Moustapha\",\"image\":{\"@type\":\"ImageObject\",\"@id\":\"https:\/\/www.nettali.com\/#personlogo\",\"inLanguage\":\"fr-FR\",\"url\":\"https:\/\/secure.gravatar.com\/avatar\/10fdf6a071cccdcf374e3dbe45159590?s=96&d=mm&r=g\",\"contentUrl\":\"https:\/\/secure.gravatar.com\/avatar\/10fdf6a071cccdcf374e3dbe45159590?s=96&d=mm&r=g\",\"caption\":\"Moustapha\"},\"sameAs\":[\"https:\/\/www.nettali.com\"]}]}<\/script>\n<!-- \/ Yoast SEO Premium plugin. -->","yoast_head_json":{"title":"OUSMANE SONKO A OUAGADOUGOU : \"Je suis venu transmettre un message de soutien absolu...\" | Nettali.com","robots":{"index":"index","follow":"follow","max-snippet":"max-snippet:-1","max-image-preview":"max-image-preview:large","max-video-preview":"max-video-preview:-1"},"canonical":"https:\/\/www.nettali.com\/2025\/05\/16\/ousmane-sonko-a-ouagadougou-je-suis-venu-transmettre-un-message-de-soutien-absolu\/","og_locale":"fr_FR","og_type":"article","og_title":"OUSMANE SONKO A OUAGADOUGOU : \"Je suis venu transmettre un message de soutien absolu...\"","og_description":"NETTALI.COM - Arriv\u00e9 \u00e0 Ouagadougou ce vendredi, Ousmane Sonko a \u00e9t\u00e9 re\u00e7u en d\u00e9but d'apr\u00e8s-midi par le capitaine Ibrahima Traor\u00e9. Au pr\u00e9sident du Burkina, le Premier ministre a transmis un message de \"soutien absolu\" de Bassirou Diomaye Faye. C'est une visite de travail de 48 heures que le Premier ministre du S\u00e9n\u00e9gal a entam\u00e9e ce [&hellip;]","og_url":"https:\/\/www.nettali.com\/2025\/05\/16\/ousmane-sonko-a-ouagadougou-je-suis-venu-transmettre-un-message-de-soutien-absolu\/","og_site_name":"Nettali.com","article_publisher":"https:\/\/www.facebook.com\/nettalicom","article_published_time":"2025-05-16T17:59:16+00:00","og_image":[{"width":1080,"height":1211,"url":"https:\/\/www.nettali.com\/wp-content\/uploads\/2025\/05\/FB_IMG_1747418315662.jpg","type":"image\/jpeg"}],"twitter_card":"summary_large_image","twitter_misc":{"\u00c9crit par":"Moustapha","Dur\u00e9e de lecture estim\u00e9e":"2 minutes"},"schema":{"@context":"https:\/\/schema.org","@graph":[{"@type":"WebSite","@id":"https:\/\/www.nettali.com\/#website","url":"https:\/\/www.nettali.com\/","name":"Nettali.com","description":"Le rendez-vous critique du Net","potentialAction":[{"@type":"SearchAction","target":{"@type":"EntryPoint","urlTemplate":"https:\/\/www.nettali.com\/?s={search_term_string}"},"query-input":"required name=search_term_string"}],"inLanguage":"fr-FR"},{"@type":"ImageObject","@id":"https:\/\/www.nettali.com\/2025\/05\/16\/ousmane-sonko-a-ouagadougou-je-suis-venu-transmettre-un-message-de-soutien-absolu\/#primaryimage","inLanguage":"fr-FR","url":"https:\/\/www.nettali.com\/wp-content\/uploads\/2025\/05\/FB_IMG_1747418315662.jpg","contentUrl":"https:\/\/www.nettali.com\/wp-content\/uploads\/2025\/05\/FB_IMG_1747418315662.jpg","width":1080,"height":1211},{"@type":"WebPage","@id":"https:\/\/www.nettali.com\/2025\/05\/16\/ousmane-sonko-a-ouagadougou-je-suis-venu-transmettre-un-message-de-soutien-absolu\/#webpage","url":"https:\/\/www.nettali.com\/2025\/05\/16\/ousmane-sonko-a-ouagadougou-je-suis-venu-transmettre-un-message-de-soutien-absolu\/","name":"OUSMANE SONKO A OUAGADOUGOU : \"Je suis venu transmettre un message de soutien absolu...\" | Nettali.com","isPartOf":{"@id":"https:\/\/www.nettali.com\/#website"},"primaryImageOfPage":{"@id":"https:\/\/www.nettali.com\/2025\/05\/16\/ousmane-sonko-a-ouagadougou-je-suis-venu-transmettre-un-message-de-soutien-absolu\/#primaryimage"},"datePublished":"2025-05-16T17:59:16+00:00","dateModified":"2025-05-16T17:59:16+00:00","author":{"@id":"https:\/\/www.nettali.com\/#\/schema\/person\/7962a12a6e0267f88f0ffa544c36469a"},"breadcrumb":{"@id":"https:\/\/www.nettali.com\/2025\/05\/16\/ousmane-sonko-a-ouagadougou-je-suis-venu-transmettre-un-message-de-soutien-absolu\/#breadcrumb"},"inLanguage":"fr-FR","potentialAction":[{"@type":"ReadAction","target":["https:\/\/www.nettali.com\/2025\/05\/16\/ousmane-sonko-a-ouagadougou-je-suis-venu-transmettre-un-message-de-soutien-absolu\/"]}]},{"@type":"BreadcrumbList","@id":"https:\/\/www.nettali.com\/2025\/05\/16\/ousmane-sonko-a-ouagadougou-je-suis-venu-transmettre-un-message-de-soutien-absolu\/#breadcrumb","itemListElement":[{"@type":"ListItem","position":1,"name":"Accueil","item":"https:\/\/www.nettali.com\/"},{"@type":"ListItem","position":2,"name":"OUSMANE SONKO A OUAGADOUGOU : \"Je suis venu transmettre un message de soutien absolu...\""}]},{"@type":"Person","@id":"https:\/\/www.nettali.com\/#\/schema\/person\/7962a12a6e0267f88f0ffa544c36469a","name":"Moustapha","image":{"@type":"ImageObject","@id":"https:\/\/www.nettali.com\/#personlogo","inLanguage":"fr-FR","url":"https:\/\/secure.gravatar.com\/avatar\/10fdf6a071cccdcf374e3dbe45159590?s=96&d=mm&r=g","contentUrl":"https:\/\/secure.gravatar.com\/avatar\/10fdf6a071cccdcf374e3dbe45159590?s=96&d=mm&r=g","caption":"Moustapha"},"sameAs":["https:\/\/www.nettali.com"]}]}},"_links":{"self":[{"href":"https:\/\/www.nettali.com\/rest\/wp\/v2\/posts\/154277"}],"collection":[{"href":"https:\/\/www.nettali.com\/rest\/wp\/v2\/posts"}],"about":[{"href":"https:\/\/www.nettali.com\/rest\/wp\/v2\/types\/post"}],"author":[{"embeddable":true,"href":"https:\/\/www.nettali.com\/rest\/wp\/v2\/users\/3"}],"replies":[{"embeddable":true,"href":"https:\/\/www.nettali.com\/rest\/wp\/v2\/comments?post=154277"}],"version-history":[{"count":1,"href":"https:\/\/www.nettali.com\/rest\/wp\/v2\/posts\/154277\/revisions"}],"predecessor-version":[{"id":154280,"href":"https:\/\/www.nettali.com\/rest\/wp\/v2\/posts\/154277\/revisions\/154280"}],"wp:featuredmedia":[{"embeddable":true,"href":"https:\/\/www.nettali.com\/rest\/wp\/v2\/media\/154279"}],"wp:attachment":[{"href":"https:\/\/www.nettali.com\/rest\/wp\/v2\/media?parent=154277"}],"wp:term":[{"taxonomy":"category","embeddable":true,"href":"https:\/\/www.nettali.com\/rest\/wp\/v2\/categories?post=154277"},{"taxonomy":"post_tag","embeddable":true,"href":"https:\/\/www.nettali.com\/rest\/wp\/v2\/tags?post=154277"}],"curies":[{"name":"wp","href":"https:\/\/api.w.org\/{rel}","templated":true}]}}