{"id":154274,"date":"2025-05-16T18:27:35","date_gmt":"2025-05-16T18:27:35","guid":{"rendered":"https:\/\/www.nettali.com\/?p=154274"},"modified":"2025-05-16T17:29:28","modified_gmt":"2025-05-16T17:29:28","slug":"thierno-bocoum-denonce-la-recuperation-politique-des-projets-de-de-macky-par-le-regime-de-diomaye","status":"publish","type":"post","link":"https:\/\/www.nettali.com\/2025\/05\/16\/thierno-bocoum-denonce-la-recuperation-politique-des-projets-de-de-macky-par-le-regime-de-diomaye\/","title":{"rendered":"Thierno Bocoum d\u00e9nonce la r\u00e9cup\u00e9ration politique des projets de de Macky par le r\u00e9gime de Diomaye"},"content":{"rendered":"<p class=\"\" data-start=\"208\" data-end=\"456\"><strong>NETTALI.COM - Le pr\u00e9sident du mouvement Alliance g\u00e9n\u00e9rationnelle pour les int\u00e9r\u00eats de la R\u00e9publique (AGIR), Thierno Bocoum, a vivement critiqu\u00e9 ce qu\u2019il qualifie de \"r\u00e9cup\u00e9ration politique\" de projets initi\u00e9s sous le pr\u00e9c\u00e9dent r\u00e9gime par les autorit\u00e9s actuelles.<\/strong><\/p>\n<p class=\"\" data-start=\"458\" data-end=\"921\">Dans un communiqu\u00e9 publi\u00e9 ce vendredi, l\u2019opposant d\u00e9plore une tendance persistante \u00e0 effacer la paternit\u00e9 de certaines initiatives. <em data-start=\"590\" data-end=\"669\">\"Moins de r\u00e9cup\u00e9ration, plus d\u2019innovation : voil\u00e0 ce qu\u2019on attend du pouvoir\"<\/em>, \u00e9crit-il, en r\u00e9action \u00e0 la relance de projets comme la s\u00e9curisation des cautions de loyers via la Caisse des D\u00e9p\u00f4ts et Consignations (CDC), le projet ferroviaire Dakar-Tambacounda, ou encore la strat\u00e9gie <em data-start=\"875\" data-end=\"889\">Gas to Power<\/em> pour la transition \u00e9nerg\u00e9tique.<\/p>\n<p class=\"\" data-start=\"923\" data-end=\"1272\">Thierno Bocoum rappelle que ces projets ont \u00e9t\u00e9 con\u00e7us et amorc\u00e9s avant 2024, sous l\u2019ancien r\u00e9gime, et accuse les nouveaux dirigeants de s\u2019en attribuer ind\u00fbment le m\u00e9rite. Il cite \u00e9galement les projets p\u00e9tro-gaziers de Sangomar et Grand Tortue Ahmeyim, dont les retomb\u00e9es \u00e9conomiques commencent \u00e0 se faire sentir, bien qu\u2019initi\u00e9s avant l\u2019alternance.<\/p>\n<p class=\"\" data-start=\"1274\" data-end=\"1496\"><em data-start=\"1274\" data-end=\"1344\">\"Ceux qui n\u2019ont encore rien produit revendiquent d\u00e9j\u00e0 des r\u00e9sultats\"<\/em>, d\u00e9plore-t-il, appelant \u00e0 une gouvernance honn\u00eate et tourn\u00e9e vers l\u2019innovation r\u00e9elle, plut\u00f4t qu\u2019\u00e0 une strat\u00e9gie de communication qu\u2019il juge trompeuse.<\/p>\n<div class='share-to-whatsapp-wrapper'><div class='share-on-whsp'>PARTAGER SUR : <\/div><a data-text='Thierno Bocoum d\u00e9nonce la r\u00e9cup\u00e9ration politique des projets de de Macky par le r\u00e9gime de Diomaye' data-link='https:\/\/www.nettali.com\/2025\/05\/16\/thierno-bocoum-denonce-la-recuperation-politique-des-projets-de-de-macky-par-le-regime-de-diomaye\/' class='whatsapp-button whatsapp-share'>WhatsApp<\/a><div class='clear '><\/div><\/div>","protected":false},"excerpt":{"rendered":"<p>NETTALI.COM - Le pr\u00e9sident du mouvement Alliance g\u00e9n\u00e9rationnelle pour les int\u00e9r\u00eats de la R\u00e9publique (AGIR), Thierno Bocoum, a vivement critiqu\u00e9 ce qu\u2019il qualifie de \"r\u00e9cup\u00e9ration politique\" de projets initi\u00e9s sous le pr\u00e9c\u00e9dent r\u00e9gime par les autorit\u00e9s actuelles. Dans un communiqu\u00e9 publi\u00e9 ce vendredi, l\u2019opposant d\u00e9plore une tendance persistante \u00e0 effacer la paternit\u00e9 de certaines initiatives. [&hellip;]<\/p>\n","protected":false},"author":4,"featured_media":146635,"comment_status":"open","ping_status":"open","sticky":false,"template":"","format":"standard","meta":{"_et_pb_use_builder":"","_et_pb_old_content":""},"categories":[2],"tags":[],"yoast_head":"<!-- This site is optimized with the Yoast SEO Premium plugin v17.8 (Yoast SEO v17.8) - https:\/\/yoast.com\/wordpress\/plugins\/seo\/ -->\n<title>Thierno Bocoum d\u00e9nonce la r\u00e9cup\u00e9ration politique des projets de de Macky par le r\u00e9gime de Diomaye | Nettali.com<\/title>\n<meta name=\"robots\" content=\"index, follow, max-snippet:-1, max-image-preview:large, max-video-preview:-1\" \/>\n<link rel=\"canonical\" href=\"https:\/\/www.nettali.com\/2025\/05\/16\/thierno-bocoum-denonce-la-recuperation-politique-des-projets-de-de-macky-par-le-regime-de-diomaye\/\" \/>\n<meta property=\"og:locale\" content=\"fr_FR\" \/>\n<meta property=\"og:type\" content=\"article\" \/>\n<meta property=\"og:title\" content=\"Thierno Bocoum d\u00e9nonce la r\u00e9cup\u00e9ration politique des projets de de Macky par le r\u00e9gime de Diomaye\" \/>\n<meta property=\"og:description\" content=\"NETTALI.COM - Le pr\u00e9sident du mouvement Alliance g\u00e9n\u00e9rationnelle pour les int\u00e9r\u00eats de la R\u00e9publique (AGIR), Thierno Bocoum, a vivement critiqu\u00e9 ce qu\u2019il qualifie de &quot;r\u00e9cup\u00e9ration politique&quot; de projets initi\u00e9s sous le pr\u00e9c\u00e9dent r\u00e9gime par les autorit\u00e9s actuelles. Dans un communiqu\u00e9 publi\u00e9 ce vendredi, l\u2019opposant d\u00e9plore une tendance persistante \u00e0 effacer la paternit\u00e9 de certaines initiatives. [&hellip;]\" \/>\n<meta property=\"og:url\" content=\"https:\/\/www.nettali.com\/2025\/05\/16\/thierno-bocoum-denonce-la-recuperation-politique-des-projets-de-de-macky-par-le-regime-de-diomaye\/\" \/>\n<meta property=\"og:site_name\" content=\"Nettali.com\" \/>\n<meta property=\"article:publisher\" content=\"https:\/\/www.facebook.com\/nettalicom\" \/>\n<meta property=\"article:published_time\" content=\"2025-05-16T18:27:35+00:00\" \/>\n<meta property=\"article:modified_time\" content=\"2025-05-16T17:29:28+00:00\" \/>\n<meta property=\"og:image\" content=\"https:\/\/www.nettali.com\/wp-content\/uploads\/2025\/01\/Thierno-Bocoum-3-1080x900-1.png\" \/>\n\t<meta property=\"og:image:width\" content=\"1080\" \/>\n\t<meta property=\"og:image:height\" content=\"900\" \/>\n<meta name=\"twitter:card\" content=\"summary_large_image\" \/>\n<meta name=\"twitter:label1\" content=\"\u00c9crit par\" \/>\n\t<meta name=\"twitter:data1\" content=\"Daouda\" \/>\n\t<meta name=\"twitter:label2\" content=\"Dur\u00e9e de lecture estim\u00e9e\" \/>\n\t<meta name=\"twitter:data2\" content=\"1 minute\" \/>\n<script type=\"application\/ld+json\" class=\"yoast-schema-graph\">{\"@context\":\"https:\/\/schema.org\",\"@graph\":[{\"@type\":\"WebSite\",\"@id\":\"https:\/\/www.nettali.com\/#website\",\"url\":\"https:\/\/www.nettali.com\/\",\"name\":\"Nettali.com\",\"description\":\"Le rendez-vous critique du Net\",\"potentialAction\":[{\"@type\":\"SearchAction\",\"target\":{\"@type\":\"EntryPoint\",\"urlTemplate\":\"https:\/\/www.nettali.com\/?s={search_term_string}\"},\"query-input\":\"required name=search_term_string\"}],\"inLanguage\":\"fr-FR\"},{\"@type\":\"ImageObject\",\"@id\":\"https:\/\/www.nettali.com\/2025\/05\/16\/thierno-bocoum-denonce-la-recuperation-politique-des-projets-de-de-macky-par-le-regime-de-diomaye\/#primaryimage\",\"inLanguage\":\"fr-FR\",\"url\":\"https:\/\/www.nettali.com\/wp-content\/uploads\/2025\/01\/Thierno-Bocoum-3-1080x900-1.png\",\"contentUrl\":\"https:\/\/www.nettali.com\/wp-content\/uploads\/2025\/01\/Thierno-Bocoum-3-1080x900-1.png\",\"width\":1080,\"height\":900},{\"@type\":\"WebPage\",\"@id\":\"https:\/\/www.nettali.com\/2025\/05\/16\/thierno-bocoum-denonce-la-recuperation-politique-des-projets-de-de-macky-par-le-regime-de-diomaye\/#webpage\",\"url\":\"https:\/\/www.nettali.com\/2025\/05\/16\/thierno-bocoum-denonce-la-recuperation-politique-des-projets-de-de-macky-par-le-regime-de-diomaye\/\",\"name\":\"Thierno Bocoum d\\u00e9nonce la r\\u00e9cup\\u00e9ration politique des projets de de Macky par le r\\u00e9gime de Diomaye | Nettali.com\",\"isPartOf\":{\"@id\":\"https:\/\/www.nettali.com\/#website\"},\"primaryImageOfPage\":{\"@id\":\"https:\/\/www.nettali.com\/2025\/05\/16\/thierno-bocoum-denonce-la-recuperation-politique-des-projets-de-de-macky-par-le-regime-de-diomaye\/#primaryimage\"},\"datePublished\":\"2025-05-16T18:27:35+00:00\",\"dateModified\":\"2025-05-16T17:29:28+00:00\",\"author\":{\"@id\":\"https:\/\/www.nettali.com\/#\/schema\/person\/3317e0bb3aa1da309fbf7b2780901bf4\"},\"breadcrumb\":{\"@id\":\"https:\/\/www.nettali.com\/2025\/05\/16\/thierno-bocoum-denonce-la-recuperation-politique-des-projets-de-de-macky-par-le-regime-de-diomaye\/#breadcrumb\"},\"inLanguage\":\"fr-FR\",\"potentialAction\":[{\"@type\":\"ReadAction\",\"target\":[\"https:\/\/www.nettali.com\/2025\/05\/16\/thierno-bocoum-denonce-la-recuperation-politique-des-projets-de-de-macky-par-le-regime-de-diomaye\/\"]}]},{\"@type\":\"BreadcrumbList\",\"@id\":\"https:\/\/www.nettali.com\/2025\/05\/16\/thierno-bocoum-denonce-la-recuperation-politique-des-projets-de-de-macky-par-le-regime-de-diomaye\/#breadcrumb\",\"itemListElement\":[{\"@type\":\"ListItem\",\"position\":1,\"name\":\"Accueil\",\"item\":\"https:\/\/www.nettali.com\/\"},{\"@type\":\"ListItem\",\"position\":2,\"name\":\"Thierno Bocoum d\\u00e9nonce la r\\u00e9cup\\u00e9ration politique des projets de de Macky par le r\\u00e9gime de Diomaye\"}]},{\"@type\":\"Person\",\"@id\":\"https:\/\/www.nettali.com\/#\/schema\/person\/3317e0bb3aa1da309fbf7b2780901bf4\",\"name\":\"Daouda\",\"image\":{\"@type\":\"ImageObject\",\"@id\":\"https:\/\/www.nettali.com\/#personlogo\",\"inLanguage\":\"fr-FR\",\"url\":\"https:\/\/secure.gravatar.com\/avatar\/8d143b5a49345098ddcfee1c49c2f47c?s=96&d=mm&r=g\",\"contentUrl\":\"https:\/\/secure.gravatar.com\/avatar\/8d143b5a49345098ddcfee1c49c2f47c?s=96&d=mm&r=g\",\"caption\":\"Daouda\"},\"sameAs\":[\"https:\/\/www.nettali.com\"]}]}<\/script>\n<!-- \/ Yoast SEO Premium plugin. -->","yoast_head_json":{"title":"Thierno Bocoum d\u00e9nonce la r\u00e9cup\u00e9ration politique des projets de de Macky par le r\u00e9gime de Diomaye | Nettali.com","robots":{"index":"index","follow":"follow","max-snippet":"max-snippet:-1","max-image-preview":"max-image-preview:large","max-video-preview":"max-video-preview:-1"},"canonical":"https:\/\/www.nettali.com\/2025\/05\/16\/thierno-bocoum-denonce-la-recuperation-politique-des-projets-de-de-macky-par-le-regime-de-diomaye\/","og_locale":"fr_FR","og_type":"article","og_title":"Thierno Bocoum d\u00e9nonce la r\u00e9cup\u00e9ration politique des projets de de Macky par le r\u00e9gime de Diomaye","og_description":"NETTALI.COM - Le pr\u00e9sident du mouvement Alliance g\u00e9n\u00e9rationnelle pour les int\u00e9r\u00eats de la R\u00e9publique (AGIR), Thierno Bocoum, a vivement critiqu\u00e9 ce qu\u2019il qualifie de \"r\u00e9cup\u00e9ration politique\" de projets initi\u00e9s sous le pr\u00e9c\u00e9dent r\u00e9gime par les autorit\u00e9s actuelles. Dans un communiqu\u00e9 publi\u00e9 ce vendredi, l\u2019opposant d\u00e9plore une tendance persistante \u00e0 effacer la paternit\u00e9 de certaines initiatives. [&hellip;]","og_url":"https:\/\/www.nettali.com\/2025\/05\/16\/thierno-bocoum-denonce-la-recuperation-politique-des-projets-de-de-macky-par-le-regime-de-diomaye\/","og_site_name":"Nettali.com","article_publisher":"https:\/\/www.facebook.com\/nettalicom","article_published_time":"2025-05-16T18:27:35+00:00","article_modified_time":"2025-05-16T17:29:28+00:00","og_image":[{"width":1080,"height":900,"url":"https:\/\/www.nettali.com\/wp-content\/uploads\/2025\/01\/Thierno-Bocoum-3-1080x900-1.png","type":"image\/png"}],"twitter_card":"summary_large_image","twitter_misc":{"\u00c9crit par":"Daouda","Dur\u00e9e de lecture estim\u00e9e":"1 minute"},"schema":{"@context":"https:\/\/schema.org","@graph":[{"@type":"WebSite","@id":"https:\/\/www.nettali.com\/#website","url":"https:\/\/www.nettali.com\/","name":"Nettali.com","description":"Le rendez-vous critique du Net","potentialAction":[{"@type":"SearchAction","target":{"@type":"EntryPoint","urlTemplate":"https:\/\/www.nettali.com\/?s={search_term_string}"},"query-input":"required name=search_term_string"}],"inLanguage":"fr-FR"},{"@type":"ImageObject","@id":"https:\/\/www.nettali.com\/2025\/05\/16\/thierno-bocoum-denonce-la-recuperation-politique-des-projets-de-de-macky-par-le-regime-de-diomaye\/#primaryimage","inLanguage":"fr-FR","url":"https:\/\/www.nettali.com\/wp-content\/uploads\/2025\/01\/Thierno-Bocoum-3-1080x900-1.png","contentUrl":"https:\/\/www.nettali.com\/wp-content\/uploads\/2025\/01\/Thierno-Bocoum-3-1080x900-1.png","width":1080,"height":900},{"@type":"WebPage","@id":"https:\/\/www.nettali.com\/2025\/05\/16\/thierno-bocoum-denonce-la-recuperation-politique-des-projets-de-de-macky-par-le-regime-de-diomaye\/#webpage","url":"https:\/\/www.nettali.com\/2025\/05\/16\/thierno-bocoum-denonce-la-recuperation-politique-des-projets-de-de-macky-par-le-regime-de-diomaye\/","name":"Thierno Bocoum d\u00e9nonce la r\u00e9cup\u00e9ration politique des projets de de Macky par le r\u00e9gime de Diomaye | Nettali.com","isPartOf":{"@id":"https:\/\/www.nettali.com\/#website"},"primaryImageOfPage":{"@id":"https:\/\/www.nettali.com\/2025\/05\/16\/thierno-bocoum-denonce-la-recuperation-politique-des-projets-de-de-macky-par-le-regime-de-diomaye\/#primaryimage"},"datePublished":"2025-05-16T18:27:35+00:00","dateModified":"2025-05-16T17:29:28+00:00","author":{"@id":"https:\/\/www.nettali.com\/#\/schema\/person\/3317e0bb3aa1da309fbf7b2780901bf4"},"breadcrumb":{"@id":"https:\/\/www.nettali.com\/2025\/05\/16\/thierno-bocoum-denonce-la-recuperation-politique-des-projets-de-de-macky-par-le-regime-de-diomaye\/#breadcrumb"},"inLanguage":"fr-FR","potentialAction":[{"@type":"ReadAction","target":["https:\/\/www.nettali.com\/2025\/05\/16\/thierno-bocoum-denonce-la-recuperation-politique-des-projets-de-de-macky-par-le-regime-de-diomaye\/"]}]},{"@type":"BreadcrumbList","@id":"https:\/\/www.nettali.com\/2025\/05\/16\/thierno-bocoum-denonce-la-recuperation-politique-des-projets-de-de-macky-par-le-regime-de-diomaye\/#breadcrumb","itemListElement":[{"@type":"ListItem","position":1,"name":"Accueil","item":"https:\/\/www.nettali.com\/"},{"@type":"ListItem","position":2,"name":"Thierno Bocoum d\u00e9nonce la r\u00e9cup\u00e9ration politique des projets de de Macky par le r\u00e9gime de Diomaye"}]},{"@type":"Person","@id":"https:\/\/www.nettali.com\/#\/schema\/person\/3317e0bb3aa1da309fbf7b2780901bf4","name":"Daouda","image":{"@type":"ImageObject","@id":"https:\/\/www.nettali.com\/#personlogo","inLanguage":"fr-FR","url":"https:\/\/secure.gravatar.com\/avatar\/8d143b5a49345098ddcfee1c49c2f47c?s=96&d=mm&r=g","contentUrl":"https:\/\/secure.gravatar.com\/avatar\/8d143b5a49345098ddcfee1c49c2f47c?s=96&d=mm&r=g","caption":"Daouda"},"sameAs":["https:\/\/www.nettali.com"]}]}},"_links":{"self":[{"href":"https:\/\/www.nettali.com\/rest\/wp\/v2\/posts\/154274"}],"collection":[{"href":"https:\/\/www.nettali.com\/rest\/wp\/v2\/posts"}],"about":[{"href":"https:\/\/www.nettali.com\/rest\/wp\/v2\/types\/post"}],"author":[{"embeddable":true,"href":"https:\/\/www.nettali.com\/rest\/wp\/v2\/users\/4"}],"replies":[{"embeddable":true,"href":"https:\/\/www.nettali.com\/rest\/wp\/v2\/comments?post=154274"}],"version-history":[{"count":1,"href":"https:\/\/www.nettali.com\/rest\/wp\/v2\/posts\/154274\/revisions"}],"predecessor-version":[{"id":154275,"href":"https:\/\/www.nettali.com\/rest\/wp\/v2\/posts\/154274\/revisions\/154275"}],"wp:featuredmedia":[{"embeddable":true,"href":"https:\/\/www.nettali.com\/rest\/wp\/v2\/media\/146635"}],"wp:attachment":[{"href":"https:\/\/www.nettali.com\/rest\/wp\/v2\/media?parent=154274"}],"wp:term":[{"taxonomy":"category","embeddable":true,"href":"https:\/\/www.nettali.com\/rest\/wp\/v2\/categories?post=154274"},{"taxonomy":"post_tag","embeddable":true,"href":"https:\/\/www.nettali.com\/rest\/wp\/v2\/tags?post=154274"}],"curies":[{"name":"wp","href":"https:\/\/api.w.org\/{rel}","templated":true}]}}