{"id":154272,"date":"2025-05-16T17:23:32","date_gmt":"2025-05-16T17:23:32","guid":{"rendered":"https:\/\/www.nettali.com\/?p=154272"},"modified":"2025-05-16T17:23:32","modified_gmt":"2025-05-16T17:23:32","slug":"usa-lauteur-de-la-tentative-de-meurtre-contre-salman-rushdie-condamne-a-25-ans-de-prison","status":"publish","type":"post","link":"https:\/\/www.nettali.com\/2025\/05\/16\/usa-lauteur-de-la-tentative-de-meurtre-contre-salman-rushdie-condamne-a-25-ans-de-prison\/","title":{"rendered":"USA - L'auteur de la tentative de meurtre contre Salman Rushdie condamn\u00e9 \u00e0 25 ans de prison"},"content":{"rendered":"<div><strong><span style=\"font-size: 16px;\">NETTALI.COM - Hadi Matar, l'Am\u00e9ricano-Libanais de 27 ans qui avait agress\u00e9 au couteau en 2022 l'\u00e9crivain Salman Rushdie, symbole de la libert\u00e9 d'expression, a \u00e9t\u00e9 condamn\u00e9 vendredi \u00e0 25 ans de prison.<\/span><\/strong><\/div>\n<div><span style=\"font-size: 16px;\">\u00a0<\/span><\/div>\n<div><span style=\"font-size: 16px;\">Hadi Matar, qui a grandi aux Etats-Unis, avait \u00e9t\u00e9 reconnu coupable en f\u00e9vrier de tentative de meurtre et agression par un jury, apr\u00e8s deux semaines de proc\u00e8s au tribunal de Mayville, dans le nord de l'Etat de New York.<\/span><\/div>\n<div><span style=\"font-size: 16px;\">\u00a0<\/span><\/div>\n<div><span style=\"font-size: 16px;\">Il a \u00e9t\u00e9 condamn\u00e9 \u00e0 la peine maximale, soit 25 ans de prison, ainsi qu'\u00e0 sept ans de prison pour avoir bless\u00e9 une autre personne, qu'il purgera simultan\u00e9ment.<\/span><\/div>\n<div><span style=\"font-size: 16px;\">\u00a0<\/span><\/div>\n<div><span style=\"font-size: 16px;\">Le 12 ao\u00fbt 2022, il avait lard\u00e9 de coups de couteau l'auteur des \"Versets sataniques\", ouvrage qui avait valu en 1989 \u00e0 Salman Rushdie une condamnation \u00e0 mort par l'Iran, qui le jugeait blasph\u00e9matoire.<\/span><\/div>\n<div><span style=\"font-size: 16px;\">\u00a0<\/span><\/div>\n<div><span style=\"font-size: 16px;\">L'\u00e9crivain am\u00e9ricano-britannique de 77 ans, d'origine indienne, a perdu l'usage de son oeil droit dans cette attaque, sa pomme d'Adam a \u00e9t\u00e9 lac\u00e9r\u00e9e, son foie et son intestin gr\u00eale perc\u00e9s, et de graves l\u00e9sions nerveuses au bras l'ont laiss\u00e9 paralys\u00e9 d'une main.<\/span><\/div>\n<div><span style=\"font-size: 16px;\">\u00a0<\/span><\/div>\n<div><span style=\"font-size: 16px;\">L'agression s'\u00e9tait produite devant pr\u00e8s d'un millier de personnes lors d'une conf\u00e9rence sur la protection de la libert\u00e9 des \u00e9crivains, dans une paisible r\u00e9gion frontali\u00e8re du Canada. L'auteur avait \u00e9t\u00e9 sauv\u00e9 par des spectateurs.<\/span><\/div>\n<div><span style=\"font-size: 16px;\">\u00a0<\/span><\/div>\n<div><strong><span style=\"font-size: 16px;\">- \"Mare de sang\"-<\/span><\/strong><\/div>\n<div><span style=\"font-size: 16px;\">A la barre du tribunal de Mayville, o\u00f9 il s'est pr\u00e9sent\u00e9 en f\u00e9vrier avec son oeil droit cach\u00e9 derri\u00e8re un verre teint\u00e9, il a notamment racont\u00e9 s'\u00eatre vu \"mourir\" lors de cette attaque.<\/span><\/div>\n<div><em><span style=\"font-size: 16px;\">\u00a0<\/span><\/em><\/div>\n<div><span style=\"font-size: 16px;\"><em>\"C'\u00e9tait un coup de couteau dans mon oeil, extr\u00eamement douloureux, apr\u00e8s je hurlais \u00e0 cause de la douleur\"<\/em>, avait racont\u00e9 Salman Rushdie durant le proc\u00e8s, ajoutant qu'il s'\u00e9tait retrouv\u00e9 dans une \"mare de sang\".<\/span><\/div>\n<div><span style=\"font-size: 16px;\">\u00a0<\/span><\/div>\n<div><span style=\"font-size: 16px;\">L'\u00e9crivain avait d\u00e9j\u00e0 fait le r\u00e9cit de l'agression dans un livre, \"Le couteau\".<\/span><\/div>\n<div><span style=\"font-size: 16px;\">\u00a0<\/span><\/div>\n<div><span style=\"font-size: 16px;\">Hadi Matar avait \u00e9t\u00e9 arr\u00eat\u00e9 dans la foul\u00e9e.<\/span><\/div>\n<div><span style=\"font-size: 16px;\">\u00a0<\/span><\/div>\n<div><span style=\"font-size: 16px;\">L'homme, qui a plusieurs fois hurl\u00e9 des slogans propalestiniens durant son proc\u00e8s, a poignard\u00e9 l'\u00e9crivain une dizaine de fois avec un couteau dot\u00e9 d'une lame de pr\u00e8s de 20 centim\u00e8tres.<\/span><\/div>\n<div><span style=\"font-size: 16px;\">\u00a0<\/span><\/div>\n<div><span style=\"font-size: 16px;\">Quelques jours apr\u00e8s l'agression, il avait \u00e9t\u00e9 interview\u00e9 depuis sa prison par le tablo\u00efd New York Post, auquel il avait confi\u00e9 avoir \u00e9t\u00e9 \"surpris\" que Salman Rushdie ait surv\u00e9cu.<\/span><\/div>\n<div><span style=\"font-size: 16px;\">\u00a0<\/span><\/div>\n<div><span style=\"font-size: 16px;\">Il n'avait pas dit, en revanche, s'il avait \u00e9t\u00e9 inspir\u00e9 par la fatwa lanc\u00e9e en 1989 par l'ayatollah Khomeini, \u00e0 l'\u00e9poque le dirigeant de la R\u00e9publique islamique d'Iran. Il a \u00e9galement d\u00e9clar\u00e9 \u00e0 la presse qu'il n'avait lu que deux pages des \"Versets sataniques\", mais a soulign\u00e9 qu'il reprochait \u00e0 Rushdie d'avoir \"attaqu\u00e9 l'islam\".<\/span><\/div>\n<div><span style=\"font-size: 16px;\">\u00a0<\/span><\/div>\n<div><span style=\"font-size: 16px;\">Apr\u00e8s la fatwa, Salman Rushdie a v\u00e9cu reclus \u00e0 Londres durant une d\u00e9cennie, mais depuis une vingtaine d'ann\u00e9es il vit relativement normalement \u00e0 New York.<\/span><\/div>\n<div><span style=\"font-size: 16px;\">\u00a0<\/span><\/div>\n<div><span style=\"font-size: 16px;\">Hadi Matar est aussi inculp\u00e9 devant la justice f\u00e9d\u00e9rale am\u00e9ricaine pour \"acte de terrorisme au nom du Hezbollah\", le mouvement chiite libanais soutenu par l'Iran. T\u00e9h\u00e9ran a ni\u00e9 toute implication.<\/span><\/div>\n<div><span style=\"font-size: 16px;\">\u00a0<\/span><\/div>\n<div><span style=\"font-size: 16px;\">Henry Reese, cofondateur de \"Pittsburgh Ville Refuge\", un projet d'aide aux \u00e9crivains en exil, avait aussi \u00e9t\u00e9 bless\u00e9 dans l'agression.<\/span><\/div>\n<div class='share-to-whatsapp-wrapper'><div class='share-on-whsp'>PARTAGER SUR : <\/div><a data-text='USA - L'auteur de la tentative de meurtre contre Salman Rushdie condamn\u00e9 \u00e0 25 ans de prison' data-link='https:\/\/www.nettali.com\/2025\/05\/16\/usa-lauteur-de-la-tentative-de-meurtre-contre-salman-rushdie-condamne-a-25-ans-de-prison\/' class='whatsapp-button whatsapp-share'>WhatsApp<\/a><div class='clear '><\/div><\/div>","protected":false},"excerpt":{"rendered":"<p>NETTALI.COM - Hadi Matar, l'Am\u00e9ricano-Libanais de 27 ans qui avait agress\u00e9 au couteau en 2022 l'\u00e9crivain Salman Rushdie, symbole de la libert\u00e9 d'expression, a \u00e9t\u00e9 condamn\u00e9 vendredi \u00e0 25 ans de prison. \u00a0 Hadi Matar, qui a grandi aux Etats-Unis, avait \u00e9t\u00e9 reconnu coupable en f\u00e9vrier de tentative de meurtre et agression par un jury, [&hellip;]<\/p>\n","protected":false},"author":4,"featured_media":91872,"comment_status":"open","ping_status":"open","sticky":false,"template":"","format":"standard","meta":{"_et_pb_use_builder":"","_et_pb_old_content":""},"categories":[3],"tags":[],"yoast_head":"<!-- This site is optimized with the Yoast SEO Premium plugin v17.8 (Yoast SEO v17.8) - https:\/\/yoast.com\/wordpress\/plugins\/seo\/ -->\n<title>USA - L&#039;auteur de la tentative de meurtre contre Salman Rushdie condamn\u00e9 \u00e0 25 ans de prison | Nettali.com<\/title>\n<meta name=\"robots\" content=\"index, follow, max-snippet:-1, max-image-preview:large, max-video-preview:-1\" \/>\n<link rel=\"canonical\" href=\"https:\/\/www.nettali.com\/2025\/05\/16\/usa-lauteur-de-la-tentative-de-meurtre-contre-salman-rushdie-condamne-a-25-ans-de-prison\/\" \/>\n<meta property=\"og:locale\" content=\"fr_FR\" \/>\n<meta property=\"og:type\" content=\"article\" \/>\n<meta property=\"og:title\" content=\"USA - L&#039;auteur de la tentative de meurtre contre Salman Rushdie condamn\u00e9 \u00e0 25 ans de prison\" \/>\n<meta property=\"og:description\" content=\"NETTALI.COM - Hadi Matar, l&#039;Am\u00e9ricano-Libanais de 27 ans qui avait agress\u00e9 au couteau en 2022 l&#039;\u00e9crivain Salman Rushdie, symbole de la libert\u00e9 d&#039;expression, a \u00e9t\u00e9 condamn\u00e9 vendredi \u00e0 25 ans de prison. \u00a0 Hadi Matar, qui a grandi aux Etats-Unis, avait \u00e9t\u00e9 reconnu coupable en f\u00e9vrier de tentative de meurtre et agression par un jury, [&hellip;]\" \/>\n<meta property=\"og:url\" content=\"https:\/\/www.nettali.com\/2025\/05\/16\/usa-lauteur-de-la-tentative-de-meurtre-contre-salman-rushdie-condamne-a-25-ans-de-prison\/\" \/>\n<meta property=\"og:site_name\" content=\"Nettali.com\" \/>\n<meta property=\"article:publisher\" content=\"https:\/\/www.facebook.com\/nettalicom\" \/>\n<meta property=\"article:published_time\" content=\"2025-05-16T17:23:32+00:00\" \/>\n<meta property=\"og:image\" content=\"https:\/\/www.nettali.com\/wp-content\/uploads\/2022\/08\/Salman.jpeg\" \/>\n\t<meta property=\"og:image:width\" content=\"630\" \/>\n\t<meta property=\"og:image:height\" content=\"354\" \/>\n<meta name=\"twitter:card\" content=\"summary_large_image\" \/>\n<meta name=\"twitter:label1\" content=\"\u00c9crit par\" \/>\n\t<meta name=\"twitter:data1\" content=\"Daouda\" \/>\n\t<meta name=\"twitter:label2\" content=\"Dur\u00e9e de lecture estim\u00e9e\" \/>\n\t<meta name=\"twitter:data2\" content=\"3 minutes\" \/>\n<script type=\"application\/ld+json\" class=\"yoast-schema-graph\">{\"@context\":\"https:\/\/schema.org\",\"@graph\":[{\"@type\":\"WebSite\",\"@id\":\"https:\/\/www.nettali.com\/#website\",\"url\":\"https:\/\/www.nettali.com\/\",\"name\":\"Nettali.com\",\"description\":\"Le rendez-vous critique du Net\",\"potentialAction\":[{\"@type\":\"SearchAction\",\"target\":{\"@type\":\"EntryPoint\",\"urlTemplate\":\"https:\/\/www.nettali.com\/?s={search_term_string}\"},\"query-input\":\"required name=search_term_string\"}],\"inLanguage\":\"fr-FR\"},{\"@type\":\"ImageObject\",\"@id\":\"https:\/\/www.nettali.com\/2025\/05\/16\/usa-lauteur-de-la-tentative-de-meurtre-contre-salman-rushdie-condamne-a-25-ans-de-prison\/#primaryimage\",\"inLanguage\":\"fr-FR\",\"url\":\"https:\/\/www.nettali.com\/wp-content\/uploads\/2022\/08\/Salman.jpeg\",\"contentUrl\":\"https:\/\/www.nettali.com\/wp-content\/uploads\/2022\/08\/Salman.jpeg\",\"width\":630,\"height\":354},{\"@type\":\"WebPage\",\"@id\":\"https:\/\/www.nettali.com\/2025\/05\/16\/usa-lauteur-de-la-tentative-de-meurtre-contre-salman-rushdie-condamne-a-25-ans-de-prison\/#webpage\",\"url\":\"https:\/\/www.nettali.com\/2025\/05\/16\/usa-lauteur-de-la-tentative-de-meurtre-contre-salman-rushdie-condamne-a-25-ans-de-prison\/\",\"name\":\"USA - L'auteur de la tentative de meurtre contre Salman Rushdie condamn\\u00e9 \\u00e0 25 ans de prison | Nettali.com\",\"isPartOf\":{\"@id\":\"https:\/\/www.nettali.com\/#website\"},\"primaryImageOfPage\":{\"@id\":\"https:\/\/www.nettali.com\/2025\/05\/16\/usa-lauteur-de-la-tentative-de-meurtre-contre-salman-rushdie-condamne-a-25-ans-de-prison\/#primaryimage\"},\"datePublished\":\"2025-05-16T17:23:32+00:00\",\"dateModified\":\"2025-05-16T17:23:32+00:00\",\"author\":{\"@id\":\"https:\/\/www.nettali.com\/#\/schema\/person\/3317e0bb3aa1da309fbf7b2780901bf4\"},\"breadcrumb\":{\"@id\":\"https:\/\/www.nettali.com\/2025\/05\/16\/usa-lauteur-de-la-tentative-de-meurtre-contre-salman-rushdie-condamne-a-25-ans-de-prison\/#breadcrumb\"},\"inLanguage\":\"fr-FR\",\"potentialAction\":[{\"@type\":\"ReadAction\",\"target\":[\"https:\/\/www.nettali.com\/2025\/05\/16\/usa-lauteur-de-la-tentative-de-meurtre-contre-salman-rushdie-condamne-a-25-ans-de-prison\/\"]}]},{\"@type\":\"BreadcrumbList\",\"@id\":\"https:\/\/www.nettali.com\/2025\/05\/16\/usa-lauteur-de-la-tentative-de-meurtre-contre-salman-rushdie-condamne-a-25-ans-de-prison\/#breadcrumb\",\"itemListElement\":[{\"@type\":\"ListItem\",\"position\":1,\"name\":\"Accueil\",\"item\":\"https:\/\/www.nettali.com\/\"},{\"@type\":\"ListItem\",\"position\":2,\"name\":\"USA - L'auteur de la tentative de meurtre contre Salman Rushdie condamn\\u00e9 \\u00e0 25 ans de prison\"}]},{\"@type\":\"Person\",\"@id\":\"https:\/\/www.nettali.com\/#\/schema\/person\/3317e0bb3aa1da309fbf7b2780901bf4\",\"name\":\"Daouda\",\"image\":{\"@type\":\"ImageObject\",\"@id\":\"https:\/\/www.nettali.com\/#personlogo\",\"inLanguage\":\"fr-FR\",\"url\":\"https:\/\/secure.gravatar.com\/avatar\/8d143b5a49345098ddcfee1c49c2f47c?s=96&d=mm&r=g\",\"contentUrl\":\"https:\/\/secure.gravatar.com\/avatar\/8d143b5a49345098ddcfee1c49c2f47c?s=96&d=mm&r=g\",\"caption\":\"Daouda\"},\"sameAs\":[\"https:\/\/www.nettali.com\"]}]}<\/script>\n<!-- \/ Yoast SEO Premium plugin. -->","yoast_head_json":{"title":"USA - L'auteur de la tentative de meurtre contre Salman Rushdie condamn\u00e9 \u00e0 25 ans de prison | Nettali.com","robots":{"index":"index","follow":"follow","max-snippet":"max-snippet:-1","max-image-preview":"max-image-preview:large","max-video-preview":"max-video-preview:-1"},"canonical":"https:\/\/www.nettali.com\/2025\/05\/16\/usa-lauteur-de-la-tentative-de-meurtre-contre-salman-rushdie-condamne-a-25-ans-de-prison\/","og_locale":"fr_FR","og_type":"article","og_title":"USA - L'auteur de la tentative de meurtre contre Salman Rushdie condamn\u00e9 \u00e0 25 ans de prison","og_description":"NETTALI.COM - Hadi Matar, l'Am\u00e9ricano-Libanais de 27 ans qui avait agress\u00e9 au couteau en 2022 l'\u00e9crivain Salman Rushdie, symbole de la libert\u00e9 d'expression, a \u00e9t\u00e9 condamn\u00e9 vendredi \u00e0 25 ans de prison. \u00a0 Hadi Matar, qui a grandi aux Etats-Unis, avait \u00e9t\u00e9 reconnu coupable en f\u00e9vrier de tentative de meurtre et agression par un jury, [&hellip;]","og_url":"https:\/\/www.nettali.com\/2025\/05\/16\/usa-lauteur-de-la-tentative-de-meurtre-contre-salman-rushdie-condamne-a-25-ans-de-prison\/","og_site_name":"Nettali.com","article_publisher":"https:\/\/www.facebook.com\/nettalicom","article_published_time":"2025-05-16T17:23:32+00:00","og_image":[{"width":630,"height":354,"url":"https:\/\/www.nettali.com\/wp-content\/uploads\/2022\/08\/Salman.jpeg","type":"image\/jpeg"}],"twitter_card":"summary_large_image","twitter_misc":{"\u00c9crit par":"Daouda","Dur\u00e9e de lecture estim\u00e9e":"3 minutes"},"schema":{"@context":"https:\/\/schema.org","@graph":[{"@type":"WebSite","@id":"https:\/\/www.nettali.com\/#website","url":"https:\/\/www.nettali.com\/","name":"Nettali.com","description":"Le rendez-vous critique du Net","potentialAction":[{"@type":"SearchAction","target":{"@type":"EntryPoint","urlTemplate":"https:\/\/www.nettali.com\/?s={search_term_string}"},"query-input":"required name=search_term_string"}],"inLanguage":"fr-FR"},{"@type":"ImageObject","@id":"https:\/\/www.nettali.com\/2025\/05\/16\/usa-lauteur-de-la-tentative-de-meurtre-contre-salman-rushdie-condamne-a-25-ans-de-prison\/#primaryimage","inLanguage":"fr-FR","url":"https:\/\/www.nettali.com\/wp-content\/uploads\/2022\/08\/Salman.jpeg","contentUrl":"https:\/\/www.nettali.com\/wp-content\/uploads\/2022\/08\/Salman.jpeg","width":630,"height":354},{"@type":"WebPage","@id":"https:\/\/www.nettali.com\/2025\/05\/16\/usa-lauteur-de-la-tentative-de-meurtre-contre-salman-rushdie-condamne-a-25-ans-de-prison\/#webpage","url":"https:\/\/www.nettali.com\/2025\/05\/16\/usa-lauteur-de-la-tentative-de-meurtre-contre-salman-rushdie-condamne-a-25-ans-de-prison\/","name":"USA - L'auteur de la tentative de meurtre contre Salman Rushdie condamn\u00e9 \u00e0 25 ans de prison | Nettali.com","isPartOf":{"@id":"https:\/\/www.nettali.com\/#website"},"primaryImageOfPage":{"@id":"https:\/\/www.nettali.com\/2025\/05\/16\/usa-lauteur-de-la-tentative-de-meurtre-contre-salman-rushdie-condamne-a-25-ans-de-prison\/#primaryimage"},"datePublished":"2025-05-16T17:23:32+00:00","dateModified":"2025-05-16T17:23:32+00:00","author":{"@id":"https:\/\/www.nettali.com\/#\/schema\/person\/3317e0bb3aa1da309fbf7b2780901bf4"},"breadcrumb":{"@id":"https:\/\/www.nettali.com\/2025\/05\/16\/usa-lauteur-de-la-tentative-de-meurtre-contre-salman-rushdie-condamne-a-25-ans-de-prison\/#breadcrumb"},"inLanguage":"fr-FR","potentialAction":[{"@type":"ReadAction","target":["https:\/\/www.nettali.com\/2025\/05\/16\/usa-lauteur-de-la-tentative-de-meurtre-contre-salman-rushdie-condamne-a-25-ans-de-prison\/"]}]},{"@type":"BreadcrumbList","@id":"https:\/\/www.nettali.com\/2025\/05\/16\/usa-lauteur-de-la-tentative-de-meurtre-contre-salman-rushdie-condamne-a-25-ans-de-prison\/#breadcrumb","itemListElement":[{"@type":"ListItem","position":1,"name":"Accueil","item":"https:\/\/www.nettali.com\/"},{"@type":"ListItem","position":2,"name":"USA - L'auteur de la tentative de meurtre contre Salman Rushdie condamn\u00e9 \u00e0 25 ans de prison"}]},{"@type":"Person","@id":"https:\/\/www.nettali.com\/#\/schema\/person\/3317e0bb3aa1da309fbf7b2780901bf4","name":"Daouda","image":{"@type":"ImageObject","@id":"https:\/\/www.nettali.com\/#personlogo","inLanguage":"fr-FR","url":"https:\/\/secure.gravatar.com\/avatar\/8d143b5a49345098ddcfee1c49c2f47c?s=96&d=mm&r=g","contentUrl":"https:\/\/secure.gravatar.com\/avatar\/8d143b5a49345098ddcfee1c49c2f47c?s=96&d=mm&r=g","caption":"Daouda"},"sameAs":["https:\/\/www.nettali.com"]}]}},"_links":{"self":[{"href":"https:\/\/www.nettali.com\/rest\/wp\/v2\/posts\/154272"}],"collection":[{"href":"https:\/\/www.nettali.com\/rest\/wp\/v2\/posts"}],"about":[{"href":"https:\/\/www.nettali.com\/rest\/wp\/v2\/types\/post"}],"author":[{"embeddable":true,"href":"https:\/\/www.nettali.com\/rest\/wp\/v2\/users\/4"}],"replies":[{"embeddable":true,"href":"https:\/\/www.nettali.com\/rest\/wp\/v2\/comments?post=154272"}],"version-history":[{"count":1,"href":"https:\/\/www.nettali.com\/rest\/wp\/v2\/posts\/154272\/revisions"}],"predecessor-version":[{"id":154273,"href":"https:\/\/www.nettali.com\/rest\/wp\/v2\/posts\/154272\/revisions\/154273"}],"wp:featuredmedia":[{"embeddable":true,"href":"https:\/\/www.nettali.com\/rest\/wp\/v2\/media\/91872"}],"wp:attachment":[{"href":"https:\/\/www.nettali.com\/rest\/wp\/v2\/media?parent=154272"}],"wp:term":[{"taxonomy":"category","embeddable":true,"href":"https:\/\/www.nettali.com\/rest\/wp\/v2\/categories?post=154272"},{"taxonomy":"post_tag","embeddable":true,"href":"https:\/\/www.nettali.com\/rest\/wp\/v2\/tags?post=154272"}],"curies":[{"name":"wp","href":"https:\/\/api.w.org\/{rel}","templated":true}]}}