{"id":154267,"date":"2025-05-16T15:42:21","date_gmt":"2025-05-16T15:42:21","guid":{"rendered":"https:\/\/www.nettali.com\/?p=154267"},"modified":"2025-05-16T15:42:21","modified_gmt":"2025-05-16T15:42:21","slug":"deforestation-illegale-344-troncs-de-bois-saisis-a-medina-yoro-foula","status":"publish","type":"post","link":"https:\/\/www.nettali.com\/2025\/05\/16\/deforestation-illegale-344-troncs-de-bois-saisis-a-medina-yoro-foula\/","title":{"rendered":"D\u00c9FORESTATION ILL\u00c9GALE - 344 troncs de bois saisis \u00e0 M\u00e9dina Yoro Foula"},"content":{"rendered":"<p><strong>NETTALI.COM - Dans le cadre de la lutte contre les trafics illicites, la zone militaire N\u00b06 de Kolda a lanc\u00e9 une op\u00e9ration d\u2019envergure baptis\u00e9e \"<em>FAXASS<\/em>\" dans le secteur de M\u00e9dina Y\u00e9ro Foula, une zone frontali\u00e8re avec la Gambie. Cette initiative vise \u00e0 endiguer l\u2019exploitation foresti\u00e8re ill\u00e9gale, un fl\u00e9au qui menace les \u00e9cosyst\u00e8mes locaux et prive l\u2019\u00c9tat de ressources financi\u00e8res importantes.<\/strong><\/p>\n<p>Dans une publication via X, la Direction de l'Information et des Relations Publiques (Dirpa) informe que \"<em>344 troncs de bois coup\u00e9s illicitement dans les for\u00eats de Pata et de Guimara, deux zones connues pour leur riche biodiversit\u00e9, ont \u00e9t\u00e9 saisis<\/em>\". Ces arbres, abattus en violation des r\u00e9glementations en vigueur, \u00e9taient destin\u00e9s \u00e0 \u00eatre export\u00e9s clandestinement, principalement vers la Gambie, o\u00f9 la demande en bois de chauffage et de construction reste \u00e9lev\u00e9e.<\/p>\n<p>L\u2019op\u00e9ration \"<em>FAXASS<\/em>\" intervient dans un contexte o\u00f9 les trafics de bois illicite se multiplient dans la r\u00e9gion, aliment\u00e9s par des r\u00e9seaux organis\u00e9s qui profitent de la porosit\u00e9 des fronti\u00e8res. Les autorit\u00e9s s\u00e9n\u00e9galaises renforcent ainsi leur collaboration avec les pays voisins pour mieux contr\u00f4ler les flux et dissuader les exploitants clandestins.<\/p>\n<div class='share-to-whatsapp-wrapper'><div class='share-on-whsp'>PARTAGER SUR : <\/div><a data-text='D\u00c9FORESTATION ILL\u00c9GALE - 344 troncs de bois saisis \u00e0 M\u00e9dina Yoro Foula' data-link='https:\/\/www.nettali.com\/2025\/05\/16\/deforestation-illegale-344-troncs-de-bois-saisis-a-medina-yoro-foula\/' class='whatsapp-button whatsapp-share'>WhatsApp<\/a><div class='clear '><\/div><\/div>","protected":false},"excerpt":{"rendered":"<p>NETTALI.COM - Dans le cadre de la lutte contre les trafics illicites, la zone militaire N\u00b06 de Kolda a lanc\u00e9 une op\u00e9ration d\u2019envergure baptis\u00e9e \"FAXASS\" dans le secteur de M\u00e9dina Y\u00e9ro Foula, une zone frontali\u00e8re avec la Gambie. Cette initiative vise \u00e0 endiguer l\u2019exploitation foresti\u00e8re ill\u00e9gale, un fl\u00e9au qui menace les \u00e9cosyst\u00e8mes locaux et prive [&hellip;]<\/p>\n","protected":false},"author":5,"featured_media":154268,"comment_status":"open","ping_status":"open","sticky":false,"template":"","format":"standard","meta":{"_et_pb_use_builder":"","_et_pb_old_content":""},"categories":[3],"tags":[],"yoast_head":"<!-- This site is optimized with the Yoast SEO Premium plugin v17.8 (Yoast SEO v17.8) - https:\/\/yoast.com\/wordpress\/plugins\/seo\/ -->\n<title>D\u00c9FORESTATION ILL\u00c9GALE - 344 troncs de bois saisis \u00e0 M\u00e9dina Yoro Foula | Nettali.com<\/title>\n<meta name=\"robots\" content=\"index, follow, max-snippet:-1, max-image-preview:large, max-video-preview:-1\" \/>\n<link rel=\"canonical\" href=\"https:\/\/www.nettali.com\/2025\/05\/16\/deforestation-illegale-344-troncs-de-bois-saisis-a-medina-yoro-foula\/\" \/>\n<meta property=\"og:locale\" content=\"fr_FR\" \/>\n<meta property=\"og:type\" content=\"article\" \/>\n<meta property=\"og:title\" content=\"D\u00c9FORESTATION ILL\u00c9GALE - 344 troncs de bois saisis \u00e0 M\u00e9dina Yoro Foula\" \/>\n<meta property=\"og:description\" content=\"NETTALI.COM - Dans le cadre de la lutte contre les trafics illicites, la zone militaire N\u00b06 de Kolda a lanc\u00e9 une op\u00e9ration d\u2019envergure baptis\u00e9e &quot;FAXASS&quot; dans le secteur de M\u00e9dina Y\u00e9ro Foula, une zone frontali\u00e8re avec la Gambie. Cette initiative vise \u00e0 endiguer l\u2019exploitation foresti\u00e8re ill\u00e9gale, un fl\u00e9au qui menace les \u00e9cosyst\u00e8mes locaux et prive [&hellip;]\" \/>\n<meta property=\"og:url\" content=\"https:\/\/www.nettali.com\/2025\/05\/16\/deforestation-illegale-344-troncs-de-bois-saisis-a-medina-yoro-foula\/\" \/>\n<meta property=\"og:site_name\" content=\"Nettali.com\" \/>\n<meta property=\"article:publisher\" content=\"https:\/\/www.facebook.com\/nettalicom\" \/>\n<meta property=\"article:published_time\" content=\"2025-05-16T15:42:21+00:00\" \/>\n<meta property=\"og:image\" content=\"https:\/\/www.nettali.com\/wp-content\/uploads\/2025\/05\/6768579b86f89_bois-de-chauffage-vert.jpg\" \/>\n\t<meta property=\"og:image:width\" content=\"1000\" \/>\n\t<meta property=\"og:image:height\" content=\"668\" \/>\n<meta name=\"twitter:card\" content=\"summary_large_image\" \/>\n<meta name=\"twitter:label1\" content=\"\u00c9crit par\" \/>\n\t<meta name=\"twitter:data1\" content=\"Ibrahima\" \/>\n\t<meta name=\"twitter:label2\" content=\"Dur\u00e9e de lecture estim\u00e9e\" \/>\n\t<meta name=\"twitter:data2\" content=\"1 minute\" \/>\n<script type=\"application\/ld+json\" class=\"yoast-schema-graph\">{\"@context\":\"https:\/\/schema.org\",\"@graph\":[{\"@type\":\"WebSite\",\"@id\":\"https:\/\/www.nettali.com\/#website\",\"url\":\"https:\/\/www.nettali.com\/\",\"name\":\"Nettali.com\",\"description\":\"Le rendez-vous critique du Net\",\"potentialAction\":[{\"@type\":\"SearchAction\",\"target\":{\"@type\":\"EntryPoint\",\"urlTemplate\":\"https:\/\/www.nettali.com\/?s={search_term_string}\"},\"query-input\":\"required name=search_term_string\"}],\"inLanguage\":\"fr-FR\"},{\"@type\":\"ImageObject\",\"@id\":\"https:\/\/www.nettali.com\/2025\/05\/16\/deforestation-illegale-344-troncs-de-bois-saisis-a-medina-yoro-foula\/#primaryimage\",\"inLanguage\":\"fr-FR\",\"url\":\"https:\/\/www.nettali.com\/wp-content\/uploads\/2025\/05\/6768579b86f89_bois-de-chauffage-vert.jpg\",\"contentUrl\":\"https:\/\/www.nettali.com\/wp-content\/uploads\/2025\/05\/6768579b86f89_bois-de-chauffage-vert.jpg\",\"width\":1000,\"height\":668},{\"@type\":\"WebPage\",\"@id\":\"https:\/\/www.nettali.com\/2025\/05\/16\/deforestation-illegale-344-troncs-de-bois-saisis-a-medina-yoro-foula\/#webpage\",\"url\":\"https:\/\/www.nettali.com\/2025\/05\/16\/deforestation-illegale-344-troncs-de-bois-saisis-a-medina-yoro-foula\/\",\"name\":\"D\\u00c9FORESTATION ILL\\u00c9GALE - 344 troncs de bois saisis \\u00e0 M\\u00e9dina Yoro Foula | Nettali.com\",\"isPartOf\":{\"@id\":\"https:\/\/www.nettali.com\/#website\"},\"primaryImageOfPage\":{\"@id\":\"https:\/\/www.nettali.com\/2025\/05\/16\/deforestation-illegale-344-troncs-de-bois-saisis-a-medina-yoro-foula\/#primaryimage\"},\"datePublished\":\"2025-05-16T15:42:21+00:00\",\"dateModified\":\"2025-05-16T15:42:21+00:00\",\"author\":{\"@id\":\"https:\/\/www.nettali.com\/#\/schema\/person\/bb147657c2986240405a608162b9bb23\"},\"breadcrumb\":{\"@id\":\"https:\/\/www.nettali.com\/2025\/05\/16\/deforestation-illegale-344-troncs-de-bois-saisis-a-medina-yoro-foula\/#breadcrumb\"},\"inLanguage\":\"fr-FR\",\"potentialAction\":[{\"@type\":\"ReadAction\",\"target\":[\"https:\/\/www.nettali.com\/2025\/05\/16\/deforestation-illegale-344-troncs-de-bois-saisis-a-medina-yoro-foula\/\"]}]},{\"@type\":\"BreadcrumbList\",\"@id\":\"https:\/\/www.nettali.com\/2025\/05\/16\/deforestation-illegale-344-troncs-de-bois-saisis-a-medina-yoro-foula\/#breadcrumb\",\"itemListElement\":[{\"@type\":\"ListItem\",\"position\":1,\"name\":\"Accueil\",\"item\":\"https:\/\/www.nettali.com\/\"},{\"@type\":\"ListItem\",\"position\":2,\"name\":\"D\\u00c9FORESTATION ILL\\u00c9GALE - 344 troncs de bois saisis \\u00e0 M\\u00e9dina Yoro Foula\"}]},{\"@type\":\"Person\",\"@id\":\"https:\/\/www.nettali.com\/#\/schema\/person\/bb147657c2986240405a608162b9bb23\",\"name\":\"Ibrahima\",\"image\":{\"@type\":\"ImageObject\",\"@id\":\"https:\/\/www.nettali.com\/#personlogo\",\"inLanguage\":\"fr-FR\",\"url\":\"https:\/\/secure.gravatar.com\/avatar\/26a8a81f09f0dd7624c9d5c36c9ba3a2?s=96&d=mm&r=g\",\"contentUrl\":\"https:\/\/secure.gravatar.com\/avatar\/26a8a81f09f0dd7624c9d5c36c9ba3a2?s=96&d=mm&r=g\",\"caption\":\"Ibrahima\"},\"sameAs\":[\"https:\/\/www.nettali.com\"]}]}<\/script>\n<!-- \/ Yoast SEO Premium plugin. -->","yoast_head_json":{"title":"D\u00c9FORESTATION ILL\u00c9GALE - 344 troncs de bois saisis \u00e0 M\u00e9dina Yoro Foula | Nettali.com","robots":{"index":"index","follow":"follow","max-snippet":"max-snippet:-1","max-image-preview":"max-image-preview:large","max-video-preview":"max-video-preview:-1"},"canonical":"https:\/\/www.nettali.com\/2025\/05\/16\/deforestation-illegale-344-troncs-de-bois-saisis-a-medina-yoro-foula\/","og_locale":"fr_FR","og_type":"article","og_title":"D\u00c9FORESTATION ILL\u00c9GALE - 344 troncs de bois saisis \u00e0 M\u00e9dina Yoro Foula","og_description":"NETTALI.COM - Dans le cadre de la lutte contre les trafics illicites, la zone militaire N\u00b06 de Kolda a lanc\u00e9 une op\u00e9ration d\u2019envergure baptis\u00e9e \"FAXASS\" dans le secteur de M\u00e9dina Y\u00e9ro Foula, une zone frontali\u00e8re avec la Gambie. Cette initiative vise \u00e0 endiguer l\u2019exploitation foresti\u00e8re ill\u00e9gale, un fl\u00e9au qui menace les \u00e9cosyst\u00e8mes locaux et prive [&hellip;]","og_url":"https:\/\/www.nettali.com\/2025\/05\/16\/deforestation-illegale-344-troncs-de-bois-saisis-a-medina-yoro-foula\/","og_site_name":"Nettali.com","article_publisher":"https:\/\/www.facebook.com\/nettalicom","article_published_time":"2025-05-16T15:42:21+00:00","og_image":[{"width":1000,"height":668,"url":"https:\/\/www.nettali.com\/wp-content\/uploads\/2025\/05\/6768579b86f89_bois-de-chauffage-vert.jpg","type":"image\/jpeg"}],"twitter_card":"summary_large_image","twitter_misc":{"\u00c9crit par":"Ibrahima","Dur\u00e9e de lecture estim\u00e9e":"1 minute"},"schema":{"@context":"https:\/\/schema.org","@graph":[{"@type":"WebSite","@id":"https:\/\/www.nettali.com\/#website","url":"https:\/\/www.nettali.com\/","name":"Nettali.com","description":"Le rendez-vous critique du Net","potentialAction":[{"@type":"SearchAction","target":{"@type":"EntryPoint","urlTemplate":"https:\/\/www.nettali.com\/?s={search_term_string}"},"query-input":"required name=search_term_string"}],"inLanguage":"fr-FR"},{"@type":"ImageObject","@id":"https:\/\/www.nettali.com\/2025\/05\/16\/deforestation-illegale-344-troncs-de-bois-saisis-a-medina-yoro-foula\/#primaryimage","inLanguage":"fr-FR","url":"https:\/\/www.nettali.com\/wp-content\/uploads\/2025\/05\/6768579b86f89_bois-de-chauffage-vert.jpg","contentUrl":"https:\/\/www.nettali.com\/wp-content\/uploads\/2025\/05\/6768579b86f89_bois-de-chauffage-vert.jpg","width":1000,"height":668},{"@type":"WebPage","@id":"https:\/\/www.nettali.com\/2025\/05\/16\/deforestation-illegale-344-troncs-de-bois-saisis-a-medina-yoro-foula\/#webpage","url":"https:\/\/www.nettali.com\/2025\/05\/16\/deforestation-illegale-344-troncs-de-bois-saisis-a-medina-yoro-foula\/","name":"D\u00c9FORESTATION ILL\u00c9GALE - 344 troncs de bois saisis \u00e0 M\u00e9dina Yoro Foula | Nettali.com","isPartOf":{"@id":"https:\/\/www.nettali.com\/#website"},"primaryImageOfPage":{"@id":"https:\/\/www.nettali.com\/2025\/05\/16\/deforestation-illegale-344-troncs-de-bois-saisis-a-medina-yoro-foula\/#primaryimage"},"datePublished":"2025-05-16T15:42:21+00:00","dateModified":"2025-05-16T15:42:21+00:00","author":{"@id":"https:\/\/www.nettali.com\/#\/schema\/person\/bb147657c2986240405a608162b9bb23"},"breadcrumb":{"@id":"https:\/\/www.nettali.com\/2025\/05\/16\/deforestation-illegale-344-troncs-de-bois-saisis-a-medina-yoro-foula\/#breadcrumb"},"inLanguage":"fr-FR","potentialAction":[{"@type":"ReadAction","target":["https:\/\/www.nettali.com\/2025\/05\/16\/deforestation-illegale-344-troncs-de-bois-saisis-a-medina-yoro-foula\/"]}]},{"@type":"BreadcrumbList","@id":"https:\/\/www.nettali.com\/2025\/05\/16\/deforestation-illegale-344-troncs-de-bois-saisis-a-medina-yoro-foula\/#breadcrumb","itemListElement":[{"@type":"ListItem","position":1,"name":"Accueil","item":"https:\/\/www.nettali.com\/"},{"@type":"ListItem","position":2,"name":"D\u00c9FORESTATION ILL\u00c9GALE - 344 troncs de bois saisis \u00e0 M\u00e9dina Yoro Foula"}]},{"@type":"Person","@id":"https:\/\/www.nettali.com\/#\/schema\/person\/bb147657c2986240405a608162b9bb23","name":"Ibrahima","image":{"@type":"ImageObject","@id":"https:\/\/www.nettali.com\/#personlogo","inLanguage":"fr-FR","url":"https:\/\/secure.gravatar.com\/avatar\/26a8a81f09f0dd7624c9d5c36c9ba3a2?s=96&d=mm&r=g","contentUrl":"https:\/\/secure.gravatar.com\/avatar\/26a8a81f09f0dd7624c9d5c36c9ba3a2?s=96&d=mm&r=g","caption":"Ibrahima"},"sameAs":["https:\/\/www.nettali.com"]}]}},"_links":{"self":[{"href":"https:\/\/www.nettali.com\/rest\/wp\/v2\/posts\/154267"}],"collection":[{"href":"https:\/\/www.nettali.com\/rest\/wp\/v2\/posts"}],"about":[{"href":"https:\/\/www.nettali.com\/rest\/wp\/v2\/types\/post"}],"author":[{"embeddable":true,"href":"https:\/\/www.nettali.com\/rest\/wp\/v2\/users\/5"}],"replies":[{"embeddable":true,"href":"https:\/\/www.nettali.com\/rest\/wp\/v2\/comments?post=154267"}],"version-history":[{"count":1,"href":"https:\/\/www.nettali.com\/rest\/wp\/v2\/posts\/154267\/revisions"}],"predecessor-version":[{"id":154269,"href":"https:\/\/www.nettali.com\/rest\/wp\/v2\/posts\/154267\/revisions\/154269"}],"wp:featuredmedia":[{"embeddable":true,"href":"https:\/\/www.nettali.com\/rest\/wp\/v2\/media\/154268"}],"wp:attachment":[{"href":"https:\/\/www.nettali.com\/rest\/wp\/v2\/media?parent=154267"}],"wp:term":[{"taxonomy":"category","embeddable":true,"href":"https:\/\/www.nettali.com\/rest\/wp\/v2\/categories?post=154267"},{"taxonomy":"post_tag","embeddable":true,"href":"https:\/\/www.nettali.com\/rest\/wp\/v2\/tags?post=154267"}],"curies":[{"name":"wp","href":"https:\/\/api.w.org\/{rel}","templated":true}]}}