{"id":154264,"date":"2025-05-16T11:23:34","date_gmt":"2025-05-16T11:23:34","guid":{"rendered":"https:\/\/www.nettali.com\/?p=154264"},"modified":"2025-05-16T10:27:43","modified_gmt":"2025-05-16T10:27:43","slug":"tchad-lancien-premier-ministre-succes-masra-interpelle-a-son-domicile","status":"publish","type":"post","link":"https:\/\/www.nettali.com\/2025\/05\/16\/tchad-lancien-premier-ministre-succes-masra-interpelle-a-son-domicile\/","title":{"rendered":"TCHAD - L\u2019ancien Premier ministre, Succ\u00e8s Masra interpell\u00e9 \u00e0 son domicile"},"content":{"rendered":"<p class=\"t-content__chapo\"><strong>NETTALI.COM - Au Tchad, l\u2019ancien Premier ministre, Succ\u00e8s Masra, a \u00e9t\u00e9 interpell\u00e9 ce vendredi 16 mai \u00e0 l\u2019aube, \u00e0 son domicile, ont annonc\u00e9 ses proches \u00e0 RFI. Ceux-ci affirment qu'aucun motif n'a \u00e9t\u00e9 communiqu\u00e9 lors de son arrestation.<\/strong><\/p>\n<p>Le domicile de Succ\u00e8s Masra, pr\u00e9sident du parti d\u2019opposition les Transformateurs, situ\u00e9 dans le quartier Gassi du VIIe arrondissement de Ndjamena a \u00e9t\u00e9 investi ce vendredi 16 mai par des hommes arm\u00e9s. Des membres des corps de d\u00e9fense et de s\u00e9curit\u00e9 l\u2019ont amen\u00e9 vers une destination encore inconnue, annoncent \u00e0 RFI ses lieutenants.<\/p>\n<p>Les membres de son parti ajoutent que le motif de son enl\u00e8vement n\u2019a pas \u00e9t\u00e9 communiqu\u00e9 \u00e0 ceux qui \u00e9taient pr\u00e9sents sur place.<\/p>\n<h2>Les portes ont \u00e9t\u00e9 forc\u00e9es<\/h2>\n<p>C'est \u00e0 5h56 du matin (locales) pr\u00e9cis\u00e9ment selon le parti les Transformateurs, que ces hommes en uniforme se sont pr\u00e9sent\u00e9s au domicile du chef du parti. Les gardiens n'ont eu d'autres choix que de les laisser entrer.<\/p>\n<div class=\"tms-ad m-inread-ad\" data-tms-ad-type=\"inread\" data-tms-ad-provider=\"gam\" data-tms-ad-owner=\"fmm\" data-tms-ad-pos=\"1\" data-tms-ad-status=\"resized\" data-tms-ad-inread-provider=\"teads\">\n<div id=\"tms-block-8885596652160586\" class=\"m-inread-ad__content\" data-google-query-id=\"CLaQ9d3ip40DFZQuBgAdcHU2og\">\n<div class=\"teads\">Ils ont ensuite forc\u00e9 les portes de la maison et emmen\u00e9 Succ\u00e8s Masra, comme le montre une vid\u00e9o de surveillance de la cour diffus\u00e9e par le parti. Succ\u00e8s Masra \u00e9tait seul chez lui.<\/div>\n<\/div>\n<\/div>\n<p>Le procureur de la R\u00e9publique s'est exprim\u00e9 en fin de matin\u00e9e. Il confirme \u00e0 RFI qu'une proc\u00e9dure a \u00e9t\u00e9 ouverte contre Succ\u00e8s Masra et qu'un mandat d'amener a \u00e9t\u00e9 \u00e9mis par ses soins, et ex\u00e9cut\u00e9 ce matin par la police judiciaire.<\/p>\n<p>En revanche, le procureur de la R\u00e9publique ne pr\u00e9cise pas, lui non plus, le lieu de d\u00e9tention de l'ancien Premier ministre, ni les motifs de cette arrestation.<\/p>\n<p>Du c\u00f4t\u00e9 des Transformateurs, on s'interroge sur le motif de cette arrestation. Le\u00a029 avril 2025, il avait bien critiqu\u00e9 le pr\u00e9sident Mahamat Idriss D\u00e9by Itno, estimant qu'il ne respectait plus l'esprit de l'accord de Kinshasa sign\u00e9 assurant la transition. Il lui a alors demand\u00e9 de\u00a0\u00ab\u00a0<em>changer de cap pour que le changement voulu par le peuple devienne r\u00e9alit\u00e9<\/em>\u00a0\u00bb,\u00a0d\u00e9non\u00e7ant \u00e9galement \u00ab\u00a0<em>des changements cosm\u00e9tiques<\/em>\u00a0\u00bb du pr\u00e9sident, ainsi qu'un maintien du statu quo par \u00ab\u00a0<em>des forces d\u2019influence nuisibles<\/em>\u00a0\u00bb. Les proches du pr\u00e9sident avaient d\u00e9nonc\u00e9\u00a0des \u00ab\u00a0<em>propos outranciers<\/em>\u00a0\u00bb.<\/p>\n<p>Il est pour l'instant impossible \u00e0 savoir si son arrestation de vendredi 16 mai ont un rapport quelconque avec ses derni\u00e8res critiques.<\/p>\n<p>Apr\u00e8s un exil d'un an et demi, le chef du parti les Transformateurs avait pourtant \u00e9t\u00e9 nomm\u00e9 Premier ministre par le pr\u00e9sident\u00a0Mahamat Idriss D\u00e9by\u00a0Itno en janvier 2024. Il avait quitt\u00e9 la primature quelques mois plus tard, alternant entre critiques au pouvoir et\u00a0appels \u00e0 travailler ensemble.<\/p>\n<div class='share-to-whatsapp-wrapper'><div class='share-on-whsp'>PARTAGER SUR : <\/div><a data-text='TCHAD - L\u2019ancien Premier ministre, Succ\u00e8s Masra interpell\u00e9 \u00e0 son domicile' data-link='https:\/\/www.nettali.com\/2025\/05\/16\/tchad-lancien-premier-ministre-succes-masra-interpelle-a-son-domicile\/' class='whatsapp-button whatsapp-share'>WhatsApp<\/a><div class='clear '><\/div><\/div>","protected":false},"excerpt":{"rendered":"<p>NETTALI.COM - Au Tchad, l\u2019ancien Premier ministre, Succ\u00e8s Masra, a \u00e9t\u00e9 interpell\u00e9 ce vendredi 16 mai \u00e0 l\u2019aube, \u00e0 son domicile, ont annonc\u00e9 ses proches \u00e0 RFI. Ceux-ci affirment qu'aucun motif n'a \u00e9t\u00e9 communiqu\u00e9 lors de son arrestation. Le domicile de Succ\u00e8s Masra, pr\u00e9sident du parti d\u2019opposition les Transformateurs, situ\u00e9 dans le quartier Gassi du [&hellip;]<\/p>\n","protected":false},"author":4,"featured_media":154265,"comment_status":"open","ping_status":"open","sticky":false,"template":"","format":"standard","meta":{"_et_pb_use_builder":"","_et_pb_old_content":""},"categories":[3],"tags":[],"yoast_head":"<!-- This site is optimized with the Yoast SEO Premium plugin v17.8 (Yoast SEO v17.8) - https:\/\/yoast.com\/wordpress\/plugins\/seo\/ -->\n<title>TCHAD - L\u2019ancien Premier ministre, Succ\u00e8s Masra interpell\u00e9 \u00e0 son domicile | Nettali.com<\/title>\n<meta name=\"robots\" content=\"index, follow, max-snippet:-1, max-image-preview:large, max-video-preview:-1\" \/>\n<link rel=\"canonical\" href=\"https:\/\/www.nettali.com\/2025\/05\/16\/tchad-lancien-premier-ministre-succes-masra-interpelle-a-son-domicile\/\" \/>\n<meta property=\"og:locale\" content=\"fr_FR\" \/>\n<meta property=\"og:type\" content=\"article\" \/>\n<meta property=\"og:title\" content=\"TCHAD - L\u2019ancien Premier ministre, Succ\u00e8s Masra interpell\u00e9 \u00e0 son domicile\" \/>\n<meta property=\"og:description\" content=\"NETTALI.COM - Au Tchad, l\u2019ancien Premier ministre, Succ\u00e8s Masra, a \u00e9t\u00e9 interpell\u00e9 ce vendredi 16 mai \u00e0 l\u2019aube, \u00e0 son domicile, ont annonc\u00e9 ses proches \u00e0 RFI. Ceux-ci affirment qu&#039;aucun motif n&#039;a \u00e9t\u00e9 communiqu\u00e9 lors de son arrestation. Le domicile de Succ\u00e8s Masra, pr\u00e9sident du parti d\u2019opposition les Transformateurs, situ\u00e9 dans le quartier Gassi du [&hellip;]\" \/>\n<meta property=\"og:url\" content=\"https:\/\/www.nettali.com\/2025\/05\/16\/tchad-lancien-premier-ministre-succes-masra-interpelle-a-son-domicile\/\" \/>\n<meta property=\"og:site_name\" content=\"Nettali.com\" \/>\n<meta property=\"article:publisher\" content=\"https:\/\/www.facebook.com\/nettalicom\" \/>\n<meta property=\"article:published_time\" content=\"2025-05-16T11:23:34+00:00\" \/>\n<meta property=\"article:modified_time\" content=\"2025-05-16T10:27:43+00:00\" \/>\n<meta property=\"og:image\" content=\"https:\/\/www.nettali.com\/wp-content\/uploads\/2025\/05\/Capture-de\u0301cran-2025-05-16-a\u0300-10.26.51.png\" \/>\n\t<meta property=\"og:image:width\" content=\"988\" \/>\n\t<meta property=\"og:image:height\" content=\"531\" \/>\n<meta name=\"twitter:card\" content=\"summary_large_image\" \/>\n<meta name=\"twitter:label1\" content=\"\u00c9crit par\" \/>\n\t<meta name=\"twitter:data1\" content=\"Daouda\" \/>\n\t<meta name=\"twitter:label2\" content=\"Dur\u00e9e de lecture estim\u00e9e\" \/>\n\t<meta name=\"twitter:data2\" content=\"3 minutes\" \/>\n<script type=\"application\/ld+json\" class=\"yoast-schema-graph\">{\"@context\":\"https:\/\/schema.org\",\"@graph\":[{\"@type\":\"WebSite\",\"@id\":\"https:\/\/www.nettali.com\/#website\",\"url\":\"https:\/\/www.nettali.com\/\",\"name\":\"Nettali.com\",\"description\":\"Le rendez-vous critique du Net\",\"potentialAction\":[{\"@type\":\"SearchAction\",\"target\":{\"@type\":\"EntryPoint\",\"urlTemplate\":\"https:\/\/www.nettali.com\/?s={search_term_string}\"},\"query-input\":\"required name=search_term_string\"}],\"inLanguage\":\"fr-FR\"},{\"@type\":\"ImageObject\",\"@id\":\"https:\/\/www.nettali.com\/2025\/05\/16\/tchad-lancien-premier-ministre-succes-masra-interpelle-a-son-domicile\/#primaryimage\",\"inLanguage\":\"fr-FR\",\"url\":\"https:\/\/www.nettali.com\/wp-content\/uploads\/2025\/05\/Capture-de\\u0301cran-2025-05-16-a\\u0300-10.26.51.png\",\"contentUrl\":\"https:\/\/www.nettali.com\/wp-content\/uploads\/2025\/05\/Capture-de\\u0301cran-2025-05-16-a\\u0300-10.26.51.png\",\"width\":988,\"height\":531},{\"@type\":\"WebPage\",\"@id\":\"https:\/\/www.nettali.com\/2025\/05\/16\/tchad-lancien-premier-ministre-succes-masra-interpelle-a-son-domicile\/#webpage\",\"url\":\"https:\/\/www.nettali.com\/2025\/05\/16\/tchad-lancien-premier-ministre-succes-masra-interpelle-a-son-domicile\/\",\"name\":\"TCHAD - L\\u2019ancien Premier ministre, Succ\\u00e8s Masra interpell\\u00e9 \\u00e0 son domicile | Nettali.com\",\"isPartOf\":{\"@id\":\"https:\/\/www.nettali.com\/#website\"},\"primaryImageOfPage\":{\"@id\":\"https:\/\/www.nettali.com\/2025\/05\/16\/tchad-lancien-premier-ministre-succes-masra-interpelle-a-son-domicile\/#primaryimage\"},\"datePublished\":\"2025-05-16T11:23:34+00:00\",\"dateModified\":\"2025-05-16T10:27:43+00:00\",\"author\":{\"@id\":\"https:\/\/www.nettali.com\/#\/schema\/person\/3317e0bb3aa1da309fbf7b2780901bf4\"},\"breadcrumb\":{\"@id\":\"https:\/\/www.nettali.com\/2025\/05\/16\/tchad-lancien-premier-ministre-succes-masra-interpelle-a-son-domicile\/#breadcrumb\"},\"inLanguage\":\"fr-FR\",\"potentialAction\":[{\"@type\":\"ReadAction\",\"target\":[\"https:\/\/www.nettali.com\/2025\/05\/16\/tchad-lancien-premier-ministre-succes-masra-interpelle-a-son-domicile\/\"]}]},{\"@type\":\"BreadcrumbList\",\"@id\":\"https:\/\/www.nettali.com\/2025\/05\/16\/tchad-lancien-premier-ministre-succes-masra-interpelle-a-son-domicile\/#breadcrumb\",\"itemListElement\":[{\"@type\":\"ListItem\",\"position\":1,\"name\":\"Accueil\",\"item\":\"https:\/\/www.nettali.com\/\"},{\"@type\":\"ListItem\",\"position\":2,\"name\":\"TCHAD - L\\u2019ancien Premier ministre, Succ\\u00e8s Masra interpell\\u00e9 \\u00e0 son domicile\"}]},{\"@type\":\"Person\",\"@id\":\"https:\/\/www.nettali.com\/#\/schema\/person\/3317e0bb3aa1da309fbf7b2780901bf4\",\"name\":\"Daouda\",\"image\":{\"@type\":\"ImageObject\",\"@id\":\"https:\/\/www.nettali.com\/#personlogo\",\"inLanguage\":\"fr-FR\",\"url\":\"https:\/\/secure.gravatar.com\/avatar\/8d143b5a49345098ddcfee1c49c2f47c?s=96&d=mm&r=g\",\"contentUrl\":\"https:\/\/secure.gravatar.com\/avatar\/8d143b5a49345098ddcfee1c49c2f47c?s=96&d=mm&r=g\",\"caption\":\"Daouda\"},\"sameAs\":[\"https:\/\/www.nettali.com\"]}]}<\/script>\n<!-- \/ Yoast SEO Premium plugin. -->","yoast_head_json":{"title":"TCHAD - L\u2019ancien Premier ministre, Succ\u00e8s Masra interpell\u00e9 \u00e0 son domicile | Nettali.com","robots":{"index":"index","follow":"follow","max-snippet":"max-snippet:-1","max-image-preview":"max-image-preview:large","max-video-preview":"max-video-preview:-1"},"canonical":"https:\/\/www.nettali.com\/2025\/05\/16\/tchad-lancien-premier-ministre-succes-masra-interpelle-a-son-domicile\/","og_locale":"fr_FR","og_type":"article","og_title":"TCHAD - L\u2019ancien Premier ministre, Succ\u00e8s Masra interpell\u00e9 \u00e0 son domicile","og_description":"NETTALI.COM - Au Tchad, l\u2019ancien Premier ministre, Succ\u00e8s Masra, a \u00e9t\u00e9 interpell\u00e9 ce vendredi 16 mai \u00e0 l\u2019aube, \u00e0 son domicile, ont annonc\u00e9 ses proches \u00e0 RFI. Ceux-ci affirment qu'aucun motif n'a \u00e9t\u00e9 communiqu\u00e9 lors de son arrestation. Le domicile de Succ\u00e8s Masra, pr\u00e9sident du parti d\u2019opposition les Transformateurs, situ\u00e9 dans le quartier Gassi du [&hellip;]","og_url":"https:\/\/www.nettali.com\/2025\/05\/16\/tchad-lancien-premier-ministre-succes-masra-interpelle-a-son-domicile\/","og_site_name":"Nettali.com","article_publisher":"https:\/\/www.facebook.com\/nettalicom","article_published_time":"2025-05-16T11:23:34+00:00","article_modified_time":"2025-05-16T10:27:43+00:00","og_image":[{"width":988,"height":531,"url":"https:\/\/www.nettali.com\/wp-content\/uploads\/2025\/05\/Capture-de\u0301cran-2025-05-16-a\u0300-10.26.51.png","type":"image\/png"}],"twitter_card":"summary_large_image","twitter_misc":{"\u00c9crit par":"Daouda","Dur\u00e9e de lecture estim\u00e9e":"3 minutes"},"schema":{"@context":"https:\/\/schema.org","@graph":[{"@type":"WebSite","@id":"https:\/\/www.nettali.com\/#website","url":"https:\/\/www.nettali.com\/","name":"Nettali.com","description":"Le rendez-vous critique du Net","potentialAction":[{"@type":"SearchAction","target":{"@type":"EntryPoint","urlTemplate":"https:\/\/www.nettali.com\/?s={search_term_string}"},"query-input":"required name=search_term_string"}],"inLanguage":"fr-FR"},{"@type":"ImageObject","@id":"https:\/\/www.nettali.com\/2025\/05\/16\/tchad-lancien-premier-ministre-succes-masra-interpelle-a-son-domicile\/#primaryimage","inLanguage":"fr-FR","url":"https:\/\/www.nettali.com\/wp-content\/uploads\/2025\/05\/Capture-de\u0301cran-2025-05-16-a\u0300-10.26.51.png","contentUrl":"https:\/\/www.nettali.com\/wp-content\/uploads\/2025\/05\/Capture-de\u0301cran-2025-05-16-a\u0300-10.26.51.png","width":988,"height":531},{"@type":"WebPage","@id":"https:\/\/www.nettali.com\/2025\/05\/16\/tchad-lancien-premier-ministre-succes-masra-interpelle-a-son-domicile\/#webpage","url":"https:\/\/www.nettali.com\/2025\/05\/16\/tchad-lancien-premier-ministre-succes-masra-interpelle-a-son-domicile\/","name":"TCHAD - L\u2019ancien Premier ministre, Succ\u00e8s Masra interpell\u00e9 \u00e0 son domicile | Nettali.com","isPartOf":{"@id":"https:\/\/www.nettali.com\/#website"},"primaryImageOfPage":{"@id":"https:\/\/www.nettali.com\/2025\/05\/16\/tchad-lancien-premier-ministre-succes-masra-interpelle-a-son-domicile\/#primaryimage"},"datePublished":"2025-05-16T11:23:34+00:00","dateModified":"2025-05-16T10:27:43+00:00","author":{"@id":"https:\/\/www.nettali.com\/#\/schema\/person\/3317e0bb3aa1da309fbf7b2780901bf4"},"breadcrumb":{"@id":"https:\/\/www.nettali.com\/2025\/05\/16\/tchad-lancien-premier-ministre-succes-masra-interpelle-a-son-domicile\/#breadcrumb"},"inLanguage":"fr-FR","potentialAction":[{"@type":"ReadAction","target":["https:\/\/www.nettali.com\/2025\/05\/16\/tchad-lancien-premier-ministre-succes-masra-interpelle-a-son-domicile\/"]}]},{"@type":"BreadcrumbList","@id":"https:\/\/www.nettali.com\/2025\/05\/16\/tchad-lancien-premier-ministre-succes-masra-interpelle-a-son-domicile\/#breadcrumb","itemListElement":[{"@type":"ListItem","position":1,"name":"Accueil","item":"https:\/\/www.nettali.com\/"},{"@type":"ListItem","position":2,"name":"TCHAD - L\u2019ancien Premier ministre, Succ\u00e8s Masra interpell\u00e9 \u00e0 son domicile"}]},{"@type":"Person","@id":"https:\/\/www.nettali.com\/#\/schema\/person\/3317e0bb3aa1da309fbf7b2780901bf4","name":"Daouda","image":{"@type":"ImageObject","@id":"https:\/\/www.nettali.com\/#personlogo","inLanguage":"fr-FR","url":"https:\/\/secure.gravatar.com\/avatar\/8d143b5a49345098ddcfee1c49c2f47c?s=96&d=mm&r=g","contentUrl":"https:\/\/secure.gravatar.com\/avatar\/8d143b5a49345098ddcfee1c49c2f47c?s=96&d=mm&r=g","caption":"Daouda"},"sameAs":["https:\/\/www.nettali.com"]}]}},"_links":{"self":[{"href":"https:\/\/www.nettali.com\/rest\/wp\/v2\/posts\/154264"}],"collection":[{"href":"https:\/\/www.nettali.com\/rest\/wp\/v2\/posts"}],"about":[{"href":"https:\/\/www.nettali.com\/rest\/wp\/v2\/types\/post"}],"author":[{"embeddable":true,"href":"https:\/\/www.nettali.com\/rest\/wp\/v2\/users\/4"}],"replies":[{"embeddable":true,"href":"https:\/\/www.nettali.com\/rest\/wp\/v2\/comments?post=154264"}],"version-history":[{"count":1,"href":"https:\/\/www.nettali.com\/rest\/wp\/v2\/posts\/154264\/revisions"}],"predecessor-version":[{"id":154266,"href":"https:\/\/www.nettali.com\/rest\/wp\/v2\/posts\/154264\/revisions\/154266"}],"wp:featuredmedia":[{"embeddable":true,"href":"https:\/\/www.nettali.com\/rest\/wp\/v2\/media\/154265"}],"wp:attachment":[{"href":"https:\/\/www.nettali.com\/rest\/wp\/v2\/media?parent=154264"}],"wp:term":[{"taxonomy":"category","embeddable":true,"href":"https:\/\/www.nettali.com\/rest\/wp\/v2\/categories?post=154264"},{"taxonomy":"post_tag","embeddable":true,"href":"https:\/\/www.nettali.com\/rest\/wp\/v2\/tags?post=154264"}],"curies":[{"name":"wp","href":"https:\/\/api.w.org\/{rel}","templated":true}]}}