{"id":154114,"date":"2025-05-13T23:19:29","date_gmt":"2025-05-13T23:19:29","guid":{"rendered":"https:\/\/www.nettali.com\/?p=154114"},"modified":"2025-05-13T23:19:29","modified_gmt":"2025-05-13T23:19:29","slug":"reformes-parlementaires-el-malick-ndiaye-dresse-son-premier-bilan","status":"publish","type":"post","link":"https:\/\/www.nettali.com\/2025\/05\/13\/reformes-parlementaires-el-malick-ndiaye-dresse-son-premier-bilan\/","title":{"rendered":"REFORMES PARLEMENTAIRES - El Malick Ndiaye dresse son premier bilan"},"content":{"rendered":"<p class=\"\" data-start=\"272\" data-end=\"638\"><strong>NETTALI.COM - Six mois apr\u00e8s son arriv\u00e9e \u00e0 la t\u00eate de l\u2019Assembl\u00e9e nationale, El Malick Ndiaye dresse un premier bilan marqu\u00e9 par des r\u00e9formes majeures et une nouvelle dynamique institutionnelle. Transparence, digitalisation et efficacit\u00e9 sont les ma\u00eetres-mots de cette orientation qui vise \u00e0 moderniser l\u2019action parlementaire et \u00e0 rapprocher les citoyens du c\u0153ur de la d\u00e9mocratie.<\/strong><\/p>\n<p class=\"\" data-start=\"640\" data-end=\"892\">Parmi les avanc\u00e9es notables figure la mise en \u0153uvre de r\u00e9formes institutionnelles et structurelles, traduisant une volont\u00e9 assum\u00e9e de rendre le travail parlementaire plus transparent, plus performant et davantage connect\u00e9 aux pr\u00e9occupations citoyennes.<\/p>\n<p class=\"\" data-start=\"894\" data-end=\"1129\">Le lancement d\u2019un nouveau site officiel constitue l\u2019une des grandes innovations. Cette plateforme modernis\u00e9e et interactive facilite l\u2019acc\u00e8s \u00e0 l\u2019information parlementaire et renforce l\u2019interactivit\u00e9 entre l\u2019institution et les citoyens.<\/p>\n<p class=\"\" data-start=\"1131\" data-end=\"1363\">Toujours dans cette logique d\u2019am\u00e9lioration des performances, un programme d\u2019\u00e9quipement informatique a \u00e9t\u00e9 d\u00e9ploy\u00e9 au profit des d\u00e9put\u00e9s afin d\u2019optimiser leurs outils de travail et d\u2019am\u00e9liorer la qualit\u00e9 de la production l\u00e9gislative.<\/p>\n<p class=\"\" data-start=\"1365\" data-end=\"1671\">Enfin, le lancement prochain de la cha\u00eene parlementaire marquera une \u00e9tape strat\u00e9gique dans la politique de communication de l\u2019Assembl\u00e9e nationale. Elle permettra de valoriser les activit\u00e9s l\u00e9gislatives, de renforcer la transparence des d\u00e9bats et de promouvoir une d\u00e9mocratie plus ouverte et participative.<\/p>\n<div class='share-to-whatsapp-wrapper'><div class='share-on-whsp'>PARTAGER SUR : <\/div><a data-text='REFORMES PARLEMENTAIRES - El Malick Ndiaye dresse son premier bilan' data-link='https:\/\/www.nettali.com\/2025\/05\/13\/reformes-parlementaires-el-malick-ndiaye-dresse-son-premier-bilan\/' class='whatsapp-button whatsapp-share'>WhatsApp<\/a><div class='clear '><\/div><\/div>","protected":false},"excerpt":{"rendered":"<p>NETTALI.COM - Six mois apr\u00e8s son arriv\u00e9e \u00e0 la t\u00eate de l\u2019Assembl\u00e9e nationale, El Malick Ndiaye dresse un premier bilan marqu\u00e9 par des r\u00e9formes majeures et une nouvelle dynamique institutionnelle. Transparence, digitalisation et efficacit\u00e9 sont les ma\u00eetres-mots de cette orientation qui vise \u00e0 moderniser l\u2019action parlementaire et \u00e0 rapprocher les citoyens du c\u0153ur de la [&hellip;]<\/p>\n","protected":false},"author":4,"featured_media":148442,"comment_status":"open","ping_status":"open","sticky":false,"template":"","format":"standard","meta":{"_et_pb_use_builder":"","_et_pb_old_content":""},"categories":[2],"tags":[],"yoast_head":"<!-- This site is optimized with the Yoast SEO Premium plugin v17.8 (Yoast SEO v17.8) - https:\/\/yoast.com\/wordpress\/plugins\/seo\/ -->\n<title>REFORMES PARLEMENTAIRES - El Malick Ndiaye dresse son premier bilan | Nettali.com<\/title>\n<meta name=\"robots\" content=\"index, follow, max-snippet:-1, max-image-preview:large, max-video-preview:-1\" \/>\n<link rel=\"canonical\" href=\"https:\/\/www.nettali.com\/2025\/05\/13\/reformes-parlementaires-el-malick-ndiaye-dresse-son-premier-bilan\/\" \/>\n<meta property=\"og:locale\" content=\"fr_FR\" \/>\n<meta property=\"og:type\" content=\"article\" \/>\n<meta property=\"og:title\" content=\"REFORMES PARLEMENTAIRES - El Malick Ndiaye dresse son premier bilan\" \/>\n<meta property=\"og:description\" content=\"NETTALI.COM - Six mois apr\u00e8s son arriv\u00e9e \u00e0 la t\u00eate de l\u2019Assembl\u00e9e nationale, El Malick Ndiaye dresse un premier bilan marqu\u00e9 par des r\u00e9formes majeures et une nouvelle dynamique institutionnelle. Transparence, digitalisation et efficacit\u00e9 sont les ma\u00eetres-mots de cette orientation qui vise \u00e0 moderniser l\u2019action parlementaire et \u00e0 rapprocher les citoyens du c\u0153ur de la [&hellip;]\" \/>\n<meta property=\"og:url\" content=\"https:\/\/www.nettali.com\/2025\/05\/13\/reformes-parlementaires-el-malick-ndiaye-dresse-son-premier-bilan\/\" \/>\n<meta property=\"og:site_name\" content=\"Nettali.com\" \/>\n<meta property=\"article:publisher\" content=\"https:\/\/www.facebook.com\/nettalicom\" \/>\n<meta property=\"article:published_time\" content=\"2025-05-13T23:19:29+00:00\" \/>\n<meta property=\"og:image\" content=\"https:\/\/www.nettali.com\/wp-content\/uploads\/2025\/02\/el-malick-ndiaye-delegation-aftu-1.jpg\" \/>\n\t<meta property=\"og:image:width\" content=\"900\" \/>\n\t<meta property=\"og:image:height\" content=\"650\" \/>\n<meta name=\"twitter:card\" content=\"summary_large_image\" \/>\n<meta name=\"twitter:label1\" content=\"\u00c9crit par\" \/>\n\t<meta name=\"twitter:data1\" content=\"Daouda\" \/>\n\t<meta name=\"twitter:label2\" content=\"Dur\u00e9e de lecture estim\u00e9e\" \/>\n\t<meta name=\"twitter:data2\" content=\"1 minute\" \/>\n<script type=\"application\/ld+json\" class=\"yoast-schema-graph\">{\"@context\":\"https:\/\/schema.org\",\"@graph\":[{\"@type\":\"WebSite\",\"@id\":\"https:\/\/www.nettali.com\/#website\",\"url\":\"https:\/\/www.nettali.com\/\",\"name\":\"Nettali.com\",\"description\":\"Le rendez-vous critique du Net\",\"potentialAction\":[{\"@type\":\"SearchAction\",\"target\":{\"@type\":\"EntryPoint\",\"urlTemplate\":\"https:\/\/www.nettali.com\/?s={search_term_string}\"},\"query-input\":\"required name=search_term_string\"}],\"inLanguage\":\"fr-FR\"},{\"@type\":\"ImageObject\",\"@id\":\"https:\/\/www.nettali.com\/2025\/05\/13\/reformes-parlementaires-el-malick-ndiaye-dresse-son-premier-bilan\/#primaryimage\",\"inLanguage\":\"fr-FR\",\"url\":\"https:\/\/www.nettali.com\/wp-content\/uploads\/2025\/02\/el-malick-ndiaye-delegation-aftu-1.jpg\",\"contentUrl\":\"https:\/\/www.nettali.com\/wp-content\/uploads\/2025\/02\/el-malick-ndiaye-delegation-aftu-1.jpg\",\"width\":900,\"height\":650},{\"@type\":\"WebPage\",\"@id\":\"https:\/\/www.nettali.com\/2025\/05\/13\/reformes-parlementaires-el-malick-ndiaye-dresse-son-premier-bilan\/#webpage\",\"url\":\"https:\/\/www.nettali.com\/2025\/05\/13\/reformes-parlementaires-el-malick-ndiaye-dresse-son-premier-bilan\/\",\"name\":\"REFORMES PARLEMENTAIRES - El Malick Ndiaye dresse son premier bilan | Nettali.com\",\"isPartOf\":{\"@id\":\"https:\/\/www.nettali.com\/#website\"},\"primaryImageOfPage\":{\"@id\":\"https:\/\/www.nettali.com\/2025\/05\/13\/reformes-parlementaires-el-malick-ndiaye-dresse-son-premier-bilan\/#primaryimage\"},\"datePublished\":\"2025-05-13T23:19:29+00:00\",\"dateModified\":\"2025-05-13T23:19:29+00:00\",\"author\":{\"@id\":\"https:\/\/www.nettali.com\/#\/schema\/person\/3317e0bb3aa1da309fbf7b2780901bf4\"},\"breadcrumb\":{\"@id\":\"https:\/\/www.nettali.com\/2025\/05\/13\/reformes-parlementaires-el-malick-ndiaye-dresse-son-premier-bilan\/#breadcrumb\"},\"inLanguage\":\"fr-FR\",\"potentialAction\":[{\"@type\":\"ReadAction\",\"target\":[\"https:\/\/www.nettali.com\/2025\/05\/13\/reformes-parlementaires-el-malick-ndiaye-dresse-son-premier-bilan\/\"]}]},{\"@type\":\"BreadcrumbList\",\"@id\":\"https:\/\/www.nettali.com\/2025\/05\/13\/reformes-parlementaires-el-malick-ndiaye-dresse-son-premier-bilan\/#breadcrumb\",\"itemListElement\":[{\"@type\":\"ListItem\",\"position\":1,\"name\":\"Accueil\",\"item\":\"https:\/\/www.nettali.com\/\"},{\"@type\":\"ListItem\",\"position\":2,\"name\":\"REFORMES PARLEMENTAIRES - El Malick Ndiaye dresse son premier bilan\"}]},{\"@type\":\"Person\",\"@id\":\"https:\/\/www.nettali.com\/#\/schema\/person\/3317e0bb3aa1da309fbf7b2780901bf4\",\"name\":\"Daouda\",\"image\":{\"@type\":\"ImageObject\",\"@id\":\"https:\/\/www.nettali.com\/#personlogo\",\"inLanguage\":\"fr-FR\",\"url\":\"https:\/\/secure.gravatar.com\/avatar\/8d143b5a49345098ddcfee1c49c2f47c?s=96&d=mm&r=g\",\"contentUrl\":\"https:\/\/secure.gravatar.com\/avatar\/8d143b5a49345098ddcfee1c49c2f47c?s=96&d=mm&r=g\",\"caption\":\"Daouda\"},\"sameAs\":[\"https:\/\/www.nettali.com\"]}]}<\/script>\n<!-- \/ Yoast SEO Premium plugin. -->","yoast_head_json":{"title":"REFORMES PARLEMENTAIRES - El Malick Ndiaye dresse son premier bilan | Nettali.com","robots":{"index":"index","follow":"follow","max-snippet":"max-snippet:-1","max-image-preview":"max-image-preview:large","max-video-preview":"max-video-preview:-1"},"canonical":"https:\/\/www.nettali.com\/2025\/05\/13\/reformes-parlementaires-el-malick-ndiaye-dresse-son-premier-bilan\/","og_locale":"fr_FR","og_type":"article","og_title":"REFORMES PARLEMENTAIRES - El Malick Ndiaye dresse son premier bilan","og_description":"NETTALI.COM - Six mois apr\u00e8s son arriv\u00e9e \u00e0 la t\u00eate de l\u2019Assembl\u00e9e nationale, El Malick Ndiaye dresse un premier bilan marqu\u00e9 par des r\u00e9formes majeures et une nouvelle dynamique institutionnelle. Transparence, digitalisation et efficacit\u00e9 sont les ma\u00eetres-mots de cette orientation qui vise \u00e0 moderniser l\u2019action parlementaire et \u00e0 rapprocher les citoyens du c\u0153ur de la [&hellip;]","og_url":"https:\/\/www.nettali.com\/2025\/05\/13\/reformes-parlementaires-el-malick-ndiaye-dresse-son-premier-bilan\/","og_site_name":"Nettali.com","article_publisher":"https:\/\/www.facebook.com\/nettalicom","article_published_time":"2025-05-13T23:19:29+00:00","og_image":[{"width":900,"height":650,"url":"https:\/\/www.nettali.com\/wp-content\/uploads\/2025\/02\/el-malick-ndiaye-delegation-aftu-1.jpg","type":"image\/jpeg"}],"twitter_card":"summary_large_image","twitter_misc":{"\u00c9crit par":"Daouda","Dur\u00e9e de lecture estim\u00e9e":"1 minute"},"schema":{"@context":"https:\/\/schema.org","@graph":[{"@type":"WebSite","@id":"https:\/\/www.nettali.com\/#website","url":"https:\/\/www.nettali.com\/","name":"Nettali.com","description":"Le rendez-vous critique du Net","potentialAction":[{"@type":"SearchAction","target":{"@type":"EntryPoint","urlTemplate":"https:\/\/www.nettali.com\/?s={search_term_string}"},"query-input":"required name=search_term_string"}],"inLanguage":"fr-FR"},{"@type":"ImageObject","@id":"https:\/\/www.nettali.com\/2025\/05\/13\/reformes-parlementaires-el-malick-ndiaye-dresse-son-premier-bilan\/#primaryimage","inLanguage":"fr-FR","url":"https:\/\/www.nettali.com\/wp-content\/uploads\/2025\/02\/el-malick-ndiaye-delegation-aftu-1.jpg","contentUrl":"https:\/\/www.nettali.com\/wp-content\/uploads\/2025\/02\/el-malick-ndiaye-delegation-aftu-1.jpg","width":900,"height":650},{"@type":"WebPage","@id":"https:\/\/www.nettali.com\/2025\/05\/13\/reformes-parlementaires-el-malick-ndiaye-dresse-son-premier-bilan\/#webpage","url":"https:\/\/www.nettali.com\/2025\/05\/13\/reformes-parlementaires-el-malick-ndiaye-dresse-son-premier-bilan\/","name":"REFORMES PARLEMENTAIRES - El Malick Ndiaye dresse son premier bilan | Nettali.com","isPartOf":{"@id":"https:\/\/www.nettali.com\/#website"},"primaryImageOfPage":{"@id":"https:\/\/www.nettali.com\/2025\/05\/13\/reformes-parlementaires-el-malick-ndiaye-dresse-son-premier-bilan\/#primaryimage"},"datePublished":"2025-05-13T23:19:29+00:00","dateModified":"2025-05-13T23:19:29+00:00","author":{"@id":"https:\/\/www.nettali.com\/#\/schema\/person\/3317e0bb3aa1da309fbf7b2780901bf4"},"breadcrumb":{"@id":"https:\/\/www.nettali.com\/2025\/05\/13\/reformes-parlementaires-el-malick-ndiaye-dresse-son-premier-bilan\/#breadcrumb"},"inLanguage":"fr-FR","potentialAction":[{"@type":"ReadAction","target":["https:\/\/www.nettali.com\/2025\/05\/13\/reformes-parlementaires-el-malick-ndiaye-dresse-son-premier-bilan\/"]}]},{"@type":"BreadcrumbList","@id":"https:\/\/www.nettali.com\/2025\/05\/13\/reformes-parlementaires-el-malick-ndiaye-dresse-son-premier-bilan\/#breadcrumb","itemListElement":[{"@type":"ListItem","position":1,"name":"Accueil","item":"https:\/\/www.nettali.com\/"},{"@type":"ListItem","position":2,"name":"REFORMES PARLEMENTAIRES - El Malick Ndiaye dresse son premier bilan"}]},{"@type":"Person","@id":"https:\/\/www.nettali.com\/#\/schema\/person\/3317e0bb3aa1da309fbf7b2780901bf4","name":"Daouda","image":{"@type":"ImageObject","@id":"https:\/\/www.nettali.com\/#personlogo","inLanguage":"fr-FR","url":"https:\/\/secure.gravatar.com\/avatar\/8d143b5a49345098ddcfee1c49c2f47c?s=96&d=mm&r=g","contentUrl":"https:\/\/secure.gravatar.com\/avatar\/8d143b5a49345098ddcfee1c49c2f47c?s=96&d=mm&r=g","caption":"Daouda"},"sameAs":["https:\/\/www.nettali.com"]}]}},"_links":{"self":[{"href":"https:\/\/www.nettali.com\/rest\/wp\/v2\/posts\/154114"}],"collection":[{"href":"https:\/\/www.nettali.com\/rest\/wp\/v2\/posts"}],"about":[{"href":"https:\/\/www.nettali.com\/rest\/wp\/v2\/types\/post"}],"author":[{"embeddable":true,"href":"https:\/\/www.nettali.com\/rest\/wp\/v2\/users\/4"}],"replies":[{"embeddable":true,"href":"https:\/\/www.nettali.com\/rest\/wp\/v2\/comments?post=154114"}],"version-history":[{"count":1,"href":"https:\/\/www.nettali.com\/rest\/wp\/v2\/posts\/154114\/revisions"}],"predecessor-version":[{"id":154115,"href":"https:\/\/www.nettali.com\/rest\/wp\/v2\/posts\/154114\/revisions\/154115"}],"wp:featuredmedia":[{"embeddable":true,"href":"https:\/\/www.nettali.com\/rest\/wp\/v2\/media\/148442"}],"wp:attachment":[{"href":"https:\/\/www.nettali.com\/rest\/wp\/v2\/media?parent=154114"}],"wp:term":[{"taxonomy":"category","embeddable":true,"href":"https:\/\/www.nettali.com\/rest\/wp\/v2\/categories?post=154114"},{"taxonomy":"post_tag","embeddable":true,"href":"https:\/\/www.nettali.com\/rest\/wp\/v2\/tags?post=154114"}],"curies":[{"name":"wp","href":"https:\/\/api.w.org\/{rel}","templated":true}]}}