{"id":154102,"date":"2025-05-13T19:31:03","date_gmt":"2025-05-13T19:31:03","guid":{"rendered":"https:\/\/www.nettali.com\/?p=154102"},"modified":"2025-05-15T07:59:36","modified_gmt":"2025-05-15T07:59:36","slug":"discours-contraire-aux-bonnes-moeurs-azoura-fall-et-babacar-kaire-envoyes-en-prison-et-juges-le-jeudi-15-mai","status":"publish","type":"post","link":"https:\/\/www.nettali.com\/2025\/05\/13\/discours-contraire-aux-bonnes-moeurs-azoura-fall-et-babacar-kaire-envoyes-en-prison-et-juges-le-jeudi-15-mai\/","title":{"rendered":"DISCOURS CONTRAIRE AUX BONNES M\u0152URS \u2013 Azoura Fall et Babacar Kair\u00e9 envoy\u00e9s en prison et jug\u00e9s le jeudi 15 mai"},"content":{"rendered":"<p><strong>NETTALI.COM-\u00a0L\u2019influenceur Azoura Fall et Babacar Kair\u00e9 sont plac\u00e9s sous mandat de d\u00e9p\u00f4t. Il sont poursuivis pour discours contraire aux bonnes m\u0153urs. Ils seront jug\u00e9s \u00e0 l'audience de jeudi prochain au tribunal de Grande Instance de Dakar.<\/strong><\/p>\n<p>Arr\u00eat\u00e9 ce lundi 12 mai 2025 \u00e0 la suite d\u2019une diffusion d'une vid\u00e9o dans laquelle il prof\u00e8re des insultes contre l\u2019ex Pr\u00e9sident Macky Sall et l\u2019ancien ministre Mame Mbaye Niang, Azoura Fall a \u00e9t\u00e9 envoy\u00e9 en prison ce mardi apr\u00e8s son d\u00e9ferrement au parquet. Le past\u00e9fien a \u00e9t\u00e9 \u00e9crou\u00e9 avec un autre activiste proche de Pastef, Babacar Kair\u00e9. Les deux seront jug\u00e9s au tribunal des flagrants d\u00e9lits du tribunal de grande instance de Dakar le jeudi 15 mai 2025 pour les faits de discours contraire aux bonnes m\u0153urs.<\/p>\n<p>\u00ab Ils ont \u00e9t\u00e9 d\u00e9f\u00e9r\u00e9s ce matin devant le procureur de la R\u00e9publique, qui, donc \u00e0 la suite de son r\u00e8glement, a estim\u00e9 devoir les placer sous mandat de d\u00e9p\u00f4t pour \u00eatre jug\u00e9s \u00e0 l'audience de jeudi prochain. Ils sont poursuivis pour discours contraire aux bonnes m\u0153urs \u00bb, a indiqu\u00e9 un de leurs avocats, Me Abdinar Ndiaye.<\/p>\n<p>Reste \u00e0 savoir si Azoura Fall r\u00e9pondra de ces actes d'autant plus que durant de son arrestation, ses avocats ont \u00e9voqu\u00e9 la th\u00e8se de la d\u00e9mence.<\/p>\n<p>&nbsp;<\/p>\n<p>&nbsp;<\/p>\n<p>&nbsp;<\/p>\n<div class='share-to-whatsapp-wrapper'><div class='share-on-whsp'>PARTAGER SUR : <\/div><a data-text='DISCOURS CONTRAIRE AUX BONNES M\u0152URS \u2013 Azoura Fall et Babacar Kair\u00e9 envoy\u00e9s en prison et jug\u00e9s le jeudi 15 mai' data-link='https:\/\/www.nettali.com\/2025\/05\/13\/discours-contraire-aux-bonnes-moeurs-azoura-fall-et-babacar-kaire-envoyes-en-prison-et-juges-le-jeudi-15-mai\/' class='whatsapp-button whatsapp-share'>WhatsApp<\/a><div class='clear '><\/div><\/div>","protected":false},"excerpt":{"rendered":"<p>NETTALI.COM-\u00a0L\u2019influenceur Azoura Fall et Babacar Kair\u00e9 sont plac\u00e9s sous mandat de d\u00e9p\u00f4t. Il sont poursuivis pour discours contraire aux bonnes m\u0153urs. Ils seront jug\u00e9s \u00e0 l'audience de jeudi prochain au tribunal de Grande Instance de Dakar. Arr\u00eat\u00e9 ce lundi 12 mai 2025 \u00e0 la suite d\u2019une diffusion d'une vid\u00e9o dans laquelle il prof\u00e8re des insultes [&hellip;]<\/p>\n","protected":false},"author":6,"featured_media":154031,"comment_status":"open","ping_status":"open","sticky":false,"template":"","format":"standard","meta":{"_et_pb_use_builder":"","_et_pb_old_content":""},"categories":[3],"tags":[],"yoast_head":"<!-- This site is optimized with the Yoast SEO Premium plugin v17.8 (Yoast SEO v17.8) - https:\/\/yoast.com\/wordpress\/plugins\/seo\/ -->\n<title>DISCOURS CONTRAIRE AUX BONNES M\u0152URS \u2013 Azoura Fall et Babacar Kair\u00e9 envoy\u00e9s en prison et jug\u00e9s le jeudi 15 mai | Nettali.com<\/title>\n<meta name=\"robots\" content=\"index, follow, max-snippet:-1, max-image-preview:large, max-video-preview:-1\" \/>\n<link rel=\"canonical\" href=\"https:\/\/www.nettali.com\/2025\/05\/13\/discours-contraire-aux-bonnes-moeurs-azoura-fall-et-babacar-kaire-envoyes-en-prison-et-juges-le-jeudi-15-mai\/\" \/>\n<meta property=\"og:locale\" content=\"fr_FR\" \/>\n<meta property=\"og:type\" content=\"article\" \/>\n<meta property=\"og:title\" content=\"DISCOURS CONTRAIRE AUX BONNES M\u0152URS \u2013 Azoura Fall et Babacar Kair\u00e9 envoy\u00e9s en prison et jug\u00e9s le jeudi 15 mai\" \/>\n<meta property=\"og:description\" content=\"NETTALI.COM-\u00a0L\u2019influenceur Azoura Fall et Babacar Kair\u00e9 sont plac\u00e9s sous mandat de d\u00e9p\u00f4t. Il sont poursuivis pour discours contraire aux bonnes m\u0153urs. Ils seront jug\u00e9s \u00e0 l&#039;audience de jeudi prochain au tribunal de Grande Instance de Dakar. Arr\u00eat\u00e9 ce lundi 12 mai 2025 \u00e0 la suite d\u2019une diffusion d&#039;une vid\u00e9o dans laquelle il prof\u00e8re des insultes [&hellip;]\" \/>\n<meta property=\"og:url\" content=\"https:\/\/www.nettali.com\/2025\/05\/13\/discours-contraire-aux-bonnes-moeurs-azoura-fall-et-babacar-kaire-envoyes-en-prison-et-juges-le-jeudi-15-mai\/\" \/>\n<meta property=\"og:site_name\" content=\"Nettali.com\" \/>\n<meta property=\"article:publisher\" content=\"https:\/\/www.facebook.com\/nettalicom\" \/>\n<meta property=\"article:published_time\" content=\"2025-05-13T19:31:03+00:00\" \/>\n<meta property=\"article:modified_time\" content=\"2025-05-15T07:59:36+00:00\" \/>\n<meta property=\"og:image\" content=\"https:\/\/www.nettali.com\/wp-content\/uploads\/2025\/05\/Azoura-Fall.jpg\" \/>\n\t<meta property=\"og:image:width\" content=\"828\" \/>\n\t<meta property=\"og:image:height\" content=\"455\" \/>\n<meta name=\"twitter:card\" content=\"summary_large_image\" \/>\n<meta name=\"twitter:label1\" content=\"\u00c9crit par\" \/>\n\t<meta name=\"twitter:data1\" content=\"Fatou\" \/>\n\t<meta name=\"twitter:label2\" content=\"Dur\u00e9e de lecture estim\u00e9e\" \/>\n\t<meta name=\"twitter:data2\" content=\"2 minutes\" \/>\n<script type=\"application\/ld+json\" class=\"yoast-schema-graph\">{\"@context\":\"https:\/\/schema.org\",\"@graph\":[{\"@type\":\"WebSite\",\"@id\":\"https:\/\/www.nettali.com\/#website\",\"url\":\"https:\/\/www.nettali.com\/\",\"name\":\"Nettali.com\",\"description\":\"Le rendez-vous critique du Net\",\"potentialAction\":[{\"@type\":\"SearchAction\",\"target\":{\"@type\":\"EntryPoint\",\"urlTemplate\":\"https:\/\/www.nettali.com\/?s={search_term_string}\"},\"query-input\":\"required name=search_term_string\"}],\"inLanguage\":\"fr-FR\"},{\"@type\":\"ImageObject\",\"@id\":\"https:\/\/www.nettali.com\/2025\/05\/13\/discours-contraire-aux-bonnes-moeurs-azoura-fall-et-babacar-kaire-envoyes-en-prison-et-juges-le-jeudi-15-mai\/#primaryimage\",\"inLanguage\":\"fr-FR\",\"url\":\"https:\/\/www.nettali.com\/wp-content\/uploads\/2025\/05\/Azoura-Fall.jpg\",\"contentUrl\":\"https:\/\/www.nettali.com\/wp-content\/uploads\/2025\/05\/Azoura-Fall.jpg\",\"width\":828,\"height\":455},{\"@type\":\"WebPage\",\"@id\":\"https:\/\/www.nettali.com\/2025\/05\/13\/discours-contraire-aux-bonnes-moeurs-azoura-fall-et-babacar-kaire-envoyes-en-prison-et-juges-le-jeudi-15-mai\/#webpage\",\"url\":\"https:\/\/www.nettali.com\/2025\/05\/13\/discours-contraire-aux-bonnes-moeurs-azoura-fall-et-babacar-kaire-envoyes-en-prison-et-juges-le-jeudi-15-mai\/\",\"name\":\"DISCOURS CONTRAIRE AUX BONNES M\\u0152URS \\u2013 Azoura Fall et Babacar Kair\\u00e9 envoy\\u00e9s en prison et jug\\u00e9s le jeudi 15 mai | Nettali.com\",\"isPartOf\":{\"@id\":\"https:\/\/www.nettali.com\/#website\"},\"primaryImageOfPage\":{\"@id\":\"https:\/\/www.nettali.com\/2025\/05\/13\/discours-contraire-aux-bonnes-moeurs-azoura-fall-et-babacar-kaire-envoyes-en-prison-et-juges-le-jeudi-15-mai\/#primaryimage\"},\"datePublished\":\"2025-05-13T19:31:03+00:00\",\"dateModified\":\"2025-05-15T07:59:36+00:00\",\"author\":{\"@id\":\"https:\/\/www.nettali.com\/#\/schema\/person\/418274a86bdf87caff7a3ef476bd0bbf\"},\"breadcrumb\":{\"@id\":\"https:\/\/www.nettali.com\/2025\/05\/13\/discours-contraire-aux-bonnes-moeurs-azoura-fall-et-babacar-kaire-envoyes-en-prison-et-juges-le-jeudi-15-mai\/#breadcrumb\"},\"inLanguage\":\"fr-FR\",\"potentialAction\":[{\"@type\":\"ReadAction\",\"target\":[\"https:\/\/www.nettali.com\/2025\/05\/13\/discours-contraire-aux-bonnes-moeurs-azoura-fall-et-babacar-kaire-envoyes-en-prison-et-juges-le-jeudi-15-mai\/\"]}]},{\"@type\":\"BreadcrumbList\",\"@id\":\"https:\/\/www.nettali.com\/2025\/05\/13\/discours-contraire-aux-bonnes-moeurs-azoura-fall-et-babacar-kaire-envoyes-en-prison-et-juges-le-jeudi-15-mai\/#breadcrumb\",\"itemListElement\":[{\"@type\":\"ListItem\",\"position\":1,\"name\":\"Accueil\",\"item\":\"https:\/\/www.nettali.com\/\"},{\"@type\":\"ListItem\",\"position\":2,\"name\":\"DISCOURS CONTRAIRE AUX BONNES M\\u0152URS \\u2013 Azoura Fall et Babacar Kair\\u00e9 envoy\\u00e9s en prison et jug\\u00e9s le jeudi 15 mai\"}]},{\"@type\":\"Person\",\"@id\":\"https:\/\/www.nettali.com\/#\/schema\/person\/418274a86bdf87caff7a3ef476bd0bbf\",\"name\":\"Fatou\",\"image\":{\"@type\":\"ImageObject\",\"@id\":\"https:\/\/www.nettali.com\/#personlogo\",\"inLanguage\":\"fr-FR\",\"url\":\"https:\/\/secure.gravatar.com\/avatar\/5a9442a2bee7b4dcf167cab035858e9a?s=96&d=mm&r=g\",\"contentUrl\":\"https:\/\/secure.gravatar.com\/avatar\/5a9442a2bee7b4dcf167cab035858e9a?s=96&d=mm&r=g\",\"caption\":\"Fatou\"},\"sameAs\":[\"https:\/\/www.nettali.com\"]}]}<\/script>\n<!-- \/ Yoast SEO Premium plugin. -->","yoast_head_json":{"title":"DISCOURS CONTRAIRE AUX BONNES M\u0152URS \u2013 Azoura Fall et Babacar Kair\u00e9 envoy\u00e9s en prison et jug\u00e9s le jeudi 15 mai | Nettali.com","robots":{"index":"index","follow":"follow","max-snippet":"max-snippet:-1","max-image-preview":"max-image-preview:large","max-video-preview":"max-video-preview:-1"},"canonical":"https:\/\/www.nettali.com\/2025\/05\/13\/discours-contraire-aux-bonnes-moeurs-azoura-fall-et-babacar-kaire-envoyes-en-prison-et-juges-le-jeudi-15-mai\/","og_locale":"fr_FR","og_type":"article","og_title":"DISCOURS CONTRAIRE AUX BONNES M\u0152URS \u2013 Azoura Fall et Babacar Kair\u00e9 envoy\u00e9s en prison et jug\u00e9s le jeudi 15 mai","og_description":"NETTALI.COM-\u00a0L\u2019influenceur Azoura Fall et Babacar Kair\u00e9 sont plac\u00e9s sous mandat de d\u00e9p\u00f4t. Il sont poursuivis pour discours contraire aux bonnes m\u0153urs. Ils seront jug\u00e9s \u00e0 l'audience de jeudi prochain au tribunal de Grande Instance de Dakar. Arr\u00eat\u00e9 ce lundi 12 mai 2025 \u00e0 la suite d\u2019une diffusion d'une vid\u00e9o dans laquelle il prof\u00e8re des insultes [&hellip;]","og_url":"https:\/\/www.nettali.com\/2025\/05\/13\/discours-contraire-aux-bonnes-moeurs-azoura-fall-et-babacar-kaire-envoyes-en-prison-et-juges-le-jeudi-15-mai\/","og_site_name":"Nettali.com","article_publisher":"https:\/\/www.facebook.com\/nettalicom","article_published_time":"2025-05-13T19:31:03+00:00","article_modified_time":"2025-05-15T07:59:36+00:00","og_image":[{"width":828,"height":455,"url":"https:\/\/www.nettali.com\/wp-content\/uploads\/2025\/05\/Azoura-Fall.jpg","type":"image\/jpeg"}],"twitter_card":"summary_large_image","twitter_misc":{"\u00c9crit par":"Fatou","Dur\u00e9e de lecture estim\u00e9e":"2 minutes"},"schema":{"@context":"https:\/\/schema.org","@graph":[{"@type":"WebSite","@id":"https:\/\/www.nettali.com\/#website","url":"https:\/\/www.nettali.com\/","name":"Nettali.com","description":"Le rendez-vous critique du Net","potentialAction":[{"@type":"SearchAction","target":{"@type":"EntryPoint","urlTemplate":"https:\/\/www.nettali.com\/?s={search_term_string}"},"query-input":"required name=search_term_string"}],"inLanguage":"fr-FR"},{"@type":"ImageObject","@id":"https:\/\/www.nettali.com\/2025\/05\/13\/discours-contraire-aux-bonnes-moeurs-azoura-fall-et-babacar-kaire-envoyes-en-prison-et-juges-le-jeudi-15-mai\/#primaryimage","inLanguage":"fr-FR","url":"https:\/\/www.nettali.com\/wp-content\/uploads\/2025\/05\/Azoura-Fall.jpg","contentUrl":"https:\/\/www.nettali.com\/wp-content\/uploads\/2025\/05\/Azoura-Fall.jpg","width":828,"height":455},{"@type":"WebPage","@id":"https:\/\/www.nettali.com\/2025\/05\/13\/discours-contraire-aux-bonnes-moeurs-azoura-fall-et-babacar-kaire-envoyes-en-prison-et-juges-le-jeudi-15-mai\/#webpage","url":"https:\/\/www.nettali.com\/2025\/05\/13\/discours-contraire-aux-bonnes-moeurs-azoura-fall-et-babacar-kaire-envoyes-en-prison-et-juges-le-jeudi-15-mai\/","name":"DISCOURS CONTRAIRE AUX BONNES M\u0152URS \u2013 Azoura Fall et Babacar Kair\u00e9 envoy\u00e9s en prison et jug\u00e9s le jeudi 15 mai | Nettali.com","isPartOf":{"@id":"https:\/\/www.nettali.com\/#website"},"primaryImageOfPage":{"@id":"https:\/\/www.nettali.com\/2025\/05\/13\/discours-contraire-aux-bonnes-moeurs-azoura-fall-et-babacar-kaire-envoyes-en-prison-et-juges-le-jeudi-15-mai\/#primaryimage"},"datePublished":"2025-05-13T19:31:03+00:00","dateModified":"2025-05-15T07:59:36+00:00","author":{"@id":"https:\/\/www.nettali.com\/#\/schema\/person\/418274a86bdf87caff7a3ef476bd0bbf"},"breadcrumb":{"@id":"https:\/\/www.nettali.com\/2025\/05\/13\/discours-contraire-aux-bonnes-moeurs-azoura-fall-et-babacar-kaire-envoyes-en-prison-et-juges-le-jeudi-15-mai\/#breadcrumb"},"inLanguage":"fr-FR","potentialAction":[{"@type":"ReadAction","target":["https:\/\/www.nettali.com\/2025\/05\/13\/discours-contraire-aux-bonnes-moeurs-azoura-fall-et-babacar-kaire-envoyes-en-prison-et-juges-le-jeudi-15-mai\/"]}]},{"@type":"BreadcrumbList","@id":"https:\/\/www.nettali.com\/2025\/05\/13\/discours-contraire-aux-bonnes-moeurs-azoura-fall-et-babacar-kaire-envoyes-en-prison-et-juges-le-jeudi-15-mai\/#breadcrumb","itemListElement":[{"@type":"ListItem","position":1,"name":"Accueil","item":"https:\/\/www.nettali.com\/"},{"@type":"ListItem","position":2,"name":"DISCOURS CONTRAIRE AUX BONNES M\u0152URS \u2013 Azoura Fall et Babacar Kair\u00e9 envoy\u00e9s en prison et jug\u00e9s le jeudi 15 mai"}]},{"@type":"Person","@id":"https:\/\/www.nettali.com\/#\/schema\/person\/418274a86bdf87caff7a3ef476bd0bbf","name":"Fatou","image":{"@type":"ImageObject","@id":"https:\/\/www.nettali.com\/#personlogo","inLanguage":"fr-FR","url":"https:\/\/secure.gravatar.com\/avatar\/5a9442a2bee7b4dcf167cab035858e9a?s=96&d=mm&r=g","contentUrl":"https:\/\/secure.gravatar.com\/avatar\/5a9442a2bee7b4dcf167cab035858e9a?s=96&d=mm&r=g","caption":"Fatou"},"sameAs":["https:\/\/www.nettali.com"]}]}},"_links":{"self":[{"href":"https:\/\/www.nettali.com\/rest\/wp\/v2\/posts\/154102"}],"collection":[{"href":"https:\/\/www.nettali.com\/rest\/wp\/v2\/posts"}],"about":[{"href":"https:\/\/www.nettali.com\/rest\/wp\/v2\/types\/post"}],"author":[{"embeddable":true,"href":"https:\/\/www.nettali.com\/rest\/wp\/v2\/users\/6"}],"replies":[{"embeddable":true,"href":"https:\/\/www.nettali.com\/rest\/wp\/v2\/comments?post=154102"}],"version-history":[{"count":3,"href":"https:\/\/www.nettali.com\/rest\/wp\/v2\/posts\/154102\/revisions"}],"predecessor-version":[{"id":154105,"href":"https:\/\/www.nettali.com\/rest\/wp\/v2\/posts\/154102\/revisions\/154105"}],"wp:featuredmedia":[{"embeddable":true,"href":"https:\/\/www.nettali.com\/rest\/wp\/v2\/media\/154031"}],"wp:attachment":[{"href":"https:\/\/www.nettali.com\/rest\/wp\/v2\/media?parent=154102"}],"wp:term":[{"taxonomy":"category","embeddable":true,"href":"https:\/\/www.nettali.com\/rest\/wp\/v2\/categories?post=154102"},{"taxonomy":"post_tag","embeddable":true,"href":"https:\/\/www.nettali.com\/rest\/wp\/v2\/tags?post=154102"}],"curies":[{"name":"wp","href":"https:\/\/api.w.org\/{rel}","templated":true}]}}