{"id":154098,"date":"2025-05-13T17:59:38","date_gmt":"2025-05-13T17:59:38","guid":{"rendered":"https:\/\/www.nettali.com\/?p=154098"},"modified":"2025-05-14T07:34:37","modified_gmt":"2025-05-14T07:34:37","slug":"affaire-farba-ngom-ses-avocats-denoncent-une-procedure-judiciaire-irreguliere","status":"publish","type":"post","link":"https:\/\/www.nettali.com\/2025\/05\/13\/affaire-farba-ngom-ses-avocats-denoncent-une-procedure-judiciaire-irreguliere\/","title":{"rendered":"AFFAIRE DES 125 MILLIARDS - Les avocats de Farba Ngom d\u00e9noncent une proc\u00e9dure irr\u00e9guli\u00e8re"},"content":{"rendered":"<p class=\"\" data-start=\"330\" data-end=\"736\"><strong>NETTALI.COM - Ce mardi, les avocats constitu\u00e9s pour la d\u00e9fense de Farba Ngom ont tenu une conf\u00e9rence de presse afin de se prononcer sur la proc\u00e9dure engag\u00e9e contre leur client au niveau du P\u00f4le Judiciaire et Financier. Ma\u00eetres El Hadji Amadou Sall, Doudou Ndoye, Baboucar Ciss\u00e9 et Oumar Youm ont unanimement d\u00e9nonc\u00e9 ce qu'ils consid\u00e8rent comme une atteinte aux droits de la d\u00e9fense et une d\u00e9rive judiciaire pr\u00e9occupante.<\/strong><\/p>\n<p class=\"\" data-start=\"738\" data-end=\"1251\">Ma\u00eetre El Hadji Amadou Sall a exprim\u00e9 son indignation, soulignant qu\u2019\u00e0 aucun moment, il n\u2019a \u00e9t\u00e9 pr\u00e9cis\u00e9 \u00e0 Farba Ngom la nature des transferts qui lui sont reproch\u00e9s. Selon lui, ni le parquet ni le juge d\u2019instruction n\u2019ont \u00e9t\u00e9 en mesure de fournir \u00e0 Tahirou Sarr et Farba Ngom les \u00e9l\u00e9ments motivant leur inculpation. <em>\u00ab Sur la base de cette ignorance manifeste de la CENTIF, ils se retrouvent poursuivis pour association de malfaiteurs et blanchiment de capitaux, puis plac\u00e9s sous mandat de d\u00e9p\u00f4t \u00bb<\/em>, a-t-il d\u00e9clar\u00e9.<\/p>\n<p class=\"\" data-start=\"1253\" data-end=\"1729\">Le collectif d\u2019avocats du d\u00e9put\u00e9-maire des Agnam s\u2019est dit choqu\u00e9 qu\u2019une d\u00e9tention puisse \u00eatre ordonn\u00e9e sans qu\u2019aucun fait pr\u00e9cis ne soit notifi\u00e9 \u00e0 l\u2019int\u00e9ress\u00e9. Ma\u00eetre Doudou Ndoye, pour sa part, a d\u00e9nonc\u00e9 la l\u00e9galit\u00e9 m\u00eame de la proc\u00e9dure : <em>\u00ab Nous ne sommes plus dans un \u00c9tat de droit. On ne peut pas incarc\u00e9rer une personne sur de simples soup\u00e7ons, lui attribuer ensuite d\u2019autres faits, puis prolonger sa d\u00e9tention. Cette fa\u00e7on de faire ne rassure personne \u00bb<\/em>, a-t-il martel\u00e9.<\/p>\n<p class=\"\" data-start=\"1731\" data-end=\"2143\">Prenant la parole \u00e0 son tour, Ma\u00eetre Oumar Youm a abond\u00e9 dans le m\u00eame sens, fustigeant une justice qui convoque sans informer des motifs r\u00e9els de la poursuite. <em>\u00ab La moindre des choses lorsqu\u2019on appelle quelqu\u2019un devant la justice, c\u2019est de lui expliquer pourquoi il est l\u00e0 \u00bb<\/em>, a-t-il rappel\u00e9, d\u00e9non\u00e7ant l\u2019absence d\u2019\u00e9l\u00e9ments mat\u00e9riels et d\u2019indices dans ce dossier, o\u00f9, selon lui, le droit est manifestement bafou\u00e9.<\/p>\n<p class=\"\" data-start=\"2145\" data-end=\"2414\">Poursuivant son argumentation, Ma\u00eetre Youm a point\u00e9 du doigt ce qu\u2019il qualifie de <em>\u00ab commande politique orchestr\u00e9e par le parquet \u00bb<\/em>. Il s\u2019est dit persuad\u00e9 qu\u2019en l\u2019\u00e9tat actuel du dossier, un tribunal impartial relaxerait purement et simplement Farba Ngom et Tahirou Sarr.<\/p>\n<p class=\"\" data-start=\"2416\" data-end=\"3062\">Enfin, \u00e9voquant les infractions retenues contre ses clients \u2014 escroquerie, complicit\u00e9 d\u2019escroquerie et d\u00e9tournement de deniers publics \u2014 Ma\u00eetre Youm a rappel\u00e9 qu\u2019il fallait, pour caract\u00e9riser l\u2019escroquerie, des \u00e9l\u00e9ments constitutifs pr\u00e9cis : un faux, une man\u0153uvre frauduleuse et un pr\u00e9judice av\u00e9r\u00e9. <em>\u00ab O\u00f9 est le faux ? O\u00f9 est la man\u0153uvre ? Comment Farba Ngom, qui n\u2019est ni comptable, ni ordonnateur de d\u00e9penses, aurait-il pu savoir qu\u2019il manipulait des fonds publics suppos\u00e9ment d\u00e9tourn\u00e9s ? \u00bb<\/em>, s\u2019est-il interrog\u00e9. Il a conclu en affirmant que dans une affaire de blanchiment d\u2019argent, des transactions tra\u00e7ables suffisent \u00e0 invalider l\u2019accusation.<\/p>\n<div class='share-to-whatsapp-wrapper'><div class='share-on-whsp'>PARTAGER SUR : <\/div><a data-text='AFFAIRE DES 125 MILLIARDS - Les avocats de Farba Ngom d\u00e9noncent une proc\u00e9dure irr\u00e9guli\u00e8re' data-link='https:\/\/www.nettali.com\/2025\/05\/13\/affaire-farba-ngom-ses-avocats-denoncent-une-procedure-judiciaire-irreguliere\/' class='whatsapp-button whatsapp-share'>WhatsApp<\/a><div class='clear '><\/div><\/div>","protected":false},"excerpt":{"rendered":"<p>NETTALI.COM - Ce mardi, les avocats constitu\u00e9s pour la d\u00e9fense de Farba Ngom ont tenu une conf\u00e9rence de presse afin de se prononcer sur la proc\u00e9dure engag\u00e9e contre leur client au niveau du P\u00f4le Judiciaire et Financier. Ma\u00eetres El Hadji Amadou Sall, Doudou Ndoye, Baboucar Ciss\u00e9 et Oumar Youm ont unanimement d\u00e9nonc\u00e9 ce qu'ils consid\u00e8rent [&hellip;]<\/p>\n","protected":false},"author":4,"featured_media":99782,"comment_status":"open","ping_status":"open","sticky":false,"template":"","format":"standard","meta":{"_et_pb_use_builder":"","_et_pb_old_content":""},"categories":[3],"tags":[],"yoast_head":"<!-- This site is optimized with the Yoast SEO Premium plugin v17.8 (Yoast SEO v17.8) - https:\/\/yoast.com\/wordpress\/plugins\/seo\/ -->\n<title>AFFAIRE DES 125 MILLIARDS - Les avocats de Farba Ngom d\u00e9noncent une proc\u00e9dure irr\u00e9guli\u00e8re | Nettali.com<\/title>\n<meta name=\"robots\" content=\"index, follow, max-snippet:-1, max-image-preview:large, max-video-preview:-1\" \/>\n<link rel=\"canonical\" href=\"https:\/\/www.nettali.com\/2025\/05\/13\/affaire-farba-ngom-ses-avocats-denoncent-une-procedure-judiciaire-irreguliere\/\" \/>\n<meta property=\"og:locale\" content=\"fr_FR\" \/>\n<meta property=\"og:type\" content=\"article\" \/>\n<meta property=\"og:title\" content=\"AFFAIRE DES 125 MILLIARDS - Les avocats de Farba Ngom d\u00e9noncent une proc\u00e9dure irr\u00e9guli\u00e8re\" \/>\n<meta property=\"og:description\" content=\"NETTALI.COM - Ce mardi, les avocats constitu\u00e9s pour la d\u00e9fense de Farba Ngom ont tenu une conf\u00e9rence de presse afin de se prononcer sur la proc\u00e9dure engag\u00e9e contre leur client au niveau du P\u00f4le Judiciaire et Financier. Ma\u00eetres El Hadji Amadou Sall, Doudou Ndoye, Baboucar Ciss\u00e9 et Oumar Youm ont unanimement d\u00e9nonc\u00e9 ce qu&#039;ils consid\u00e8rent [&hellip;]\" \/>\n<meta property=\"og:url\" content=\"https:\/\/www.nettali.com\/2025\/05\/13\/affaire-farba-ngom-ses-avocats-denoncent-une-procedure-judiciaire-irreguliere\/\" \/>\n<meta property=\"og:site_name\" content=\"Nettali.com\" \/>\n<meta property=\"article:publisher\" content=\"https:\/\/www.facebook.com\/nettalicom\" \/>\n<meta property=\"article:published_time\" content=\"2025-05-13T17:59:38+00:00\" \/>\n<meta property=\"article:modified_time\" content=\"2025-05-14T07:34:37+00:00\" \/>\n<meta property=\"og:image\" content=\"https:\/\/www.nettali.com\/wp-content\/uploads\/2022\/12\/apr_farbangom_4_0.jpg\" \/>\n\t<meta property=\"og:image:width\" content=\"631\" \/>\n\t<meta property=\"og:image:height\" content=\"425\" \/>\n<meta name=\"twitter:card\" content=\"summary_large_image\" \/>\n<meta name=\"twitter:label1\" content=\"\u00c9crit par\" \/>\n\t<meta name=\"twitter:data1\" content=\"Daouda\" \/>\n\t<meta name=\"twitter:label2\" content=\"Dur\u00e9e de lecture estim\u00e9e\" \/>\n\t<meta name=\"twitter:data2\" content=\"3 minutes\" \/>\n<script type=\"application\/ld+json\" class=\"yoast-schema-graph\">{\"@context\":\"https:\/\/schema.org\",\"@graph\":[{\"@type\":\"WebSite\",\"@id\":\"https:\/\/www.nettali.com\/#website\",\"url\":\"https:\/\/www.nettali.com\/\",\"name\":\"Nettali.com\",\"description\":\"Le rendez-vous critique du Net\",\"potentialAction\":[{\"@type\":\"SearchAction\",\"target\":{\"@type\":\"EntryPoint\",\"urlTemplate\":\"https:\/\/www.nettali.com\/?s={search_term_string}\"},\"query-input\":\"required name=search_term_string\"}],\"inLanguage\":\"fr-FR\"},{\"@type\":\"ImageObject\",\"@id\":\"https:\/\/www.nettali.com\/2025\/05\/13\/affaire-farba-ngom-ses-avocats-denoncent-une-procedure-judiciaire-irreguliere\/#primaryimage\",\"inLanguage\":\"fr-FR\",\"url\":\"https:\/\/www.nettali.com\/wp-content\/uploads\/2022\/12\/apr_farbangom_4_0.jpg\",\"contentUrl\":\"https:\/\/www.nettali.com\/wp-content\/uploads\/2022\/12\/apr_farbangom_4_0.jpg\",\"width\":631,\"height\":425},{\"@type\":\"WebPage\",\"@id\":\"https:\/\/www.nettali.com\/2025\/05\/13\/affaire-farba-ngom-ses-avocats-denoncent-une-procedure-judiciaire-irreguliere\/#webpage\",\"url\":\"https:\/\/www.nettali.com\/2025\/05\/13\/affaire-farba-ngom-ses-avocats-denoncent-une-procedure-judiciaire-irreguliere\/\",\"name\":\"AFFAIRE DES 125 MILLIARDS - Les avocats de Farba Ngom d\\u00e9noncent une proc\\u00e9dure irr\\u00e9guli\\u00e8re | Nettali.com\",\"isPartOf\":{\"@id\":\"https:\/\/www.nettali.com\/#website\"},\"primaryImageOfPage\":{\"@id\":\"https:\/\/www.nettali.com\/2025\/05\/13\/affaire-farba-ngom-ses-avocats-denoncent-une-procedure-judiciaire-irreguliere\/#primaryimage\"},\"datePublished\":\"2025-05-13T17:59:38+00:00\",\"dateModified\":\"2025-05-14T07:34:37+00:00\",\"author\":{\"@id\":\"https:\/\/www.nettali.com\/#\/schema\/person\/3317e0bb3aa1da309fbf7b2780901bf4\"},\"breadcrumb\":{\"@id\":\"https:\/\/www.nettali.com\/2025\/05\/13\/affaire-farba-ngom-ses-avocats-denoncent-une-procedure-judiciaire-irreguliere\/#breadcrumb\"},\"inLanguage\":\"fr-FR\",\"potentialAction\":[{\"@type\":\"ReadAction\",\"target\":[\"https:\/\/www.nettali.com\/2025\/05\/13\/affaire-farba-ngom-ses-avocats-denoncent-une-procedure-judiciaire-irreguliere\/\"]}]},{\"@type\":\"BreadcrumbList\",\"@id\":\"https:\/\/www.nettali.com\/2025\/05\/13\/affaire-farba-ngom-ses-avocats-denoncent-une-procedure-judiciaire-irreguliere\/#breadcrumb\",\"itemListElement\":[{\"@type\":\"ListItem\",\"position\":1,\"name\":\"Accueil\",\"item\":\"https:\/\/www.nettali.com\/\"},{\"@type\":\"ListItem\",\"position\":2,\"name\":\"AFFAIRE DES 125 MILLIARDS - Les avocats de Farba Ngom d\\u00e9noncent une proc\\u00e9dure irr\\u00e9guli\\u00e8re\"}]},{\"@type\":\"Person\",\"@id\":\"https:\/\/www.nettali.com\/#\/schema\/person\/3317e0bb3aa1da309fbf7b2780901bf4\",\"name\":\"Daouda\",\"image\":{\"@type\":\"ImageObject\",\"@id\":\"https:\/\/www.nettali.com\/#personlogo\",\"inLanguage\":\"fr-FR\",\"url\":\"https:\/\/secure.gravatar.com\/avatar\/8d143b5a49345098ddcfee1c49c2f47c?s=96&d=mm&r=g\",\"contentUrl\":\"https:\/\/secure.gravatar.com\/avatar\/8d143b5a49345098ddcfee1c49c2f47c?s=96&d=mm&r=g\",\"caption\":\"Daouda\"},\"sameAs\":[\"https:\/\/www.nettali.com\"]}]}<\/script>\n<!-- \/ Yoast SEO Premium plugin. -->","yoast_head_json":{"title":"AFFAIRE DES 125 MILLIARDS - Les avocats de Farba Ngom d\u00e9noncent une proc\u00e9dure irr\u00e9guli\u00e8re | Nettali.com","robots":{"index":"index","follow":"follow","max-snippet":"max-snippet:-1","max-image-preview":"max-image-preview:large","max-video-preview":"max-video-preview:-1"},"canonical":"https:\/\/www.nettali.com\/2025\/05\/13\/affaire-farba-ngom-ses-avocats-denoncent-une-procedure-judiciaire-irreguliere\/","og_locale":"fr_FR","og_type":"article","og_title":"AFFAIRE DES 125 MILLIARDS - Les avocats de Farba Ngom d\u00e9noncent une proc\u00e9dure irr\u00e9guli\u00e8re","og_description":"NETTALI.COM - Ce mardi, les avocats constitu\u00e9s pour la d\u00e9fense de Farba Ngom ont tenu une conf\u00e9rence de presse afin de se prononcer sur la proc\u00e9dure engag\u00e9e contre leur client au niveau du P\u00f4le Judiciaire et Financier. Ma\u00eetres El Hadji Amadou Sall, Doudou Ndoye, Baboucar Ciss\u00e9 et Oumar Youm ont unanimement d\u00e9nonc\u00e9 ce qu'ils consid\u00e8rent [&hellip;]","og_url":"https:\/\/www.nettali.com\/2025\/05\/13\/affaire-farba-ngom-ses-avocats-denoncent-une-procedure-judiciaire-irreguliere\/","og_site_name":"Nettali.com","article_publisher":"https:\/\/www.facebook.com\/nettalicom","article_published_time":"2025-05-13T17:59:38+00:00","article_modified_time":"2025-05-14T07:34:37+00:00","og_image":[{"width":631,"height":425,"url":"https:\/\/www.nettali.com\/wp-content\/uploads\/2022\/12\/apr_farbangom_4_0.jpg","type":"image\/jpeg"}],"twitter_card":"summary_large_image","twitter_misc":{"\u00c9crit par":"Daouda","Dur\u00e9e de lecture estim\u00e9e":"3 minutes"},"schema":{"@context":"https:\/\/schema.org","@graph":[{"@type":"WebSite","@id":"https:\/\/www.nettali.com\/#website","url":"https:\/\/www.nettali.com\/","name":"Nettali.com","description":"Le rendez-vous critique du Net","potentialAction":[{"@type":"SearchAction","target":{"@type":"EntryPoint","urlTemplate":"https:\/\/www.nettali.com\/?s={search_term_string}"},"query-input":"required name=search_term_string"}],"inLanguage":"fr-FR"},{"@type":"ImageObject","@id":"https:\/\/www.nettali.com\/2025\/05\/13\/affaire-farba-ngom-ses-avocats-denoncent-une-procedure-judiciaire-irreguliere\/#primaryimage","inLanguage":"fr-FR","url":"https:\/\/www.nettali.com\/wp-content\/uploads\/2022\/12\/apr_farbangom_4_0.jpg","contentUrl":"https:\/\/www.nettali.com\/wp-content\/uploads\/2022\/12\/apr_farbangom_4_0.jpg","width":631,"height":425},{"@type":"WebPage","@id":"https:\/\/www.nettali.com\/2025\/05\/13\/affaire-farba-ngom-ses-avocats-denoncent-une-procedure-judiciaire-irreguliere\/#webpage","url":"https:\/\/www.nettali.com\/2025\/05\/13\/affaire-farba-ngom-ses-avocats-denoncent-une-procedure-judiciaire-irreguliere\/","name":"AFFAIRE DES 125 MILLIARDS - Les avocats de Farba Ngom d\u00e9noncent une proc\u00e9dure irr\u00e9guli\u00e8re | Nettali.com","isPartOf":{"@id":"https:\/\/www.nettali.com\/#website"},"primaryImageOfPage":{"@id":"https:\/\/www.nettali.com\/2025\/05\/13\/affaire-farba-ngom-ses-avocats-denoncent-une-procedure-judiciaire-irreguliere\/#primaryimage"},"datePublished":"2025-05-13T17:59:38+00:00","dateModified":"2025-05-14T07:34:37+00:00","author":{"@id":"https:\/\/www.nettali.com\/#\/schema\/person\/3317e0bb3aa1da309fbf7b2780901bf4"},"breadcrumb":{"@id":"https:\/\/www.nettali.com\/2025\/05\/13\/affaire-farba-ngom-ses-avocats-denoncent-une-procedure-judiciaire-irreguliere\/#breadcrumb"},"inLanguage":"fr-FR","potentialAction":[{"@type":"ReadAction","target":["https:\/\/www.nettali.com\/2025\/05\/13\/affaire-farba-ngom-ses-avocats-denoncent-une-procedure-judiciaire-irreguliere\/"]}]},{"@type":"BreadcrumbList","@id":"https:\/\/www.nettali.com\/2025\/05\/13\/affaire-farba-ngom-ses-avocats-denoncent-une-procedure-judiciaire-irreguliere\/#breadcrumb","itemListElement":[{"@type":"ListItem","position":1,"name":"Accueil","item":"https:\/\/www.nettali.com\/"},{"@type":"ListItem","position":2,"name":"AFFAIRE DES 125 MILLIARDS - Les avocats de Farba Ngom d\u00e9noncent une proc\u00e9dure irr\u00e9guli\u00e8re"}]},{"@type":"Person","@id":"https:\/\/www.nettali.com\/#\/schema\/person\/3317e0bb3aa1da309fbf7b2780901bf4","name":"Daouda","image":{"@type":"ImageObject","@id":"https:\/\/www.nettali.com\/#personlogo","inLanguage":"fr-FR","url":"https:\/\/secure.gravatar.com\/avatar\/8d143b5a49345098ddcfee1c49c2f47c?s=96&d=mm&r=g","contentUrl":"https:\/\/secure.gravatar.com\/avatar\/8d143b5a49345098ddcfee1c49c2f47c?s=96&d=mm&r=g","caption":"Daouda"},"sameAs":["https:\/\/www.nettali.com"]}]}},"_links":{"self":[{"href":"https:\/\/www.nettali.com\/rest\/wp\/v2\/posts\/154098"}],"collection":[{"href":"https:\/\/www.nettali.com\/rest\/wp\/v2\/posts"}],"about":[{"href":"https:\/\/www.nettali.com\/rest\/wp\/v2\/types\/post"}],"author":[{"embeddable":true,"href":"https:\/\/www.nettali.com\/rest\/wp\/v2\/users\/4"}],"replies":[{"embeddable":true,"href":"https:\/\/www.nettali.com\/rest\/wp\/v2\/comments?post=154098"}],"version-history":[{"count":2,"href":"https:\/\/www.nettali.com\/rest\/wp\/v2\/posts\/154098\/revisions"}],"predecessor-version":[{"id":154113,"href":"https:\/\/www.nettali.com\/rest\/wp\/v2\/posts\/154098\/revisions\/154113"}],"wp:featuredmedia":[{"embeddable":true,"href":"https:\/\/www.nettali.com\/rest\/wp\/v2\/media\/99782"}],"wp:attachment":[{"href":"https:\/\/www.nettali.com\/rest\/wp\/v2\/media?parent=154098"}],"wp:term":[{"taxonomy":"category","embeddable":true,"href":"https:\/\/www.nettali.com\/rest\/wp\/v2\/categories?post=154098"},{"taxonomy":"post_tag","embeddable":true,"href":"https:\/\/www.nettali.com\/rest\/wp\/v2\/tags?post=154098"}],"curies":[{"name":"wp","href":"https:\/\/api.w.org\/{rel}","templated":true}]}}