{"id":154054,"date":"2025-05-13T01:01:05","date_gmt":"2025-05-13T01:01:05","guid":{"rendered":"https:\/\/www.nettali.com\/?p=154054"},"modified":"2025-05-13T01:01:05","modified_gmt":"2025-05-13T01:01:05","slug":"dialogue-national-mamoudou-ibra-kane-et-fadel-barro-disent-oui-a-diomaye","status":"publish","type":"post","link":"https:\/\/www.nettali.com\/2025\/05\/13\/dialogue-national-mamoudou-ibra-kane-et-fadel-barro-disent-oui-a-diomaye\/","title":{"rendered":"DIALOGUE NATIONAL - Mamoudou Ibra Kane et Fadel Barro disent oui \u00e0 Diomaye"},"content":{"rendered":"<p><strong>NETTALI.COM\u00a0 - Mamoudou Ibra Kane, leader du mouvement \"Demain, c'est maintenant\" annonce sa participation au Dialogue national initi\u00e9 par le Pr\u00e9sident Bassirou Diomaye Faye. Des assises auxquelles Fadel Barr \u00e9galement compte prendre part.\u00a0<\/strong><\/p>\n<p>Alors que l'ouverture officielle est pr\u00e9vue le 28 mai prochain, l'heure est au d\u00e9compte des participants et\/ou des partisans du boycott. Si l'Alliance pour la r\u00e9publique (Apr) et la R\u00e9publique des valeurs (Rv) de Thierno Alassane Sall ont clairement indiqu\u00e9 leur d\u00e9cision de boycotter le Dialogue national auquel les invite le chef de l'Etat, d'autres forces politiques de l'opposition n'ont pas attendu pour dire leur ferme volont\u00e9 de prendre part aux assises. Parmi celles-ci, le mouvement \"Demain, c'est maintenant\" du journaliste Mamoudou Ibra Kane. Et c'est ce dernier qui l'a, lui-m\u00eame, fait savoir.<\/p>\n<p>\"<em>Le mouvement Demain, c'est maintenant prendra part au Dialogue national du 28 mai. DCM regrette cependant qu\u2019il soit limit\u00e9 \u00e0 la politique. Les questions de d\u00e9veloppement et de progr\u00e8s \u00e9conomique et social doivent \u00eatre mises en avant<\/em>\", a post\u00e9 Mamoudou Ibra Kane sur X. Il poursuit : \"<em>Ce n\u2019est pas pertinent de convier les forces vives de la nation y compris la dynamique mais tr\u00e8s \u00e9prouv\u00e9e Diaspora s\u00e9n\u00e9galaise et d\u2019enfermer le dialogue dans le syst\u00e8me politique. Les enjeux pr\u00e9sents et futurs d\u00e9passent les partis. Il n\u2019est pas trop tard pour revoir les Termes de r\u00e9f\u00e9rence<\/em>.\"<\/p>\n<p>A la suite de \"Demain, c'est maintenant\", Fadel Barro et son mouvement ont aussi d\u00e9cid\u00e9 de r\u00e9pondre favorablement \u00e0 l'invitation de Bassirou Diomaye Faye. Le leader de \"Jamm gox yi\" promet de porter les revendications et la vision de son mouvement face aux d\u00e9fis politiques, sociaux et \u00e9conomiques du pays.<\/p>\n<div class='share-to-whatsapp-wrapper'><div class='share-on-whsp'>PARTAGER SUR : <\/div><a data-text='DIALOGUE NATIONAL - Mamoudou Ibra Kane et Fadel Barro disent oui \u00e0 Diomaye' data-link='https:\/\/www.nettali.com\/2025\/05\/13\/dialogue-national-mamoudou-ibra-kane-et-fadel-barro-disent-oui-a-diomaye\/' class='whatsapp-button whatsapp-share'>WhatsApp<\/a><div class='clear '><\/div><\/div>","protected":false},"excerpt":{"rendered":"<p>NETTALI.COM\u00a0 - Mamoudou Ibra Kane, leader du mouvement \"Demain, c'est maintenant\" annonce sa participation au Dialogue national initi\u00e9 par le Pr\u00e9sident Bassirou Diomaye Faye. Des assises auxquelles Fadel Barr \u00e9galement compte prendre part.\u00a0 Alors que l'ouverture officielle est pr\u00e9vue le 28 mai prochain, l'heure est au d\u00e9compte des participants et\/ou des partisans du boycott. Si [&hellip;]<\/p>\n","protected":false},"author":3,"featured_media":107827,"comment_status":"open","ping_status":"open","sticky":false,"template":"","format":"standard","meta":{"_et_pb_use_builder":"","_et_pb_old_content":""},"categories":[2],"tags":[],"yoast_head":"<!-- This site is optimized with the Yoast SEO Premium plugin v17.8 (Yoast SEO v17.8) - https:\/\/yoast.com\/wordpress\/plugins\/seo\/ -->\n<title>DIALOGUE NATIONAL - Mamoudou Ibra Kane et Fadel Barro disent oui \u00e0 Diomaye | Nettali.com<\/title>\n<meta name=\"robots\" content=\"index, follow, max-snippet:-1, max-image-preview:large, max-video-preview:-1\" \/>\n<link rel=\"canonical\" href=\"https:\/\/www.nettali.com\/2025\/05\/13\/dialogue-national-mamoudou-ibra-kane-et-fadel-barro-disent-oui-a-diomaye\/\" \/>\n<meta property=\"og:locale\" content=\"fr_FR\" \/>\n<meta property=\"og:type\" content=\"article\" \/>\n<meta property=\"og:title\" content=\"DIALOGUE NATIONAL - Mamoudou Ibra Kane et Fadel Barro disent oui \u00e0 Diomaye\" \/>\n<meta property=\"og:description\" content=\"NETTALI.COM\u00a0 - Mamoudou Ibra Kane, leader du mouvement &quot;Demain, c&#039;est maintenant&quot; annonce sa participation au Dialogue national initi\u00e9 par le Pr\u00e9sident Bassirou Diomaye Faye. Des assises auxquelles Fadel Barr \u00e9galement compte prendre part.\u00a0 Alors que l&#039;ouverture officielle est pr\u00e9vue le 28 mai prochain, l&#039;heure est au d\u00e9compte des participants et\/ou des partisans du boycott. Si [&hellip;]\" \/>\n<meta property=\"og:url\" content=\"https:\/\/www.nettali.com\/2025\/05\/13\/dialogue-national-mamoudou-ibra-kane-et-fadel-barro-disent-oui-a-diomaye\/\" \/>\n<meta property=\"og:site_name\" content=\"Nettali.com\" \/>\n<meta property=\"article:publisher\" content=\"https:\/\/www.facebook.com\/nettalicom\" \/>\n<meta property=\"article:published_time\" content=\"2025-05-13T01:01:05+00:00\" \/>\n<meta property=\"og:image\" content=\"https:\/\/www.nettali.com\/wp-content\/uploads\/2023\/04\/Mamoudou-Ibra-Kane.jpeg\" \/>\n\t<meta property=\"og:image:width\" content=\"678\" \/>\n\t<meta property=\"og:image:height\" content=\"381\" \/>\n<meta name=\"twitter:card\" content=\"summary_large_image\" \/>\n<meta name=\"twitter:label1\" content=\"\u00c9crit par\" \/>\n\t<meta name=\"twitter:data1\" content=\"Moustapha\" \/>\n\t<meta name=\"twitter:label2\" content=\"Dur\u00e9e de lecture estim\u00e9e\" \/>\n\t<meta name=\"twitter:data2\" content=\"2 minutes\" \/>\n<script type=\"application\/ld+json\" class=\"yoast-schema-graph\">{\"@context\":\"https:\/\/schema.org\",\"@graph\":[{\"@type\":\"WebSite\",\"@id\":\"https:\/\/www.nettali.com\/#website\",\"url\":\"https:\/\/www.nettali.com\/\",\"name\":\"Nettali.com\",\"description\":\"Le rendez-vous critique du Net\",\"potentialAction\":[{\"@type\":\"SearchAction\",\"target\":{\"@type\":\"EntryPoint\",\"urlTemplate\":\"https:\/\/www.nettali.com\/?s={search_term_string}\"},\"query-input\":\"required name=search_term_string\"}],\"inLanguage\":\"fr-FR\"},{\"@type\":\"ImageObject\",\"@id\":\"https:\/\/www.nettali.com\/2025\/05\/13\/dialogue-national-mamoudou-ibra-kane-et-fadel-barro-disent-oui-a-diomaye\/#primaryimage\",\"inLanguage\":\"fr-FR\",\"url\":\"https:\/\/www.nettali.com\/wp-content\/uploads\/2023\/04\/Mamoudou-Ibra-Kane.jpeg\",\"contentUrl\":\"https:\/\/www.nettali.com\/wp-content\/uploads\/2023\/04\/Mamoudou-Ibra-Kane.jpeg\",\"width\":678,\"height\":381},{\"@type\":\"WebPage\",\"@id\":\"https:\/\/www.nettali.com\/2025\/05\/13\/dialogue-national-mamoudou-ibra-kane-et-fadel-barro-disent-oui-a-diomaye\/#webpage\",\"url\":\"https:\/\/www.nettali.com\/2025\/05\/13\/dialogue-national-mamoudou-ibra-kane-et-fadel-barro-disent-oui-a-diomaye\/\",\"name\":\"DIALOGUE NATIONAL - Mamoudou Ibra Kane et Fadel Barro disent oui \\u00e0 Diomaye | Nettali.com\",\"isPartOf\":{\"@id\":\"https:\/\/www.nettali.com\/#website\"},\"primaryImageOfPage\":{\"@id\":\"https:\/\/www.nettali.com\/2025\/05\/13\/dialogue-national-mamoudou-ibra-kane-et-fadel-barro-disent-oui-a-diomaye\/#primaryimage\"},\"datePublished\":\"2025-05-13T01:01:05+00:00\",\"dateModified\":\"2025-05-13T01:01:05+00:00\",\"author\":{\"@id\":\"https:\/\/www.nettali.com\/#\/schema\/person\/7962a12a6e0267f88f0ffa544c36469a\"},\"breadcrumb\":{\"@id\":\"https:\/\/www.nettali.com\/2025\/05\/13\/dialogue-national-mamoudou-ibra-kane-et-fadel-barro-disent-oui-a-diomaye\/#breadcrumb\"},\"inLanguage\":\"fr-FR\",\"potentialAction\":[{\"@type\":\"ReadAction\",\"target\":[\"https:\/\/www.nettali.com\/2025\/05\/13\/dialogue-national-mamoudou-ibra-kane-et-fadel-barro-disent-oui-a-diomaye\/\"]}]},{\"@type\":\"BreadcrumbList\",\"@id\":\"https:\/\/www.nettali.com\/2025\/05\/13\/dialogue-national-mamoudou-ibra-kane-et-fadel-barro-disent-oui-a-diomaye\/#breadcrumb\",\"itemListElement\":[{\"@type\":\"ListItem\",\"position\":1,\"name\":\"Accueil\",\"item\":\"https:\/\/www.nettali.com\/\"},{\"@type\":\"ListItem\",\"position\":2,\"name\":\"DIALOGUE NATIONAL - Mamoudou Ibra Kane et Fadel Barro disent oui \\u00e0 Diomaye\"}]},{\"@type\":\"Person\",\"@id\":\"https:\/\/www.nettali.com\/#\/schema\/person\/7962a12a6e0267f88f0ffa544c36469a\",\"name\":\"Moustapha\",\"image\":{\"@type\":\"ImageObject\",\"@id\":\"https:\/\/www.nettali.com\/#personlogo\",\"inLanguage\":\"fr-FR\",\"url\":\"https:\/\/secure.gravatar.com\/avatar\/10fdf6a071cccdcf374e3dbe45159590?s=96&d=mm&r=g\",\"contentUrl\":\"https:\/\/secure.gravatar.com\/avatar\/10fdf6a071cccdcf374e3dbe45159590?s=96&d=mm&r=g\",\"caption\":\"Moustapha\"},\"sameAs\":[\"https:\/\/www.nettali.com\"]}]}<\/script>\n<!-- \/ Yoast SEO Premium plugin. -->","yoast_head_json":{"title":"DIALOGUE NATIONAL - Mamoudou Ibra Kane et Fadel Barro disent oui \u00e0 Diomaye | Nettali.com","robots":{"index":"index","follow":"follow","max-snippet":"max-snippet:-1","max-image-preview":"max-image-preview:large","max-video-preview":"max-video-preview:-1"},"canonical":"https:\/\/www.nettali.com\/2025\/05\/13\/dialogue-national-mamoudou-ibra-kane-et-fadel-barro-disent-oui-a-diomaye\/","og_locale":"fr_FR","og_type":"article","og_title":"DIALOGUE NATIONAL - Mamoudou Ibra Kane et Fadel Barro disent oui \u00e0 Diomaye","og_description":"NETTALI.COM\u00a0 - Mamoudou Ibra Kane, leader du mouvement \"Demain, c'est maintenant\" annonce sa participation au Dialogue national initi\u00e9 par le Pr\u00e9sident Bassirou Diomaye Faye. Des assises auxquelles Fadel Barr \u00e9galement compte prendre part.\u00a0 Alors que l'ouverture officielle est pr\u00e9vue le 28 mai prochain, l'heure est au d\u00e9compte des participants et\/ou des partisans du boycott. Si [&hellip;]","og_url":"https:\/\/www.nettali.com\/2025\/05\/13\/dialogue-national-mamoudou-ibra-kane-et-fadel-barro-disent-oui-a-diomaye\/","og_site_name":"Nettali.com","article_publisher":"https:\/\/www.facebook.com\/nettalicom","article_published_time":"2025-05-13T01:01:05+00:00","og_image":[{"width":678,"height":381,"url":"https:\/\/www.nettali.com\/wp-content\/uploads\/2023\/04\/Mamoudou-Ibra-Kane.jpeg","type":"image\/jpeg"}],"twitter_card":"summary_large_image","twitter_misc":{"\u00c9crit par":"Moustapha","Dur\u00e9e de lecture estim\u00e9e":"2 minutes"},"schema":{"@context":"https:\/\/schema.org","@graph":[{"@type":"WebSite","@id":"https:\/\/www.nettali.com\/#website","url":"https:\/\/www.nettali.com\/","name":"Nettali.com","description":"Le rendez-vous critique du Net","potentialAction":[{"@type":"SearchAction","target":{"@type":"EntryPoint","urlTemplate":"https:\/\/www.nettali.com\/?s={search_term_string}"},"query-input":"required name=search_term_string"}],"inLanguage":"fr-FR"},{"@type":"ImageObject","@id":"https:\/\/www.nettali.com\/2025\/05\/13\/dialogue-national-mamoudou-ibra-kane-et-fadel-barro-disent-oui-a-diomaye\/#primaryimage","inLanguage":"fr-FR","url":"https:\/\/www.nettali.com\/wp-content\/uploads\/2023\/04\/Mamoudou-Ibra-Kane.jpeg","contentUrl":"https:\/\/www.nettali.com\/wp-content\/uploads\/2023\/04\/Mamoudou-Ibra-Kane.jpeg","width":678,"height":381},{"@type":"WebPage","@id":"https:\/\/www.nettali.com\/2025\/05\/13\/dialogue-national-mamoudou-ibra-kane-et-fadel-barro-disent-oui-a-diomaye\/#webpage","url":"https:\/\/www.nettali.com\/2025\/05\/13\/dialogue-national-mamoudou-ibra-kane-et-fadel-barro-disent-oui-a-diomaye\/","name":"DIALOGUE NATIONAL - Mamoudou Ibra Kane et Fadel Barro disent oui \u00e0 Diomaye | Nettali.com","isPartOf":{"@id":"https:\/\/www.nettali.com\/#website"},"primaryImageOfPage":{"@id":"https:\/\/www.nettali.com\/2025\/05\/13\/dialogue-national-mamoudou-ibra-kane-et-fadel-barro-disent-oui-a-diomaye\/#primaryimage"},"datePublished":"2025-05-13T01:01:05+00:00","dateModified":"2025-05-13T01:01:05+00:00","author":{"@id":"https:\/\/www.nettali.com\/#\/schema\/person\/7962a12a6e0267f88f0ffa544c36469a"},"breadcrumb":{"@id":"https:\/\/www.nettali.com\/2025\/05\/13\/dialogue-national-mamoudou-ibra-kane-et-fadel-barro-disent-oui-a-diomaye\/#breadcrumb"},"inLanguage":"fr-FR","potentialAction":[{"@type":"ReadAction","target":["https:\/\/www.nettali.com\/2025\/05\/13\/dialogue-national-mamoudou-ibra-kane-et-fadel-barro-disent-oui-a-diomaye\/"]}]},{"@type":"BreadcrumbList","@id":"https:\/\/www.nettali.com\/2025\/05\/13\/dialogue-national-mamoudou-ibra-kane-et-fadel-barro-disent-oui-a-diomaye\/#breadcrumb","itemListElement":[{"@type":"ListItem","position":1,"name":"Accueil","item":"https:\/\/www.nettali.com\/"},{"@type":"ListItem","position":2,"name":"DIALOGUE NATIONAL - Mamoudou Ibra Kane et Fadel Barro disent oui \u00e0 Diomaye"}]},{"@type":"Person","@id":"https:\/\/www.nettali.com\/#\/schema\/person\/7962a12a6e0267f88f0ffa544c36469a","name":"Moustapha","image":{"@type":"ImageObject","@id":"https:\/\/www.nettali.com\/#personlogo","inLanguage":"fr-FR","url":"https:\/\/secure.gravatar.com\/avatar\/10fdf6a071cccdcf374e3dbe45159590?s=96&d=mm&r=g","contentUrl":"https:\/\/secure.gravatar.com\/avatar\/10fdf6a071cccdcf374e3dbe45159590?s=96&d=mm&r=g","caption":"Moustapha"},"sameAs":["https:\/\/www.nettali.com"]}]}},"_links":{"self":[{"href":"https:\/\/www.nettali.com\/rest\/wp\/v2\/posts\/154054"}],"collection":[{"href":"https:\/\/www.nettali.com\/rest\/wp\/v2\/posts"}],"about":[{"href":"https:\/\/www.nettali.com\/rest\/wp\/v2\/types\/post"}],"author":[{"embeddable":true,"href":"https:\/\/www.nettali.com\/rest\/wp\/v2\/users\/3"}],"replies":[{"embeddable":true,"href":"https:\/\/www.nettali.com\/rest\/wp\/v2\/comments?post=154054"}],"version-history":[{"count":1,"href":"https:\/\/www.nettali.com\/rest\/wp\/v2\/posts\/154054\/revisions"}],"predecessor-version":[{"id":154055,"href":"https:\/\/www.nettali.com\/rest\/wp\/v2\/posts\/154054\/revisions\/154055"}],"wp:featuredmedia":[{"embeddable":true,"href":"https:\/\/www.nettali.com\/rest\/wp\/v2\/media\/107827"}],"wp:attachment":[{"href":"https:\/\/www.nettali.com\/rest\/wp\/v2\/media?parent=154054"}],"wp:term":[{"taxonomy":"category","embeddable":true,"href":"https:\/\/www.nettali.com\/rest\/wp\/v2\/categories?post=154054"},{"taxonomy":"post_tag","embeddable":true,"href":"https:\/\/www.nettali.com\/rest\/wp\/v2\/tags?post=154054"}],"curies":[{"name":"wp","href":"https:\/\/api.w.org\/{rel}","templated":true}]}}