{"id":154052,"date":"2025-05-13T01:15:44","date_gmt":"2025-05-13T01:15:44","guid":{"rendered":"https:\/\/www.nettali.com\/?p=154052"},"modified":"2025-05-13T01:15:44","modified_gmt":"2025-05-13T01:15:44","slug":"gestion-des-inondations-le-gouvernement-active-son-plan-de-riposte","status":"publish","type":"post","link":"https:\/\/www.nettali.com\/2025\/05\/13\/gestion-des-inondations-le-gouvernement-active-son-plan-de-riposte\/","title":{"rendered":"GESTION DES INONDATIONS - Le gouvernement active son plan de riposte"},"content":{"rendered":"<p><strong>NETTALI.COM - Un conseil interminist\u00e9riel pr\u00e9sid\u00e9 par le Premier ministre s\u2019est tenu ce lundi en pr\u00e9vision de l\u2019hivernage. Il s\u2019agit, pour le gouvernement, d\u2019anticiper pour mieux g\u00e9rer la situation.<\/strong><\/p>\n<p>En perspective de la saison des pluies, plusieurs mesures fortes ont \u00e9t\u00e9 prises \u00e0 l\u2019issue du Conseil interminist\u00e9riel tenue ce lundi 12 mai 2025. Selon le communiqu\u00e9 sanctionnant cette rencontre, le ministre de l\u2019Hydraulique et de l\u2019Assainissement, en relation avec les ministres charg\u00e9s des Collectivit\u00e9s territoriales et des Transports terrestres, \"<em>veillera au d\u00e9marrage sans d\u00e9lai et \u00e0 la finalisation par toutes les structures op\u00e9rationnelles, des op\u00e9rations pr\u00e9-hivernales au plus tard le 15 juillet 2025<\/em>\". Le document ajoute que le ministre des Infrastructures devra assurer \"<em>l\u2019entretien et la r\u00e9habilitation des ouvrages de franchissement dans les zones et sites vuln\u00e9rables<\/em>\".<\/p>\n<p>Afin d'\u00e9viter un \u00e9ventuel d\u00e9bordement des fleuves, le gouvernement compte miser \u00e9galement sur une meilleure anticipation des crues fluviales. \"<em>Le ministre de l\u2019Hydraulique et de l\u2019Assainissement, en collaboration avec l\u2019OMVS et l\u2019OMVG, prendra les dispositions requises pour assurer un suivi permanent et rapproch\u00e9 du comportement des bassins et une meilleure planification des l\u00e2chers d\u2019eau au niveau des barrages de Diama et de Manantali<\/em>\", indique la note.<\/p>\n<p>Pour lutter contre les inondations dans certaines localit\u00e9s, il est aussi pr\u00e9vu de \"<em>pr\u00e9-positionner des motopompes de grandes capacit\u00e9s sur les points end\u00e9miques et sites strat\u00e9giques d\u00e9j\u00e0 identifi\u00e9s<\/em>\". Ces \u00e9quipements, accompagn\u00e9s de \"<em>descentes \u00e9lectriques install\u00e9es partout o\u00f9 ce sera n\u00e9cessaire<\/em>\", seront acquis avec l\u2019appui du minist\u00e8re des Finances.<\/p>\n<p>Les acteurs communautaires ne seront pas en reste. Ils recevront \"<em>une formation sp\u00e9cifique dispens\u00e9e par la Brigade nationale des sapeurs-pompiers<\/em>\" selon la source. Les ministres de l\u2019\u00c9ducation, de l\u2019Agriculture, de l\u2019Int\u00e9rieur, des Infrastructures, des Forces arm\u00e9es et des Transports sont charg\u00e9s de \"<em>prendre toutes les mesures appropri\u00e9es pour assurer le bon d\u00e9roulement des activit\u00e9s socio-\u00e9conomiques et le fonctionnement r\u00e9gulier des infrastructures et installations strat\u00e9giques, y compris les \u00e9coles, mosqu\u00e9es, \u00e9glises, march\u00e9s et axes routiers<\/em>\".<\/p>\n<p>Concernant les travaux en cours, \"<em>les ministres concern\u00e9s devront engager des plans d\u2019acc\u00e9l\u00e9ration et pr\u00e9voir, \u00e0 d\u00e9faut de les terminer, des mesures transitoires palliatives sur les sites concern\u00e9s<\/em>\". S\u2019agissant de l\u2019organisation des secours, le minist\u00e8re de l\u2019Int\u00e9rieur \"<em>mettra \u00e0 jour le recensement et la cat\u00e9gorisation des moyens publics et priv\u00e9s mobilisables sur l\u2019ensemble du territoire national<\/em>\" et veillera \u00e0 \"<em>la prise en compte des points vuln\u00e9rables dans la dotation en paratonnerres et autres \u00e9quipements de protection civile<\/em>\". D\u2019ici fin juillet, des \"<em>plans de contingence territoriaux<\/em>\" devront \u00eatre finalis\u00e9s avec \"<em>des dispositifs de pilotage locaux et des moyens d\u2019intervention, de secours et d\u2019assistance pr\u00e9positionn\u00e9s<\/em>\".\u00a0 Il est aussi pr\u00e9vu des exercices de simulation et la s\u00e9curisation des bassins de r\u00e9tention. Le recensement et l\u2019\u00e9vacuation des b\u00e2timents mena\u00e7ant ruine ainsi qu\u2019une campagne de sensibilisation contre les noyades sont \u00e9galement annonc\u00e9s. Pour se faire, le minist\u00e8re des Finances devra \"<em>renforcer, au moins \u00e0 hauteur de 50 %, les ressources pr\u00e9vues dans la Matrice d\u2019Actions prioritaires de Lutte contre les Inondations<\/em>\" et payer sans d\u00e9lai les arri\u00e9r\u00e9s dus aux entreprises engag\u00e9es. Il est aussi pr\u00e9vu de \"<em>renforcer le maillage du territoire en radars, en stations d\u2019observation pluviom\u00e9trique et en \u00e9quipements de surveillance des bassins\".<\/em><\/p>\n<p>\"<em>Un\u00a0 dispositif de communication pour la diffusion \u00e0 temps r\u00e9el des alertes et des informations utiles sera mis en place. Une grande campagne de sensibilisation sera lanc\u00e9e en mai, suivie de\u00a0 journ\u00e9es citoyennes de lutte contre les inondations de juillet \u00e0 ao\u00fbt, en lien avec les forces de d\u00e9fense et de s\u00e9curit\u00e9<\/em>\"<em>, <\/em>pr\u00e9cise le document. Avant de conclure qu\u2019une matrice de suivi devra \u00eatre remise \"<em>s<\/em><em>ous huitaine<\/em>\" au Premier ministre.<\/p>\n<div class='share-to-whatsapp-wrapper'><div class='share-on-whsp'>PARTAGER SUR : <\/div><a data-text='GESTION DES INONDATIONS - Le gouvernement active son plan de riposte' data-link='https:\/\/www.nettali.com\/2025\/05\/13\/gestion-des-inondations-le-gouvernement-active-son-plan-de-riposte\/' class='whatsapp-button whatsapp-share'>WhatsApp<\/a><div class='clear '><\/div><\/div>","protected":false},"excerpt":{"rendered":"<p>NETTALI.COM - Un conseil interminist\u00e9riel pr\u00e9sid\u00e9 par le Premier ministre s\u2019est tenu ce lundi en pr\u00e9vision de l\u2019hivernage. Il s\u2019agit, pour le gouvernement, d\u2019anticiper pour mieux g\u00e9rer la situation. En perspective de la saison des pluies, plusieurs mesures fortes ont \u00e9t\u00e9 prises \u00e0 l\u2019issue du Conseil interminist\u00e9riel tenue ce lundi 12 mai 2025. Selon le [&hellip;]<\/p>\n","protected":false},"author":6,"featured_media":45841,"comment_status":"open","ping_status":"open","sticky":false,"template":"","format":"standard","meta":{"_et_pb_use_builder":"","_et_pb_old_content":""},"categories":[3],"tags":[],"yoast_head":"<!-- This site is optimized with the Yoast SEO Premium plugin v17.8 (Yoast SEO v17.8) - https:\/\/yoast.com\/wordpress\/plugins\/seo\/ -->\n<title>GESTION DES INONDATIONS - Le gouvernement active son plan de riposte | Nettali.com<\/title>\n<meta name=\"robots\" content=\"index, follow, max-snippet:-1, max-image-preview:large, max-video-preview:-1\" \/>\n<link rel=\"canonical\" href=\"https:\/\/www.nettali.com\/2025\/05\/13\/gestion-des-inondations-le-gouvernement-active-son-plan-de-riposte\/\" \/>\n<meta property=\"og:locale\" content=\"fr_FR\" \/>\n<meta property=\"og:type\" content=\"article\" \/>\n<meta property=\"og:title\" content=\"GESTION DES INONDATIONS - Le gouvernement active son plan de riposte\" \/>\n<meta property=\"og:description\" content=\"NETTALI.COM - Un conseil interminist\u00e9riel pr\u00e9sid\u00e9 par le Premier ministre s\u2019est tenu ce lundi en pr\u00e9vision de l\u2019hivernage. Il s\u2019agit, pour le gouvernement, d\u2019anticiper pour mieux g\u00e9rer la situation. En perspective de la saison des pluies, plusieurs mesures fortes ont \u00e9t\u00e9 prises \u00e0 l\u2019issue du Conseil interminist\u00e9riel tenue ce lundi 12 mai 2025. Selon le [&hellip;]\" \/>\n<meta property=\"og:url\" content=\"https:\/\/www.nettali.com\/2025\/05\/13\/gestion-des-inondations-le-gouvernement-active-son-plan-de-riposte\/\" \/>\n<meta property=\"og:site_name\" content=\"Nettali.com\" \/>\n<meta property=\"article:publisher\" content=\"https:\/\/www.facebook.com\/nettalicom\" \/>\n<meta property=\"article:published_time\" content=\"2025-05-13T01:15:44+00:00\" \/>\n<meta property=\"og:image\" content=\"https:\/\/www.nettali.com\/wp-content\/uploads\/2020\/09\/Inondations-2.jpg\" \/>\n\t<meta property=\"og:image:width\" content=\"960\" \/>\n\t<meta property=\"og:image:height\" content=\"639\" \/>\n<meta name=\"twitter:card\" content=\"summary_large_image\" \/>\n<meta name=\"twitter:label1\" content=\"\u00c9crit par\" \/>\n\t<meta name=\"twitter:data1\" content=\"Fatou\" \/>\n\t<meta name=\"twitter:label2\" content=\"Dur\u00e9e de lecture estim\u00e9e\" \/>\n\t<meta name=\"twitter:data2\" content=\"3 minutes\" \/>\n<script type=\"application\/ld+json\" class=\"yoast-schema-graph\">{\"@context\":\"https:\/\/schema.org\",\"@graph\":[{\"@type\":\"WebSite\",\"@id\":\"https:\/\/www.nettali.com\/#website\",\"url\":\"https:\/\/www.nettali.com\/\",\"name\":\"Nettali.com\",\"description\":\"Le rendez-vous critique du Net\",\"potentialAction\":[{\"@type\":\"SearchAction\",\"target\":{\"@type\":\"EntryPoint\",\"urlTemplate\":\"https:\/\/www.nettali.com\/?s={search_term_string}\"},\"query-input\":\"required name=search_term_string\"}],\"inLanguage\":\"fr-FR\"},{\"@type\":\"ImageObject\",\"@id\":\"https:\/\/www.nettali.com\/2025\/05\/13\/gestion-des-inondations-le-gouvernement-active-son-plan-de-riposte\/#primaryimage\",\"inLanguage\":\"fr-FR\",\"url\":\"https:\/\/www.nettali.com\/wp-content\/uploads\/2020\/09\/Inondations-2.jpg\",\"contentUrl\":\"https:\/\/www.nettali.com\/wp-content\/uploads\/2020\/09\/Inondations-2.jpg\",\"width\":960,\"height\":639},{\"@type\":\"WebPage\",\"@id\":\"https:\/\/www.nettali.com\/2025\/05\/13\/gestion-des-inondations-le-gouvernement-active-son-plan-de-riposte\/#webpage\",\"url\":\"https:\/\/www.nettali.com\/2025\/05\/13\/gestion-des-inondations-le-gouvernement-active-son-plan-de-riposte\/\",\"name\":\"GESTION DES INONDATIONS - Le gouvernement active son plan de riposte | Nettali.com\",\"isPartOf\":{\"@id\":\"https:\/\/www.nettali.com\/#website\"},\"primaryImageOfPage\":{\"@id\":\"https:\/\/www.nettali.com\/2025\/05\/13\/gestion-des-inondations-le-gouvernement-active-son-plan-de-riposte\/#primaryimage\"},\"datePublished\":\"2025-05-13T01:15:44+00:00\",\"dateModified\":\"2025-05-13T01:15:44+00:00\",\"author\":{\"@id\":\"https:\/\/www.nettali.com\/#\/schema\/person\/418274a86bdf87caff7a3ef476bd0bbf\"},\"breadcrumb\":{\"@id\":\"https:\/\/www.nettali.com\/2025\/05\/13\/gestion-des-inondations-le-gouvernement-active-son-plan-de-riposte\/#breadcrumb\"},\"inLanguage\":\"fr-FR\",\"potentialAction\":[{\"@type\":\"ReadAction\",\"target\":[\"https:\/\/www.nettali.com\/2025\/05\/13\/gestion-des-inondations-le-gouvernement-active-son-plan-de-riposte\/\"]}]},{\"@type\":\"BreadcrumbList\",\"@id\":\"https:\/\/www.nettali.com\/2025\/05\/13\/gestion-des-inondations-le-gouvernement-active-son-plan-de-riposte\/#breadcrumb\",\"itemListElement\":[{\"@type\":\"ListItem\",\"position\":1,\"name\":\"Accueil\",\"item\":\"https:\/\/www.nettali.com\/\"},{\"@type\":\"ListItem\",\"position\":2,\"name\":\"GESTION DES INONDATIONS - Le gouvernement active son plan de riposte\"}]},{\"@type\":\"Person\",\"@id\":\"https:\/\/www.nettali.com\/#\/schema\/person\/418274a86bdf87caff7a3ef476bd0bbf\",\"name\":\"Fatou\",\"image\":{\"@type\":\"ImageObject\",\"@id\":\"https:\/\/www.nettali.com\/#personlogo\",\"inLanguage\":\"fr-FR\",\"url\":\"https:\/\/secure.gravatar.com\/avatar\/5a9442a2bee7b4dcf167cab035858e9a?s=96&d=mm&r=g\",\"contentUrl\":\"https:\/\/secure.gravatar.com\/avatar\/5a9442a2bee7b4dcf167cab035858e9a?s=96&d=mm&r=g\",\"caption\":\"Fatou\"},\"sameAs\":[\"https:\/\/www.nettali.com\"]}]}<\/script>\n<!-- \/ Yoast SEO Premium plugin. -->","yoast_head_json":{"title":"GESTION DES INONDATIONS - Le gouvernement active son plan de riposte | Nettali.com","robots":{"index":"index","follow":"follow","max-snippet":"max-snippet:-1","max-image-preview":"max-image-preview:large","max-video-preview":"max-video-preview:-1"},"canonical":"https:\/\/www.nettali.com\/2025\/05\/13\/gestion-des-inondations-le-gouvernement-active-son-plan-de-riposte\/","og_locale":"fr_FR","og_type":"article","og_title":"GESTION DES INONDATIONS - Le gouvernement active son plan de riposte","og_description":"NETTALI.COM - Un conseil interminist\u00e9riel pr\u00e9sid\u00e9 par le Premier ministre s\u2019est tenu ce lundi en pr\u00e9vision de l\u2019hivernage. Il s\u2019agit, pour le gouvernement, d\u2019anticiper pour mieux g\u00e9rer la situation. En perspective de la saison des pluies, plusieurs mesures fortes ont \u00e9t\u00e9 prises \u00e0 l\u2019issue du Conseil interminist\u00e9riel tenue ce lundi 12 mai 2025. Selon le [&hellip;]","og_url":"https:\/\/www.nettali.com\/2025\/05\/13\/gestion-des-inondations-le-gouvernement-active-son-plan-de-riposte\/","og_site_name":"Nettali.com","article_publisher":"https:\/\/www.facebook.com\/nettalicom","article_published_time":"2025-05-13T01:15:44+00:00","og_image":[{"width":960,"height":639,"url":"https:\/\/www.nettali.com\/wp-content\/uploads\/2020\/09\/Inondations-2.jpg","type":"image\/jpeg"}],"twitter_card":"summary_large_image","twitter_misc":{"\u00c9crit par":"Fatou","Dur\u00e9e de lecture estim\u00e9e":"3 minutes"},"schema":{"@context":"https:\/\/schema.org","@graph":[{"@type":"WebSite","@id":"https:\/\/www.nettali.com\/#website","url":"https:\/\/www.nettali.com\/","name":"Nettali.com","description":"Le rendez-vous critique du Net","potentialAction":[{"@type":"SearchAction","target":{"@type":"EntryPoint","urlTemplate":"https:\/\/www.nettali.com\/?s={search_term_string}"},"query-input":"required name=search_term_string"}],"inLanguage":"fr-FR"},{"@type":"ImageObject","@id":"https:\/\/www.nettali.com\/2025\/05\/13\/gestion-des-inondations-le-gouvernement-active-son-plan-de-riposte\/#primaryimage","inLanguage":"fr-FR","url":"https:\/\/www.nettali.com\/wp-content\/uploads\/2020\/09\/Inondations-2.jpg","contentUrl":"https:\/\/www.nettali.com\/wp-content\/uploads\/2020\/09\/Inondations-2.jpg","width":960,"height":639},{"@type":"WebPage","@id":"https:\/\/www.nettali.com\/2025\/05\/13\/gestion-des-inondations-le-gouvernement-active-son-plan-de-riposte\/#webpage","url":"https:\/\/www.nettali.com\/2025\/05\/13\/gestion-des-inondations-le-gouvernement-active-son-plan-de-riposte\/","name":"GESTION DES INONDATIONS - Le gouvernement active son plan de riposte | Nettali.com","isPartOf":{"@id":"https:\/\/www.nettali.com\/#website"},"primaryImageOfPage":{"@id":"https:\/\/www.nettali.com\/2025\/05\/13\/gestion-des-inondations-le-gouvernement-active-son-plan-de-riposte\/#primaryimage"},"datePublished":"2025-05-13T01:15:44+00:00","dateModified":"2025-05-13T01:15:44+00:00","author":{"@id":"https:\/\/www.nettali.com\/#\/schema\/person\/418274a86bdf87caff7a3ef476bd0bbf"},"breadcrumb":{"@id":"https:\/\/www.nettali.com\/2025\/05\/13\/gestion-des-inondations-le-gouvernement-active-son-plan-de-riposte\/#breadcrumb"},"inLanguage":"fr-FR","potentialAction":[{"@type":"ReadAction","target":["https:\/\/www.nettali.com\/2025\/05\/13\/gestion-des-inondations-le-gouvernement-active-son-plan-de-riposte\/"]}]},{"@type":"BreadcrumbList","@id":"https:\/\/www.nettali.com\/2025\/05\/13\/gestion-des-inondations-le-gouvernement-active-son-plan-de-riposte\/#breadcrumb","itemListElement":[{"@type":"ListItem","position":1,"name":"Accueil","item":"https:\/\/www.nettali.com\/"},{"@type":"ListItem","position":2,"name":"GESTION DES INONDATIONS - Le gouvernement active son plan de riposte"}]},{"@type":"Person","@id":"https:\/\/www.nettali.com\/#\/schema\/person\/418274a86bdf87caff7a3ef476bd0bbf","name":"Fatou","image":{"@type":"ImageObject","@id":"https:\/\/www.nettali.com\/#personlogo","inLanguage":"fr-FR","url":"https:\/\/secure.gravatar.com\/avatar\/5a9442a2bee7b4dcf167cab035858e9a?s=96&d=mm&r=g","contentUrl":"https:\/\/secure.gravatar.com\/avatar\/5a9442a2bee7b4dcf167cab035858e9a?s=96&d=mm&r=g","caption":"Fatou"},"sameAs":["https:\/\/www.nettali.com"]}]}},"_links":{"self":[{"href":"https:\/\/www.nettali.com\/rest\/wp\/v2\/posts\/154052"}],"collection":[{"href":"https:\/\/www.nettali.com\/rest\/wp\/v2\/posts"}],"about":[{"href":"https:\/\/www.nettali.com\/rest\/wp\/v2\/types\/post"}],"author":[{"embeddable":true,"href":"https:\/\/www.nettali.com\/rest\/wp\/v2\/users\/6"}],"replies":[{"embeddable":true,"href":"https:\/\/www.nettali.com\/rest\/wp\/v2\/comments?post=154052"}],"version-history":[{"count":3,"href":"https:\/\/www.nettali.com\/rest\/wp\/v2\/posts\/154052\/revisions"}],"predecessor-version":[{"id":154059,"href":"https:\/\/www.nettali.com\/rest\/wp\/v2\/posts\/154052\/revisions\/154059"}],"wp:featuredmedia":[{"embeddable":true,"href":"https:\/\/www.nettali.com\/rest\/wp\/v2\/media\/45841"}],"wp:attachment":[{"href":"https:\/\/www.nettali.com\/rest\/wp\/v2\/media?parent=154052"}],"wp:term":[{"taxonomy":"category","embeddable":true,"href":"https:\/\/www.nettali.com\/rest\/wp\/v2\/categories?post=154052"},{"taxonomy":"post_tag","embeddable":true,"href":"https:\/\/www.nettali.com\/rest\/wp\/v2\/tags?post=154052"}],"curies":[{"name":"wp","href":"https:\/\/api.w.org\/{rel}","templated":true}]}}