{"id":154030,"date":"2025-05-12T14:16:55","date_gmt":"2025-05-12T14:16:55","guid":{"rendered":"https:\/\/www.nettali.com\/?p=154030"},"modified":"2025-05-12T14:16:55","modified_gmt":"2025-05-12T14:16:55","slug":"cybercriminalite-les-avocats-alertent-sur-letat-de-sante-mentale-de-azoura-fall","status":"publish","type":"post","link":"https:\/\/www.nettali.com\/2025\/05\/12\/cybercriminalite-les-avocats-alertent-sur-letat-de-sante-mentale-de-azoura-fall\/","title":{"rendered":"CYBERCRIMINALIT\u00c9 - Les avocats alertent sur l'\u00e9tat de sant\u00e9 mentale de Azoura Fall"},"content":{"rendered":"<p class=\"\" data-start=\"192\" data-end=\"497\"><strong>NETTALI.COM - Convoqu\u00e9 ce lundi \u00e0 la Division de lutte contre la cybercriminalit\u00e9, Azoura Fall a \u00e9t\u00e9 auditionn\u00e9 en compagnie de Kair\u00e9 2020, un autre activiste de Pastef qui \u00e9tait recherch\u00e9 pour des vid\u00e9os injurieux et qui a arr\u00eat\u00e9 sur place, dans les locaux de la cybercriminalit\u00e9. Leur avocat, Me Tall, a fait le point \u00e0 la sortie des auditions, alertant sur l\u2019\u00e9tat de sant\u00e9 pr\u00e9occupant d\u2019Azoura et pr\u00e9cisant qu\u2019aucune garde \u00e0 vue n\u2019avait encore \u00e9t\u00e9 d\u00e9cid\u00e9e.<\/strong><\/p>\n<p class=\"\" data-start=\"192\" data-end=\"497\">Convoqu\u00e9, Azoura Fall s\u2019est pr\u00e9sent\u00e9 ce lundi \u00e0 la Division de lutte contre la cybercriminalit\u00e9. Son avocat, Me Tall, est sorti des locaux de la police pour faire le point sur son audition ainsi que sur celle de Elhadj Ousseynou Diakhat\u00e9, alias <em data-start=\"449\" data-end=\"456\">Kair\u00e9<\/em>, interpell\u00e9 dans la matin\u00e9e de ce lundi.<\/p>\n<p class=\"\" data-start=\"499\" data-end=\"1044\"><em>\u00ab Azoura est gravement malade. Nous avons d\u00e9pos\u00e9 son dossier m\u00e9dical et rappel\u00e9 son pass\u00e9 p\u00e9nal ainsi que les pers\u00e9cutions qu\u2019il a subies, qui ont contribu\u00e9 \u00e0 la d\u00e9gradation de son \u00e9tat de sant\u00e9. Aujourd\u2019hui, il ne jouit plus de toutes ses facult\u00e9s physiques et mentales. Sa d\u00e9tention carc\u00e9rale a aggrav\u00e9 sa condition au point qu\u2019il souffre de probl\u00e8mes articulaires, h\u00e9patiques et pulmonaires. C\u2019est un cri de c\u0153ur que je lance pour attirer l\u2019attention des autorit\u00e9s judiciaires sur le cas d\u2019Assane Gu\u00e8ye, dit Azoura \u00bb<\/em>, a d\u00e9clar\u00e9 Me Tall.<\/p>\n<p class=\"\" data-start=\"1046\" data-end=\"1492\">S\u2019agissant de Kair\u00e9 2020, qui a \u00e9t\u00e9 interpell\u00e9 au moment o\u00f9 Azoura se pr\u00e9sentait \u00e0 sa convocation, Me Tall pr\u00e9cise : <em>\u00ab Lui aussi s\u2019est vu confronter \u00e0 des vid\u00e9os dans lesquelles il tient des propos contraires aux bonnes m\u0153urs. Pour l\u2019instant, ils ne sont pas encore plac\u00e9s en garde \u00e0 vue. Nous sommes \u00e0 l\u2019\u00e9tape des auditions. Une fois celles-ci termin\u00e9es, les officiers rendront compte \u00e0 leur hi\u00e9rarchie pour d\u00e9cider de la conduite \u00e0 tenir. \u00bb<\/em><\/p>\n<div class='share-to-whatsapp-wrapper'><div class='share-on-whsp'>PARTAGER SUR : <\/div><a data-text='CYBERCRIMINALIT\u00c9 - Les avocats alertent sur l'\u00e9tat de sant\u00e9 mentale de Azoura Fall' data-link='https:\/\/www.nettali.com\/2025\/05\/12\/cybercriminalite-les-avocats-alertent-sur-letat-de-sante-mentale-de-azoura-fall\/' class='whatsapp-button whatsapp-share'>WhatsApp<\/a><div class='clear '><\/div><\/div>","protected":false},"excerpt":{"rendered":"<p>NETTALI.COM - Convoqu\u00e9 ce lundi \u00e0 la Division de lutte contre la cybercriminalit\u00e9, Azoura Fall a \u00e9t\u00e9 auditionn\u00e9 en compagnie de Kair\u00e9 2020, un autre activiste de Pastef qui \u00e9tait recherch\u00e9 pour des vid\u00e9os injurieux et qui a arr\u00eat\u00e9 sur place, dans les locaux de la cybercriminalit\u00e9. Leur avocat, Me Tall, a fait le point [&hellip;]<\/p>\n","protected":false},"author":4,"featured_media":154031,"comment_status":"open","ping_status":"open","sticky":false,"template":"","format":"standard","meta":{"_et_pb_use_builder":"","_et_pb_old_content":""},"categories":[3],"tags":[],"yoast_head":"<!-- This site is optimized with the Yoast SEO Premium plugin v17.8 (Yoast SEO v17.8) - https:\/\/yoast.com\/wordpress\/plugins\/seo\/ -->\n<title>CYBERCRIMINALIT\u00c9 - Les avocats alertent sur l&#039;\u00e9tat de sant\u00e9 mentale de Azoura Fall | Nettali.com<\/title>\n<meta name=\"robots\" content=\"index, follow, max-snippet:-1, max-image-preview:large, max-video-preview:-1\" \/>\n<link rel=\"canonical\" href=\"https:\/\/www.nettali.com\/2025\/05\/12\/cybercriminalite-les-avocats-alertent-sur-letat-de-sante-mentale-de-azoura-fall\/\" \/>\n<meta property=\"og:locale\" content=\"fr_FR\" \/>\n<meta property=\"og:type\" content=\"article\" \/>\n<meta property=\"og:title\" content=\"CYBERCRIMINALIT\u00c9 - Les avocats alertent sur l&#039;\u00e9tat de sant\u00e9 mentale de Azoura Fall\" \/>\n<meta property=\"og:description\" content=\"NETTALI.COM - Convoqu\u00e9 ce lundi \u00e0 la Division de lutte contre la cybercriminalit\u00e9, Azoura Fall a \u00e9t\u00e9 auditionn\u00e9 en compagnie de Kair\u00e9 2020, un autre activiste de Pastef qui \u00e9tait recherch\u00e9 pour des vid\u00e9os injurieux et qui a arr\u00eat\u00e9 sur place, dans les locaux de la cybercriminalit\u00e9. Leur avocat, Me Tall, a fait le point [&hellip;]\" \/>\n<meta property=\"og:url\" content=\"https:\/\/www.nettali.com\/2025\/05\/12\/cybercriminalite-les-avocats-alertent-sur-letat-de-sante-mentale-de-azoura-fall\/\" \/>\n<meta property=\"og:site_name\" content=\"Nettali.com\" \/>\n<meta property=\"article:publisher\" content=\"https:\/\/www.facebook.com\/nettalicom\" \/>\n<meta property=\"article:published_time\" content=\"2025-05-12T14:16:55+00:00\" \/>\n<meta property=\"og:image\" content=\"https:\/\/www.nettali.com\/wp-content\/uploads\/2025\/05\/Azoura-Fall.jpg\" \/>\n\t<meta property=\"og:image:width\" content=\"828\" \/>\n\t<meta property=\"og:image:height\" content=\"455\" \/>\n<meta name=\"twitter:card\" content=\"summary_large_image\" \/>\n<meta name=\"twitter:label1\" content=\"\u00c9crit par\" \/>\n\t<meta name=\"twitter:data1\" content=\"Daouda\" \/>\n\t<meta name=\"twitter:label2\" content=\"Dur\u00e9e de lecture estim\u00e9e\" \/>\n\t<meta name=\"twitter:data2\" content=\"2 minutes\" \/>\n<script type=\"application\/ld+json\" class=\"yoast-schema-graph\">{\"@context\":\"https:\/\/schema.org\",\"@graph\":[{\"@type\":\"WebSite\",\"@id\":\"https:\/\/www.nettali.com\/#website\",\"url\":\"https:\/\/www.nettali.com\/\",\"name\":\"Nettali.com\",\"description\":\"Le rendez-vous critique du Net\",\"potentialAction\":[{\"@type\":\"SearchAction\",\"target\":{\"@type\":\"EntryPoint\",\"urlTemplate\":\"https:\/\/www.nettali.com\/?s={search_term_string}\"},\"query-input\":\"required name=search_term_string\"}],\"inLanguage\":\"fr-FR\"},{\"@type\":\"ImageObject\",\"@id\":\"https:\/\/www.nettali.com\/2025\/05\/12\/cybercriminalite-les-avocats-alertent-sur-letat-de-sante-mentale-de-azoura-fall\/#primaryimage\",\"inLanguage\":\"fr-FR\",\"url\":\"https:\/\/www.nettali.com\/wp-content\/uploads\/2025\/05\/Azoura-Fall.jpg\",\"contentUrl\":\"https:\/\/www.nettali.com\/wp-content\/uploads\/2025\/05\/Azoura-Fall.jpg\",\"width\":828,\"height\":455},{\"@type\":\"WebPage\",\"@id\":\"https:\/\/www.nettali.com\/2025\/05\/12\/cybercriminalite-les-avocats-alertent-sur-letat-de-sante-mentale-de-azoura-fall\/#webpage\",\"url\":\"https:\/\/www.nettali.com\/2025\/05\/12\/cybercriminalite-les-avocats-alertent-sur-letat-de-sante-mentale-de-azoura-fall\/\",\"name\":\"CYBERCRIMINALIT\\u00c9 - Les avocats alertent sur l'\\u00e9tat de sant\\u00e9 mentale de Azoura Fall | Nettali.com\",\"isPartOf\":{\"@id\":\"https:\/\/www.nettali.com\/#website\"},\"primaryImageOfPage\":{\"@id\":\"https:\/\/www.nettali.com\/2025\/05\/12\/cybercriminalite-les-avocats-alertent-sur-letat-de-sante-mentale-de-azoura-fall\/#primaryimage\"},\"datePublished\":\"2025-05-12T14:16:55+00:00\",\"dateModified\":\"2025-05-12T14:16:55+00:00\",\"author\":{\"@id\":\"https:\/\/www.nettali.com\/#\/schema\/person\/3317e0bb3aa1da309fbf7b2780901bf4\"},\"breadcrumb\":{\"@id\":\"https:\/\/www.nettali.com\/2025\/05\/12\/cybercriminalite-les-avocats-alertent-sur-letat-de-sante-mentale-de-azoura-fall\/#breadcrumb\"},\"inLanguage\":\"fr-FR\",\"potentialAction\":[{\"@type\":\"ReadAction\",\"target\":[\"https:\/\/www.nettali.com\/2025\/05\/12\/cybercriminalite-les-avocats-alertent-sur-letat-de-sante-mentale-de-azoura-fall\/\"]}]},{\"@type\":\"BreadcrumbList\",\"@id\":\"https:\/\/www.nettali.com\/2025\/05\/12\/cybercriminalite-les-avocats-alertent-sur-letat-de-sante-mentale-de-azoura-fall\/#breadcrumb\",\"itemListElement\":[{\"@type\":\"ListItem\",\"position\":1,\"name\":\"Accueil\",\"item\":\"https:\/\/www.nettali.com\/\"},{\"@type\":\"ListItem\",\"position\":2,\"name\":\"CYBERCRIMINALIT\\u00c9 - Les avocats alertent sur l'\\u00e9tat de sant\\u00e9 mentale de Azoura Fall\"}]},{\"@type\":\"Person\",\"@id\":\"https:\/\/www.nettali.com\/#\/schema\/person\/3317e0bb3aa1da309fbf7b2780901bf4\",\"name\":\"Daouda\",\"image\":{\"@type\":\"ImageObject\",\"@id\":\"https:\/\/www.nettali.com\/#personlogo\",\"inLanguage\":\"fr-FR\",\"url\":\"https:\/\/secure.gravatar.com\/avatar\/8d143b5a49345098ddcfee1c49c2f47c?s=96&d=mm&r=g\",\"contentUrl\":\"https:\/\/secure.gravatar.com\/avatar\/8d143b5a49345098ddcfee1c49c2f47c?s=96&d=mm&r=g\",\"caption\":\"Daouda\"},\"sameAs\":[\"https:\/\/www.nettali.com\"]}]}<\/script>\n<!-- \/ Yoast SEO Premium plugin. -->","yoast_head_json":{"title":"CYBERCRIMINALIT\u00c9 - Les avocats alertent sur l'\u00e9tat de sant\u00e9 mentale de Azoura Fall | Nettali.com","robots":{"index":"index","follow":"follow","max-snippet":"max-snippet:-1","max-image-preview":"max-image-preview:large","max-video-preview":"max-video-preview:-1"},"canonical":"https:\/\/www.nettali.com\/2025\/05\/12\/cybercriminalite-les-avocats-alertent-sur-letat-de-sante-mentale-de-azoura-fall\/","og_locale":"fr_FR","og_type":"article","og_title":"CYBERCRIMINALIT\u00c9 - Les avocats alertent sur l'\u00e9tat de sant\u00e9 mentale de Azoura Fall","og_description":"NETTALI.COM - Convoqu\u00e9 ce lundi \u00e0 la Division de lutte contre la cybercriminalit\u00e9, Azoura Fall a \u00e9t\u00e9 auditionn\u00e9 en compagnie de Kair\u00e9 2020, un autre activiste de Pastef qui \u00e9tait recherch\u00e9 pour des vid\u00e9os injurieux et qui a arr\u00eat\u00e9 sur place, dans les locaux de la cybercriminalit\u00e9. Leur avocat, Me Tall, a fait le point [&hellip;]","og_url":"https:\/\/www.nettali.com\/2025\/05\/12\/cybercriminalite-les-avocats-alertent-sur-letat-de-sante-mentale-de-azoura-fall\/","og_site_name":"Nettali.com","article_publisher":"https:\/\/www.facebook.com\/nettalicom","article_published_time":"2025-05-12T14:16:55+00:00","og_image":[{"width":828,"height":455,"url":"https:\/\/www.nettali.com\/wp-content\/uploads\/2025\/05\/Azoura-Fall.jpg","type":"image\/jpeg"}],"twitter_card":"summary_large_image","twitter_misc":{"\u00c9crit par":"Daouda","Dur\u00e9e de lecture estim\u00e9e":"2 minutes"},"schema":{"@context":"https:\/\/schema.org","@graph":[{"@type":"WebSite","@id":"https:\/\/www.nettali.com\/#website","url":"https:\/\/www.nettali.com\/","name":"Nettali.com","description":"Le rendez-vous critique du Net","potentialAction":[{"@type":"SearchAction","target":{"@type":"EntryPoint","urlTemplate":"https:\/\/www.nettali.com\/?s={search_term_string}"},"query-input":"required name=search_term_string"}],"inLanguage":"fr-FR"},{"@type":"ImageObject","@id":"https:\/\/www.nettali.com\/2025\/05\/12\/cybercriminalite-les-avocats-alertent-sur-letat-de-sante-mentale-de-azoura-fall\/#primaryimage","inLanguage":"fr-FR","url":"https:\/\/www.nettali.com\/wp-content\/uploads\/2025\/05\/Azoura-Fall.jpg","contentUrl":"https:\/\/www.nettali.com\/wp-content\/uploads\/2025\/05\/Azoura-Fall.jpg","width":828,"height":455},{"@type":"WebPage","@id":"https:\/\/www.nettali.com\/2025\/05\/12\/cybercriminalite-les-avocats-alertent-sur-letat-de-sante-mentale-de-azoura-fall\/#webpage","url":"https:\/\/www.nettali.com\/2025\/05\/12\/cybercriminalite-les-avocats-alertent-sur-letat-de-sante-mentale-de-azoura-fall\/","name":"CYBERCRIMINALIT\u00c9 - Les avocats alertent sur l'\u00e9tat de sant\u00e9 mentale de Azoura Fall | Nettali.com","isPartOf":{"@id":"https:\/\/www.nettali.com\/#website"},"primaryImageOfPage":{"@id":"https:\/\/www.nettali.com\/2025\/05\/12\/cybercriminalite-les-avocats-alertent-sur-letat-de-sante-mentale-de-azoura-fall\/#primaryimage"},"datePublished":"2025-05-12T14:16:55+00:00","dateModified":"2025-05-12T14:16:55+00:00","author":{"@id":"https:\/\/www.nettali.com\/#\/schema\/person\/3317e0bb3aa1da309fbf7b2780901bf4"},"breadcrumb":{"@id":"https:\/\/www.nettali.com\/2025\/05\/12\/cybercriminalite-les-avocats-alertent-sur-letat-de-sante-mentale-de-azoura-fall\/#breadcrumb"},"inLanguage":"fr-FR","potentialAction":[{"@type":"ReadAction","target":["https:\/\/www.nettali.com\/2025\/05\/12\/cybercriminalite-les-avocats-alertent-sur-letat-de-sante-mentale-de-azoura-fall\/"]}]},{"@type":"BreadcrumbList","@id":"https:\/\/www.nettali.com\/2025\/05\/12\/cybercriminalite-les-avocats-alertent-sur-letat-de-sante-mentale-de-azoura-fall\/#breadcrumb","itemListElement":[{"@type":"ListItem","position":1,"name":"Accueil","item":"https:\/\/www.nettali.com\/"},{"@type":"ListItem","position":2,"name":"CYBERCRIMINALIT\u00c9 - Les avocats alertent sur l'\u00e9tat de sant\u00e9 mentale de Azoura Fall"}]},{"@type":"Person","@id":"https:\/\/www.nettali.com\/#\/schema\/person\/3317e0bb3aa1da309fbf7b2780901bf4","name":"Daouda","image":{"@type":"ImageObject","@id":"https:\/\/www.nettali.com\/#personlogo","inLanguage":"fr-FR","url":"https:\/\/secure.gravatar.com\/avatar\/8d143b5a49345098ddcfee1c49c2f47c?s=96&d=mm&r=g","contentUrl":"https:\/\/secure.gravatar.com\/avatar\/8d143b5a49345098ddcfee1c49c2f47c?s=96&d=mm&r=g","caption":"Daouda"},"sameAs":["https:\/\/www.nettali.com"]}]}},"_links":{"self":[{"href":"https:\/\/www.nettali.com\/rest\/wp\/v2\/posts\/154030"}],"collection":[{"href":"https:\/\/www.nettali.com\/rest\/wp\/v2\/posts"}],"about":[{"href":"https:\/\/www.nettali.com\/rest\/wp\/v2\/types\/post"}],"author":[{"embeddable":true,"href":"https:\/\/www.nettali.com\/rest\/wp\/v2\/users\/4"}],"replies":[{"embeddable":true,"href":"https:\/\/www.nettali.com\/rest\/wp\/v2\/comments?post=154030"}],"version-history":[{"count":1,"href":"https:\/\/www.nettali.com\/rest\/wp\/v2\/posts\/154030\/revisions"}],"predecessor-version":[{"id":154032,"href":"https:\/\/www.nettali.com\/rest\/wp\/v2\/posts\/154030\/revisions\/154032"}],"wp:featuredmedia":[{"embeddable":true,"href":"https:\/\/www.nettali.com\/rest\/wp\/v2\/media\/154031"}],"wp:attachment":[{"href":"https:\/\/www.nettali.com\/rest\/wp\/v2\/media?parent=154030"}],"wp:term":[{"taxonomy":"category","embeddable":true,"href":"https:\/\/www.nettali.com\/rest\/wp\/v2\/categories?post=154030"},{"taxonomy":"post_tag","embeddable":true,"href":"https:\/\/www.nettali.com\/rest\/wp\/v2\/tags?post=154030"}],"curies":[{"name":"wp","href":"https:\/\/api.w.org\/{rel}","templated":true}]}}