{"id":153971,"date":"2025-05-11T15:07:42","date_gmt":"2025-05-11T15:07:42","guid":{"rendered":"https:\/\/www.nettali.com\/?p=153971"},"modified":"2025-05-12T07:52:11","modified_gmt":"2025-05-12T07:52:11","slug":"yoro-dia-cette-volonte-effrenee-de-vouloir-effacer-macky-sall-est-impossible","status":"publish","type":"post","link":"https:\/\/www.nettali.com\/2025\/05\/11\/yoro-dia-cette-volonte-effrenee-de-vouloir-effacer-macky-sall-est-impossible\/","title":{"rendered":"YORO DIA :\u00a0\"Cette volont\u00e9 effr\u00e9n\u00e9e de vouloir effacer Macky Sall est impossible\u2026\""},"content":{"rendered":"<p><strong>NETTALI.COM - Yoro Dia demande aux membres de Pastef de changer de strat\u00e9gie car cette \u00abvolont\u00e9 effr\u00e9n\u00e9e de vouloir effacer Macky Sall (de la conscience collective) est impossible\u00bb.<\/strong><\/p>\n<p>Sur les ondes de RFM , le dimanche 11 mai \u00e0 l\u2019\u00e9mission \u00ab Grand Jury \u00bb, Yoro Dia est convaincu que le Pastef, en voulant tra\u00eener Macky Sall dans la boue et s\u2019acharner sur son fils, veut d\u00e9truire l\u2019exception s\u00e9n\u00e9galaise.<\/p>\n<p>Selon Yoro Dia, la diff\u00e9rence entre Macky et Diomaye est simple : <em>\u00ab Le premier a compris que le temps ne ch\u00f4me pas et le dernier ne le comprend toujours pas \u00bb<\/em>.<\/p>\n<p>Parlant de la diplomatie s\u00e9n\u00e9galaise et de ce que le S\u00e9n\u00e9gal joue sur la sc\u00e8ne internationale, l\u2019ancien coordonnateur de la communication de la pr\u00e9sidence de la R\u00e9publique a martel\u00e9 que Macky Sall n\u2019est plus pr\u00e9sident de la R\u00e9publique depuis un an. Mais, au regard de son aura, il brille \u00e0 l\u2019international. <em>\u00ab Il est plus pr\u00e9sent que Diomaye dans l\u2019actualit\u00e9 politique nationale gr\u00e2ce aux maladresses et \u00e0 l\u2019agenda de vengeance syst\u00e9mique du Pastef \u00bb. \u00abHeureusement que Macky Sall rayonne \u00e0 l\u2019international et que la voix du S\u00e9n\u00e9gal, qui est une chance pour le monde, soit entendue \u00bb<\/em>, se r\u00e9jouit le politologue.<\/p>\n<p>&nbsp;<\/p>\n<div class='share-to-whatsapp-wrapper'><div class='share-on-whsp'>PARTAGER SUR : <\/div><a data-text='YORO DIA :\u00a0\"Cette volont\u00e9 effr\u00e9n\u00e9e de vouloir effacer Macky Sall est impossible\u2026\"' data-link='https:\/\/www.nettali.com\/2025\/05\/11\/yoro-dia-cette-volonte-effrenee-de-vouloir-effacer-macky-sall-est-impossible\/' class='whatsapp-button whatsapp-share'>WhatsApp<\/a><div class='clear '><\/div><\/div>","protected":false},"excerpt":{"rendered":"<p>NETTALI.COM - Yoro Dia demande aux membres de Pastef de changer de strat\u00e9gie car cette \u00abvolont\u00e9 effr\u00e9n\u00e9e de vouloir effacer Macky Sall (de la conscience collective) est impossible\u00bb. Sur les ondes de RFM , le dimanche 11 mai \u00e0 l\u2019\u00e9mission \u00ab Grand Jury \u00bb, Yoro Dia est convaincu que le Pastef, en voulant tra\u00eener Macky [&hellip;]<\/p>\n","protected":false},"author":4,"featured_media":15791,"comment_status":"open","ping_status":"open","sticky":false,"template":"","format":"standard","meta":{"_et_pb_use_builder":"","_et_pb_old_content":""},"categories":[2],"tags":[],"yoast_head":"<!-- This site is optimized with the Yoast SEO Premium plugin v17.8 (Yoast SEO v17.8) - https:\/\/yoast.com\/wordpress\/plugins\/seo\/ -->\n<title>YORO DIA :\u00a0&quot;Cette volont\u00e9 effr\u00e9n\u00e9e de vouloir effacer Macky Sall est impossible\u2026&quot; | Nettali.com<\/title>\n<meta name=\"robots\" content=\"index, follow, max-snippet:-1, max-image-preview:large, max-video-preview:-1\" \/>\n<link rel=\"canonical\" href=\"https:\/\/www.nettali.com\/2025\/05\/11\/yoro-dia-cette-volonte-effrenee-de-vouloir-effacer-macky-sall-est-impossible\/\" \/>\n<meta property=\"og:locale\" content=\"fr_FR\" \/>\n<meta property=\"og:type\" content=\"article\" \/>\n<meta property=\"og:title\" content=\"YORO DIA :\u00a0&quot;Cette volont\u00e9 effr\u00e9n\u00e9e de vouloir effacer Macky Sall est impossible\u2026&quot;\" \/>\n<meta property=\"og:description\" content=\"NETTALI.COM - Yoro Dia demande aux membres de Pastef de changer de strat\u00e9gie car cette \u00abvolont\u00e9 effr\u00e9n\u00e9e de vouloir effacer Macky Sall (de la conscience collective) est impossible\u00bb. Sur les ondes de RFM , le dimanche 11 mai \u00e0 l\u2019\u00e9mission \u00ab Grand Jury \u00bb, Yoro Dia est convaincu que le Pastef, en voulant tra\u00eener Macky [&hellip;]\" \/>\n<meta property=\"og:url\" content=\"https:\/\/www.nettali.com\/2025\/05\/11\/yoro-dia-cette-volonte-effrenee-de-vouloir-effacer-macky-sall-est-impossible\/\" \/>\n<meta property=\"og:site_name\" content=\"Nettali.com\" \/>\n<meta property=\"article:publisher\" content=\"https:\/\/www.facebook.com\/nettalicom\" \/>\n<meta property=\"article:published_time\" content=\"2025-05-11T15:07:42+00:00\" \/>\n<meta property=\"article:modified_time\" content=\"2025-05-12T07:52:11+00:00\" \/>\n<meta property=\"og:image\" content=\"https:\/\/www.nettali.com\/wp-content\/uploads\/2019\/08\/yoro-dia.jpg\" \/>\n\t<meta property=\"og:image:width\" content=\"696\" \/>\n\t<meta property=\"og:image:height\" content=\"457\" \/>\n<meta name=\"twitter:card\" content=\"summary_large_image\" \/>\n<meta name=\"twitter:label1\" content=\"\u00c9crit par\" \/>\n\t<meta name=\"twitter:data1\" content=\"Daouda\" \/>\n\t<meta name=\"twitter:label2\" content=\"Dur\u00e9e de lecture estim\u00e9e\" \/>\n\t<meta name=\"twitter:data2\" content=\"1 minute\" \/>\n<script type=\"application\/ld+json\" class=\"yoast-schema-graph\">{\"@context\":\"https:\/\/schema.org\",\"@graph\":[{\"@type\":\"WebSite\",\"@id\":\"https:\/\/www.nettali.com\/#website\",\"url\":\"https:\/\/www.nettali.com\/\",\"name\":\"Nettali.com\",\"description\":\"Le rendez-vous critique du Net\",\"potentialAction\":[{\"@type\":\"SearchAction\",\"target\":{\"@type\":\"EntryPoint\",\"urlTemplate\":\"https:\/\/www.nettali.com\/?s={search_term_string}\"},\"query-input\":\"required name=search_term_string\"}],\"inLanguage\":\"fr-FR\"},{\"@type\":\"ImageObject\",\"@id\":\"https:\/\/www.nettali.com\/2025\/05\/11\/yoro-dia-cette-volonte-effrenee-de-vouloir-effacer-macky-sall-est-impossible\/#primaryimage\",\"inLanguage\":\"fr-FR\",\"url\":\"https:\/\/www.nettali.com\/wp-content\/uploads\/2019\/08\/yoro-dia.jpg\",\"contentUrl\":\"https:\/\/www.nettali.com\/wp-content\/uploads\/2019\/08\/yoro-dia.jpg\",\"width\":696,\"height\":457},{\"@type\":\"WebPage\",\"@id\":\"https:\/\/www.nettali.com\/2025\/05\/11\/yoro-dia-cette-volonte-effrenee-de-vouloir-effacer-macky-sall-est-impossible\/#webpage\",\"url\":\"https:\/\/www.nettali.com\/2025\/05\/11\/yoro-dia-cette-volonte-effrenee-de-vouloir-effacer-macky-sall-est-impossible\/\",\"name\":\"YORO DIA :\\u00a0\\\"Cette volont\\u00e9 effr\\u00e9n\\u00e9e de vouloir effacer Macky Sall est impossible\\u2026\\\" | Nettali.com\",\"isPartOf\":{\"@id\":\"https:\/\/www.nettali.com\/#website\"},\"primaryImageOfPage\":{\"@id\":\"https:\/\/www.nettali.com\/2025\/05\/11\/yoro-dia-cette-volonte-effrenee-de-vouloir-effacer-macky-sall-est-impossible\/#primaryimage\"},\"datePublished\":\"2025-05-11T15:07:42+00:00\",\"dateModified\":\"2025-05-12T07:52:11+00:00\",\"author\":{\"@id\":\"https:\/\/www.nettali.com\/#\/schema\/person\/3317e0bb3aa1da309fbf7b2780901bf4\"},\"breadcrumb\":{\"@id\":\"https:\/\/www.nettali.com\/2025\/05\/11\/yoro-dia-cette-volonte-effrenee-de-vouloir-effacer-macky-sall-est-impossible\/#breadcrumb\"},\"inLanguage\":\"fr-FR\",\"potentialAction\":[{\"@type\":\"ReadAction\",\"target\":[\"https:\/\/www.nettali.com\/2025\/05\/11\/yoro-dia-cette-volonte-effrenee-de-vouloir-effacer-macky-sall-est-impossible\/\"]}]},{\"@type\":\"BreadcrumbList\",\"@id\":\"https:\/\/www.nettali.com\/2025\/05\/11\/yoro-dia-cette-volonte-effrenee-de-vouloir-effacer-macky-sall-est-impossible\/#breadcrumb\",\"itemListElement\":[{\"@type\":\"ListItem\",\"position\":1,\"name\":\"Accueil\",\"item\":\"https:\/\/www.nettali.com\/\"},{\"@type\":\"ListItem\",\"position\":2,\"name\":\"YORO DIA :\\u00a0\\\"Cette volont\\u00e9 effr\\u00e9n\\u00e9e de vouloir effacer Macky Sall est impossible\\u2026\\\"\"}]},{\"@type\":\"Person\",\"@id\":\"https:\/\/www.nettali.com\/#\/schema\/person\/3317e0bb3aa1da309fbf7b2780901bf4\",\"name\":\"Daouda\",\"image\":{\"@type\":\"ImageObject\",\"@id\":\"https:\/\/www.nettali.com\/#personlogo\",\"inLanguage\":\"fr-FR\",\"url\":\"https:\/\/secure.gravatar.com\/avatar\/8d143b5a49345098ddcfee1c49c2f47c?s=96&d=mm&r=g\",\"contentUrl\":\"https:\/\/secure.gravatar.com\/avatar\/8d143b5a49345098ddcfee1c49c2f47c?s=96&d=mm&r=g\",\"caption\":\"Daouda\"},\"sameAs\":[\"https:\/\/www.nettali.com\"]}]}<\/script>\n<!-- \/ Yoast SEO Premium plugin. -->","yoast_head_json":{"title":"YORO DIA :\u00a0\"Cette volont\u00e9 effr\u00e9n\u00e9e de vouloir effacer Macky Sall est impossible\u2026\" | Nettali.com","robots":{"index":"index","follow":"follow","max-snippet":"max-snippet:-1","max-image-preview":"max-image-preview:large","max-video-preview":"max-video-preview:-1"},"canonical":"https:\/\/www.nettali.com\/2025\/05\/11\/yoro-dia-cette-volonte-effrenee-de-vouloir-effacer-macky-sall-est-impossible\/","og_locale":"fr_FR","og_type":"article","og_title":"YORO DIA :\u00a0\"Cette volont\u00e9 effr\u00e9n\u00e9e de vouloir effacer Macky Sall est impossible\u2026\"","og_description":"NETTALI.COM - Yoro Dia demande aux membres de Pastef de changer de strat\u00e9gie car cette \u00abvolont\u00e9 effr\u00e9n\u00e9e de vouloir effacer Macky Sall (de la conscience collective) est impossible\u00bb. Sur les ondes de RFM , le dimanche 11 mai \u00e0 l\u2019\u00e9mission \u00ab Grand Jury \u00bb, Yoro Dia est convaincu que le Pastef, en voulant tra\u00eener Macky [&hellip;]","og_url":"https:\/\/www.nettali.com\/2025\/05\/11\/yoro-dia-cette-volonte-effrenee-de-vouloir-effacer-macky-sall-est-impossible\/","og_site_name":"Nettali.com","article_publisher":"https:\/\/www.facebook.com\/nettalicom","article_published_time":"2025-05-11T15:07:42+00:00","article_modified_time":"2025-05-12T07:52:11+00:00","og_image":[{"width":696,"height":457,"url":"https:\/\/www.nettali.com\/wp-content\/uploads\/2019\/08\/yoro-dia.jpg","type":"image\/jpeg"}],"twitter_card":"summary_large_image","twitter_misc":{"\u00c9crit par":"Daouda","Dur\u00e9e de lecture estim\u00e9e":"1 minute"},"schema":{"@context":"https:\/\/schema.org","@graph":[{"@type":"WebSite","@id":"https:\/\/www.nettali.com\/#website","url":"https:\/\/www.nettali.com\/","name":"Nettali.com","description":"Le rendez-vous critique du Net","potentialAction":[{"@type":"SearchAction","target":{"@type":"EntryPoint","urlTemplate":"https:\/\/www.nettali.com\/?s={search_term_string}"},"query-input":"required name=search_term_string"}],"inLanguage":"fr-FR"},{"@type":"ImageObject","@id":"https:\/\/www.nettali.com\/2025\/05\/11\/yoro-dia-cette-volonte-effrenee-de-vouloir-effacer-macky-sall-est-impossible\/#primaryimage","inLanguage":"fr-FR","url":"https:\/\/www.nettali.com\/wp-content\/uploads\/2019\/08\/yoro-dia.jpg","contentUrl":"https:\/\/www.nettali.com\/wp-content\/uploads\/2019\/08\/yoro-dia.jpg","width":696,"height":457},{"@type":"WebPage","@id":"https:\/\/www.nettali.com\/2025\/05\/11\/yoro-dia-cette-volonte-effrenee-de-vouloir-effacer-macky-sall-est-impossible\/#webpage","url":"https:\/\/www.nettali.com\/2025\/05\/11\/yoro-dia-cette-volonte-effrenee-de-vouloir-effacer-macky-sall-est-impossible\/","name":"YORO DIA :\u00a0\"Cette volont\u00e9 effr\u00e9n\u00e9e de vouloir effacer Macky Sall est impossible\u2026\" | Nettali.com","isPartOf":{"@id":"https:\/\/www.nettali.com\/#website"},"primaryImageOfPage":{"@id":"https:\/\/www.nettali.com\/2025\/05\/11\/yoro-dia-cette-volonte-effrenee-de-vouloir-effacer-macky-sall-est-impossible\/#primaryimage"},"datePublished":"2025-05-11T15:07:42+00:00","dateModified":"2025-05-12T07:52:11+00:00","author":{"@id":"https:\/\/www.nettali.com\/#\/schema\/person\/3317e0bb3aa1da309fbf7b2780901bf4"},"breadcrumb":{"@id":"https:\/\/www.nettali.com\/2025\/05\/11\/yoro-dia-cette-volonte-effrenee-de-vouloir-effacer-macky-sall-est-impossible\/#breadcrumb"},"inLanguage":"fr-FR","potentialAction":[{"@type":"ReadAction","target":["https:\/\/www.nettali.com\/2025\/05\/11\/yoro-dia-cette-volonte-effrenee-de-vouloir-effacer-macky-sall-est-impossible\/"]}]},{"@type":"BreadcrumbList","@id":"https:\/\/www.nettali.com\/2025\/05\/11\/yoro-dia-cette-volonte-effrenee-de-vouloir-effacer-macky-sall-est-impossible\/#breadcrumb","itemListElement":[{"@type":"ListItem","position":1,"name":"Accueil","item":"https:\/\/www.nettali.com\/"},{"@type":"ListItem","position":2,"name":"YORO DIA :\u00a0\"Cette volont\u00e9 effr\u00e9n\u00e9e de vouloir effacer Macky Sall est impossible\u2026\""}]},{"@type":"Person","@id":"https:\/\/www.nettali.com\/#\/schema\/person\/3317e0bb3aa1da309fbf7b2780901bf4","name":"Daouda","image":{"@type":"ImageObject","@id":"https:\/\/www.nettali.com\/#personlogo","inLanguage":"fr-FR","url":"https:\/\/secure.gravatar.com\/avatar\/8d143b5a49345098ddcfee1c49c2f47c?s=96&d=mm&r=g","contentUrl":"https:\/\/secure.gravatar.com\/avatar\/8d143b5a49345098ddcfee1c49c2f47c?s=96&d=mm&r=g","caption":"Daouda"},"sameAs":["https:\/\/www.nettali.com"]}]}},"_links":{"self":[{"href":"https:\/\/www.nettali.com\/rest\/wp\/v2\/posts\/153971"}],"collection":[{"href":"https:\/\/www.nettali.com\/rest\/wp\/v2\/posts"}],"about":[{"href":"https:\/\/www.nettali.com\/rest\/wp\/v2\/types\/post"}],"author":[{"embeddable":true,"href":"https:\/\/www.nettali.com\/rest\/wp\/v2\/users\/4"}],"replies":[{"embeddable":true,"href":"https:\/\/www.nettali.com\/rest\/wp\/v2\/comments?post=153971"}],"version-history":[{"count":4,"href":"https:\/\/www.nettali.com\/rest\/wp\/v2\/posts\/153971\/revisions"}],"predecessor-version":[{"id":153989,"href":"https:\/\/www.nettali.com\/rest\/wp\/v2\/posts\/153971\/revisions\/153989"}],"wp:featuredmedia":[{"embeddable":true,"href":"https:\/\/www.nettali.com\/rest\/wp\/v2\/media\/15791"}],"wp:attachment":[{"href":"https:\/\/www.nettali.com\/rest\/wp\/v2\/media?parent=153971"}],"wp:term":[{"taxonomy":"category","embeddable":true,"href":"https:\/\/www.nettali.com\/rest\/wp\/v2\/categories?post=153971"},{"taxonomy":"post_tag","embeddable":true,"href":"https:\/\/www.nettali.com\/rest\/wp\/v2\/tags?post=153971"}],"curies":[{"name":"wp","href":"https:\/\/api.w.org\/{rel}","templated":true}]}}