{"id":153935,"date":"2025-05-10T13:51:03","date_gmt":"2025-05-10T13:51:03","guid":{"rendered":"https:\/\/www.nettali.com\/?p=153935"},"modified":"2025-05-10T10:54:25","modified_gmt":"2025-05-10T10:54:25","slug":"dialogue-politique-les-precisions-du-facilitateur-cheilkh-gueye","status":"publish","type":"post","link":"https:\/\/www.nettali.com\/2025\/05\/10\/dialogue-politique-les-precisions-du-facilitateur-cheilkh-gueye\/","title":{"rendered":"DIALOGUE POLITIQUE - Les pr\u00e9cisions du facilitateur, Cheilkh Gu\u00e8ye"},"content":{"rendered":"<p><strong>NETTALI.COM - Cheikh Gu\u00e8ye, le facilitateur du dialogue national sur \u201cle syst\u00e8me politique\u201d, a tenu \u00e0 pr\u00e9ciser, vendredi, \u00e0 Dakar, qu\u2019il \u00e9tait encore impossible de savoir qui prendra ou pas \u00e0 cette concertation, car les invitations n\u2019ont pas encore \u00e9t\u00e9 envoy\u00e9es aux leaders politiques.<\/strong><\/p>\n<p><em>\u201cNous avons envoy\u00e9 les TDR (termes de r\u00e9f\u00e9rence) du dialogue mais nous n\u2019en sommes pas encore aux invitations. D\u00e8s lors, on ne peut pas savoir qui est invit\u00e9 et ou ne l\u2019est pas. On ne peut pas non plus dire quelle personne va \u00eatre pr\u00e9sente ou pas\u201d<\/em>, a-t-il r\u00e9pondu \u00e0 une question des journalistes relative \u00e0 des menaces de boycott du dialogue.<\/p>\n<p>Il a fait cette pr\u00e9cision lors du lancement de la plateforme \u201cJubbanti\u201d, en pr\u00e9lude au dialogue national pr\u00e9vu du 28 mai au 4 juin 2025.<\/p>\n<p>Cheikh Gu\u00e8ye dit se pr\u00e9parer \u00e0 cette concertation.<\/p>\n<p><em>\u201cEt c\u2019est \u00e0 la fin [des pr\u00e9paratifs] qu\u2019on pourra conna\u00eetre ceux qui seront pr\u00e9sents et ceux qui seront absents. Dans tous les cas, comme on l\u2019a dit tout \u00e0 l\u2019heure, tout le monde ne participera pas au dialogue [\u2026] Tout le monde ne se mettra pas d\u2019accord sur tout non plus\u201d<\/em>, a soutenu M. Gu\u00e8ye.<\/p>\n<p>L\u2019essentiel, a-t-il dit, c\u2019est d\u2019avoir \u201cune masse critique\u201d de participants qui se mettent d\u2019accord sur \u201cun certain nombre\u201d de choses, qu\u2019il y ait des \u201cconvergences fortes et critiques [\u2026] pour la d\u00e9mocratie au S\u00e9n\u00e9gal\u201d.<\/p>\n<p><em>\u201cNous avons une d\u00e9mocratie souvent jug\u00e9e exemplaire mais on se rend compte qu\u2019elle est porteuse de trop de particularit\u00e9s, de trop de violences verbales, de trop de violences physiques, qui sont parfois mortelles\u201d<\/em>, a fait observer M. Gu\u00e8ye.<\/p>\n<div class='share-to-whatsapp-wrapper'><div class='share-on-whsp'>PARTAGER SUR : <\/div><a data-text='DIALOGUE POLITIQUE - Les pr\u00e9cisions du facilitateur, Cheilkh Gu\u00e8ye' data-link='https:\/\/www.nettali.com\/2025\/05\/10\/dialogue-politique-les-precisions-du-facilitateur-cheilkh-gueye\/' class='whatsapp-button whatsapp-share'>WhatsApp<\/a><div class='clear '><\/div><\/div>","protected":false},"excerpt":{"rendered":"<p>NETTALI.COM - Cheikh Gu\u00e8ye, le facilitateur du dialogue national sur \u201cle syst\u00e8me politique\u201d, a tenu \u00e0 pr\u00e9ciser, vendredi, \u00e0 Dakar, qu\u2019il \u00e9tait encore impossible de savoir qui prendra ou pas \u00e0 cette concertation, car les invitations n\u2019ont pas encore \u00e9t\u00e9 envoy\u00e9es aux leaders politiques. \u201cNous avons envoy\u00e9 les TDR (termes de r\u00e9f\u00e9rence) du dialogue mais [&hellip;]<\/p>\n","protected":false},"author":4,"featured_media":153936,"comment_status":"open","ping_status":"open","sticky":false,"template":"","format":"standard","meta":{"_et_pb_use_builder":"","_et_pb_old_content":""},"categories":[2],"tags":[],"yoast_head":"<!-- This site is optimized with the Yoast SEO Premium plugin v17.8 (Yoast SEO v17.8) - https:\/\/yoast.com\/wordpress\/plugins\/seo\/ -->\n<title>DIALOGUE POLITIQUE - Les pr\u00e9cisions du facilitateur, Cheilkh Gu\u00e8ye | Nettali.com<\/title>\n<meta name=\"robots\" content=\"index, follow, max-snippet:-1, max-image-preview:large, max-video-preview:-1\" \/>\n<link rel=\"canonical\" href=\"https:\/\/www.nettali.com\/2025\/05\/10\/dialogue-politique-les-precisions-du-facilitateur-cheilkh-gueye\/\" \/>\n<meta property=\"og:locale\" content=\"fr_FR\" \/>\n<meta property=\"og:type\" content=\"article\" \/>\n<meta property=\"og:title\" content=\"DIALOGUE POLITIQUE - Les pr\u00e9cisions du facilitateur, Cheilkh Gu\u00e8ye\" \/>\n<meta property=\"og:description\" content=\"NETTALI.COM - Cheikh Gu\u00e8ye, le facilitateur du dialogue national sur \u201cle syst\u00e8me politique\u201d, a tenu \u00e0 pr\u00e9ciser, vendredi, \u00e0 Dakar, qu\u2019il \u00e9tait encore impossible de savoir qui prendra ou pas \u00e0 cette concertation, car les invitations n\u2019ont pas encore \u00e9t\u00e9 envoy\u00e9es aux leaders politiques. \u201cNous avons envoy\u00e9 les TDR (termes de r\u00e9f\u00e9rence) du dialogue mais [&hellip;]\" \/>\n<meta property=\"og:url\" content=\"https:\/\/www.nettali.com\/2025\/05\/10\/dialogue-politique-les-precisions-du-facilitateur-cheilkh-gueye\/\" \/>\n<meta property=\"og:site_name\" content=\"Nettali.com\" \/>\n<meta property=\"article:publisher\" content=\"https:\/\/www.facebook.com\/nettalicom\" \/>\n<meta property=\"article:published_time\" content=\"2025-05-10T13:51:03+00:00\" \/>\n<meta property=\"article:modified_time\" content=\"2025-05-10T10:54:25+00:00\" \/>\n<meta property=\"og:image\" content=\"https:\/\/www.nettali.com\/wp-content\/uploads\/2025\/05\/Capture-de\u0301cran-2025-05-10-a\u0300-10.53.15.png\" \/>\n\t<meta property=\"og:image:width\" content=\"456\" \/>\n\t<meta property=\"og:image:height\" content=\"274\" \/>\n<meta name=\"twitter:card\" content=\"summary_large_image\" \/>\n<meta name=\"twitter:label1\" content=\"\u00c9crit par\" \/>\n\t<meta name=\"twitter:data1\" content=\"Daouda\" \/>\n\t<meta name=\"twitter:label2\" content=\"Dur\u00e9e de lecture estim\u00e9e\" \/>\n\t<meta name=\"twitter:data2\" content=\"2 minutes\" \/>\n<script type=\"application\/ld+json\" class=\"yoast-schema-graph\">{\"@context\":\"https:\/\/schema.org\",\"@graph\":[{\"@type\":\"WebSite\",\"@id\":\"https:\/\/www.nettali.com\/#website\",\"url\":\"https:\/\/www.nettali.com\/\",\"name\":\"Nettali.com\",\"description\":\"Le rendez-vous critique du Net\",\"potentialAction\":[{\"@type\":\"SearchAction\",\"target\":{\"@type\":\"EntryPoint\",\"urlTemplate\":\"https:\/\/www.nettali.com\/?s={search_term_string}\"},\"query-input\":\"required name=search_term_string\"}],\"inLanguage\":\"fr-FR\"},{\"@type\":\"ImageObject\",\"@id\":\"https:\/\/www.nettali.com\/2025\/05\/10\/dialogue-politique-les-precisions-du-facilitateur-cheilkh-gueye\/#primaryimage\",\"inLanguage\":\"fr-FR\",\"url\":\"https:\/\/www.nettali.com\/wp-content\/uploads\/2025\/05\/Capture-de\\u0301cran-2025-05-10-a\\u0300-10.53.15.png\",\"contentUrl\":\"https:\/\/www.nettali.com\/wp-content\/uploads\/2025\/05\/Capture-de\\u0301cran-2025-05-10-a\\u0300-10.53.15.png\",\"width\":456,\"height\":274},{\"@type\":\"WebPage\",\"@id\":\"https:\/\/www.nettali.com\/2025\/05\/10\/dialogue-politique-les-precisions-du-facilitateur-cheilkh-gueye\/#webpage\",\"url\":\"https:\/\/www.nettali.com\/2025\/05\/10\/dialogue-politique-les-precisions-du-facilitateur-cheilkh-gueye\/\",\"name\":\"DIALOGUE POLITIQUE - Les pr\\u00e9cisions du facilitateur, Cheilkh Gu\\u00e8ye | Nettali.com\",\"isPartOf\":{\"@id\":\"https:\/\/www.nettali.com\/#website\"},\"primaryImageOfPage\":{\"@id\":\"https:\/\/www.nettali.com\/2025\/05\/10\/dialogue-politique-les-precisions-du-facilitateur-cheilkh-gueye\/#primaryimage\"},\"datePublished\":\"2025-05-10T13:51:03+00:00\",\"dateModified\":\"2025-05-10T10:54:25+00:00\",\"author\":{\"@id\":\"https:\/\/www.nettali.com\/#\/schema\/person\/3317e0bb3aa1da309fbf7b2780901bf4\"},\"breadcrumb\":{\"@id\":\"https:\/\/www.nettali.com\/2025\/05\/10\/dialogue-politique-les-precisions-du-facilitateur-cheilkh-gueye\/#breadcrumb\"},\"inLanguage\":\"fr-FR\",\"potentialAction\":[{\"@type\":\"ReadAction\",\"target\":[\"https:\/\/www.nettali.com\/2025\/05\/10\/dialogue-politique-les-precisions-du-facilitateur-cheilkh-gueye\/\"]}]},{\"@type\":\"BreadcrumbList\",\"@id\":\"https:\/\/www.nettali.com\/2025\/05\/10\/dialogue-politique-les-precisions-du-facilitateur-cheilkh-gueye\/#breadcrumb\",\"itemListElement\":[{\"@type\":\"ListItem\",\"position\":1,\"name\":\"Accueil\",\"item\":\"https:\/\/www.nettali.com\/\"},{\"@type\":\"ListItem\",\"position\":2,\"name\":\"DIALOGUE POLITIQUE - Les pr\\u00e9cisions du facilitateur, Cheilkh Gu\\u00e8ye\"}]},{\"@type\":\"Person\",\"@id\":\"https:\/\/www.nettali.com\/#\/schema\/person\/3317e0bb3aa1da309fbf7b2780901bf4\",\"name\":\"Daouda\",\"image\":{\"@type\":\"ImageObject\",\"@id\":\"https:\/\/www.nettali.com\/#personlogo\",\"inLanguage\":\"fr-FR\",\"url\":\"https:\/\/secure.gravatar.com\/avatar\/8d143b5a49345098ddcfee1c49c2f47c?s=96&d=mm&r=g\",\"contentUrl\":\"https:\/\/secure.gravatar.com\/avatar\/8d143b5a49345098ddcfee1c49c2f47c?s=96&d=mm&r=g\",\"caption\":\"Daouda\"},\"sameAs\":[\"https:\/\/www.nettali.com\"]}]}<\/script>\n<!-- \/ Yoast SEO Premium plugin. -->","yoast_head_json":{"title":"DIALOGUE POLITIQUE - Les pr\u00e9cisions du facilitateur, Cheilkh Gu\u00e8ye | Nettali.com","robots":{"index":"index","follow":"follow","max-snippet":"max-snippet:-1","max-image-preview":"max-image-preview:large","max-video-preview":"max-video-preview:-1"},"canonical":"https:\/\/www.nettali.com\/2025\/05\/10\/dialogue-politique-les-precisions-du-facilitateur-cheilkh-gueye\/","og_locale":"fr_FR","og_type":"article","og_title":"DIALOGUE POLITIQUE - Les pr\u00e9cisions du facilitateur, Cheilkh Gu\u00e8ye","og_description":"NETTALI.COM - Cheikh Gu\u00e8ye, le facilitateur du dialogue national sur \u201cle syst\u00e8me politique\u201d, a tenu \u00e0 pr\u00e9ciser, vendredi, \u00e0 Dakar, qu\u2019il \u00e9tait encore impossible de savoir qui prendra ou pas \u00e0 cette concertation, car les invitations n\u2019ont pas encore \u00e9t\u00e9 envoy\u00e9es aux leaders politiques. \u201cNous avons envoy\u00e9 les TDR (termes de r\u00e9f\u00e9rence) du dialogue mais [&hellip;]","og_url":"https:\/\/www.nettali.com\/2025\/05\/10\/dialogue-politique-les-precisions-du-facilitateur-cheilkh-gueye\/","og_site_name":"Nettali.com","article_publisher":"https:\/\/www.facebook.com\/nettalicom","article_published_time":"2025-05-10T13:51:03+00:00","article_modified_time":"2025-05-10T10:54:25+00:00","og_image":[{"width":456,"height":274,"url":"https:\/\/www.nettali.com\/wp-content\/uploads\/2025\/05\/Capture-de\u0301cran-2025-05-10-a\u0300-10.53.15.png","type":"image\/png"}],"twitter_card":"summary_large_image","twitter_misc":{"\u00c9crit par":"Daouda","Dur\u00e9e de lecture estim\u00e9e":"2 minutes"},"schema":{"@context":"https:\/\/schema.org","@graph":[{"@type":"WebSite","@id":"https:\/\/www.nettali.com\/#website","url":"https:\/\/www.nettali.com\/","name":"Nettali.com","description":"Le rendez-vous critique du Net","potentialAction":[{"@type":"SearchAction","target":{"@type":"EntryPoint","urlTemplate":"https:\/\/www.nettali.com\/?s={search_term_string}"},"query-input":"required name=search_term_string"}],"inLanguage":"fr-FR"},{"@type":"ImageObject","@id":"https:\/\/www.nettali.com\/2025\/05\/10\/dialogue-politique-les-precisions-du-facilitateur-cheilkh-gueye\/#primaryimage","inLanguage":"fr-FR","url":"https:\/\/www.nettali.com\/wp-content\/uploads\/2025\/05\/Capture-de\u0301cran-2025-05-10-a\u0300-10.53.15.png","contentUrl":"https:\/\/www.nettali.com\/wp-content\/uploads\/2025\/05\/Capture-de\u0301cran-2025-05-10-a\u0300-10.53.15.png","width":456,"height":274},{"@type":"WebPage","@id":"https:\/\/www.nettali.com\/2025\/05\/10\/dialogue-politique-les-precisions-du-facilitateur-cheilkh-gueye\/#webpage","url":"https:\/\/www.nettali.com\/2025\/05\/10\/dialogue-politique-les-precisions-du-facilitateur-cheilkh-gueye\/","name":"DIALOGUE POLITIQUE - Les pr\u00e9cisions du facilitateur, Cheilkh Gu\u00e8ye | Nettali.com","isPartOf":{"@id":"https:\/\/www.nettali.com\/#website"},"primaryImageOfPage":{"@id":"https:\/\/www.nettali.com\/2025\/05\/10\/dialogue-politique-les-precisions-du-facilitateur-cheilkh-gueye\/#primaryimage"},"datePublished":"2025-05-10T13:51:03+00:00","dateModified":"2025-05-10T10:54:25+00:00","author":{"@id":"https:\/\/www.nettali.com\/#\/schema\/person\/3317e0bb3aa1da309fbf7b2780901bf4"},"breadcrumb":{"@id":"https:\/\/www.nettali.com\/2025\/05\/10\/dialogue-politique-les-precisions-du-facilitateur-cheilkh-gueye\/#breadcrumb"},"inLanguage":"fr-FR","potentialAction":[{"@type":"ReadAction","target":["https:\/\/www.nettali.com\/2025\/05\/10\/dialogue-politique-les-precisions-du-facilitateur-cheilkh-gueye\/"]}]},{"@type":"BreadcrumbList","@id":"https:\/\/www.nettali.com\/2025\/05\/10\/dialogue-politique-les-precisions-du-facilitateur-cheilkh-gueye\/#breadcrumb","itemListElement":[{"@type":"ListItem","position":1,"name":"Accueil","item":"https:\/\/www.nettali.com\/"},{"@type":"ListItem","position":2,"name":"DIALOGUE POLITIQUE - Les pr\u00e9cisions du facilitateur, Cheilkh Gu\u00e8ye"}]},{"@type":"Person","@id":"https:\/\/www.nettali.com\/#\/schema\/person\/3317e0bb3aa1da309fbf7b2780901bf4","name":"Daouda","image":{"@type":"ImageObject","@id":"https:\/\/www.nettali.com\/#personlogo","inLanguage":"fr-FR","url":"https:\/\/secure.gravatar.com\/avatar\/8d143b5a49345098ddcfee1c49c2f47c?s=96&d=mm&r=g","contentUrl":"https:\/\/secure.gravatar.com\/avatar\/8d143b5a49345098ddcfee1c49c2f47c?s=96&d=mm&r=g","caption":"Daouda"},"sameAs":["https:\/\/www.nettali.com"]}]}},"_links":{"self":[{"href":"https:\/\/www.nettali.com\/rest\/wp\/v2\/posts\/153935"}],"collection":[{"href":"https:\/\/www.nettali.com\/rest\/wp\/v2\/posts"}],"about":[{"href":"https:\/\/www.nettali.com\/rest\/wp\/v2\/types\/post"}],"author":[{"embeddable":true,"href":"https:\/\/www.nettali.com\/rest\/wp\/v2\/users\/4"}],"replies":[{"embeddable":true,"href":"https:\/\/www.nettali.com\/rest\/wp\/v2\/comments?post=153935"}],"version-history":[{"count":1,"href":"https:\/\/www.nettali.com\/rest\/wp\/v2\/posts\/153935\/revisions"}],"predecessor-version":[{"id":153937,"href":"https:\/\/www.nettali.com\/rest\/wp\/v2\/posts\/153935\/revisions\/153937"}],"wp:featuredmedia":[{"embeddable":true,"href":"https:\/\/www.nettali.com\/rest\/wp\/v2\/media\/153936"}],"wp:attachment":[{"href":"https:\/\/www.nettali.com\/rest\/wp\/v2\/media?parent=153935"}],"wp:term":[{"taxonomy":"category","embeddable":true,"href":"https:\/\/www.nettali.com\/rest\/wp\/v2\/categories?post=153935"},{"taxonomy":"post_tag","embeddable":true,"href":"https:\/\/www.nettali.com\/rest\/wp\/v2\/tags?post=153935"}],"curies":[{"name":"wp","href":"https:\/\/api.w.org\/{rel}","templated":true}]}}