{"id":153877,"date":"2025-05-09T07:53:40","date_gmt":"2025-05-09T07:53:40","guid":{"rendered":"https:\/\/www.nettali.com\/?p=153877"},"modified":"2025-05-09T07:53:40","modified_gmt":"2025-05-09T07:53:40","slug":"lancement-du-pavie-2-107-milliards-f-cfa-pour-lentrepreneuriat-des-jeunes-et-des-femmes","status":"publish","type":"post","link":"https:\/\/www.nettali.com\/2025\/05\/09\/lancement-du-pavie-2-107-milliards-f-cfa-pour-lentrepreneuriat-des-jeunes-et-des-femmes\/","title":{"rendered":"LANCEMENT DU PAVIE 2 - 107 milliards F CFA pour l\u2019entrepreneuriat des jeunes et des femmes"},"content":{"rendered":"<p><strong>NETTALI.COM - Le Projet d'appui et de valorisation des initiatives entrepreneuriales des femmes et des jeunes (Pavie 2), d\u2019un co\u00fbt de 107 milliards F CFA, se structurera autour de trois axes : la souverainet\u00e9 alimentaire, industrielle et technologique. Selon le Premier ministre Ousmane Sonko qui pr\u00e9sidait la c\u00e9r\u00e9monie de lancement, ce projet renforcera les financements en ciblant prioritairement les jeunes et les femmes dans des secteurs porteurs \u00e0 forte valeur ajout\u00e9e.<\/strong><\/p>\n<p>Apr\u00e8s la cl\u00f4ture du Pavie 1, la c\u00e9r\u00e9monie de lancement du Pavie 2 a eu lieu le jeudi 8 mai 2025. Ousmane Sonko a ainsi annonc\u00e9 que le Pavie 2 s'inscrit r\u00e9solument dans l'Agenda national de transformation S\u00e9n\u00e9gal 2050, dont il constitue un levier op\u00e9rationnel.<\/p>\n<p>Dot\u00e9 d\u2019une enveloppe de 107 milliards F CFA, il vise \u00e0 inscrire l\u2019entrepreneuriat dans une dynamique de souverainet\u00e9 \u00e9conomique et d\u2019industrialisation nationale. Trois axes strat\u00e9giques structureront cette nouvelle phase : la souverainet\u00e9 alimentaire, avec un soutien accru \u00e0 l\u2019agriculture et \u00e0 la transformation locale ; la souverainet\u00e9 industrielle, avec une valorisation de nos mati\u00e8res premi\u00e8res sur place pour r\u00e9duire notre d\u00e9pendance aux importations ; et la souverainet\u00e9 technologique, avec une promotion de l\u2019innovation et une acc\u00e9l\u00e9ration du d\u00e9veloppement des startups s\u00e9n\u00e9galaises.<\/p>\n<p>Pour y parvenir, a indiqu\u00e9 le Premier ministre, le Pavie 2 renforcera les financements en ciblant prioritairement les jeunes et les femmes dans des secteurs porteurs \u00e0 forte valeur ajout\u00e9e. \u201c<em>Il structurera davantage les cha\u00eenes de valeur pour garantir la p\u00e9rennit\u00e9 des investissements. La D\u00e9l\u00e9gation g\u00e9n\u00e9rale \u00e0 l'entrepreneuriat rapide des femmes et des jeunes (Der\/FJ) mettra en place un accompagnement encore plus personnalis\u00e9, avec un mentorat renforc\u00e9. Et, surtout, elle mobilisera encore plus le secteur priv\u00e9, car la transformation de l\u2019\u00e9conomie s\u00e9n\u00e9galaise repose sur une synergie entre l\u2019\u00c9tat, les investisseurs et les entrepreneurs<\/em>\u201d, a-t-il ajout\u00e9.<\/p>\n<p>La Der devra aussi, selon le PM, explorer la possibilit\u00e9 de mise \u00e0 l\u2019\u00e9chelle de ses r\u00e9ussites, en lien avec ses axes d\u2019intervention, comme le Projet de valorisation des eaux pour le d\u00e9veloppement des cha\u00eenes de valeur (Proval\/CV), qui a connu un franc succ\u00e8s. \u201c<em>Si ce programme existe et prosp\u00e8re, c\u2019est gr\u00e2ce \u00e0 celles et ceux qui le portent au quotidien. Je remercie les diff\u00e9rents partenaires, la Bad et l\u2019AFD ainsi que toutes les structures qui accompagnent la Der\/FJ dans la mise en oeuvre du Pavie. Notre pays regorge de talents, d\u2019initiatives et d\u2019une jeunesse ambitieuse. Soixante-quinze pour cent de la population s\u00e9n\u00e9galaise a moins de 35 ans. Nos femmes et nos jeunes repr\u00e9sentent la force vive de notre nation. Ils sont le moteur de notre croissance \u00e9conomique et les architectes de notre d\u00e9veloppement. C\u2019est dans cette jeunesse, dans ces femmes et ces hommes entreprenants que r\u00e9side le potentiel de transformation de notre \u00e9conomie<\/em>\u201d.<\/p>\n<p>Le chef du gouvernement d\u2019ajouter : \u201c<em>Mais pour que ce potentiel se r\u00e9alise pleinement, il nous faut lever les contraintes qui entravent l\u2019entrepreneuriat telles que le d\u00e9faut de formalisation des activit\u00e9s, les difficult\u00e9s d\u2019acc\u00e8s au financement, l\u2019inad\u00e9quation de l\u2019accompagnement technique et les difficult\u00e9s d\u2019acc\u00e8s aux march\u00e9s. Face \u00e0 ces d\u00e9fis, la Der\/FJ constitue une r\u00e9ponse appropri\u00e9e en se positionnant comme un levier strat\u00e9gique apte \u00e0 lib\u00e9rer les \u00e9nergies entrepreneuriales, \u00e0 renforcer notre tissu \u00e9conomique et \u00e0 b\u00e2tir une croissance inclusive et durable.<\/em>\u201d<\/p>\n<p>Ainsi, selon Ousmane Sonko, le seul d\u00e9fi \u00e0 relever au S\u00e9n\u00e9gal est celui de l\u2019\u00e9conomie. Cette question, assure-t-il, sera prise en charge par l\u2019actuel r\u00e9gime, avec toutes les comp\u00e9tences et mati\u00e8res premi\u00e8res que le S\u00e9n\u00e9gal poss\u00e8de.<\/p>\n<p>\u00c0 l\u2019endroit des entrepreneurs, il leur a rappel\u00e9 qu\u2019ils sont les piliers du S\u00e9n\u00e9gal de demain. \u201c<em>Dans l\u2019\u00e9tude r\u00e9cente d\u2019Afrobarometer Round 10, il est not\u00e9 que 74 % des 18-35 ans pr\u00e9f\u00e8rent l\u2019entrepreneuriat au travail dans le secteur public. Ceci est une bonne nouvelle. La Der\/FJ est votre outil pour vous paver la route vers le succ\u00e8s. Sachez toutefois que les ressources qui vous sont accord\u00e9es ne sont ni des dons ni des subventions, mais des catalyseurs de croissance et d\u2019opportunit\u00e9s. Elles impliquent une responsabilit\u00e9 : celle de cr\u00e9er de la valeur, de g\u00e9n\u00e9rer de l\u2019emploi et d\u2019\u00eatre des mod\u00e8les pour d\u2019autres g\u00e9n\u00e9rations. Chaque remboursement de pr\u00eat contribue \u00e0 financer d\u2019autres initiatives. C\u2019est ainsi que nous b\u00e2tirons un cercle vertueux, garantissant la p\u00e9rennit\u00e9 du dispositif et l\u2019\u00e9largissement de son impact. Le S\u00e9n\u00e9gal ne se contente plus de d\u00e9cr\u00e9ter son d\u00e9veloppement : il le construira, avec la volont\u00e9 de ses citoyens, la vision de ses dirigeants et la force de ses entrepreneurs. Ensemble, faisons du Pavie 2 un levier strat\u00e9gique de d\u00e9veloppement, un moteur de prosp\u00e9rit\u00e9 partag\u00e9e et un symbole de r\u00e9ussite nationale<\/em>\u201d, lance le Premier ministre.<\/p>\n<p><strong>Le bilan du Pavie 1 : 24 628 initiatives entrepreneuriales financ\u00e9es<\/strong><\/p>\n<p>De son c\u00f4t\u00e9, le pr\u00e9sident du groupe de la Banque africaine de d\u00e9veloppement (Bad), Akinwumi Adesina a soulign\u00e9 que le programme Pavie 1 est d\u00e9ploy\u00e9 sur l\u2019ensemble du territoire national. Avec un financement de 74,4 milliards F CFA, dont 40 milliards de la Banque africaine de d\u00e9veloppement, 13 milliards de l\u2019Agence fran\u00e7aise de d\u00e9veloppement et 21 milliards de l\u2019\u00c9tat du S\u00e9n\u00e9gal, il a permis de financer 24 628 initiatives entrepreneuriales \u00e0 hauteur de 66 milliards F CFA, avec un accent particulier sur les jeunes et les femmes. Cela a g\u00e9n\u00e9r\u00e9 plus de 93 000 emplois directs et indirects, contribuant ainsi \u00e0 lutter efficacement contre le ch\u00f4mage et le sous-emploi, a form\u00e9 20 327 b\u00e9n\u00e9ficiaires en leur fournissant les comp\u00e9tences n\u00e9cessaires pour relever les d\u00e9fis \u00e9conomiques contemporains et a immatricul\u00e9 6 353 unit\u00e9s \u00e9conomiques, permettant d\u2019ancrer progressivement l\u2019\u00e9conomie informelle dans la formalit\u00e9 et la structuration afin de mieux se positionner sur les cha\u00eenes de valeur.<\/p>\n<p>Tr\u00e8s satisfait de son bilan \u00e0 la t\u00eate de la Bad, apr\u00e8s plusieurs ann\u00e9es, le Premier ministre a invit\u00e9 M. Adesina \u00e0 rester au S\u00e9n\u00e9gal, afin de b\u00e9n\u00e9ficier de son exp\u00e9rience dans le secteur de l\u2019\u00e9conomie.<\/p>\n<div class='share-to-whatsapp-wrapper'><div class='share-on-whsp'>PARTAGER SUR : <\/div><a data-text='LANCEMENT DU PAVIE 2 - 107 milliards F CFA pour l\u2019entrepreneuriat des jeunes et des femmes' data-link='https:\/\/www.nettali.com\/2025\/05\/09\/lancement-du-pavie-2-107-milliards-f-cfa-pour-lentrepreneuriat-des-jeunes-et-des-femmes\/' class='whatsapp-button whatsapp-share'>WhatsApp<\/a><div class='clear '><\/div><\/div>","protected":false},"excerpt":{"rendered":"<p>NETTALI.COM - Le Projet d'appui et de valorisation des initiatives entrepreneuriales des femmes et des jeunes (Pavie 2), d\u2019un co\u00fbt de 107 milliards F CFA, se structurera autour de trois axes : la souverainet\u00e9 alimentaire, industrielle et technologique. Selon le Premier ministre Ousmane Sonko qui pr\u00e9sidait la c\u00e9r\u00e9monie de lancement, ce projet renforcera les financements [&hellip;]<\/p>\n","protected":false},"author":2,"featured_media":153878,"comment_status":"open","ping_status":"open","sticky":false,"template":"","format":"standard","meta":{"_et_pb_use_builder":"","_et_pb_old_content":""},"categories":[4],"tags":[],"yoast_head":"<!-- This site is optimized with the Yoast SEO Premium plugin v17.8 (Yoast SEO v17.8) - https:\/\/yoast.com\/wordpress\/plugins\/seo\/ -->\n<title>LANCEMENT DU PAVIE 2 - 107 milliards F CFA pour l\u2019entrepreneuriat des jeunes et des femmes | Nettali.com<\/title>\n<meta name=\"robots\" content=\"index, follow, max-snippet:-1, max-image-preview:large, max-video-preview:-1\" \/>\n<link rel=\"canonical\" href=\"https:\/\/www.nettali.com\/2025\/05\/09\/lancement-du-pavie-2-107-milliards-f-cfa-pour-lentrepreneuriat-des-jeunes-et-des-femmes\/\" \/>\n<meta property=\"og:locale\" content=\"fr_FR\" \/>\n<meta property=\"og:type\" content=\"article\" \/>\n<meta property=\"og:title\" content=\"LANCEMENT DU PAVIE 2 - 107 milliards F CFA pour l\u2019entrepreneuriat des jeunes et des femmes\" \/>\n<meta property=\"og:description\" content=\"NETTALI.COM - Le Projet d&#039;appui et de valorisation des initiatives entrepreneuriales des femmes et des jeunes (Pavie 2), d\u2019un co\u00fbt de 107 milliards F CFA, se structurera autour de trois axes : la souverainet\u00e9 alimentaire, industrielle et technologique. Selon le Premier ministre Ousmane Sonko qui pr\u00e9sidait la c\u00e9r\u00e9monie de lancement, ce projet renforcera les financements [&hellip;]\" \/>\n<meta property=\"og:url\" content=\"https:\/\/www.nettali.com\/2025\/05\/09\/lancement-du-pavie-2-107-milliards-f-cfa-pour-lentrepreneuriat-des-jeunes-et-des-femmes\/\" \/>\n<meta property=\"og:site_name\" content=\"Nettali.com\" \/>\n<meta property=\"article:publisher\" content=\"https:\/\/www.facebook.com\/nettalicom\" \/>\n<meta property=\"article:published_time\" content=\"2025-05-09T07:53:40+00:00\" \/>\n<meta property=\"og:image\" content=\"https:\/\/www.nettali.com\/wp-content\/uploads\/2025\/05\/88428285-62636950.jpg\" \/>\n\t<meta property=\"og:image:width\" content=\"619\" \/>\n\t<meta property=\"og:image:height\" content=\"497\" \/>\n<meta name=\"twitter:card\" content=\"summary_large_image\" \/>\n<meta name=\"twitter:label1\" content=\"\u00c9crit par\" \/>\n\t<meta name=\"twitter:data1\" content=\"CK\" \/>\n\t<meta name=\"twitter:label2\" content=\"Dur\u00e9e de lecture estim\u00e9e\" \/>\n\t<meta name=\"twitter:data2\" content=\"5 minutes\" \/>\n<script type=\"application\/ld+json\" class=\"yoast-schema-graph\">{\"@context\":\"https:\/\/schema.org\",\"@graph\":[{\"@type\":\"WebSite\",\"@id\":\"https:\/\/www.nettali.com\/#website\",\"url\":\"https:\/\/www.nettali.com\/\",\"name\":\"Nettali.com\",\"description\":\"Le rendez-vous critique du Net\",\"potentialAction\":[{\"@type\":\"SearchAction\",\"target\":{\"@type\":\"EntryPoint\",\"urlTemplate\":\"https:\/\/www.nettali.com\/?s={search_term_string}\"},\"query-input\":\"required name=search_term_string\"}],\"inLanguage\":\"fr-FR\"},{\"@type\":\"ImageObject\",\"@id\":\"https:\/\/www.nettali.com\/2025\/05\/09\/lancement-du-pavie-2-107-milliards-f-cfa-pour-lentrepreneuriat-des-jeunes-et-des-femmes\/#primaryimage\",\"inLanguage\":\"fr-FR\",\"url\":\"https:\/\/www.nettali.com\/wp-content\/uploads\/2025\/05\/88428285-62636950.jpg\",\"contentUrl\":\"https:\/\/www.nettali.com\/wp-content\/uploads\/2025\/05\/88428285-62636950.jpg\",\"width\":619,\"height\":497},{\"@type\":\"WebPage\",\"@id\":\"https:\/\/www.nettali.com\/2025\/05\/09\/lancement-du-pavie-2-107-milliards-f-cfa-pour-lentrepreneuriat-des-jeunes-et-des-femmes\/#webpage\",\"url\":\"https:\/\/www.nettali.com\/2025\/05\/09\/lancement-du-pavie-2-107-milliards-f-cfa-pour-lentrepreneuriat-des-jeunes-et-des-femmes\/\",\"name\":\"LANCEMENT DU PAVIE 2 - 107 milliards F CFA pour l\\u2019entrepreneuriat des jeunes et des femmes | Nettali.com\",\"isPartOf\":{\"@id\":\"https:\/\/www.nettali.com\/#website\"},\"primaryImageOfPage\":{\"@id\":\"https:\/\/www.nettali.com\/2025\/05\/09\/lancement-du-pavie-2-107-milliards-f-cfa-pour-lentrepreneuriat-des-jeunes-et-des-femmes\/#primaryimage\"},\"datePublished\":\"2025-05-09T07:53:40+00:00\",\"dateModified\":\"2025-05-09T07:53:40+00:00\",\"author\":{\"@id\":\"https:\/\/www.nettali.com\/#\/schema\/person\/d8ac7b7e27ddad43f1c0d2ef090d7f71\"},\"breadcrumb\":{\"@id\":\"https:\/\/www.nettali.com\/2025\/05\/09\/lancement-du-pavie-2-107-milliards-f-cfa-pour-lentrepreneuriat-des-jeunes-et-des-femmes\/#breadcrumb\"},\"inLanguage\":\"fr-FR\",\"potentialAction\":[{\"@type\":\"ReadAction\",\"target\":[\"https:\/\/www.nettali.com\/2025\/05\/09\/lancement-du-pavie-2-107-milliards-f-cfa-pour-lentrepreneuriat-des-jeunes-et-des-femmes\/\"]}]},{\"@type\":\"BreadcrumbList\",\"@id\":\"https:\/\/www.nettali.com\/2025\/05\/09\/lancement-du-pavie-2-107-milliards-f-cfa-pour-lentrepreneuriat-des-jeunes-et-des-femmes\/#breadcrumb\",\"itemListElement\":[{\"@type\":\"ListItem\",\"position\":1,\"name\":\"Accueil\",\"item\":\"https:\/\/www.nettali.com\/\"},{\"@type\":\"ListItem\",\"position\":2,\"name\":\"LANCEMENT DU PAVIE 2 - 107 milliards F CFA pour l\\u2019entrepreneuriat des jeunes et des femmes\"}]},{\"@type\":\"Person\",\"@id\":\"https:\/\/www.nettali.com\/#\/schema\/person\/d8ac7b7e27ddad43f1c0d2ef090d7f71\",\"name\":\"CK\",\"image\":{\"@type\":\"ImageObject\",\"@id\":\"https:\/\/www.nettali.com\/#personlogo\",\"inLanguage\":\"fr-FR\",\"url\":\"https:\/\/secure.gravatar.com\/avatar\/1d8d5118b9327d94da7cd4ce7f17fec2?s=96&d=mm&r=g\",\"contentUrl\":\"https:\/\/secure.gravatar.com\/avatar\/1d8d5118b9327d94da7cd4ce7f17fec2?s=96&d=mm&r=g\",\"caption\":\"CK\"},\"sameAs\":[\"https:\/\/www.nettali.com\"]}]}<\/script>\n<!-- \/ Yoast SEO Premium plugin. -->","yoast_head_json":{"title":"LANCEMENT DU PAVIE 2 - 107 milliards F CFA pour l\u2019entrepreneuriat des jeunes et des femmes | Nettali.com","robots":{"index":"index","follow":"follow","max-snippet":"max-snippet:-1","max-image-preview":"max-image-preview:large","max-video-preview":"max-video-preview:-1"},"canonical":"https:\/\/www.nettali.com\/2025\/05\/09\/lancement-du-pavie-2-107-milliards-f-cfa-pour-lentrepreneuriat-des-jeunes-et-des-femmes\/","og_locale":"fr_FR","og_type":"article","og_title":"LANCEMENT DU PAVIE 2 - 107 milliards F CFA pour l\u2019entrepreneuriat des jeunes et des femmes","og_description":"NETTALI.COM - Le Projet d'appui et de valorisation des initiatives entrepreneuriales des femmes et des jeunes (Pavie 2), d\u2019un co\u00fbt de 107 milliards F CFA, se structurera autour de trois axes : la souverainet\u00e9 alimentaire, industrielle et technologique. Selon le Premier ministre Ousmane Sonko qui pr\u00e9sidait la c\u00e9r\u00e9monie de lancement, ce projet renforcera les financements [&hellip;]","og_url":"https:\/\/www.nettali.com\/2025\/05\/09\/lancement-du-pavie-2-107-milliards-f-cfa-pour-lentrepreneuriat-des-jeunes-et-des-femmes\/","og_site_name":"Nettali.com","article_publisher":"https:\/\/www.facebook.com\/nettalicom","article_published_time":"2025-05-09T07:53:40+00:00","og_image":[{"width":619,"height":497,"url":"https:\/\/www.nettali.com\/wp-content\/uploads\/2025\/05\/88428285-62636950.jpg","type":"image\/jpeg"}],"twitter_card":"summary_large_image","twitter_misc":{"\u00c9crit par":"CK","Dur\u00e9e de lecture estim\u00e9e":"5 minutes"},"schema":{"@context":"https:\/\/schema.org","@graph":[{"@type":"WebSite","@id":"https:\/\/www.nettali.com\/#website","url":"https:\/\/www.nettali.com\/","name":"Nettali.com","description":"Le rendez-vous critique du Net","potentialAction":[{"@type":"SearchAction","target":{"@type":"EntryPoint","urlTemplate":"https:\/\/www.nettali.com\/?s={search_term_string}"},"query-input":"required name=search_term_string"}],"inLanguage":"fr-FR"},{"@type":"ImageObject","@id":"https:\/\/www.nettali.com\/2025\/05\/09\/lancement-du-pavie-2-107-milliards-f-cfa-pour-lentrepreneuriat-des-jeunes-et-des-femmes\/#primaryimage","inLanguage":"fr-FR","url":"https:\/\/www.nettali.com\/wp-content\/uploads\/2025\/05\/88428285-62636950.jpg","contentUrl":"https:\/\/www.nettali.com\/wp-content\/uploads\/2025\/05\/88428285-62636950.jpg","width":619,"height":497},{"@type":"WebPage","@id":"https:\/\/www.nettali.com\/2025\/05\/09\/lancement-du-pavie-2-107-milliards-f-cfa-pour-lentrepreneuriat-des-jeunes-et-des-femmes\/#webpage","url":"https:\/\/www.nettali.com\/2025\/05\/09\/lancement-du-pavie-2-107-milliards-f-cfa-pour-lentrepreneuriat-des-jeunes-et-des-femmes\/","name":"LANCEMENT DU PAVIE 2 - 107 milliards F CFA pour l\u2019entrepreneuriat des jeunes et des femmes | Nettali.com","isPartOf":{"@id":"https:\/\/www.nettali.com\/#website"},"primaryImageOfPage":{"@id":"https:\/\/www.nettali.com\/2025\/05\/09\/lancement-du-pavie-2-107-milliards-f-cfa-pour-lentrepreneuriat-des-jeunes-et-des-femmes\/#primaryimage"},"datePublished":"2025-05-09T07:53:40+00:00","dateModified":"2025-05-09T07:53:40+00:00","author":{"@id":"https:\/\/www.nettali.com\/#\/schema\/person\/d8ac7b7e27ddad43f1c0d2ef090d7f71"},"breadcrumb":{"@id":"https:\/\/www.nettali.com\/2025\/05\/09\/lancement-du-pavie-2-107-milliards-f-cfa-pour-lentrepreneuriat-des-jeunes-et-des-femmes\/#breadcrumb"},"inLanguage":"fr-FR","potentialAction":[{"@type":"ReadAction","target":["https:\/\/www.nettali.com\/2025\/05\/09\/lancement-du-pavie-2-107-milliards-f-cfa-pour-lentrepreneuriat-des-jeunes-et-des-femmes\/"]}]},{"@type":"BreadcrumbList","@id":"https:\/\/www.nettali.com\/2025\/05\/09\/lancement-du-pavie-2-107-milliards-f-cfa-pour-lentrepreneuriat-des-jeunes-et-des-femmes\/#breadcrumb","itemListElement":[{"@type":"ListItem","position":1,"name":"Accueil","item":"https:\/\/www.nettali.com\/"},{"@type":"ListItem","position":2,"name":"LANCEMENT DU PAVIE 2 - 107 milliards F CFA pour l\u2019entrepreneuriat des jeunes et des femmes"}]},{"@type":"Person","@id":"https:\/\/www.nettali.com\/#\/schema\/person\/d8ac7b7e27ddad43f1c0d2ef090d7f71","name":"CK","image":{"@type":"ImageObject","@id":"https:\/\/www.nettali.com\/#personlogo","inLanguage":"fr-FR","url":"https:\/\/secure.gravatar.com\/avatar\/1d8d5118b9327d94da7cd4ce7f17fec2?s=96&d=mm&r=g","contentUrl":"https:\/\/secure.gravatar.com\/avatar\/1d8d5118b9327d94da7cd4ce7f17fec2?s=96&d=mm&r=g","caption":"CK"},"sameAs":["https:\/\/www.nettali.com"]}]}},"_links":{"self":[{"href":"https:\/\/www.nettali.com\/rest\/wp\/v2\/posts\/153877"}],"collection":[{"href":"https:\/\/www.nettali.com\/rest\/wp\/v2\/posts"}],"about":[{"href":"https:\/\/www.nettali.com\/rest\/wp\/v2\/types\/post"}],"author":[{"embeddable":true,"href":"https:\/\/www.nettali.com\/rest\/wp\/v2\/users\/2"}],"replies":[{"embeddable":true,"href":"https:\/\/www.nettali.com\/rest\/wp\/v2\/comments?post=153877"}],"version-history":[{"count":1,"href":"https:\/\/www.nettali.com\/rest\/wp\/v2\/posts\/153877\/revisions"}],"predecessor-version":[{"id":153879,"href":"https:\/\/www.nettali.com\/rest\/wp\/v2\/posts\/153877\/revisions\/153879"}],"wp:featuredmedia":[{"embeddable":true,"href":"https:\/\/www.nettali.com\/rest\/wp\/v2\/media\/153878"}],"wp:attachment":[{"href":"https:\/\/www.nettali.com\/rest\/wp\/v2\/media?parent=153877"}],"wp:term":[{"taxonomy":"category","embeddable":true,"href":"https:\/\/www.nettali.com\/rest\/wp\/v2\/categories?post=153877"},{"taxonomy":"post_tag","embeddable":true,"href":"https:\/\/www.nettali.com\/rest\/wp\/v2\/tags?post=153877"}],"curies":[{"name":"wp","href":"https:\/\/api.w.org\/{rel}","templated":true}]}}