{"id":153827,"date":"2025-05-08T13:40:17","date_gmt":"2025-05-08T13:40:17","guid":{"rendered":"https:\/\/www.nettali.com\/?p=153827"},"modified":"2025-05-08T13:40:17","modified_gmt":"2025-05-08T13:40:17","slug":"haute-cour-de-justice-ndeye-saly-diop-devra-justifier-un-trou-de-plus-de-52-millions","status":"publish","type":"post","link":"https:\/\/www.nettali.com\/2025\/05\/08\/haute-cour-de-justice-ndeye-saly-diop-devra-justifier-un-trou-de-plus-de-52-millions\/","title":{"rendered":"HAUTE COUR DE JUSTICE - Nd\u00e8ye Saly Diop devra justifier un trou de plus de 52 millions"},"content":{"rendered":"<p><strong>NETTALI.COM - Ministre de la Femme, de la Famille, du Genre et de la Protection des Enfants au moment des faits, Nd\u00e8ye Salimata Diop devra compara\u00eetre devant la Haute cour de justice pour justifier un trou de 52.233.300 francs. La Commission des Lois, de la D\u00e9centralisation, du Travail et des Droits humains de l\u2019Assembl\u00e9e nationale a adopt\u00e9, \u00e0 la majorit\u00e9, le projet de r\u00e9solution pour sa mise en accusation. Voici le\u00a0 rapport des Commissaires.<\/strong><\/p>\n<p>Consid\u00e9rant que par lettre r\u00e9f\u00e9renc\u00e9e n\u00b0 000286\/MJ\/CAB\/DC en date du 14 avril 2025, le Garde des Sceaux, Ministre de la Justice a saisi le Pr\u00e9sident de l'Assembl\u00e9e nationale d'une requ\u00eate aux fins de mise en accusation de Madame Salimata DIOP, ancien Ministre de la Femme, de la Famille, du Genre et de la Protection des Enfants devant la Haute Cour de Justice;<\/p>\n<p>Consid\u00e9rant que, dans le cadre du traitement du rapport relatif \u00e0 la gestion du Fonds de riposte et de solidarit\u00e9 \u00e0 la Covid-19 \u00e9tabli par la Cour des Comptes, des enqu\u00eates ont \u00e9t\u00e9 diligent\u00e9es;<\/p>\n<p>Consid\u00e9rant que par lettre r\u00e9f\u00e9renc\u00e9e n\u00ba 0114\/PDGK du 08 avril 2025, Monsieur le Procureur G\u00e9n\u00e9ral pr\u00e8s la Cour d'Appel de Dakar a transmis au Garde des Sceaux, Ministre de la Justice, le proc\u00e8s-verbal n\u00ba 567\/DIC\/BAG en date du 18 juillet 2025 de la Division des Investigations criminelles, aff\u00e9rent au Minist\u00e8re de la Femme, de la Famille, du Genre et de la Protection des Enfants (MFFGPE);<\/p>\n<p>Il convient d'abord de relever que le rapport de la Cour des Comptes r\u00e9v\u00e8le que le Minist\u00e8re a re\u00e7u une enveloppe de 150.000.000 F CFA;<\/p>\n<p>Consid\u00e9rant que ce montant \u00e9tait log\u00e9 dans un compte ouvert dans les livres de la banque Cr\u00e9dit du S\u00e9n\u00e9gal. Le rapport soulignait que les justificatifs de d\u00e9penses d'un montant de 36.147.500 F CFA suppos\u00e9es avoir \u00e9t\u00e9 r\u00e9alis\u00e9es \u00e9taient les m\u00eames que ceux qui avaient \u00e9t\u00e9 produits pour les op\u00e9rations de la caisse \"aide et secours\";<\/p>\n<p>Le rapport pr\u00e9cisait, en outre, que des aides et secours avaient \u00e9t\u00e9 vers\u00e9s \u00e0 des personnes ayant les m\u00eames pr\u00e9noms et noms de famille avec des num\u00e9ros de carte nationale d'identit\u00e9 similaires et parfois les m\u00eames adresses pour des montants diff\u00e9rents \u00e9valu\u00e9s au total \u00e0 la somme de 52.223.300 F CFA;<\/p>\n<p>Entendu par les \u00e9l\u00e9ments enqu\u00eateurs, le DAGE a soutenu que certains de ces suppos\u00e9s b\u00e9n\u00e9ficiaires \u00e9taient, en r\u00e9alit\u00e9, des fournisseurs. Il a indiqu\u00e9 qu'une partie de ce montant avait servi au paiement de ces derniers et qu'une autre s'\u00e9levant \u00e0 la somme de 22.367.300 F CFA avait \u00e9t\u00e9 distribu\u00e9e \u00e0 titre d'appui financier au profit des agents du Minist\u00e8re sur d\u00e9cision de l'Autorit\u00e9. II reconnaissait que ces d\u00e9penses \u00e9taient initialement pr\u00e9vues pour la prise en charge des op\u00e9rations de retrait des enfants de la rue;<\/p>\n<p>Relativement toujours \u00e0 cette caisse d'avance, outre les pi\u00e8ces dont la sinc\u00e9rit\u00e9 \u00e9tait ainsi mise en cause, la Cour des Comptes avait relev\u00e9 que l'utilisation d'un montant de 4.828.700 F CFA n'avait pu \u00eatre justifi\u00e9e;<\/p>\n<p>En conclusion, la Cour a retenu que le DAGE s'est retrouv\u00e9 dans l'incapacit\u00e9 de produire des pi\u00e8ces justificatives des d\u00e9penses effectu\u00e9es par le Minist\u00e8re de la Femme, de la Famille, du Genre et de la Protection des Enfants pour ce montant de 52.233.300 F CFA;<\/p>\n<p>Consid\u00e9rant que les b\u00e9n\u00e9ficiaires de ces d\u00e9penses ont \u00e9t\u00e9, \u00e0 leur tour, entendus;<\/p>\n<p>C'est ainsi que les nomm\u00e9s Oumar Souleymane THIAW, Directeur du Centre Education Sp\u00e9cialis\u00e9e d'Expression et des Loisirs, Khady CISSE tr\u00e9sori\u00e8re du GIE LAWTAW, Nd\u00e8ye Ngoye LO assistante sociale \u00e0 la retraite, Ch\u00e9rif DIAW Directeur administratif et commercial de \u00ab Dakar Actu\u00bb, Thierno Amadou SY, journaliste et B\u00e9atrice Mari\u00e8me MENDY, coordonnatrice administrative du Samu social, ont affirm\u00e9 n'avoir sign\u00e9, chacun, qu'une seule d\u00e9charge et ignorer la provenance des autre pi\u00e8ces qui leur sont pr\u00eat\u00e9es et qui ont \u00e9t\u00e9 produites par le DAGE;<\/p>\n<p>Aussi, les enqu\u00eateurs ont relev\u00e9 le paiement de primes aux agents du minist\u00e8re sur les fonds Covid-19 ou de la Caisse d'avance aide et secours;<\/p>\n<p>Consid\u00e9rant que ces faits sont punis par les articles 238, 239, 152, 153, 45, 46, 135, 136 du Code p\u00e9nal, 140 du Code de Proc\u00e9dure p\u00e9nale et la loi 2024-08 du 14 f\u00e9vrier 2024 relative \u00e0 la lutte contre le blanchiment de capitaux, le financement du terrorisme et la prolif\u00e9ration des armes de destruction massive, abrogeant et rempla\u00e7ant la loi n\u00b0 2018-03 du 23 f\u00e9vrier 2018 relative \u00e0 la lutte contre le blanchiment de capitaux et le financement du terrorisme:<\/p>\n<p>Que de tels faits m\u00e9ritent d'\u00eatre port\u00e9s devant la Haute Cour de Justice;<\/p>\n<p>D\u00e9cide de la mise en accusation devant la Haute Cour de Justice de Madame Salimata DIOP, ancien Ministre de la Femme, de la Famille, du Genre et de la Protection des Enfants, conform\u00e9ment \u00e0 l'article 101 de la Constitution, 17 et suivants de la loi n\u00b0 2002-10 du 22 f\u00e9vrier 2002 portant loi organique sur la Haute Cour de Justice, modifi\u00e9e.<\/p>\n<div class='share-to-whatsapp-wrapper'><div class='share-on-whsp'>PARTAGER SUR : <\/div><a data-text='HAUTE COUR DE JUSTICE - Nd\u00e8ye Saly Diop devra justifier un trou de plus de 52 millions' data-link='https:\/\/www.nettali.com\/2025\/05\/08\/haute-cour-de-justice-ndeye-saly-diop-devra-justifier-un-trou-de-plus-de-52-millions\/' class='whatsapp-button whatsapp-share'>WhatsApp<\/a><div class='clear '><\/div><\/div>","protected":false},"excerpt":{"rendered":"<p>NETTALI.COM - Ministre de la Femme, de la Famille, du Genre et de la Protection des Enfants au moment des faits, Nd\u00e8ye Salimata Diop devra compara\u00eetre devant la Haute cour de justice pour justifier un trou de 52.233.300 francs. La Commission des Lois, de la D\u00e9centralisation, du Travail et des Droits humains de l\u2019Assembl\u00e9e nationale [&hellip;]<\/p>\n","protected":false},"author":6,"featured_media":153829,"comment_status":"open","ping_status":"open","sticky":false,"template":"","format":"standard","meta":{"_et_pb_use_builder":"","_et_pb_old_content":""},"categories":[2],"tags":[],"yoast_head":"<!-- This site is optimized with the Yoast SEO Premium plugin v17.8 (Yoast SEO v17.8) - https:\/\/yoast.com\/wordpress\/plugins\/seo\/ -->\n<title>HAUTE COUR DE JUSTICE - Nd\u00e8ye Saly Diop devra justifier un trou de plus de 52 millions | Nettali.com<\/title>\n<meta name=\"robots\" content=\"index, follow, max-snippet:-1, max-image-preview:large, max-video-preview:-1\" \/>\n<link rel=\"canonical\" href=\"https:\/\/www.nettali.com\/2025\/05\/08\/haute-cour-de-justice-ndeye-saly-diop-devra-justifier-un-trou-de-plus-de-52-millions\/\" \/>\n<meta property=\"og:locale\" content=\"fr_FR\" \/>\n<meta property=\"og:type\" content=\"article\" \/>\n<meta property=\"og:title\" content=\"HAUTE COUR DE JUSTICE - Nd\u00e8ye Saly Diop devra justifier un trou de plus de 52 millions\" \/>\n<meta property=\"og:description\" content=\"NETTALI.COM - Ministre de la Femme, de la Famille, du Genre et de la Protection des Enfants au moment des faits, Nd\u00e8ye Salimata Diop devra compara\u00eetre devant la Haute cour de justice pour justifier un trou de 52.233.300 francs. La Commission des Lois, de la D\u00e9centralisation, du Travail et des Droits humains de l\u2019Assembl\u00e9e nationale [&hellip;]\" \/>\n<meta property=\"og:url\" content=\"https:\/\/www.nettali.com\/2025\/05\/08\/haute-cour-de-justice-ndeye-saly-diop-devra-justifier-un-trou-de-plus-de-52-millions\/\" \/>\n<meta property=\"og:site_name\" content=\"Nettali.com\" \/>\n<meta property=\"article:publisher\" content=\"https:\/\/www.facebook.com\/nettalicom\" \/>\n<meta property=\"article:published_time\" content=\"2025-05-08T13:40:17+00:00\" \/>\n<meta property=\"og:image\" content=\"https:\/\/www.nettali.com\/wp-content\/uploads\/2025\/05\/saly.jpg\" \/>\n\t<meta property=\"og:image:width\" content=\"612\" \/>\n\t<meta property=\"og:image:height\" content=\"298\" \/>\n<meta name=\"twitter:card\" content=\"summary_large_image\" \/>\n<meta name=\"twitter:label1\" content=\"\u00c9crit par\" \/>\n\t<meta name=\"twitter:data1\" content=\"Fatou\" \/>\n\t<meta name=\"twitter:label2\" content=\"Dur\u00e9e de lecture estim\u00e9e\" \/>\n\t<meta name=\"twitter:data2\" content=\"5 minutes\" \/>\n<script type=\"application\/ld+json\" class=\"yoast-schema-graph\">{\"@context\":\"https:\/\/schema.org\",\"@graph\":[{\"@type\":\"WebSite\",\"@id\":\"https:\/\/www.nettali.com\/#website\",\"url\":\"https:\/\/www.nettali.com\/\",\"name\":\"Nettali.com\",\"description\":\"Le rendez-vous critique du Net\",\"potentialAction\":[{\"@type\":\"SearchAction\",\"target\":{\"@type\":\"EntryPoint\",\"urlTemplate\":\"https:\/\/www.nettali.com\/?s={search_term_string}\"},\"query-input\":\"required name=search_term_string\"}],\"inLanguage\":\"fr-FR\"},{\"@type\":\"ImageObject\",\"@id\":\"https:\/\/www.nettali.com\/2025\/05\/08\/haute-cour-de-justice-ndeye-saly-diop-devra-justifier-un-trou-de-plus-de-52-millions\/#primaryimage\",\"inLanguage\":\"fr-FR\",\"url\":\"https:\/\/www.nettali.com\/wp-content\/uploads\/2025\/05\/saly.jpg\",\"contentUrl\":\"https:\/\/www.nettali.com\/wp-content\/uploads\/2025\/05\/saly.jpg\",\"width\":612,\"height\":298},{\"@type\":\"WebPage\",\"@id\":\"https:\/\/www.nettali.com\/2025\/05\/08\/haute-cour-de-justice-ndeye-saly-diop-devra-justifier-un-trou-de-plus-de-52-millions\/#webpage\",\"url\":\"https:\/\/www.nettali.com\/2025\/05\/08\/haute-cour-de-justice-ndeye-saly-diop-devra-justifier-un-trou-de-plus-de-52-millions\/\",\"name\":\"HAUTE COUR DE JUSTICE - Nd\\u00e8ye Saly Diop devra justifier un trou de plus de 52 millions | Nettali.com\",\"isPartOf\":{\"@id\":\"https:\/\/www.nettali.com\/#website\"},\"primaryImageOfPage\":{\"@id\":\"https:\/\/www.nettali.com\/2025\/05\/08\/haute-cour-de-justice-ndeye-saly-diop-devra-justifier-un-trou-de-plus-de-52-millions\/#primaryimage\"},\"datePublished\":\"2025-05-08T13:40:17+00:00\",\"dateModified\":\"2025-05-08T13:40:17+00:00\",\"author\":{\"@id\":\"https:\/\/www.nettali.com\/#\/schema\/person\/418274a86bdf87caff7a3ef476bd0bbf\"},\"breadcrumb\":{\"@id\":\"https:\/\/www.nettali.com\/2025\/05\/08\/haute-cour-de-justice-ndeye-saly-diop-devra-justifier-un-trou-de-plus-de-52-millions\/#breadcrumb\"},\"inLanguage\":\"fr-FR\",\"potentialAction\":[{\"@type\":\"ReadAction\",\"target\":[\"https:\/\/www.nettali.com\/2025\/05\/08\/haute-cour-de-justice-ndeye-saly-diop-devra-justifier-un-trou-de-plus-de-52-millions\/\"]}]},{\"@type\":\"BreadcrumbList\",\"@id\":\"https:\/\/www.nettali.com\/2025\/05\/08\/haute-cour-de-justice-ndeye-saly-diop-devra-justifier-un-trou-de-plus-de-52-millions\/#breadcrumb\",\"itemListElement\":[{\"@type\":\"ListItem\",\"position\":1,\"name\":\"Accueil\",\"item\":\"https:\/\/www.nettali.com\/\"},{\"@type\":\"ListItem\",\"position\":2,\"name\":\"HAUTE COUR DE JUSTICE - Nd\\u00e8ye Saly Diop devra justifier un trou de plus de 52 millions\"}]},{\"@type\":\"Person\",\"@id\":\"https:\/\/www.nettali.com\/#\/schema\/person\/418274a86bdf87caff7a3ef476bd0bbf\",\"name\":\"Fatou\",\"image\":{\"@type\":\"ImageObject\",\"@id\":\"https:\/\/www.nettali.com\/#personlogo\",\"inLanguage\":\"fr-FR\",\"url\":\"https:\/\/secure.gravatar.com\/avatar\/5a9442a2bee7b4dcf167cab035858e9a?s=96&d=mm&r=g\",\"contentUrl\":\"https:\/\/secure.gravatar.com\/avatar\/5a9442a2bee7b4dcf167cab035858e9a?s=96&d=mm&r=g\",\"caption\":\"Fatou\"},\"sameAs\":[\"https:\/\/www.nettali.com\"]}]}<\/script>\n<!-- \/ Yoast SEO Premium plugin. -->","yoast_head_json":{"title":"HAUTE COUR DE JUSTICE - Nd\u00e8ye Saly Diop devra justifier un trou de plus de 52 millions | Nettali.com","robots":{"index":"index","follow":"follow","max-snippet":"max-snippet:-1","max-image-preview":"max-image-preview:large","max-video-preview":"max-video-preview:-1"},"canonical":"https:\/\/www.nettali.com\/2025\/05\/08\/haute-cour-de-justice-ndeye-saly-diop-devra-justifier-un-trou-de-plus-de-52-millions\/","og_locale":"fr_FR","og_type":"article","og_title":"HAUTE COUR DE JUSTICE - Nd\u00e8ye Saly Diop devra justifier un trou de plus de 52 millions","og_description":"NETTALI.COM - Ministre de la Femme, de la Famille, du Genre et de la Protection des Enfants au moment des faits, Nd\u00e8ye Salimata Diop devra compara\u00eetre devant la Haute cour de justice pour justifier un trou de 52.233.300 francs. La Commission des Lois, de la D\u00e9centralisation, du Travail et des Droits humains de l\u2019Assembl\u00e9e nationale [&hellip;]","og_url":"https:\/\/www.nettali.com\/2025\/05\/08\/haute-cour-de-justice-ndeye-saly-diop-devra-justifier-un-trou-de-plus-de-52-millions\/","og_site_name":"Nettali.com","article_publisher":"https:\/\/www.facebook.com\/nettalicom","article_published_time":"2025-05-08T13:40:17+00:00","og_image":[{"width":612,"height":298,"url":"https:\/\/www.nettali.com\/wp-content\/uploads\/2025\/05\/saly.jpg","type":"image\/jpeg"}],"twitter_card":"summary_large_image","twitter_misc":{"\u00c9crit par":"Fatou","Dur\u00e9e de lecture estim\u00e9e":"5 minutes"},"schema":{"@context":"https:\/\/schema.org","@graph":[{"@type":"WebSite","@id":"https:\/\/www.nettali.com\/#website","url":"https:\/\/www.nettali.com\/","name":"Nettali.com","description":"Le rendez-vous critique du Net","potentialAction":[{"@type":"SearchAction","target":{"@type":"EntryPoint","urlTemplate":"https:\/\/www.nettali.com\/?s={search_term_string}"},"query-input":"required name=search_term_string"}],"inLanguage":"fr-FR"},{"@type":"ImageObject","@id":"https:\/\/www.nettali.com\/2025\/05\/08\/haute-cour-de-justice-ndeye-saly-diop-devra-justifier-un-trou-de-plus-de-52-millions\/#primaryimage","inLanguage":"fr-FR","url":"https:\/\/www.nettali.com\/wp-content\/uploads\/2025\/05\/saly.jpg","contentUrl":"https:\/\/www.nettali.com\/wp-content\/uploads\/2025\/05\/saly.jpg","width":612,"height":298},{"@type":"WebPage","@id":"https:\/\/www.nettali.com\/2025\/05\/08\/haute-cour-de-justice-ndeye-saly-diop-devra-justifier-un-trou-de-plus-de-52-millions\/#webpage","url":"https:\/\/www.nettali.com\/2025\/05\/08\/haute-cour-de-justice-ndeye-saly-diop-devra-justifier-un-trou-de-plus-de-52-millions\/","name":"HAUTE COUR DE JUSTICE - Nd\u00e8ye Saly Diop devra justifier un trou de plus de 52 millions | Nettali.com","isPartOf":{"@id":"https:\/\/www.nettali.com\/#website"},"primaryImageOfPage":{"@id":"https:\/\/www.nettali.com\/2025\/05\/08\/haute-cour-de-justice-ndeye-saly-diop-devra-justifier-un-trou-de-plus-de-52-millions\/#primaryimage"},"datePublished":"2025-05-08T13:40:17+00:00","dateModified":"2025-05-08T13:40:17+00:00","author":{"@id":"https:\/\/www.nettali.com\/#\/schema\/person\/418274a86bdf87caff7a3ef476bd0bbf"},"breadcrumb":{"@id":"https:\/\/www.nettali.com\/2025\/05\/08\/haute-cour-de-justice-ndeye-saly-diop-devra-justifier-un-trou-de-plus-de-52-millions\/#breadcrumb"},"inLanguage":"fr-FR","potentialAction":[{"@type":"ReadAction","target":["https:\/\/www.nettali.com\/2025\/05\/08\/haute-cour-de-justice-ndeye-saly-diop-devra-justifier-un-trou-de-plus-de-52-millions\/"]}]},{"@type":"BreadcrumbList","@id":"https:\/\/www.nettali.com\/2025\/05\/08\/haute-cour-de-justice-ndeye-saly-diop-devra-justifier-un-trou-de-plus-de-52-millions\/#breadcrumb","itemListElement":[{"@type":"ListItem","position":1,"name":"Accueil","item":"https:\/\/www.nettali.com\/"},{"@type":"ListItem","position":2,"name":"HAUTE COUR DE JUSTICE - Nd\u00e8ye Saly Diop devra justifier un trou de plus de 52 millions"}]},{"@type":"Person","@id":"https:\/\/www.nettali.com\/#\/schema\/person\/418274a86bdf87caff7a3ef476bd0bbf","name":"Fatou","image":{"@type":"ImageObject","@id":"https:\/\/www.nettali.com\/#personlogo","inLanguage":"fr-FR","url":"https:\/\/secure.gravatar.com\/avatar\/5a9442a2bee7b4dcf167cab035858e9a?s=96&d=mm&r=g","contentUrl":"https:\/\/secure.gravatar.com\/avatar\/5a9442a2bee7b4dcf167cab035858e9a?s=96&d=mm&r=g","caption":"Fatou"},"sameAs":["https:\/\/www.nettali.com"]}]}},"_links":{"self":[{"href":"https:\/\/www.nettali.com\/rest\/wp\/v2\/posts\/153827"}],"collection":[{"href":"https:\/\/www.nettali.com\/rest\/wp\/v2\/posts"}],"about":[{"href":"https:\/\/www.nettali.com\/rest\/wp\/v2\/types\/post"}],"author":[{"embeddable":true,"href":"https:\/\/www.nettali.com\/rest\/wp\/v2\/users\/6"}],"replies":[{"embeddable":true,"href":"https:\/\/www.nettali.com\/rest\/wp\/v2\/comments?post=153827"}],"version-history":[{"count":3,"href":"https:\/\/www.nettali.com\/rest\/wp\/v2\/posts\/153827\/revisions"}],"predecessor-version":[{"id":153831,"href":"https:\/\/www.nettali.com\/rest\/wp\/v2\/posts\/153827\/revisions\/153831"}],"wp:featuredmedia":[{"embeddable":true,"href":"https:\/\/www.nettali.com\/rest\/wp\/v2\/media\/153829"}],"wp:attachment":[{"href":"https:\/\/www.nettali.com\/rest\/wp\/v2\/media?parent=153827"}],"wp:term":[{"taxonomy":"category","embeddable":true,"href":"https:\/\/www.nettali.com\/rest\/wp\/v2\/categories?post=153827"},{"taxonomy":"post_tag","embeddable":true,"href":"https:\/\/www.nettali.com\/rest\/wp\/v2\/tags?post=153827"}],"curies":[{"name":"wp","href":"https:\/\/api.w.org\/{rel}","templated":true}]}}