{"id":153825,"date":"2025-05-08T13:24:13","date_gmt":"2025-05-08T13:24:13","guid":{"rendered":"https:\/\/www.nettali.com\/?p=153825"},"modified":"2025-05-09T07:03:16","modified_gmt":"2025-05-09T07:03:16","slug":"mise-en-accusation-le-cas-ismaila-madior-fall-divise-les-deputes","status":"publish","type":"post","link":"https:\/\/www.nettali.com\/2025\/05\/08\/mise-en-accusation-le-cas-ismaila-madior-fall-divise-les-deputes\/","title":{"rendered":"MISE EN ACCUSATION  - Le cas Isma\u00efla Madior Fall divise les d\u00e9put\u00e9s"},"content":{"rendered":"<p><strong>NETTALI.COM - Les d\u00e9put\u00e9s membres de la Commission des Lois ne se sont pas entendus sur la r\u00e9solution de mise en accusation d'Ismaila Madior Fall. Certains d'entre eux \u00e9voquent une l\u00e9g\u00e8ret\u00e9 dans les accusations contre l'ancien ministre de la Justice.\u00a0<\/strong><\/p>\n<p>Isma\u00efla Madior Fall fera bien face \u00e0 la Commission d'instruction de la Haute cour de justice. Ainsi en a d\u00e9cid\u00e9 la pl\u00e9ni\u00e8re de l'Assembl\u00e9e nationale qui a adopt\u00e9 la r\u00e9solution de mise en accusation pr\u00e9sent\u00e9e contre lui par le rapporteur de la Commission des Lois. Toutefois, le rapporteur a indiqu\u00e9 que les d\u00e9put\u00e9s membres de cette commission ne se sont pas entendus sur le sujet. Ils \u00e9taient m\u00eame divis\u00e9s sur le cas Isma\u00efla Madior Fall.<\/p>\n<p>Des d\u00e9put\u00e9s membres de la Commission des Lois ont en effet regrett\u00e9 l'absence du ministre de la Justice, Ousmane Diagne, pour r\u00e9pondre \u00e0 leurs questions sur l'accusation qu'ils trouvent l\u00e9g\u00e8re parce que simplement bas\u00e9e sur des d\u00e9nonciations. Par contre, d'autres membres de la Commission ont soutenu la r\u00e9solution de mise en accusation parce que, selon eux, cela entre dans le cadre de l'exigence de transparence qui doit s'imposer \u00e0 tout le monde.<\/p>\n<p>Malgr\u00e9 tout, la Commission des Lois a d\u00e9cid\u00e9, apr\u00e8s d\u00e9lib\u00e9ration, d'adopter la r\u00e9solution de mise en accusation avant de demander \u00e0 la pl\u00e9ni\u00e8re d'en faire de m\u00eame. Autrement dit, Isma\u00efla Madior Fall sera traduit devant la Haute cour de justice, tout comme les autres ministres cit\u00e9s, eux, dans le rapport de la Cour des comptes sur les fonds de la Covid-19.<\/p>\n<p>Ancien ministre de la Justice, Isma\u00efla Madior Fall est accus\u00e9 d'avoir r\u00e9clam\u00e9 des pots-de-vin d'un montant de 250 millions de francs \u00e0 un homme d'affaires contre l'octroi d'un march\u00e9 de construction d'un centre de surveillance des bracelets \u00e9lectroniques. Ce qu'il nie cat\u00e9goriquement, soutenant avoir retourn\u00e9 50 millions que son accusateur lui avait offerts.<\/p>\n<div class='share-to-whatsapp-wrapper'><div class='share-on-whsp'>PARTAGER SUR : <\/div><a data-text='MISE EN ACCUSATION  - Le cas Isma\u00efla Madior Fall divise les d\u00e9put\u00e9s' data-link='https:\/\/www.nettali.com\/2025\/05\/08\/mise-en-accusation-le-cas-ismaila-madior-fall-divise-les-deputes\/' class='whatsapp-button whatsapp-share'>WhatsApp<\/a><div class='clear '><\/div><\/div>","protected":false},"excerpt":{"rendered":"<p>NETTALI.COM - Les d\u00e9put\u00e9s membres de la Commission des Lois ne se sont pas entendus sur la r\u00e9solution de mise en accusation d'Ismaila Madior Fall. Certains d'entre eux \u00e9voquent une l\u00e9g\u00e8ret\u00e9 dans les accusations contre l'ancien ministre de la Justice.\u00a0 Isma\u00efla Madior Fall fera bien face \u00e0 la Commission d'instruction de la Haute cour de [&hellip;]<\/p>\n","protected":false},"author":3,"featured_media":89584,"comment_status":"open","ping_status":"open","sticky":false,"template":"","format":"standard","meta":{"_et_pb_use_builder":"","_et_pb_old_content":""},"categories":[2],"tags":[],"yoast_head":"<!-- This site is optimized with the Yoast SEO Premium plugin v17.8 (Yoast SEO v17.8) - https:\/\/yoast.com\/wordpress\/plugins\/seo\/ -->\n<title>MISE EN ACCUSATION - Le cas Isma\u00efla Madior Fall divise les d\u00e9put\u00e9s | Nettali.com<\/title>\n<meta name=\"robots\" content=\"index, follow, max-snippet:-1, max-image-preview:large, max-video-preview:-1\" \/>\n<link rel=\"canonical\" href=\"https:\/\/www.nettali.com\/2025\/05\/08\/mise-en-accusation-le-cas-ismaila-madior-fall-divise-les-deputes\/\" \/>\n<meta property=\"og:locale\" content=\"fr_FR\" \/>\n<meta property=\"og:type\" content=\"article\" \/>\n<meta property=\"og:title\" content=\"MISE EN ACCUSATION - Le cas Isma\u00efla Madior Fall divise les d\u00e9put\u00e9s\" \/>\n<meta property=\"og:description\" content=\"NETTALI.COM - Les d\u00e9put\u00e9s membres de la Commission des Lois ne se sont pas entendus sur la r\u00e9solution de mise en accusation d&#039;Ismaila Madior Fall. Certains d&#039;entre eux \u00e9voquent une l\u00e9g\u00e8ret\u00e9 dans les accusations contre l&#039;ancien ministre de la Justice.\u00a0 Isma\u00efla Madior Fall fera bien face \u00e0 la Commission d&#039;instruction de la Haute cour de [&hellip;]\" \/>\n<meta property=\"og:url\" content=\"https:\/\/www.nettali.com\/2025\/05\/08\/mise-en-accusation-le-cas-ismaila-madior-fall-divise-les-deputes\/\" \/>\n<meta property=\"og:site_name\" content=\"Nettali.com\" \/>\n<meta property=\"article:publisher\" content=\"https:\/\/www.facebook.com\/nettalicom\" \/>\n<meta property=\"article:published_time\" content=\"2025-05-08T13:24:13+00:00\" \/>\n<meta property=\"article:modified_time\" content=\"2025-05-09T07:03:16+00:00\" \/>\n<meta property=\"og:image\" content=\"https:\/\/www.nettali.com\/wp-content\/uploads\/2022\/07\/ismaila-madior.jpg\" \/>\n\t<meta property=\"og:image:width\" content=\"700\" \/>\n\t<meta property=\"og:image:height\" content=\"466\" \/>\n<meta name=\"twitter:card\" content=\"summary_large_image\" \/>\n<meta name=\"twitter:label1\" content=\"\u00c9crit par\" \/>\n\t<meta name=\"twitter:data1\" content=\"Moustapha\" \/>\n\t<meta name=\"twitter:label2\" content=\"Dur\u00e9e de lecture estim\u00e9e\" \/>\n\t<meta name=\"twitter:data2\" content=\"2 minutes\" \/>\n<script type=\"application\/ld+json\" class=\"yoast-schema-graph\">{\"@context\":\"https:\/\/schema.org\",\"@graph\":[{\"@type\":\"WebSite\",\"@id\":\"https:\/\/www.nettali.com\/#website\",\"url\":\"https:\/\/www.nettali.com\/\",\"name\":\"Nettali.com\",\"description\":\"Le rendez-vous critique du Net\",\"potentialAction\":[{\"@type\":\"SearchAction\",\"target\":{\"@type\":\"EntryPoint\",\"urlTemplate\":\"https:\/\/www.nettali.com\/?s={search_term_string}\"},\"query-input\":\"required name=search_term_string\"}],\"inLanguage\":\"fr-FR\"},{\"@type\":\"ImageObject\",\"@id\":\"https:\/\/www.nettali.com\/2025\/05\/08\/mise-en-accusation-le-cas-ismaila-madior-fall-divise-les-deputes\/#primaryimage\",\"inLanguage\":\"fr-FR\",\"url\":\"https:\/\/www.nettali.com\/wp-content\/uploads\/2022\/07\/ismaila-madior.jpg\",\"contentUrl\":\"https:\/\/www.nettali.com\/wp-content\/uploads\/2022\/07\/ismaila-madior.jpg\",\"width\":700,\"height\":466},{\"@type\":\"WebPage\",\"@id\":\"https:\/\/www.nettali.com\/2025\/05\/08\/mise-en-accusation-le-cas-ismaila-madior-fall-divise-les-deputes\/#webpage\",\"url\":\"https:\/\/www.nettali.com\/2025\/05\/08\/mise-en-accusation-le-cas-ismaila-madior-fall-divise-les-deputes\/\",\"name\":\"MISE EN ACCUSATION - Le cas Isma\\u00efla Madior Fall divise les d\\u00e9put\\u00e9s | Nettali.com\",\"isPartOf\":{\"@id\":\"https:\/\/www.nettali.com\/#website\"},\"primaryImageOfPage\":{\"@id\":\"https:\/\/www.nettali.com\/2025\/05\/08\/mise-en-accusation-le-cas-ismaila-madior-fall-divise-les-deputes\/#primaryimage\"},\"datePublished\":\"2025-05-08T13:24:13+00:00\",\"dateModified\":\"2025-05-09T07:03:16+00:00\",\"author\":{\"@id\":\"https:\/\/www.nettali.com\/#\/schema\/person\/7962a12a6e0267f88f0ffa544c36469a\"},\"breadcrumb\":{\"@id\":\"https:\/\/www.nettali.com\/2025\/05\/08\/mise-en-accusation-le-cas-ismaila-madior-fall-divise-les-deputes\/#breadcrumb\"},\"inLanguage\":\"fr-FR\",\"potentialAction\":[{\"@type\":\"ReadAction\",\"target\":[\"https:\/\/www.nettali.com\/2025\/05\/08\/mise-en-accusation-le-cas-ismaila-madior-fall-divise-les-deputes\/\"]}]},{\"@type\":\"BreadcrumbList\",\"@id\":\"https:\/\/www.nettali.com\/2025\/05\/08\/mise-en-accusation-le-cas-ismaila-madior-fall-divise-les-deputes\/#breadcrumb\",\"itemListElement\":[{\"@type\":\"ListItem\",\"position\":1,\"name\":\"Accueil\",\"item\":\"https:\/\/www.nettali.com\/\"},{\"@type\":\"ListItem\",\"position\":2,\"name\":\"MISE EN ACCUSATION - Le cas Isma\\u00efla Madior Fall divise les d\\u00e9put\\u00e9s\"}]},{\"@type\":\"Person\",\"@id\":\"https:\/\/www.nettali.com\/#\/schema\/person\/7962a12a6e0267f88f0ffa544c36469a\",\"name\":\"Moustapha\",\"image\":{\"@type\":\"ImageObject\",\"@id\":\"https:\/\/www.nettali.com\/#personlogo\",\"inLanguage\":\"fr-FR\",\"url\":\"https:\/\/secure.gravatar.com\/avatar\/10fdf6a071cccdcf374e3dbe45159590?s=96&d=mm&r=g\",\"contentUrl\":\"https:\/\/secure.gravatar.com\/avatar\/10fdf6a071cccdcf374e3dbe45159590?s=96&d=mm&r=g\",\"caption\":\"Moustapha\"},\"sameAs\":[\"https:\/\/www.nettali.com\"]}]}<\/script>\n<!-- \/ Yoast SEO Premium plugin. -->","yoast_head_json":{"title":"MISE EN ACCUSATION - Le cas Isma\u00efla Madior Fall divise les d\u00e9put\u00e9s | Nettali.com","robots":{"index":"index","follow":"follow","max-snippet":"max-snippet:-1","max-image-preview":"max-image-preview:large","max-video-preview":"max-video-preview:-1"},"canonical":"https:\/\/www.nettali.com\/2025\/05\/08\/mise-en-accusation-le-cas-ismaila-madior-fall-divise-les-deputes\/","og_locale":"fr_FR","og_type":"article","og_title":"MISE EN ACCUSATION - Le cas Isma\u00efla Madior Fall divise les d\u00e9put\u00e9s","og_description":"NETTALI.COM - Les d\u00e9put\u00e9s membres de la Commission des Lois ne se sont pas entendus sur la r\u00e9solution de mise en accusation d'Ismaila Madior Fall. Certains d'entre eux \u00e9voquent une l\u00e9g\u00e8ret\u00e9 dans les accusations contre l'ancien ministre de la Justice.\u00a0 Isma\u00efla Madior Fall fera bien face \u00e0 la Commission d'instruction de la Haute cour de [&hellip;]","og_url":"https:\/\/www.nettali.com\/2025\/05\/08\/mise-en-accusation-le-cas-ismaila-madior-fall-divise-les-deputes\/","og_site_name":"Nettali.com","article_publisher":"https:\/\/www.facebook.com\/nettalicom","article_published_time":"2025-05-08T13:24:13+00:00","article_modified_time":"2025-05-09T07:03:16+00:00","og_image":[{"width":700,"height":466,"url":"https:\/\/www.nettali.com\/wp-content\/uploads\/2022\/07\/ismaila-madior.jpg","type":"image\/jpeg"}],"twitter_card":"summary_large_image","twitter_misc":{"\u00c9crit par":"Moustapha","Dur\u00e9e de lecture estim\u00e9e":"2 minutes"},"schema":{"@context":"https:\/\/schema.org","@graph":[{"@type":"WebSite","@id":"https:\/\/www.nettali.com\/#website","url":"https:\/\/www.nettali.com\/","name":"Nettali.com","description":"Le rendez-vous critique du Net","potentialAction":[{"@type":"SearchAction","target":{"@type":"EntryPoint","urlTemplate":"https:\/\/www.nettali.com\/?s={search_term_string}"},"query-input":"required name=search_term_string"}],"inLanguage":"fr-FR"},{"@type":"ImageObject","@id":"https:\/\/www.nettali.com\/2025\/05\/08\/mise-en-accusation-le-cas-ismaila-madior-fall-divise-les-deputes\/#primaryimage","inLanguage":"fr-FR","url":"https:\/\/www.nettali.com\/wp-content\/uploads\/2022\/07\/ismaila-madior.jpg","contentUrl":"https:\/\/www.nettali.com\/wp-content\/uploads\/2022\/07\/ismaila-madior.jpg","width":700,"height":466},{"@type":"WebPage","@id":"https:\/\/www.nettali.com\/2025\/05\/08\/mise-en-accusation-le-cas-ismaila-madior-fall-divise-les-deputes\/#webpage","url":"https:\/\/www.nettali.com\/2025\/05\/08\/mise-en-accusation-le-cas-ismaila-madior-fall-divise-les-deputes\/","name":"MISE EN ACCUSATION - Le cas Isma\u00efla Madior Fall divise les d\u00e9put\u00e9s | Nettali.com","isPartOf":{"@id":"https:\/\/www.nettali.com\/#website"},"primaryImageOfPage":{"@id":"https:\/\/www.nettali.com\/2025\/05\/08\/mise-en-accusation-le-cas-ismaila-madior-fall-divise-les-deputes\/#primaryimage"},"datePublished":"2025-05-08T13:24:13+00:00","dateModified":"2025-05-09T07:03:16+00:00","author":{"@id":"https:\/\/www.nettali.com\/#\/schema\/person\/7962a12a6e0267f88f0ffa544c36469a"},"breadcrumb":{"@id":"https:\/\/www.nettali.com\/2025\/05\/08\/mise-en-accusation-le-cas-ismaila-madior-fall-divise-les-deputes\/#breadcrumb"},"inLanguage":"fr-FR","potentialAction":[{"@type":"ReadAction","target":["https:\/\/www.nettali.com\/2025\/05\/08\/mise-en-accusation-le-cas-ismaila-madior-fall-divise-les-deputes\/"]}]},{"@type":"BreadcrumbList","@id":"https:\/\/www.nettali.com\/2025\/05\/08\/mise-en-accusation-le-cas-ismaila-madior-fall-divise-les-deputes\/#breadcrumb","itemListElement":[{"@type":"ListItem","position":1,"name":"Accueil","item":"https:\/\/www.nettali.com\/"},{"@type":"ListItem","position":2,"name":"MISE EN ACCUSATION - Le cas Isma\u00efla Madior Fall divise les d\u00e9put\u00e9s"}]},{"@type":"Person","@id":"https:\/\/www.nettali.com\/#\/schema\/person\/7962a12a6e0267f88f0ffa544c36469a","name":"Moustapha","image":{"@type":"ImageObject","@id":"https:\/\/www.nettali.com\/#personlogo","inLanguage":"fr-FR","url":"https:\/\/secure.gravatar.com\/avatar\/10fdf6a071cccdcf374e3dbe45159590?s=96&d=mm&r=g","contentUrl":"https:\/\/secure.gravatar.com\/avatar\/10fdf6a071cccdcf374e3dbe45159590?s=96&d=mm&r=g","caption":"Moustapha"},"sameAs":["https:\/\/www.nettali.com"]}]}},"_links":{"self":[{"href":"https:\/\/www.nettali.com\/rest\/wp\/v2\/posts\/153825"}],"collection":[{"href":"https:\/\/www.nettali.com\/rest\/wp\/v2\/posts"}],"about":[{"href":"https:\/\/www.nettali.com\/rest\/wp\/v2\/types\/post"}],"author":[{"embeddable":true,"href":"https:\/\/www.nettali.com\/rest\/wp\/v2\/users\/3"}],"replies":[{"embeddable":true,"href":"https:\/\/www.nettali.com\/rest\/wp\/v2\/comments?post=153825"}],"version-history":[{"count":1,"href":"https:\/\/www.nettali.com\/rest\/wp\/v2\/posts\/153825\/revisions"}],"predecessor-version":[{"id":153826,"href":"https:\/\/www.nettali.com\/rest\/wp\/v2\/posts\/153825\/revisions\/153826"}],"wp:featuredmedia":[{"embeddable":true,"href":"https:\/\/www.nettali.com\/rest\/wp\/v2\/media\/89584"}],"wp:attachment":[{"href":"https:\/\/www.nettali.com\/rest\/wp\/v2\/media?parent=153825"}],"wp:term":[{"taxonomy":"category","embeddable":true,"href":"https:\/\/www.nettali.com\/rest\/wp\/v2\/categories?post=153825"},{"taxonomy":"post_tag","embeddable":true,"href":"https:\/\/www.nettali.com\/rest\/wp\/v2\/tags?post=153825"}],"curies":[{"name":"wp","href":"https:\/\/api.w.org\/{rel}","templated":true}]}}