{"id":153760,"date":"2025-05-07T16:18:45","date_gmt":"2025-05-07T16:18:45","guid":{"rendered":"https:\/\/www.nettali.com\/?p=153760"},"modified":"2025-05-07T16:18:45","modified_gmt":"2025-05-07T16:18:45","slug":"mali-face-a-la-contestation-la-transition-suspend-les-activites-politiques-jusqua-nouvel-ordre","status":"publish","type":"post","link":"https:\/\/www.nettali.com\/2025\/05\/07\/mali-face-a-la-contestation-la-transition-suspend-les-activites-politiques-jusqua-nouvel-ordre\/","title":{"rendered":"MALI - Face \u00e0 la contestation, la Transition suspend les activit\u00e9s politiques jusqu'\u00e0 nouvel ordre"},"content":{"rendered":"<p class=\"t-content__chapo\"><strong>NETTALI.COM - Le pr\u00e9sident de Transition Assimi Go\u00efta suspend \u00ab <em>jusqu'\u00e0 nouvel ordre, pour raison d'ordre public, les activit\u00e9s des partis politiques sur toute l'\u00e9tendue du territoire national<\/em>\u00a0\u00bb. La mesure annonc\u00e9e ce mercredi 7 mai concerne \u00e9galement les associations et toute organisation \u00e0 \u00ab\u00a0<em>caract\u00e8re politique<\/em>\u00a0\u00bb. Mais les leaders de la contestation, joints par RFI, ne comptent pas s'arr\u00eater l\u00e0.<\/strong><\/p>\n<p>Les partis politiques s'y attendaient et confiaient leurs craintes depuis plusieurs jours. C'est d\u00e9sormais chose faite. Moins d'une semaine apr\u00e8s le d\u00e9but d'un mouvement de contestation in\u00e9dit, et \u00e0 deux jours d'un\u00a0rassemblement pr\u00e9vu vendredi 9 mai\u00a0sur la place de l'Ind\u00e9pendance de Bamako, les autorit\u00e9s de transition du\u00a0Mali\u00a0suspendent les activit\u00e9s politiques dans tout le pays. L'information a \u00e9t\u00e9 rendue publique par un communiqu\u00e9 lu sur la t\u00e9l\u00e9vision d'\u00c9tat ORTM, ce mercredi \u00e0 la mi-journ\u00e9e, \u00e0 l'issue du Conseil des ministres.<\/p>\n<p>Cette d\u00e9cision revient \u00e0 une interdiction de fait du rassemblement, au cours duquel les partis politiques appelaient les Maliens \u00e0 s'opposer au projet de dissolution des partis et, plus g\u00e9n\u00e9ralement, au maintien des militaires au pouvoir depuis cinq ans sans \u00e9lections, au non-respect de la Constitution ou encore aux \u00ab taxes injustes\u00a0\u00bb et aux coupures de courant.<\/p>\n<h2>\u00ab\u00a0<em>On ne peut ind\u00e9finiment gouverner par la peur<\/em>\u00a0\u00bb<\/h2>\n<p>Les organisateurs avaient d\u00e9j\u00e0 confi\u00e9 \u00e0 RFI qu'en cas d'interdiction, le rassemblement serait annul\u00e9 \u00ab\u00a0<em>pour ne pas tomber dans le pi\u00e8ge de la violence<\/em>\u00a0\u00bb et promettaient des \u00ab\u00a0<em>plans B et C<\/em> \u00bb, avec la perspective d'\u00e9tendre le mouvement \u00e0 l'int\u00e9rieur du pays et de rallier d'autres acteurs, de la soci\u00e9t\u00e9 civile notamment. Mais au-del\u00e0 de l'\u00e9v\u00e9nement de vendredi, c'est d\u00e9sormais la moindre r\u00e9union de toute organisation \u00e0 caract\u00e8re politique qui est d\u00e9sormais interdite.<\/p>\n<p>En attendant une d\u00e9cision collective, certains meneurs de la contestation, joints par RFI, r\u00e9agissent en leur nom propre. \u00ab\u00a0<em>C'\u00e9tait pr\u00e9visible, ils ne nous laissent plus d'autre choix que d'avancer<\/em>\u00a0\u00bb, estime un important chef de parti. \u00ab\u00a0<em>Nous allons adapter notre strat\u00e9gie<\/em>\u00a0\u00bb, promet un ancien ministre, plus d\u00e9termin\u00e9 que jamais et qui voit dans cette suspension un signe de \u00ab\u00a0<em>f\u00e9brilit\u00e9<\/em>\u00a0\u00bb et de \u00ab\u00a0<em>panique<\/em>\u00a0\u00bb. \u00ab\u00a0<em>On ne peut ind\u00e9finiment gouverner par la peur et les intimidations<\/em>, estime encore cette source.\u00a0<em>Lorsque le peuple malien refuse et se l\u00e8ve, plus rien ne peut l'arr\u00eater.<\/em>\u00a0\u00bb<\/p>\n<h2>\u00ab\u00a0<em>La manifestation allait les humilier<\/em>\u00a0\u00bb<\/h2>\n<p>\u00ab\u00a0<em>C'est une d\u00e9cision ill\u00e9gale<\/em>, enrage un autre chef de parti,\u00a0<em>ils veulent \u00e9viter la manifestation qui s'annon\u00e7ait massive et qui allait les humilier.<\/em>\u00a0\u00bb \u00c0 ses yeux, \u00ab\u00a0<em>les Maliens veulent des \u00e9lections, m\u00eame parmi ceux qui ont soutenu les militaires au d\u00e9but et qui se sentent aujourd'hui trahis<\/em>\u00a0\u00bb.<\/p>\n<p>Le volontarisme affich\u00e9 par ces opposants pourrait n\u00e9anmoins se heurter au risque d'arrestation, d'enl\u00e8vement extra-judiciaire \u2013\u00a0largement pratiqu\u00e9 depuis le d\u00e9but de la Transition\u00a0\u2013 ou \u00e0 toute autre mesure r\u00e9pressive. Difficile donc de dire \u00e0 ce stade si cette suspension va exalter ou \u00e9teindre la dynamique naissante.<\/p>\n<p>L'ann\u00e9e derni\u00e8re, les autorit\u00e9s de transition avaient\u00a0d\u00e9j\u00e0 suspendu pendant trois mois les activit\u00e9s politiques\u00a0dans le pays. Onze dirigeants politiques, qui avaient os\u00e9 se r\u00e9unir dans un domicile priv\u00e9, avaient \u00e9t\u00e9 emprisonn\u00e9s durant plus de cinq mois.<\/p>\n<p>RFI<\/p>\n<div class='share-to-whatsapp-wrapper'><div class='share-on-whsp'>PARTAGER SUR : <\/div><a data-text='MALI - Face \u00e0 la contestation, la Transition suspend les activit\u00e9s politiques jusqu'\u00e0 nouvel ordre' data-link='https:\/\/www.nettali.com\/2025\/05\/07\/mali-face-a-la-contestation-la-transition-suspend-les-activites-politiques-jusqua-nouvel-ordre\/' class='whatsapp-button whatsapp-share'>WhatsApp<\/a><div class='clear '><\/div><\/div>","protected":false},"excerpt":{"rendered":"<p>NETTALI.COM - Le pr\u00e9sident de Transition Assimi Go\u00efta suspend \u00ab jusqu'\u00e0 nouvel ordre, pour raison d'ordre public, les activit\u00e9s des partis politiques sur toute l'\u00e9tendue du territoire national\u00a0\u00bb. La mesure annonc\u00e9e ce mercredi 7 mai concerne \u00e9galement les associations et toute organisation \u00e0 \u00ab\u00a0caract\u00e8re politique\u00a0\u00bb. Mais les leaders de la contestation, joints par RFI, ne [&hellip;]<\/p>\n","protected":false},"author":4,"featured_media":79646,"comment_status":"open","ping_status":"open","sticky":false,"template":"","format":"standard","meta":{"_et_pb_use_builder":"","_et_pb_old_content":""},"categories":[2],"tags":[],"yoast_head":"<!-- This site is optimized with the Yoast SEO Premium plugin v17.8 (Yoast SEO v17.8) - https:\/\/yoast.com\/wordpress\/plugins\/seo\/ -->\n<title>MALI - Face \u00e0 la contestation, la Transition suspend les activit\u00e9s politiques jusqu&#039;\u00e0 nouvel ordre | Nettali.com<\/title>\n<meta name=\"robots\" content=\"index, follow, max-snippet:-1, max-image-preview:large, max-video-preview:-1\" \/>\n<link rel=\"canonical\" href=\"https:\/\/www.nettali.com\/2025\/05\/07\/mali-face-a-la-contestation-la-transition-suspend-les-activites-politiques-jusqua-nouvel-ordre\/\" \/>\n<meta property=\"og:locale\" content=\"fr_FR\" \/>\n<meta property=\"og:type\" content=\"article\" \/>\n<meta property=\"og:title\" content=\"MALI - Face \u00e0 la contestation, la Transition suspend les activit\u00e9s politiques jusqu&#039;\u00e0 nouvel ordre\" \/>\n<meta property=\"og:description\" content=\"NETTALI.COM - Le pr\u00e9sident de Transition Assimi Go\u00efta suspend \u00ab jusqu&#039;\u00e0 nouvel ordre, pour raison d&#039;ordre public, les activit\u00e9s des partis politiques sur toute l&#039;\u00e9tendue du territoire national\u00a0\u00bb. La mesure annonc\u00e9e ce mercredi 7 mai concerne \u00e9galement les associations et toute organisation \u00e0 \u00ab\u00a0caract\u00e8re politique\u00a0\u00bb. Mais les leaders de la contestation, joints par RFI, ne [&hellip;]\" \/>\n<meta property=\"og:url\" content=\"https:\/\/www.nettali.com\/2025\/05\/07\/mali-face-a-la-contestation-la-transition-suspend-les-activites-politiques-jusqua-nouvel-ordre\/\" \/>\n<meta property=\"og:site_name\" content=\"Nettali.com\" \/>\n<meta property=\"article:publisher\" content=\"https:\/\/www.facebook.com\/nettalicom\" \/>\n<meta property=\"article:published_time\" content=\"2025-05-07T16:18:45+00:00\" \/>\n<meta property=\"og:image\" content=\"https:\/\/www.nettali.com\/wp-content\/uploads\/2022\/01\/assimi-goita-696x392-1.jpg\" \/>\n\t<meta property=\"og:image:width\" content=\"696\" \/>\n\t<meta property=\"og:image:height\" content=\"392\" \/>\n<meta name=\"twitter:card\" content=\"summary_large_image\" \/>\n<meta name=\"twitter:label1\" content=\"\u00c9crit par\" \/>\n\t<meta name=\"twitter:data1\" content=\"Daouda\" \/>\n\t<meta name=\"twitter:label2\" content=\"Dur\u00e9e de lecture estim\u00e9e\" \/>\n\t<meta name=\"twitter:data2\" content=\"3 minutes\" \/>\n<script type=\"application\/ld+json\" class=\"yoast-schema-graph\">{\"@context\":\"https:\/\/schema.org\",\"@graph\":[{\"@type\":\"WebSite\",\"@id\":\"https:\/\/www.nettali.com\/#website\",\"url\":\"https:\/\/www.nettali.com\/\",\"name\":\"Nettali.com\",\"description\":\"Le rendez-vous critique du Net\",\"potentialAction\":[{\"@type\":\"SearchAction\",\"target\":{\"@type\":\"EntryPoint\",\"urlTemplate\":\"https:\/\/www.nettali.com\/?s={search_term_string}\"},\"query-input\":\"required name=search_term_string\"}],\"inLanguage\":\"fr-FR\"},{\"@type\":\"ImageObject\",\"@id\":\"https:\/\/www.nettali.com\/2025\/05\/07\/mali-face-a-la-contestation-la-transition-suspend-les-activites-politiques-jusqua-nouvel-ordre\/#primaryimage\",\"inLanguage\":\"fr-FR\",\"url\":\"https:\/\/www.nettali.com\/wp-content\/uploads\/2022\/01\/assimi-goita-696x392-1.jpg\",\"contentUrl\":\"https:\/\/www.nettali.com\/wp-content\/uploads\/2022\/01\/assimi-goita-696x392-1.jpg\",\"width\":696,\"height\":392},{\"@type\":\"WebPage\",\"@id\":\"https:\/\/www.nettali.com\/2025\/05\/07\/mali-face-a-la-contestation-la-transition-suspend-les-activites-politiques-jusqua-nouvel-ordre\/#webpage\",\"url\":\"https:\/\/www.nettali.com\/2025\/05\/07\/mali-face-a-la-contestation-la-transition-suspend-les-activites-politiques-jusqua-nouvel-ordre\/\",\"name\":\"MALI - Face \\u00e0 la contestation, la Transition suspend les activit\\u00e9s politiques jusqu'\\u00e0 nouvel ordre | Nettali.com\",\"isPartOf\":{\"@id\":\"https:\/\/www.nettali.com\/#website\"},\"primaryImageOfPage\":{\"@id\":\"https:\/\/www.nettali.com\/2025\/05\/07\/mali-face-a-la-contestation-la-transition-suspend-les-activites-politiques-jusqua-nouvel-ordre\/#primaryimage\"},\"datePublished\":\"2025-05-07T16:18:45+00:00\",\"dateModified\":\"2025-05-07T16:18:45+00:00\",\"author\":{\"@id\":\"https:\/\/www.nettali.com\/#\/schema\/person\/3317e0bb3aa1da309fbf7b2780901bf4\"},\"breadcrumb\":{\"@id\":\"https:\/\/www.nettali.com\/2025\/05\/07\/mali-face-a-la-contestation-la-transition-suspend-les-activites-politiques-jusqua-nouvel-ordre\/#breadcrumb\"},\"inLanguage\":\"fr-FR\",\"potentialAction\":[{\"@type\":\"ReadAction\",\"target\":[\"https:\/\/www.nettali.com\/2025\/05\/07\/mali-face-a-la-contestation-la-transition-suspend-les-activites-politiques-jusqua-nouvel-ordre\/\"]}]},{\"@type\":\"BreadcrumbList\",\"@id\":\"https:\/\/www.nettali.com\/2025\/05\/07\/mali-face-a-la-contestation-la-transition-suspend-les-activites-politiques-jusqua-nouvel-ordre\/#breadcrumb\",\"itemListElement\":[{\"@type\":\"ListItem\",\"position\":1,\"name\":\"Accueil\",\"item\":\"https:\/\/www.nettali.com\/\"},{\"@type\":\"ListItem\",\"position\":2,\"name\":\"MALI - Face \\u00e0 la contestation, la Transition suspend les activit\\u00e9s politiques jusqu'\\u00e0 nouvel ordre\"}]},{\"@type\":\"Person\",\"@id\":\"https:\/\/www.nettali.com\/#\/schema\/person\/3317e0bb3aa1da309fbf7b2780901bf4\",\"name\":\"Daouda\",\"image\":{\"@type\":\"ImageObject\",\"@id\":\"https:\/\/www.nettali.com\/#personlogo\",\"inLanguage\":\"fr-FR\",\"url\":\"https:\/\/secure.gravatar.com\/avatar\/8d143b5a49345098ddcfee1c49c2f47c?s=96&d=mm&r=g\",\"contentUrl\":\"https:\/\/secure.gravatar.com\/avatar\/8d143b5a49345098ddcfee1c49c2f47c?s=96&d=mm&r=g\",\"caption\":\"Daouda\"},\"sameAs\":[\"https:\/\/www.nettali.com\"]}]}<\/script>\n<!-- \/ Yoast SEO Premium plugin. -->","yoast_head_json":{"title":"MALI - Face \u00e0 la contestation, la Transition suspend les activit\u00e9s politiques jusqu'\u00e0 nouvel ordre | Nettali.com","robots":{"index":"index","follow":"follow","max-snippet":"max-snippet:-1","max-image-preview":"max-image-preview:large","max-video-preview":"max-video-preview:-1"},"canonical":"https:\/\/www.nettali.com\/2025\/05\/07\/mali-face-a-la-contestation-la-transition-suspend-les-activites-politiques-jusqua-nouvel-ordre\/","og_locale":"fr_FR","og_type":"article","og_title":"MALI - Face \u00e0 la contestation, la Transition suspend les activit\u00e9s politiques jusqu'\u00e0 nouvel ordre","og_description":"NETTALI.COM - Le pr\u00e9sident de Transition Assimi Go\u00efta suspend \u00ab jusqu'\u00e0 nouvel ordre, pour raison d'ordre public, les activit\u00e9s des partis politiques sur toute l'\u00e9tendue du territoire national\u00a0\u00bb. La mesure annonc\u00e9e ce mercredi 7 mai concerne \u00e9galement les associations et toute organisation \u00e0 \u00ab\u00a0caract\u00e8re politique\u00a0\u00bb. Mais les leaders de la contestation, joints par RFI, ne [&hellip;]","og_url":"https:\/\/www.nettali.com\/2025\/05\/07\/mali-face-a-la-contestation-la-transition-suspend-les-activites-politiques-jusqua-nouvel-ordre\/","og_site_name":"Nettali.com","article_publisher":"https:\/\/www.facebook.com\/nettalicom","article_published_time":"2025-05-07T16:18:45+00:00","og_image":[{"width":696,"height":392,"url":"https:\/\/www.nettali.com\/wp-content\/uploads\/2022\/01\/assimi-goita-696x392-1.jpg","type":"image\/jpeg"}],"twitter_card":"summary_large_image","twitter_misc":{"\u00c9crit par":"Daouda","Dur\u00e9e de lecture estim\u00e9e":"3 minutes"},"schema":{"@context":"https:\/\/schema.org","@graph":[{"@type":"WebSite","@id":"https:\/\/www.nettali.com\/#website","url":"https:\/\/www.nettali.com\/","name":"Nettali.com","description":"Le rendez-vous critique du Net","potentialAction":[{"@type":"SearchAction","target":{"@type":"EntryPoint","urlTemplate":"https:\/\/www.nettali.com\/?s={search_term_string}"},"query-input":"required name=search_term_string"}],"inLanguage":"fr-FR"},{"@type":"ImageObject","@id":"https:\/\/www.nettali.com\/2025\/05\/07\/mali-face-a-la-contestation-la-transition-suspend-les-activites-politiques-jusqua-nouvel-ordre\/#primaryimage","inLanguage":"fr-FR","url":"https:\/\/www.nettali.com\/wp-content\/uploads\/2022\/01\/assimi-goita-696x392-1.jpg","contentUrl":"https:\/\/www.nettali.com\/wp-content\/uploads\/2022\/01\/assimi-goita-696x392-1.jpg","width":696,"height":392},{"@type":"WebPage","@id":"https:\/\/www.nettali.com\/2025\/05\/07\/mali-face-a-la-contestation-la-transition-suspend-les-activites-politiques-jusqua-nouvel-ordre\/#webpage","url":"https:\/\/www.nettali.com\/2025\/05\/07\/mali-face-a-la-contestation-la-transition-suspend-les-activites-politiques-jusqua-nouvel-ordre\/","name":"MALI - Face \u00e0 la contestation, la Transition suspend les activit\u00e9s politiques jusqu'\u00e0 nouvel ordre | Nettali.com","isPartOf":{"@id":"https:\/\/www.nettali.com\/#website"},"primaryImageOfPage":{"@id":"https:\/\/www.nettali.com\/2025\/05\/07\/mali-face-a-la-contestation-la-transition-suspend-les-activites-politiques-jusqua-nouvel-ordre\/#primaryimage"},"datePublished":"2025-05-07T16:18:45+00:00","dateModified":"2025-05-07T16:18:45+00:00","author":{"@id":"https:\/\/www.nettali.com\/#\/schema\/person\/3317e0bb3aa1da309fbf7b2780901bf4"},"breadcrumb":{"@id":"https:\/\/www.nettali.com\/2025\/05\/07\/mali-face-a-la-contestation-la-transition-suspend-les-activites-politiques-jusqua-nouvel-ordre\/#breadcrumb"},"inLanguage":"fr-FR","potentialAction":[{"@type":"ReadAction","target":["https:\/\/www.nettali.com\/2025\/05\/07\/mali-face-a-la-contestation-la-transition-suspend-les-activites-politiques-jusqua-nouvel-ordre\/"]}]},{"@type":"BreadcrumbList","@id":"https:\/\/www.nettali.com\/2025\/05\/07\/mali-face-a-la-contestation-la-transition-suspend-les-activites-politiques-jusqua-nouvel-ordre\/#breadcrumb","itemListElement":[{"@type":"ListItem","position":1,"name":"Accueil","item":"https:\/\/www.nettali.com\/"},{"@type":"ListItem","position":2,"name":"MALI - Face \u00e0 la contestation, la Transition suspend les activit\u00e9s politiques jusqu'\u00e0 nouvel ordre"}]},{"@type":"Person","@id":"https:\/\/www.nettali.com\/#\/schema\/person\/3317e0bb3aa1da309fbf7b2780901bf4","name":"Daouda","image":{"@type":"ImageObject","@id":"https:\/\/www.nettali.com\/#personlogo","inLanguage":"fr-FR","url":"https:\/\/secure.gravatar.com\/avatar\/8d143b5a49345098ddcfee1c49c2f47c?s=96&d=mm&r=g","contentUrl":"https:\/\/secure.gravatar.com\/avatar\/8d143b5a49345098ddcfee1c49c2f47c?s=96&d=mm&r=g","caption":"Daouda"},"sameAs":["https:\/\/www.nettali.com"]}]}},"_links":{"self":[{"href":"https:\/\/www.nettali.com\/rest\/wp\/v2\/posts\/153760"}],"collection":[{"href":"https:\/\/www.nettali.com\/rest\/wp\/v2\/posts"}],"about":[{"href":"https:\/\/www.nettali.com\/rest\/wp\/v2\/types\/post"}],"author":[{"embeddable":true,"href":"https:\/\/www.nettali.com\/rest\/wp\/v2\/users\/4"}],"replies":[{"embeddable":true,"href":"https:\/\/www.nettali.com\/rest\/wp\/v2\/comments?post=153760"}],"version-history":[{"count":1,"href":"https:\/\/www.nettali.com\/rest\/wp\/v2\/posts\/153760\/revisions"}],"predecessor-version":[{"id":153761,"href":"https:\/\/www.nettali.com\/rest\/wp\/v2\/posts\/153760\/revisions\/153761"}],"wp:featuredmedia":[{"embeddable":true,"href":"https:\/\/www.nettali.com\/rest\/wp\/v2\/media\/79646"}],"wp:attachment":[{"href":"https:\/\/www.nettali.com\/rest\/wp\/v2\/media?parent=153760"}],"wp:term":[{"taxonomy":"category","embeddable":true,"href":"https:\/\/www.nettali.com\/rest\/wp\/v2\/categories?post=153760"},{"taxonomy":"post_tag","embeddable":true,"href":"https:\/\/www.nettali.com\/rest\/wp\/v2\/tags?post=153760"}],"curies":[{"name":"wp","href":"https:\/\/api.w.org\/{rel}","templated":true}]}}