{"id":153712,"date":"2025-05-07T05:53:13","date_gmt":"2025-05-07T05:53:13","guid":{"rendered":"https:\/\/www.nettali.com\/?p=153712"},"modified":"2025-05-08T08:18:54","modified_gmt":"2025-05-08T08:18:54","slug":"affaire-amadou-sall-waly-seck-et-le-fils-damadou-ba-dans-le-collimateur-du-parquet","status":"publish","type":"post","link":"https:\/\/www.nettali.com\/2025\/05\/07\/affaire-amadou-sall-waly-seck-et-le-fils-damadou-ba-dans-le-collimateur-du-parquet\/","title":{"rendered":"AFFAIRE AMADOU SALL \u2013 Waly Seck et le fils d\u2019Amadou Ba dans le collimateur du parquet"},"content":{"rendered":"<p><strong>NETTALI.COM \u2013 Voil\u00e0 une affaire qui va encore faire beaucoup de bruits. L\u2019enqu\u00eate sur le rapport de la Centif qui a envoy\u00e9 Farba Ngom et Tahirou Sarr en prison, risque de toucher d\u2019autres personnalit\u00e9s. Parmi ces derni\u00e8res, le chanteur Waly Ballago Seck et un certain Ibrahima Ba, fils de l\u2019ancien Premier ministre Amadou Ba. <\/strong><\/p>\n<p>Tout est parti d\u2019un rapport dit compl\u00e9mentaire que la Cellule nationale de traitement des informations financi\u00e8res (Centif) a boucl\u00e9 sur l\u2019affaire Farba Ngom et relatif \u00e0 des faits pr\u00e9sum\u00e9s de blanchiment de capitaux imput\u00e9s. Un rapport qui vient compl\u00e9ter celui de la Centif datant du 20 d\u00e9cembre 2024. De sources judiciaires, il est indiqu\u00e9 que c\u2019est ce \u00abrapport compl\u00e9mentaire\u00bb qui a permis aux enqu\u00eateurs de comprendre les m\u00e9canismes de dissimulation financi\u00e8re employ\u00e9s par Farba Ngom et compagnie ainsi que les techniques de blanchiment et la cartographie des flux et circuits financiers. Mais le rapport a surtout permis d\u2019identifier plusieurs autres personnes impliqu\u00e9es dans les faits en question. Et la premi\u00e8re d\u2019entre elles est Amadou Sall. Le fils de l\u2019ancien pr\u00e9sident de la R\u00e9publique serait au centre de tout un syst\u00e8me financier complexe et structur\u00e9. Pis, des membres de l\u2019entourage familial ou professionnel d\u2019Amadou Sall seraient aussi dans le coup.<\/p>\n<p>Le rapport compl\u00e9mentaire de la Centif a identifi\u00e9 Saliou Sylla, cr\u00e9ateur de l\u2019entreprise ETS Saliou Sylla, comme un acteur cl\u00e9 dans les transactions suspectes, notamment par des retraits de ch\u00e8ques d\u2019un montant global de 5,5 milliards de francs depuis les comptes de la soci\u00e9t\u00e9 Wodrose investiment LTD. Et ce, sans justification \u00e9conomique apparente.<\/p>\n<p>Autre nom ronflant de la liste de la Centif, Ibrahima Ba. Ce dernier, fils d\u2019Amadou Ba, est soup\u00e7onn\u00e9 d\u2019\u00eatre impliqu\u00e9 dans des transactions financi\u00e8res via des soci\u00e9t\u00e9s de fa\u00e7ade et des pr\u00eate-noms parmi lesquels Cheikh Tidiane Seck, chauffeur de l\u2019ancien Premier ministre Amadou Ba, et g\u00e9rant de la SCI CTS. Le rapport de la Centif indique d\u2019ailleurs que le nomm\u00e9 Ibrahima Ba d\u00e9tiendrait 30% des parts de la SCI CTS, soci\u00e9t\u00e9 constitu\u00e9e avec Amadou Sall, \u00e0 partir de parts financ\u00e9es gr\u00e2ce \u00e0 la vente en 2022 d\u2019un terrain situ\u00e9 \u00e0 Ouakam.<\/p>\n<p>Le rapport cite \u00e9galement Samuel Am\u00e8te Sarr, ancien ministre, impliqu\u00e9 dans des transferts de fonds douteux dont un ch\u00e8que de 200 millions, Babacar Niang, principal d\u00e9positaire des comptes de la SCI et STS SARL, Mahamadane Sarr, partenaire d\u2019affaires d\u2019Amadou Sall avec des op\u00e9rations financi\u00e8res suspectes, Mamadou Sy et Waly Ibrahima Wade Seck (nom de Waly Seck \u00e0 l\u2019\u00e9tat civil). Les derniers cit\u00e9s sont suspect\u00e9s d\u2019avoir \u00e9t\u00e9 b\u00e9n\u00e9ficiaires de transferts importants de fonds.<\/p>\n<p>En r\u00e9alit\u00e9, c\u2019est dans son rapport compl\u00e9mentaire que la Centif a v\u00e9ritablement \u00e9tabli des liens d\u2019affaires entre Farba Ngom et Amadou Sall, notamment \u00e0 travers une soci\u00e9t\u00e9 d\u2019\u00e9levage fond\u00e9e en 2020 par les enfants de Macky Sall.<\/p>\n<p>Ledit rapport a aussi permis de confirmer les soup\u00e7ons concernant Tahirou Sarr et relev\u00e9s dans le premier rapport. Soup\u00e7ons fond\u00e9s sur une mobilisation rapide de fonds, l\u2019ampleur des montants transf\u00e9r\u00e9s \u00e0 l\u2019\u00e9tranger et l\u2019absence de justification \u00e9conomique cr\u00e9dible.<\/p>\n<p>Par ailleurs, il n\u2019est pas exclu que le parquet financier se fonde sur ces nouveaux \u00e9l\u00e9ments de la Centif pour demander l\u2019inculpation de Waly Ibrahima Wade Seck, Ibrahima Ba, Babacar Niang, Mamadou Sy, Samuel Am\u00e8te Sarr, Saliou Sylla, Cheikh Tidiane Seck\u2026 Et ils pourraient \u00eatre poursuivis pour association de malfaiteurs et blanchiment de capitaux.<\/p>\n<p>&nbsp;<\/p>\n<p>&nbsp;<\/p>\n<div class='share-to-whatsapp-wrapper'><div class='share-on-whsp'>PARTAGER SUR : <\/div><a data-text='AFFAIRE AMADOU SALL \u2013 Waly Seck et le fils d\u2019Amadou Ba dans le collimateur du parquet' data-link='https:\/\/www.nettali.com\/2025\/05\/07\/affaire-amadou-sall-waly-seck-et-le-fils-damadou-ba-dans-le-collimateur-du-parquet\/' class='whatsapp-button whatsapp-share'>WhatsApp<\/a><div class='clear '><\/div><\/div>","protected":false},"excerpt":{"rendered":"<p>NETTALI.COM \u2013 Voil\u00e0 une affaire qui va encore faire beaucoup de bruits. L\u2019enqu\u00eate sur le rapport de la Centif qui a envoy\u00e9 Farba Ngom et Tahirou Sarr en prison, risque de toucher d\u2019autres personnalit\u00e9s. Parmi ces derni\u00e8res, le chanteur Waly Ballago Seck et un certain Ibrahima Ba, fils de l\u2019ancien Premier ministre Amadou Ba. Tout [&hellip;]<\/p>\n","protected":false},"author":3,"featured_media":153714,"comment_status":"open","ping_status":"open","sticky":false,"template":"","format":"standard","meta":{"_et_pb_use_builder":"","_et_pb_old_content":""},"categories":[3],"tags":[],"yoast_head":"<!-- This site is optimized with the Yoast SEO Premium plugin v17.8 (Yoast SEO v17.8) - https:\/\/yoast.com\/wordpress\/plugins\/seo\/ -->\n<title>AFFAIRE AMADOU SALL \u2013 Waly Seck et le fils d\u2019Amadou Ba dans le collimateur du parquet | Nettali.com<\/title>\n<meta name=\"robots\" content=\"index, follow, max-snippet:-1, max-image-preview:large, max-video-preview:-1\" \/>\n<link rel=\"canonical\" href=\"https:\/\/www.nettali.com\/2025\/05\/07\/affaire-amadou-sall-waly-seck-et-le-fils-damadou-ba-dans-le-collimateur-du-parquet\/\" \/>\n<meta property=\"og:locale\" content=\"fr_FR\" \/>\n<meta property=\"og:type\" content=\"article\" \/>\n<meta property=\"og:title\" content=\"AFFAIRE AMADOU SALL \u2013 Waly Seck et le fils d\u2019Amadou Ba dans le collimateur du parquet\" \/>\n<meta property=\"og:description\" content=\"NETTALI.COM \u2013 Voil\u00e0 une affaire qui va encore faire beaucoup de bruits. L\u2019enqu\u00eate sur le rapport de la Centif qui a envoy\u00e9 Farba Ngom et Tahirou Sarr en prison, risque de toucher d\u2019autres personnalit\u00e9s. Parmi ces derni\u00e8res, le chanteur Waly Ballago Seck et un certain Ibrahima Ba, fils de l\u2019ancien Premier ministre Amadou Ba. Tout [&hellip;]\" \/>\n<meta property=\"og:url\" content=\"https:\/\/www.nettali.com\/2025\/05\/07\/affaire-amadou-sall-waly-seck-et-le-fils-damadou-ba-dans-le-collimateur-du-parquet\/\" \/>\n<meta property=\"og:site_name\" content=\"Nettali.com\" \/>\n<meta property=\"article:publisher\" content=\"https:\/\/www.facebook.com\/nettalicom\" \/>\n<meta property=\"article:published_time\" content=\"2025-05-07T05:53:13+00:00\" \/>\n<meta property=\"article:modified_time\" content=\"2025-05-08T08:18:54+00:00\" \/>\n<meta property=\"og:image\" content=\"https:\/\/www.nettali.com\/wp-content\/uploads\/2025\/05\/7b1f9e07-19ae-4bac-9262-cb118e5fdb85.jpeg\" \/>\n\t<meta property=\"og:image:width\" content=\"1280\" \/>\n\t<meta property=\"og:image:height\" content=\"784\" \/>\n<meta name=\"twitter:card\" content=\"summary_large_image\" \/>\n<meta name=\"twitter:label1\" content=\"\u00c9crit par\" \/>\n\t<meta name=\"twitter:data1\" content=\"Moustapha\" \/>\n\t<meta name=\"twitter:label2\" content=\"Dur\u00e9e de lecture estim\u00e9e\" \/>\n\t<meta name=\"twitter:data2\" content=\"3 minutes\" \/>\n<script type=\"application\/ld+json\" class=\"yoast-schema-graph\">{\"@context\":\"https:\/\/schema.org\",\"@graph\":[{\"@type\":\"WebSite\",\"@id\":\"https:\/\/www.nettali.com\/#website\",\"url\":\"https:\/\/www.nettali.com\/\",\"name\":\"Nettali.com\",\"description\":\"Le rendez-vous critique du Net\",\"potentialAction\":[{\"@type\":\"SearchAction\",\"target\":{\"@type\":\"EntryPoint\",\"urlTemplate\":\"https:\/\/www.nettali.com\/?s={search_term_string}\"},\"query-input\":\"required name=search_term_string\"}],\"inLanguage\":\"fr-FR\"},{\"@type\":\"ImageObject\",\"@id\":\"https:\/\/www.nettali.com\/2025\/05\/07\/affaire-amadou-sall-waly-seck-et-le-fils-damadou-ba-dans-le-collimateur-du-parquet\/#primaryimage\",\"inLanguage\":\"fr-FR\",\"url\":\"https:\/\/www.nettali.com\/wp-content\/uploads\/2025\/05\/7b1f9e07-19ae-4bac-9262-cb118e5fdb85.jpeg\",\"contentUrl\":\"https:\/\/www.nettali.com\/wp-content\/uploads\/2025\/05\/7b1f9e07-19ae-4bac-9262-cb118e5fdb85.jpeg\",\"width\":1280,\"height\":784},{\"@type\":\"WebPage\",\"@id\":\"https:\/\/www.nettali.com\/2025\/05\/07\/affaire-amadou-sall-waly-seck-et-le-fils-damadou-ba-dans-le-collimateur-du-parquet\/#webpage\",\"url\":\"https:\/\/www.nettali.com\/2025\/05\/07\/affaire-amadou-sall-waly-seck-et-le-fils-damadou-ba-dans-le-collimateur-du-parquet\/\",\"name\":\"AFFAIRE AMADOU SALL \\u2013 Waly Seck et le fils d\\u2019Amadou Ba dans le collimateur du parquet | Nettali.com\",\"isPartOf\":{\"@id\":\"https:\/\/www.nettali.com\/#website\"},\"primaryImageOfPage\":{\"@id\":\"https:\/\/www.nettali.com\/2025\/05\/07\/affaire-amadou-sall-waly-seck-et-le-fils-damadou-ba-dans-le-collimateur-du-parquet\/#primaryimage\"},\"datePublished\":\"2025-05-07T05:53:13+00:00\",\"dateModified\":\"2025-05-08T08:18:54+00:00\",\"author\":{\"@id\":\"https:\/\/www.nettali.com\/#\/schema\/person\/7962a12a6e0267f88f0ffa544c36469a\"},\"breadcrumb\":{\"@id\":\"https:\/\/www.nettali.com\/2025\/05\/07\/affaire-amadou-sall-waly-seck-et-le-fils-damadou-ba-dans-le-collimateur-du-parquet\/#breadcrumb\"},\"inLanguage\":\"fr-FR\",\"potentialAction\":[{\"@type\":\"ReadAction\",\"target\":[\"https:\/\/www.nettali.com\/2025\/05\/07\/affaire-amadou-sall-waly-seck-et-le-fils-damadou-ba-dans-le-collimateur-du-parquet\/\"]}]},{\"@type\":\"BreadcrumbList\",\"@id\":\"https:\/\/www.nettali.com\/2025\/05\/07\/affaire-amadou-sall-waly-seck-et-le-fils-damadou-ba-dans-le-collimateur-du-parquet\/#breadcrumb\",\"itemListElement\":[{\"@type\":\"ListItem\",\"position\":1,\"name\":\"Accueil\",\"item\":\"https:\/\/www.nettali.com\/\"},{\"@type\":\"ListItem\",\"position\":2,\"name\":\"AFFAIRE AMADOU SALL \\u2013 Waly Seck et le fils d\\u2019Amadou Ba dans le collimateur du parquet\"}]},{\"@type\":\"Person\",\"@id\":\"https:\/\/www.nettali.com\/#\/schema\/person\/7962a12a6e0267f88f0ffa544c36469a\",\"name\":\"Moustapha\",\"image\":{\"@type\":\"ImageObject\",\"@id\":\"https:\/\/www.nettali.com\/#personlogo\",\"inLanguage\":\"fr-FR\",\"url\":\"https:\/\/secure.gravatar.com\/avatar\/10fdf6a071cccdcf374e3dbe45159590?s=96&d=mm&r=g\",\"contentUrl\":\"https:\/\/secure.gravatar.com\/avatar\/10fdf6a071cccdcf374e3dbe45159590?s=96&d=mm&r=g\",\"caption\":\"Moustapha\"},\"sameAs\":[\"https:\/\/www.nettali.com\"]}]}<\/script>\n<!-- \/ Yoast SEO Premium plugin. -->","yoast_head_json":{"title":"AFFAIRE AMADOU SALL \u2013 Waly Seck et le fils d\u2019Amadou Ba dans le collimateur du parquet | Nettali.com","robots":{"index":"index","follow":"follow","max-snippet":"max-snippet:-1","max-image-preview":"max-image-preview:large","max-video-preview":"max-video-preview:-1"},"canonical":"https:\/\/www.nettali.com\/2025\/05\/07\/affaire-amadou-sall-waly-seck-et-le-fils-damadou-ba-dans-le-collimateur-du-parquet\/","og_locale":"fr_FR","og_type":"article","og_title":"AFFAIRE AMADOU SALL \u2013 Waly Seck et le fils d\u2019Amadou Ba dans le collimateur du parquet","og_description":"NETTALI.COM \u2013 Voil\u00e0 une affaire qui va encore faire beaucoup de bruits. L\u2019enqu\u00eate sur le rapport de la Centif qui a envoy\u00e9 Farba Ngom et Tahirou Sarr en prison, risque de toucher d\u2019autres personnalit\u00e9s. Parmi ces derni\u00e8res, le chanteur Waly Ballago Seck et un certain Ibrahima Ba, fils de l\u2019ancien Premier ministre Amadou Ba. Tout [&hellip;]","og_url":"https:\/\/www.nettali.com\/2025\/05\/07\/affaire-amadou-sall-waly-seck-et-le-fils-damadou-ba-dans-le-collimateur-du-parquet\/","og_site_name":"Nettali.com","article_publisher":"https:\/\/www.facebook.com\/nettalicom","article_published_time":"2025-05-07T05:53:13+00:00","article_modified_time":"2025-05-08T08:18:54+00:00","og_image":[{"width":1280,"height":784,"url":"https:\/\/www.nettali.com\/wp-content\/uploads\/2025\/05\/7b1f9e07-19ae-4bac-9262-cb118e5fdb85.jpeg","type":"image\/jpeg"}],"twitter_card":"summary_large_image","twitter_misc":{"\u00c9crit par":"Moustapha","Dur\u00e9e de lecture estim\u00e9e":"3 minutes"},"schema":{"@context":"https:\/\/schema.org","@graph":[{"@type":"WebSite","@id":"https:\/\/www.nettali.com\/#website","url":"https:\/\/www.nettali.com\/","name":"Nettali.com","description":"Le rendez-vous critique du Net","potentialAction":[{"@type":"SearchAction","target":{"@type":"EntryPoint","urlTemplate":"https:\/\/www.nettali.com\/?s={search_term_string}"},"query-input":"required name=search_term_string"}],"inLanguage":"fr-FR"},{"@type":"ImageObject","@id":"https:\/\/www.nettali.com\/2025\/05\/07\/affaire-amadou-sall-waly-seck-et-le-fils-damadou-ba-dans-le-collimateur-du-parquet\/#primaryimage","inLanguage":"fr-FR","url":"https:\/\/www.nettali.com\/wp-content\/uploads\/2025\/05\/7b1f9e07-19ae-4bac-9262-cb118e5fdb85.jpeg","contentUrl":"https:\/\/www.nettali.com\/wp-content\/uploads\/2025\/05\/7b1f9e07-19ae-4bac-9262-cb118e5fdb85.jpeg","width":1280,"height":784},{"@type":"WebPage","@id":"https:\/\/www.nettali.com\/2025\/05\/07\/affaire-amadou-sall-waly-seck-et-le-fils-damadou-ba-dans-le-collimateur-du-parquet\/#webpage","url":"https:\/\/www.nettali.com\/2025\/05\/07\/affaire-amadou-sall-waly-seck-et-le-fils-damadou-ba-dans-le-collimateur-du-parquet\/","name":"AFFAIRE AMADOU SALL \u2013 Waly Seck et le fils d\u2019Amadou Ba dans le collimateur du parquet | Nettali.com","isPartOf":{"@id":"https:\/\/www.nettali.com\/#website"},"primaryImageOfPage":{"@id":"https:\/\/www.nettali.com\/2025\/05\/07\/affaire-amadou-sall-waly-seck-et-le-fils-damadou-ba-dans-le-collimateur-du-parquet\/#primaryimage"},"datePublished":"2025-05-07T05:53:13+00:00","dateModified":"2025-05-08T08:18:54+00:00","author":{"@id":"https:\/\/www.nettali.com\/#\/schema\/person\/7962a12a6e0267f88f0ffa544c36469a"},"breadcrumb":{"@id":"https:\/\/www.nettali.com\/2025\/05\/07\/affaire-amadou-sall-waly-seck-et-le-fils-damadou-ba-dans-le-collimateur-du-parquet\/#breadcrumb"},"inLanguage":"fr-FR","potentialAction":[{"@type":"ReadAction","target":["https:\/\/www.nettali.com\/2025\/05\/07\/affaire-amadou-sall-waly-seck-et-le-fils-damadou-ba-dans-le-collimateur-du-parquet\/"]}]},{"@type":"BreadcrumbList","@id":"https:\/\/www.nettali.com\/2025\/05\/07\/affaire-amadou-sall-waly-seck-et-le-fils-damadou-ba-dans-le-collimateur-du-parquet\/#breadcrumb","itemListElement":[{"@type":"ListItem","position":1,"name":"Accueil","item":"https:\/\/www.nettali.com\/"},{"@type":"ListItem","position":2,"name":"AFFAIRE AMADOU SALL \u2013 Waly Seck et le fils d\u2019Amadou Ba dans le collimateur du parquet"}]},{"@type":"Person","@id":"https:\/\/www.nettali.com\/#\/schema\/person\/7962a12a6e0267f88f0ffa544c36469a","name":"Moustapha","image":{"@type":"ImageObject","@id":"https:\/\/www.nettali.com\/#personlogo","inLanguage":"fr-FR","url":"https:\/\/secure.gravatar.com\/avatar\/10fdf6a071cccdcf374e3dbe45159590?s=96&d=mm&r=g","contentUrl":"https:\/\/secure.gravatar.com\/avatar\/10fdf6a071cccdcf374e3dbe45159590?s=96&d=mm&r=g","caption":"Moustapha"},"sameAs":["https:\/\/www.nettali.com"]}]}},"_links":{"self":[{"href":"https:\/\/www.nettali.com\/rest\/wp\/v2\/posts\/153712"}],"collection":[{"href":"https:\/\/www.nettali.com\/rest\/wp\/v2\/posts"}],"about":[{"href":"https:\/\/www.nettali.com\/rest\/wp\/v2\/types\/post"}],"author":[{"embeddable":true,"href":"https:\/\/www.nettali.com\/rest\/wp\/v2\/users\/3"}],"replies":[{"embeddable":true,"href":"https:\/\/www.nettali.com\/rest\/wp\/v2\/comments?post=153712"}],"version-history":[{"count":3,"href":"https:\/\/www.nettali.com\/rest\/wp\/v2\/posts\/153712\/revisions"}],"predecessor-version":[{"id":153716,"href":"https:\/\/www.nettali.com\/rest\/wp\/v2\/posts\/153712\/revisions\/153716"}],"wp:featuredmedia":[{"embeddable":true,"href":"https:\/\/www.nettali.com\/rest\/wp\/v2\/media\/153714"}],"wp:attachment":[{"href":"https:\/\/www.nettali.com\/rest\/wp\/v2\/media?parent=153712"}],"wp:term":[{"taxonomy":"category","embeddable":true,"href":"https:\/\/www.nettali.com\/rest\/wp\/v2\/categories?post=153712"},{"taxonomy":"post_tag","embeddable":true,"href":"https:\/\/www.nettali.com\/rest\/wp\/v2\/tags?post=153712"}],"curies":[{"name":"wp","href":"https:\/\/api.w.org\/{rel}","templated":true}]}}