{"id":153708,"date":"2025-05-07T05:57:08","date_gmt":"2025-05-07T05:57:08","guid":{"rendered":"https:\/\/www.nettali.com\/?p=153708"},"modified":"2025-05-07T05:57:08","modified_gmt":"2025-05-07T05:57:08","slug":"ldc-linter-ecarte-le-barca-et-file-en-finale","status":"publish","type":"post","link":"https:\/\/www.nettali.com\/2025\/05\/07\/ldc-linter-ecarte-le-barca-et-file-en-finale\/","title":{"rendered":"LDC - L'inter \u00e9carte le Bar\u00e7a et file en finale"},"content":{"rendered":"<div align=\"left\">\n<p dir=\"ltr\"><strong>NETTALI.COM - L\u2019Inter Milan est en finale de la Ligue des champions ! Dans une ambiance bouillante \u00e0 San Siro, les Italiens ont \u00e9limin\u00e9 le FC Barcelone au terme d\u2019une double confrontation spectaculaire. Apr\u00e8s le 3-3 du match aller, les deux \u00e9quipes ont encore offert un vrai feu d\u2019artifice ce mardi soir. Score final : 4-3 apr\u00e8s prolongation, gr\u00e2ce \u00e0 un but d\u00e9cisif de Davide Frattesi \u00e0 la 100e minute.<\/strong><\/p>\n<p dir=\"ltr\">Tout s\u2019est jou\u00e9 dans les derniers instants du temps r\u00e9glementaire. Alors que le Bar\u00e7a semblait tenir sa qualification, l\u2019Inter a arrach\u00e9 l\u2019\u00e9galisation pour forcer la prolongation\u2026 avant de faire basculer le match.<\/p>\n<p dir=\"ltr\">C\u2019est une soir\u00e9e magique pour les supporters nerazzurri, qui voient leur \u00e9quipe retrouver la finale de la C1, deux ans apr\u00e8s celle perdue face \u00e0 Manchester City. Les Milanais affronteront le PSG ou Arsenal le 31 mai \u00e0 Munich.<\/p>\n<\/div>\n<div class='share-to-whatsapp-wrapper'><div class='share-on-whsp'>PARTAGER SUR : <\/div><a data-text='LDC - L'inter \u00e9carte le Bar\u00e7a et file en finale' data-link='https:\/\/www.nettali.com\/2025\/05\/07\/ldc-linter-ecarte-le-barca-et-file-en-finale\/' class='whatsapp-button whatsapp-share'>WhatsApp<\/a><div class='clear '><\/div><\/div>","protected":false},"excerpt":{"rendered":"<p>NETTALI.COM - L\u2019Inter Milan est en finale de la Ligue des champions ! Dans une ambiance bouillante \u00e0 San Siro, les Italiens ont \u00e9limin\u00e9 le FC Barcelone au terme d\u2019une double confrontation spectaculaire. Apr\u00e8s le 3-3 du match aller, les deux \u00e9quipes ont encore offert un vrai feu d\u2019artifice ce mardi soir. Score final : [&hellip;]<\/p>\n","protected":false},"author":5,"featured_media":153709,"comment_status":"open","ping_status":"open","sticky":false,"template":"","format":"standard","meta":{"_et_pb_use_builder":"","_et_pb_old_content":""},"categories":[6],"tags":[],"yoast_head":"<!-- This site is optimized with the Yoast SEO Premium plugin v17.8 (Yoast SEO v17.8) - https:\/\/yoast.com\/wordpress\/plugins\/seo\/ -->\n<title>LDC - L&#039;inter \u00e9carte le Bar\u00e7a et file en finale | Nettali.com<\/title>\n<meta name=\"robots\" content=\"index, follow, max-snippet:-1, max-image-preview:large, max-video-preview:-1\" \/>\n<link rel=\"canonical\" href=\"https:\/\/www.nettali.com\/2025\/05\/07\/ldc-linter-ecarte-le-barca-et-file-en-finale\/\" \/>\n<meta property=\"og:locale\" content=\"fr_FR\" \/>\n<meta property=\"og:type\" content=\"article\" \/>\n<meta property=\"og:title\" content=\"LDC - L&#039;inter \u00e9carte le Bar\u00e7a et file en finale\" \/>\n<meta property=\"og:description\" content=\"NETTALI.COM - L\u2019Inter Milan est en finale de la Ligue des champions ! Dans une ambiance bouillante \u00e0 San Siro, les Italiens ont \u00e9limin\u00e9 le FC Barcelone au terme d\u2019une double confrontation spectaculaire. Apr\u00e8s le 3-3 du match aller, les deux \u00e9quipes ont encore offert un vrai feu d\u2019artifice ce mardi soir. Score final : [&hellip;]\" \/>\n<meta property=\"og:url\" content=\"https:\/\/www.nettali.com\/2025\/05\/07\/ldc-linter-ecarte-le-barca-et-file-en-finale\/\" \/>\n<meta property=\"og:site_name\" content=\"Nettali.com\" \/>\n<meta property=\"article:publisher\" content=\"https:\/\/www.facebook.com\/nettalicom\" \/>\n<meta property=\"article:published_time\" content=\"2025-05-07T05:57:08+00:00\" \/>\n<meta property=\"og:image\" content=\"https:\/\/www.nettali.com\/wp-content\/uploads\/2025\/05\/WWDO4DIO6RA6VHXVYSM3RQCF3Q.jpg\" \/>\n\t<meta property=\"og:image:width\" content=\"932\" \/>\n\t<meta property=\"og:image:height\" content=\"582\" \/>\n<meta name=\"twitter:card\" content=\"summary_large_image\" \/>\n<meta name=\"twitter:label1\" content=\"\u00c9crit par\" \/>\n\t<meta name=\"twitter:data1\" content=\"Ibrahima\" \/>\n\t<meta name=\"twitter:label2\" content=\"Dur\u00e9e de lecture estim\u00e9e\" \/>\n\t<meta name=\"twitter:data2\" content=\"1 minute\" \/>\n<script type=\"application\/ld+json\" class=\"yoast-schema-graph\">{\"@context\":\"https:\/\/schema.org\",\"@graph\":[{\"@type\":\"WebSite\",\"@id\":\"https:\/\/www.nettali.com\/#website\",\"url\":\"https:\/\/www.nettali.com\/\",\"name\":\"Nettali.com\",\"description\":\"Le rendez-vous critique du Net\",\"potentialAction\":[{\"@type\":\"SearchAction\",\"target\":{\"@type\":\"EntryPoint\",\"urlTemplate\":\"https:\/\/www.nettali.com\/?s={search_term_string}\"},\"query-input\":\"required name=search_term_string\"}],\"inLanguage\":\"fr-FR\"},{\"@type\":\"ImageObject\",\"@id\":\"https:\/\/www.nettali.com\/2025\/05\/07\/ldc-linter-ecarte-le-barca-et-file-en-finale\/#primaryimage\",\"inLanguage\":\"fr-FR\",\"url\":\"https:\/\/www.nettali.com\/wp-content\/uploads\/2025\/05\/WWDO4DIO6RA6VHXVYSM3RQCF3Q.jpg\",\"contentUrl\":\"https:\/\/www.nettali.com\/wp-content\/uploads\/2025\/05\/WWDO4DIO6RA6VHXVYSM3RQCF3Q.jpg\",\"width\":932,\"height\":582,\"caption\":\"Inter Milan's Italian midfielder #16 Davide Frattesi (3L) celebrates scoring his team's fourth goal with teammates during the UEFA Champions League semi-final second leg football match between Inter Milan and FC Barcelona at the San Siro stadium in Milan on May 6, 2025. (Photo by PIERO CRUCIATTI \/ AFP)\"},{\"@type\":\"WebPage\",\"@id\":\"https:\/\/www.nettali.com\/2025\/05\/07\/ldc-linter-ecarte-le-barca-et-file-en-finale\/#webpage\",\"url\":\"https:\/\/www.nettali.com\/2025\/05\/07\/ldc-linter-ecarte-le-barca-et-file-en-finale\/\",\"name\":\"LDC - L'inter \\u00e9carte le Bar\\u00e7a et file en finale | Nettali.com\",\"isPartOf\":{\"@id\":\"https:\/\/www.nettali.com\/#website\"},\"primaryImageOfPage\":{\"@id\":\"https:\/\/www.nettali.com\/2025\/05\/07\/ldc-linter-ecarte-le-barca-et-file-en-finale\/#primaryimage\"},\"datePublished\":\"2025-05-07T05:57:08+00:00\",\"dateModified\":\"2025-05-07T05:57:08+00:00\",\"author\":{\"@id\":\"https:\/\/www.nettali.com\/#\/schema\/person\/bb147657c2986240405a608162b9bb23\"},\"breadcrumb\":{\"@id\":\"https:\/\/www.nettali.com\/2025\/05\/07\/ldc-linter-ecarte-le-barca-et-file-en-finale\/#breadcrumb\"},\"inLanguage\":\"fr-FR\",\"potentialAction\":[{\"@type\":\"ReadAction\",\"target\":[\"https:\/\/www.nettali.com\/2025\/05\/07\/ldc-linter-ecarte-le-barca-et-file-en-finale\/\"]}]},{\"@type\":\"BreadcrumbList\",\"@id\":\"https:\/\/www.nettali.com\/2025\/05\/07\/ldc-linter-ecarte-le-barca-et-file-en-finale\/#breadcrumb\",\"itemListElement\":[{\"@type\":\"ListItem\",\"position\":1,\"name\":\"Accueil\",\"item\":\"https:\/\/www.nettali.com\/\"},{\"@type\":\"ListItem\",\"position\":2,\"name\":\"LDC - L'inter \\u00e9carte le Bar\\u00e7a et file en finale\"}]},{\"@type\":\"Person\",\"@id\":\"https:\/\/www.nettali.com\/#\/schema\/person\/bb147657c2986240405a608162b9bb23\",\"name\":\"Ibrahima\",\"image\":{\"@type\":\"ImageObject\",\"@id\":\"https:\/\/www.nettali.com\/#personlogo\",\"inLanguage\":\"fr-FR\",\"url\":\"https:\/\/secure.gravatar.com\/avatar\/26a8a81f09f0dd7624c9d5c36c9ba3a2?s=96&d=mm&r=g\",\"contentUrl\":\"https:\/\/secure.gravatar.com\/avatar\/26a8a81f09f0dd7624c9d5c36c9ba3a2?s=96&d=mm&r=g\",\"caption\":\"Ibrahima\"},\"sameAs\":[\"https:\/\/www.nettali.com\"]}]}<\/script>\n<!-- \/ Yoast SEO Premium plugin. -->","yoast_head_json":{"title":"LDC - L'inter \u00e9carte le Bar\u00e7a et file en finale | Nettali.com","robots":{"index":"index","follow":"follow","max-snippet":"max-snippet:-1","max-image-preview":"max-image-preview:large","max-video-preview":"max-video-preview:-1"},"canonical":"https:\/\/www.nettali.com\/2025\/05\/07\/ldc-linter-ecarte-le-barca-et-file-en-finale\/","og_locale":"fr_FR","og_type":"article","og_title":"LDC - L'inter \u00e9carte le Bar\u00e7a et file en finale","og_description":"NETTALI.COM - L\u2019Inter Milan est en finale de la Ligue des champions ! Dans une ambiance bouillante \u00e0 San Siro, les Italiens ont \u00e9limin\u00e9 le FC Barcelone au terme d\u2019une double confrontation spectaculaire. Apr\u00e8s le 3-3 du match aller, les deux \u00e9quipes ont encore offert un vrai feu d\u2019artifice ce mardi soir. Score final : [&hellip;]","og_url":"https:\/\/www.nettali.com\/2025\/05\/07\/ldc-linter-ecarte-le-barca-et-file-en-finale\/","og_site_name":"Nettali.com","article_publisher":"https:\/\/www.facebook.com\/nettalicom","article_published_time":"2025-05-07T05:57:08+00:00","og_image":[{"width":932,"height":582,"url":"https:\/\/www.nettali.com\/wp-content\/uploads\/2025\/05\/WWDO4DIO6RA6VHXVYSM3RQCF3Q.jpg","type":"image\/jpeg"}],"twitter_card":"summary_large_image","twitter_misc":{"\u00c9crit par":"Ibrahima","Dur\u00e9e de lecture estim\u00e9e":"1 minute"},"schema":{"@context":"https:\/\/schema.org","@graph":[{"@type":"WebSite","@id":"https:\/\/www.nettali.com\/#website","url":"https:\/\/www.nettali.com\/","name":"Nettali.com","description":"Le rendez-vous critique du Net","potentialAction":[{"@type":"SearchAction","target":{"@type":"EntryPoint","urlTemplate":"https:\/\/www.nettali.com\/?s={search_term_string}"},"query-input":"required name=search_term_string"}],"inLanguage":"fr-FR"},{"@type":"ImageObject","@id":"https:\/\/www.nettali.com\/2025\/05\/07\/ldc-linter-ecarte-le-barca-et-file-en-finale\/#primaryimage","inLanguage":"fr-FR","url":"https:\/\/www.nettali.com\/wp-content\/uploads\/2025\/05\/WWDO4DIO6RA6VHXVYSM3RQCF3Q.jpg","contentUrl":"https:\/\/www.nettali.com\/wp-content\/uploads\/2025\/05\/WWDO4DIO6RA6VHXVYSM3RQCF3Q.jpg","width":932,"height":582,"caption":"Inter Milan's Italian midfielder #16 Davide Frattesi (3L) celebrates scoring his team's fourth goal with teammates during the UEFA Champions League semi-final second leg football match between Inter Milan and FC Barcelona at the San Siro stadium in Milan on May 6, 2025. (Photo by PIERO CRUCIATTI \/ AFP)"},{"@type":"WebPage","@id":"https:\/\/www.nettali.com\/2025\/05\/07\/ldc-linter-ecarte-le-barca-et-file-en-finale\/#webpage","url":"https:\/\/www.nettali.com\/2025\/05\/07\/ldc-linter-ecarte-le-barca-et-file-en-finale\/","name":"LDC - L'inter \u00e9carte le Bar\u00e7a et file en finale | Nettali.com","isPartOf":{"@id":"https:\/\/www.nettali.com\/#website"},"primaryImageOfPage":{"@id":"https:\/\/www.nettali.com\/2025\/05\/07\/ldc-linter-ecarte-le-barca-et-file-en-finale\/#primaryimage"},"datePublished":"2025-05-07T05:57:08+00:00","dateModified":"2025-05-07T05:57:08+00:00","author":{"@id":"https:\/\/www.nettali.com\/#\/schema\/person\/bb147657c2986240405a608162b9bb23"},"breadcrumb":{"@id":"https:\/\/www.nettali.com\/2025\/05\/07\/ldc-linter-ecarte-le-barca-et-file-en-finale\/#breadcrumb"},"inLanguage":"fr-FR","potentialAction":[{"@type":"ReadAction","target":["https:\/\/www.nettali.com\/2025\/05\/07\/ldc-linter-ecarte-le-barca-et-file-en-finale\/"]}]},{"@type":"BreadcrumbList","@id":"https:\/\/www.nettali.com\/2025\/05\/07\/ldc-linter-ecarte-le-barca-et-file-en-finale\/#breadcrumb","itemListElement":[{"@type":"ListItem","position":1,"name":"Accueil","item":"https:\/\/www.nettali.com\/"},{"@type":"ListItem","position":2,"name":"LDC - L'inter \u00e9carte le Bar\u00e7a et file en finale"}]},{"@type":"Person","@id":"https:\/\/www.nettali.com\/#\/schema\/person\/bb147657c2986240405a608162b9bb23","name":"Ibrahima","image":{"@type":"ImageObject","@id":"https:\/\/www.nettali.com\/#personlogo","inLanguage":"fr-FR","url":"https:\/\/secure.gravatar.com\/avatar\/26a8a81f09f0dd7624c9d5c36c9ba3a2?s=96&d=mm&r=g","contentUrl":"https:\/\/secure.gravatar.com\/avatar\/26a8a81f09f0dd7624c9d5c36c9ba3a2?s=96&d=mm&r=g","caption":"Ibrahima"},"sameAs":["https:\/\/www.nettali.com"]}]}},"_links":{"self":[{"href":"https:\/\/www.nettali.com\/rest\/wp\/v2\/posts\/153708"}],"collection":[{"href":"https:\/\/www.nettali.com\/rest\/wp\/v2\/posts"}],"about":[{"href":"https:\/\/www.nettali.com\/rest\/wp\/v2\/types\/post"}],"author":[{"embeddable":true,"href":"https:\/\/www.nettali.com\/rest\/wp\/v2\/users\/5"}],"replies":[{"embeddable":true,"href":"https:\/\/www.nettali.com\/rest\/wp\/v2\/comments?post=153708"}],"version-history":[{"count":2,"href":"https:\/\/www.nettali.com\/rest\/wp\/v2\/posts\/153708\/revisions"}],"predecessor-version":[{"id":153711,"href":"https:\/\/www.nettali.com\/rest\/wp\/v2\/posts\/153708\/revisions\/153711"}],"wp:featuredmedia":[{"embeddable":true,"href":"https:\/\/www.nettali.com\/rest\/wp\/v2\/media\/153709"}],"wp:attachment":[{"href":"https:\/\/www.nettali.com\/rest\/wp\/v2\/media?parent=153708"}],"wp:term":[{"taxonomy":"category","embeddable":true,"href":"https:\/\/www.nettali.com\/rest\/wp\/v2\/categories?post=153708"},{"taxonomy":"post_tag","embeddable":true,"href":"https:\/\/www.nettali.com\/rest\/wp\/v2\/tags?post=153708"}],"curies":[{"name":"wp","href":"https:\/\/api.w.org\/{rel}","templated":true}]}}