{"id":153657,"date":"2025-05-06T13:54:46","date_gmt":"2025-05-06T13:54:46","guid":{"rendered":"https:\/\/www.nettali.com\/?p=153657"},"modified":"2025-05-06T17:20:42","modified_gmt":"2025-05-06T17:20:42","slug":"deces-de-letudiante-s-mballo-lancien-maire-de-sare-bidji-denonce-des-fuites-et-appelle-au-respect-de-lenquete","status":"publish","type":"post","link":"https:\/\/www.nettali.com\/2025\/05\/06\/deces-de-letudiante-s-mballo-lancien-maire-de-sare-bidji-denonce-des-fuites-et-appelle-au-respect-de-lenquete\/","title":{"rendered":"D\u00c9C\u00c8S DE L'\u00c9TUDIANTE S.MBALLO - L'ancien maire de Sar\u00e9 Bidji d\u00e9nonce des fuites et appelle au respect de l\u2019enqu\u00eate"},"content":{"rendered":"<p><strong>NETTALI.COM - Dans un message publi\u00e9 sur sa page Facebook, l'ancien maire de Sar\u00e9 Bidji, Malang Mballo, a r\u00e9agi aux informations relay\u00e9es par la presse sur le d\u00e9c\u00e8s de l'\u00e9tudiante S. Mballo. Il a d\u00e9nonc\u00e9 la diffusion pr\u00e9matur\u00e9e des suppos\u00e9s r\u00e9sultats de l'autopsie, alors que la famille n'a, selon lui, re\u00e7u aucune communication officielle de la part des autorit\u00e9s comp\u00e9tentes.<\/strong><\/p>\n<p>L'autopsie aurait r\u00e9v\u00e9l\u00e9 que S. Mballo est morte par asphyxie m\u00e9canique et que le m\u00e9decin-l\u00e9giste aurait confirm\u00e9 que l\u2019\u00e9tudiante portait une grossesse \u00e0 terme. C'est une information relay\u00e9e, ce lundi par la presse.<\/p>\n<p>\"<em>Voici une publication qui pr\u00e9tend donner les r\u00e9sultats de l\u2019autopsie de notre d\u00e9funte fille. Nous tenons \u00e0 informer l\u2019opinion que la famille n\u2019a encore re\u00e7u aucune information sur l\u2019enqu\u00eate en cours<\/em>\", a-t-il \u00e9crit.<\/p>\n<p>Soulignant sa confiance dans le professionnalisme des services en charge de l\u2019affaire, Malang Mballo a rappel\u00e9 que \"<em>la primeur des r\u00e9sultats de l\u2019enqu\u00eate appartient \u00e0 la famille<\/em>\". Il a \u00e9galement appel\u00e9 \u00e0 cesser les sp\u00e9culations, \"<em>par respect pour la douleur des parents et pour l\u2019esprit de la d\u00e9funte<\/em>\".<\/p>\n<p>L\u2019ancien \u00e9dile a enfin exprim\u00e9 sa gratitude envers ceux qui soutiennent la famille en cette p\u00e9riode difficile. \"<em>Nous savons que tous les S\u00e9n\u00e9galais, et particuli\u00e8rement le Fouladou, <\/em><em>compatissent \u00e0 notre douleur. Par cons\u00e9quent, nous vous tiendrons inform\u00e9s d\u00e8s que le r\u00e9sultat officiel de l\u2019enqu\u00eate sera disponible<\/em>\", a-t-il assur\u00e9.<\/p>\n<div class='share-to-whatsapp-wrapper'><div class='share-on-whsp'>PARTAGER SUR : <\/div><a data-text='D\u00c9C\u00c8S DE L'\u00c9TUDIANTE S.MBALLO - L'ancien maire de Sar\u00e9 Bidji d\u00e9nonce des fuites et appelle au respect de l\u2019enqu\u00eate' data-link='https:\/\/www.nettali.com\/2025\/05\/06\/deces-de-letudiante-s-mballo-lancien-maire-de-sare-bidji-denonce-des-fuites-et-appelle-au-respect-de-lenquete\/' class='whatsapp-button whatsapp-share'>WhatsApp<\/a><div class='clear '><\/div><\/div>","protected":false},"excerpt":{"rendered":"<p>NETTALI.COM - Dans un message publi\u00e9 sur sa page Facebook, l'ancien maire de Sar\u00e9 Bidji, Malang Mballo, a r\u00e9agi aux informations relay\u00e9es par la presse sur le d\u00e9c\u00e8s de l'\u00e9tudiante S. Mballo. Il a d\u00e9nonc\u00e9 la diffusion pr\u00e9matur\u00e9e des suppos\u00e9s r\u00e9sultats de l'autopsie, alors que la famille n'a, selon lui, re\u00e7u aucune communication officielle de [&hellip;]<\/p>\n","protected":false},"author":5,"featured_media":153659,"comment_status":"open","ping_status":"open","sticky":false,"template":"","format":"standard","meta":{"_et_pb_use_builder":"","_et_pb_old_content":""},"categories":[3],"tags":[],"yoast_head":"<!-- This site is optimized with the Yoast SEO Premium plugin v17.8 (Yoast SEO v17.8) - https:\/\/yoast.com\/wordpress\/plugins\/seo\/ -->\n<title>D\u00c9C\u00c8S DE L&#039;\u00c9TUDIANTE S.MBALLO - L&#039;ancien maire de Sar\u00e9 Bidji d\u00e9nonce des fuites et appelle au respect de l\u2019enqu\u00eate | Nettali.com<\/title>\n<meta name=\"robots\" content=\"index, follow, max-snippet:-1, max-image-preview:large, max-video-preview:-1\" \/>\n<link rel=\"canonical\" href=\"https:\/\/www.nettali.com\/2025\/05\/06\/deces-de-letudiante-s-mballo-lancien-maire-de-sare-bidji-denonce-des-fuites-et-appelle-au-respect-de-lenquete\/\" \/>\n<meta property=\"og:locale\" content=\"fr_FR\" \/>\n<meta property=\"og:type\" content=\"article\" \/>\n<meta property=\"og:title\" content=\"D\u00c9C\u00c8S DE L&#039;\u00c9TUDIANTE S.MBALLO - L&#039;ancien maire de Sar\u00e9 Bidji d\u00e9nonce des fuites et appelle au respect de l\u2019enqu\u00eate\" \/>\n<meta property=\"og:description\" content=\"NETTALI.COM - Dans un message publi\u00e9 sur sa page Facebook, l&#039;ancien maire de Sar\u00e9 Bidji, Malang Mballo, a r\u00e9agi aux informations relay\u00e9es par la presse sur le d\u00e9c\u00e8s de l&#039;\u00e9tudiante S. Mballo. Il a d\u00e9nonc\u00e9 la diffusion pr\u00e9matur\u00e9e des suppos\u00e9s r\u00e9sultats de l&#039;autopsie, alors que la famille n&#039;a, selon lui, re\u00e7u aucune communication officielle de [&hellip;]\" \/>\n<meta property=\"og:url\" content=\"https:\/\/www.nettali.com\/2025\/05\/06\/deces-de-letudiante-s-mballo-lancien-maire-de-sare-bidji-denonce-des-fuites-et-appelle-au-respect-de-lenquete\/\" \/>\n<meta property=\"og:site_name\" content=\"Nettali.com\" \/>\n<meta property=\"article:publisher\" content=\"https:\/\/www.facebook.com\/nettalicom\" \/>\n<meta property=\"article:published_time\" content=\"2025-05-06T13:54:46+00:00\" \/>\n<meta property=\"article:modified_time\" content=\"2025-05-06T17:20:42+00:00\" \/>\n<meta property=\"og:image\" content=\"https:\/\/www.nettali.com\/wp-content\/uploads\/2025\/05\/InCollage_20250501_103418996-1024x768-1.jpg\" \/>\n\t<meta property=\"og:image:width\" content=\"1024\" \/>\n\t<meta property=\"og:image:height\" content=\"768\" \/>\n<meta name=\"twitter:card\" content=\"summary_large_image\" \/>\n<meta name=\"twitter:label1\" content=\"\u00c9crit par\" \/>\n\t<meta name=\"twitter:data1\" content=\"Ibrahima\" \/>\n\t<meta name=\"twitter:label2\" content=\"Dur\u00e9e de lecture estim\u00e9e\" \/>\n\t<meta name=\"twitter:data2\" content=\"2 minutes\" \/>\n<script type=\"application\/ld+json\" class=\"yoast-schema-graph\">{\"@context\":\"https:\/\/schema.org\",\"@graph\":[{\"@type\":\"WebSite\",\"@id\":\"https:\/\/www.nettali.com\/#website\",\"url\":\"https:\/\/www.nettali.com\/\",\"name\":\"Nettali.com\",\"description\":\"Le rendez-vous critique du Net\",\"potentialAction\":[{\"@type\":\"SearchAction\",\"target\":{\"@type\":\"EntryPoint\",\"urlTemplate\":\"https:\/\/www.nettali.com\/?s={search_term_string}\"},\"query-input\":\"required name=search_term_string\"}],\"inLanguage\":\"fr-FR\"},{\"@type\":\"ImageObject\",\"@id\":\"https:\/\/www.nettali.com\/2025\/05\/06\/deces-de-letudiante-s-mballo-lancien-maire-de-sare-bidji-denonce-des-fuites-et-appelle-au-respect-de-lenquete\/#primaryimage\",\"inLanguage\":\"fr-FR\",\"url\":\"https:\/\/www.nettali.com\/wp-content\/uploads\/2025\/05\/InCollage_20250501_103418996-1024x768-1.jpg\",\"contentUrl\":\"https:\/\/www.nettali.com\/wp-content\/uploads\/2025\/05\/InCollage_20250501_103418996-1024x768-1.jpg\",\"width\":1024,\"height\":768},{\"@type\":\"WebPage\",\"@id\":\"https:\/\/www.nettali.com\/2025\/05\/06\/deces-de-letudiante-s-mballo-lancien-maire-de-sare-bidji-denonce-des-fuites-et-appelle-au-respect-de-lenquete\/#webpage\",\"url\":\"https:\/\/www.nettali.com\/2025\/05\/06\/deces-de-letudiante-s-mballo-lancien-maire-de-sare-bidji-denonce-des-fuites-et-appelle-au-respect-de-lenquete\/\",\"name\":\"D\\u00c9C\\u00c8S DE L'\\u00c9TUDIANTE S.MBALLO - L'ancien maire de Sar\\u00e9 Bidji d\\u00e9nonce des fuites et appelle au respect de l\\u2019enqu\\u00eate | Nettali.com\",\"isPartOf\":{\"@id\":\"https:\/\/www.nettali.com\/#website\"},\"primaryImageOfPage\":{\"@id\":\"https:\/\/www.nettali.com\/2025\/05\/06\/deces-de-letudiante-s-mballo-lancien-maire-de-sare-bidji-denonce-des-fuites-et-appelle-au-respect-de-lenquete\/#primaryimage\"},\"datePublished\":\"2025-05-06T13:54:46+00:00\",\"dateModified\":\"2025-05-06T17:20:42+00:00\",\"author\":{\"@id\":\"https:\/\/www.nettali.com\/#\/schema\/person\/bb147657c2986240405a608162b9bb23\"},\"breadcrumb\":{\"@id\":\"https:\/\/www.nettali.com\/2025\/05\/06\/deces-de-letudiante-s-mballo-lancien-maire-de-sare-bidji-denonce-des-fuites-et-appelle-au-respect-de-lenquete\/#breadcrumb\"},\"inLanguage\":\"fr-FR\",\"potentialAction\":[{\"@type\":\"ReadAction\",\"target\":[\"https:\/\/www.nettali.com\/2025\/05\/06\/deces-de-letudiante-s-mballo-lancien-maire-de-sare-bidji-denonce-des-fuites-et-appelle-au-respect-de-lenquete\/\"]}]},{\"@type\":\"BreadcrumbList\",\"@id\":\"https:\/\/www.nettali.com\/2025\/05\/06\/deces-de-letudiante-s-mballo-lancien-maire-de-sare-bidji-denonce-des-fuites-et-appelle-au-respect-de-lenquete\/#breadcrumb\",\"itemListElement\":[{\"@type\":\"ListItem\",\"position\":1,\"name\":\"Accueil\",\"item\":\"https:\/\/www.nettali.com\/\"},{\"@type\":\"ListItem\",\"position\":2,\"name\":\"D\\u00c9C\\u00c8S DE L'\\u00c9TUDIANTE S.MBALLO - L'ancien maire de Sar\\u00e9 Bidji d\\u00e9nonce des fuites et appelle au respect de l\\u2019enqu\\u00eate\"}]},{\"@type\":\"Person\",\"@id\":\"https:\/\/www.nettali.com\/#\/schema\/person\/bb147657c2986240405a608162b9bb23\",\"name\":\"Ibrahima\",\"image\":{\"@type\":\"ImageObject\",\"@id\":\"https:\/\/www.nettali.com\/#personlogo\",\"inLanguage\":\"fr-FR\",\"url\":\"https:\/\/secure.gravatar.com\/avatar\/26a8a81f09f0dd7624c9d5c36c9ba3a2?s=96&d=mm&r=g\",\"contentUrl\":\"https:\/\/secure.gravatar.com\/avatar\/26a8a81f09f0dd7624c9d5c36c9ba3a2?s=96&d=mm&r=g\",\"caption\":\"Ibrahima\"},\"sameAs\":[\"https:\/\/www.nettali.com\"]}]}<\/script>\n<!-- \/ Yoast SEO Premium plugin. -->","yoast_head_json":{"title":"D\u00c9C\u00c8S DE L'\u00c9TUDIANTE S.MBALLO - L'ancien maire de Sar\u00e9 Bidji d\u00e9nonce des fuites et appelle au respect de l\u2019enqu\u00eate | Nettali.com","robots":{"index":"index","follow":"follow","max-snippet":"max-snippet:-1","max-image-preview":"max-image-preview:large","max-video-preview":"max-video-preview:-1"},"canonical":"https:\/\/www.nettali.com\/2025\/05\/06\/deces-de-letudiante-s-mballo-lancien-maire-de-sare-bidji-denonce-des-fuites-et-appelle-au-respect-de-lenquete\/","og_locale":"fr_FR","og_type":"article","og_title":"D\u00c9C\u00c8S DE L'\u00c9TUDIANTE S.MBALLO - L'ancien maire de Sar\u00e9 Bidji d\u00e9nonce des fuites et appelle au respect de l\u2019enqu\u00eate","og_description":"NETTALI.COM - Dans un message publi\u00e9 sur sa page Facebook, l'ancien maire de Sar\u00e9 Bidji, Malang Mballo, a r\u00e9agi aux informations relay\u00e9es par la presse sur le d\u00e9c\u00e8s de l'\u00e9tudiante S. Mballo. Il a d\u00e9nonc\u00e9 la diffusion pr\u00e9matur\u00e9e des suppos\u00e9s r\u00e9sultats de l'autopsie, alors que la famille n'a, selon lui, re\u00e7u aucune communication officielle de [&hellip;]","og_url":"https:\/\/www.nettali.com\/2025\/05\/06\/deces-de-letudiante-s-mballo-lancien-maire-de-sare-bidji-denonce-des-fuites-et-appelle-au-respect-de-lenquete\/","og_site_name":"Nettali.com","article_publisher":"https:\/\/www.facebook.com\/nettalicom","article_published_time":"2025-05-06T13:54:46+00:00","article_modified_time":"2025-05-06T17:20:42+00:00","og_image":[{"width":1024,"height":768,"url":"https:\/\/www.nettali.com\/wp-content\/uploads\/2025\/05\/InCollage_20250501_103418996-1024x768-1.jpg","type":"image\/jpeg"}],"twitter_card":"summary_large_image","twitter_misc":{"\u00c9crit par":"Ibrahima","Dur\u00e9e de lecture estim\u00e9e":"2 minutes"},"schema":{"@context":"https:\/\/schema.org","@graph":[{"@type":"WebSite","@id":"https:\/\/www.nettali.com\/#website","url":"https:\/\/www.nettali.com\/","name":"Nettali.com","description":"Le rendez-vous critique du Net","potentialAction":[{"@type":"SearchAction","target":{"@type":"EntryPoint","urlTemplate":"https:\/\/www.nettali.com\/?s={search_term_string}"},"query-input":"required name=search_term_string"}],"inLanguage":"fr-FR"},{"@type":"ImageObject","@id":"https:\/\/www.nettali.com\/2025\/05\/06\/deces-de-letudiante-s-mballo-lancien-maire-de-sare-bidji-denonce-des-fuites-et-appelle-au-respect-de-lenquete\/#primaryimage","inLanguage":"fr-FR","url":"https:\/\/www.nettali.com\/wp-content\/uploads\/2025\/05\/InCollage_20250501_103418996-1024x768-1.jpg","contentUrl":"https:\/\/www.nettali.com\/wp-content\/uploads\/2025\/05\/InCollage_20250501_103418996-1024x768-1.jpg","width":1024,"height":768},{"@type":"WebPage","@id":"https:\/\/www.nettali.com\/2025\/05\/06\/deces-de-letudiante-s-mballo-lancien-maire-de-sare-bidji-denonce-des-fuites-et-appelle-au-respect-de-lenquete\/#webpage","url":"https:\/\/www.nettali.com\/2025\/05\/06\/deces-de-letudiante-s-mballo-lancien-maire-de-sare-bidji-denonce-des-fuites-et-appelle-au-respect-de-lenquete\/","name":"D\u00c9C\u00c8S DE L'\u00c9TUDIANTE S.MBALLO - L'ancien maire de Sar\u00e9 Bidji d\u00e9nonce des fuites et appelle au respect de l\u2019enqu\u00eate | Nettali.com","isPartOf":{"@id":"https:\/\/www.nettali.com\/#website"},"primaryImageOfPage":{"@id":"https:\/\/www.nettali.com\/2025\/05\/06\/deces-de-letudiante-s-mballo-lancien-maire-de-sare-bidji-denonce-des-fuites-et-appelle-au-respect-de-lenquete\/#primaryimage"},"datePublished":"2025-05-06T13:54:46+00:00","dateModified":"2025-05-06T17:20:42+00:00","author":{"@id":"https:\/\/www.nettali.com\/#\/schema\/person\/bb147657c2986240405a608162b9bb23"},"breadcrumb":{"@id":"https:\/\/www.nettali.com\/2025\/05\/06\/deces-de-letudiante-s-mballo-lancien-maire-de-sare-bidji-denonce-des-fuites-et-appelle-au-respect-de-lenquete\/#breadcrumb"},"inLanguage":"fr-FR","potentialAction":[{"@type":"ReadAction","target":["https:\/\/www.nettali.com\/2025\/05\/06\/deces-de-letudiante-s-mballo-lancien-maire-de-sare-bidji-denonce-des-fuites-et-appelle-au-respect-de-lenquete\/"]}]},{"@type":"BreadcrumbList","@id":"https:\/\/www.nettali.com\/2025\/05\/06\/deces-de-letudiante-s-mballo-lancien-maire-de-sare-bidji-denonce-des-fuites-et-appelle-au-respect-de-lenquete\/#breadcrumb","itemListElement":[{"@type":"ListItem","position":1,"name":"Accueil","item":"https:\/\/www.nettali.com\/"},{"@type":"ListItem","position":2,"name":"D\u00c9C\u00c8S DE L'\u00c9TUDIANTE S.MBALLO - L'ancien maire de Sar\u00e9 Bidji d\u00e9nonce des fuites et appelle au respect de l\u2019enqu\u00eate"}]},{"@type":"Person","@id":"https:\/\/www.nettali.com\/#\/schema\/person\/bb147657c2986240405a608162b9bb23","name":"Ibrahima","image":{"@type":"ImageObject","@id":"https:\/\/www.nettali.com\/#personlogo","inLanguage":"fr-FR","url":"https:\/\/secure.gravatar.com\/avatar\/26a8a81f09f0dd7624c9d5c36c9ba3a2?s=96&d=mm&r=g","contentUrl":"https:\/\/secure.gravatar.com\/avatar\/26a8a81f09f0dd7624c9d5c36c9ba3a2?s=96&d=mm&r=g","caption":"Ibrahima"},"sameAs":["https:\/\/www.nettali.com"]}]}},"_links":{"self":[{"href":"https:\/\/www.nettali.com\/rest\/wp\/v2\/posts\/153657"}],"collection":[{"href":"https:\/\/www.nettali.com\/rest\/wp\/v2\/posts"}],"about":[{"href":"https:\/\/www.nettali.com\/rest\/wp\/v2\/types\/post"}],"author":[{"embeddable":true,"href":"https:\/\/www.nettali.com\/rest\/wp\/v2\/users\/5"}],"replies":[{"embeddable":true,"href":"https:\/\/www.nettali.com\/rest\/wp\/v2\/comments?post=153657"}],"version-history":[{"count":1,"href":"https:\/\/www.nettali.com\/rest\/wp\/v2\/posts\/153657\/revisions"}],"predecessor-version":[{"id":153660,"href":"https:\/\/www.nettali.com\/rest\/wp\/v2\/posts\/153657\/revisions\/153660"}],"wp:featuredmedia":[{"embeddable":true,"href":"https:\/\/www.nettali.com\/rest\/wp\/v2\/media\/153659"}],"wp:attachment":[{"href":"https:\/\/www.nettali.com\/rest\/wp\/v2\/media?parent=153657"}],"wp:term":[{"taxonomy":"category","embeddable":true,"href":"https:\/\/www.nettali.com\/rest\/wp\/v2\/categories?post=153657"},{"taxonomy":"post_tag","embeddable":true,"href":"https:\/\/www.nettali.com\/rest\/wp\/v2\/tags?post=153657"}],"curies":[{"name":"wp","href":"https:\/\/api.w.org\/{rel}","templated":true}]}}