{"id":153520,"date":"2025-05-03T17:34:03","date_gmt":"2025-05-03T17:34:03","guid":{"rendered":"https:\/\/www.nettali.com\/?p=153520"},"modified":"2025-05-03T19:02:25","modified_gmt":"2025-05-03T19:02:25","slug":"necrologie-deces-du-chanteur-secka-de-thies","status":"publish","type":"post","link":"https:\/\/www.nettali.com\/2025\/05\/03\/necrologie-deces-du-chanteur-secka-de-thies\/","title":{"rendered":"NECROLOGIE - D\u00e9c\u00e8s du chanteur Secka de Thi\u00e8s"},"content":{"rendered":"<p><strong>NETTALI.COM - Le monde de la culture en deuil avec le d\u00e9c\u00e8s ce samedi d'Adama Seck alias Secka de la Super Royal band de Thi\u00e8s.\u00a0<\/strong><\/p>\n<p>Il \u00e9tait comme la voix de Thi\u00e8s dans le monde de la musique en particulier et de la culture en g\u00e9n\u00e9ral. Lui, c'est Adama Seck dit Secka de la Super royal band de Thi\u00e8s. Secka qui avait disparu des \u00e9crans depuis quelques ann\u00e9es est d\u00e9c\u00e9d\u00e9 ce samedi. Une grande perte pour la capitale du rail et la musique s\u00e9n\u00e9galaise.<\/p>\n<p>Les S\u00e9n\u00e9galais avaient d\u00e9couvert Secka, il y a quelques ann\u00e9es, \u00e0 travers son c\u00e9l\u00e8bre tube \"Samba Alaar\". Son d\u00e9c\u00e8s constitue une immense perte pour la Culture et pour la ville de Thi\u00e8s dont il \u00e9tait incontestablement l'une des plus grandes voix. \"<em>C'est avec une profonde tristesse que nous apprenons le d\u00e9part de notre fr\u00e8re Adama Seck, connu sous le nom de Secka. Sa voix, son talent et son engagement pour la culture s\u00e9n\u00e9galaise resteront \u00e0 jamais grav\u00e9s dans nos c\u0153urs<\/em>\", t\u00e9moigne Omar P\u00e8re, leader du Super Diamono.<\/p>\n<div class='share-to-whatsapp-wrapper'><div class='share-on-whsp'>PARTAGER SUR : <\/div><a data-text='NECROLOGIE - D\u00e9c\u00e8s du chanteur Secka de Thi\u00e8s' data-link='https:\/\/www.nettali.com\/2025\/05\/03\/necrologie-deces-du-chanteur-secka-de-thies\/' class='whatsapp-button whatsapp-share'>WhatsApp<\/a><div class='clear '><\/div><\/div>","protected":false},"excerpt":{"rendered":"<p>NETTALI.COM - Le monde de la culture en deuil avec le d\u00e9c\u00e8s ce samedi d'Adama Seck alias Secka de la Super Royal band de Thi\u00e8s.\u00a0 Il \u00e9tait comme la voix de Thi\u00e8s dans le monde de la musique en particulier et de la culture en g\u00e9n\u00e9ral. Lui, c'est Adama Seck dit Secka de la Super [&hellip;]<\/p>\n","protected":false},"author":3,"featured_media":153522,"comment_status":"open","ping_status":"open","sticky":false,"template":"","format":"standard","meta":{"_et_pb_use_builder":"","_et_pb_old_content":""},"categories":[3],"tags":[],"yoast_head":"<!-- This site is optimized with the Yoast SEO Premium plugin v17.8 (Yoast SEO v17.8) - https:\/\/yoast.com\/wordpress\/plugins\/seo\/ -->\n<title>NECROLOGIE - D\u00e9c\u00e8s du chanteur Secka de Thi\u00e8s | Nettali.com<\/title>\n<meta name=\"robots\" content=\"index, follow, max-snippet:-1, max-image-preview:large, max-video-preview:-1\" \/>\n<link rel=\"canonical\" href=\"https:\/\/www.nettali.com\/2025\/05\/03\/necrologie-deces-du-chanteur-secka-de-thies\/\" \/>\n<meta property=\"og:locale\" content=\"fr_FR\" \/>\n<meta property=\"og:type\" content=\"article\" \/>\n<meta property=\"og:title\" content=\"NECROLOGIE - D\u00e9c\u00e8s du chanteur Secka de Thi\u00e8s\" \/>\n<meta property=\"og:description\" content=\"NETTALI.COM - Le monde de la culture en deuil avec le d\u00e9c\u00e8s ce samedi d&#039;Adama Seck alias Secka de la Super Royal band de Thi\u00e8s.\u00a0 Il \u00e9tait comme la voix de Thi\u00e8s dans le monde de la musique en particulier et de la culture en g\u00e9n\u00e9ral. Lui, c&#039;est Adama Seck dit Secka de la Super [&hellip;]\" \/>\n<meta property=\"og:url\" content=\"https:\/\/www.nettali.com\/2025\/05\/03\/necrologie-deces-du-chanteur-secka-de-thies\/\" \/>\n<meta property=\"og:site_name\" content=\"Nettali.com\" \/>\n<meta property=\"article:publisher\" content=\"https:\/\/www.facebook.com\/nettalicom\" \/>\n<meta property=\"article:published_time\" content=\"2025-05-03T17:34:03+00:00\" \/>\n<meta property=\"article:modified_time\" content=\"2025-05-03T19:02:25+00:00\" \/>\n<meta property=\"og:image\" content=\"https:\/\/www.nettali.com\/wp-content\/uploads\/2025\/05\/secka.jpg\" \/>\n\t<meta property=\"og:image:width\" content=\"620\" \/>\n\t<meta property=\"og:image:height\" content=\"387\" \/>\n<meta name=\"twitter:card\" content=\"summary_large_image\" \/>\n<meta name=\"twitter:label1\" content=\"\u00c9crit par\" \/>\n\t<meta name=\"twitter:data1\" content=\"Moustapha\" \/>\n\t<meta name=\"twitter:label2\" content=\"Dur\u00e9e de lecture estim\u00e9e\" \/>\n\t<meta name=\"twitter:data2\" content=\"1 minute\" \/>\n<script type=\"application\/ld+json\" class=\"yoast-schema-graph\">{\"@context\":\"https:\/\/schema.org\",\"@graph\":[{\"@type\":\"WebSite\",\"@id\":\"https:\/\/www.nettali.com\/#website\",\"url\":\"https:\/\/www.nettali.com\/\",\"name\":\"Nettali.com\",\"description\":\"Le rendez-vous critique du Net\",\"potentialAction\":[{\"@type\":\"SearchAction\",\"target\":{\"@type\":\"EntryPoint\",\"urlTemplate\":\"https:\/\/www.nettali.com\/?s={search_term_string}\"},\"query-input\":\"required name=search_term_string\"}],\"inLanguage\":\"fr-FR\"},{\"@type\":\"ImageObject\",\"@id\":\"https:\/\/www.nettali.com\/2025\/05\/03\/necrologie-deces-du-chanteur-secka-de-thies\/#primaryimage\",\"inLanguage\":\"fr-FR\",\"url\":\"https:\/\/www.nettali.com\/wp-content\/uploads\/2025\/05\/secka.jpg\",\"contentUrl\":\"https:\/\/www.nettali.com\/wp-content\/uploads\/2025\/05\/secka.jpg\",\"width\":620,\"height\":387},{\"@type\":\"WebPage\",\"@id\":\"https:\/\/www.nettali.com\/2025\/05\/03\/necrologie-deces-du-chanteur-secka-de-thies\/#webpage\",\"url\":\"https:\/\/www.nettali.com\/2025\/05\/03\/necrologie-deces-du-chanteur-secka-de-thies\/\",\"name\":\"NECROLOGIE - D\\u00e9c\\u00e8s du chanteur Secka de Thi\\u00e8s | Nettali.com\",\"isPartOf\":{\"@id\":\"https:\/\/www.nettali.com\/#website\"},\"primaryImageOfPage\":{\"@id\":\"https:\/\/www.nettali.com\/2025\/05\/03\/necrologie-deces-du-chanteur-secka-de-thies\/#primaryimage\"},\"datePublished\":\"2025-05-03T17:34:03+00:00\",\"dateModified\":\"2025-05-03T19:02:25+00:00\",\"author\":{\"@id\":\"https:\/\/www.nettali.com\/#\/schema\/person\/7962a12a6e0267f88f0ffa544c36469a\"},\"breadcrumb\":{\"@id\":\"https:\/\/www.nettali.com\/2025\/05\/03\/necrologie-deces-du-chanteur-secka-de-thies\/#breadcrumb\"},\"inLanguage\":\"fr-FR\",\"potentialAction\":[{\"@type\":\"ReadAction\",\"target\":[\"https:\/\/www.nettali.com\/2025\/05\/03\/necrologie-deces-du-chanteur-secka-de-thies\/\"]}]},{\"@type\":\"BreadcrumbList\",\"@id\":\"https:\/\/www.nettali.com\/2025\/05\/03\/necrologie-deces-du-chanteur-secka-de-thies\/#breadcrumb\",\"itemListElement\":[{\"@type\":\"ListItem\",\"position\":1,\"name\":\"Accueil\",\"item\":\"https:\/\/www.nettali.com\/\"},{\"@type\":\"ListItem\",\"position\":2,\"name\":\"NECROLOGIE - D\\u00e9c\\u00e8s du chanteur Secka de Thi\\u00e8s\"}]},{\"@type\":\"Person\",\"@id\":\"https:\/\/www.nettali.com\/#\/schema\/person\/7962a12a6e0267f88f0ffa544c36469a\",\"name\":\"Moustapha\",\"image\":{\"@type\":\"ImageObject\",\"@id\":\"https:\/\/www.nettali.com\/#personlogo\",\"inLanguage\":\"fr-FR\",\"url\":\"https:\/\/secure.gravatar.com\/avatar\/10fdf6a071cccdcf374e3dbe45159590?s=96&d=mm&r=g\",\"contentUrl\":\"https:\/\/secure.gravatar.com\/avatar\/10fdf6a071cccdcf374e3dbe45159590?s=96&d=mm&r=g\",\"caption\":\"Moustapha\"},\"sameAs\":[\"https:\/\/www.nettali.com\"]}]}<\/script>\n<!-- \/ Yoast SEO Premium plugin. -->","yoast_head_json":{"title":"NECROLOGIE - D\u00e9c\u00e8s du chanteur Secka de Thi\u00e8s | Nettali.com","robots":{"index":"index","follow":"follow","max-snippet":"max-snippet:-1","max-image-preview":"max-image-preview:large","max-video-preview":"max-video-preview:-1"},"canonical":"https:\/\/www.nettali.com\/2025\/05\/03\/necrologie-deces-du-chanteur-secka-de-thies\/","og_locale":"fr_FR","og_type":"article","og_title":"NECROLOGIE - D\u00e9c\u00e8s du chanteur Secka de Thi\u00e8s","og_description":"NETTALI.COM - Le monde de la culture en deuil avec le d\u00e9c\u00e8s ce samedi d'Adama Seck alias Secka de la Super Royal band de Thi\u00e8s.\u00a0 Il \u00e9tait comme la voix de Thi\u00e8s dans le monde de la musique en particulier et de la culture en g\u00e9n\u00e9ral. Lui, c'est Adama Seck dit Secka de la Super [&hellip;]","og_url":"https:\/\/www.nettali.com\/2025\/05\/03\/necrologie-deces-du-chanteur-secka-de-thies\/","og_site_name":"Nettali.com","article_publisher":"https:\/\/www.facebook.com\/nettalicom","article_published_time":"2025-05-03T17:34:03+00:00","article_modified_time":"2025-05-03T19:02:25+00:00","og_image":[{"width":620,"height":387,"url":"https:\/\/www.nettali.com\/wp-content\/uploads\/2025\/05\/secka.jpg","type":"image\/jpeg"}],"twitter_card":"summary_large_image","twitter_misc":{"\u00c9crit par":"Moustapha","Dur\u00e9e de lecture estim\u00e9e":"1 minute"},"schema":{"@context":"https:\/\/schema.org","@graph":[{"@type":"WebSite","@id":"https:\/\/www.nettali.com\/#website","url":"https:\/\/www.nettali.com\/","name":"Nettali.com","description":"Le rendez-vous critique du Net","potentialAction":[{"@type":"SearchAction","target":{"@type":"EntryPoint","urlTemplate":"https:\/\/www.nettali.com\/?s={search_term_string}"},"query-input":"required name=search_term_string"}],"inLanguage":"fr-FR"},{"@type":"ImageObject","@id":"https:\/\/www.nettali.com\/2025\/05\/03\/necrologie-deces-du-chanteur-secka-de-thies\/#primaryimage","inLanguage":"fr-FR","url":"https:\/\/www.nettali.com\/wp-content\/uploads\/2025\/05\/secka.jpg","contentUrl":"https:\/\/www.nettali.com\/wp-content\/uploads\/2025\/05\/secka.jpg","width":620,"height":387},{"@type":"WebPage","@id":"https:\/\/www.nettali.com\/2025\/05\/03\/necrologie-deces-du-chanteur-secka-de-thies\/#webpage","url":"https:\/\/www.nettali.com\/2025\/05\/03\/necrologie-deces-du-chanteur-secka-de-thies\/","name":"NECROLOGIE - D\u00e9c\u00e8s du chanteur Secka de Thi\u00e8s | Nettali.com","isPartOf":{"@id":"https:\/\/www.nettali.com\/#website"},"primaryImageOfPage":{"@id":"https:\/\/www.nettali.com\/2025\/05\/03\/necrologie-deces-du-chanteur-secka-de-thies\/#primaryimage"},"datePublished":"2025-05-03T17:34:03+00:00","dateModified":"2025-05-03T19:02:25+00:00","author":{"@id":"https:\/\/www.nettali.com\/#\/schema\/person\/7962a12a6e0267f88f0ffa544c36469a"},"breadcrumb":{"@id":"https:\/\/www.nettali.com\/2025\/05\/03\/necrologie-deces-du-chanteur-secka-de-thies\/#breadcrumb"},"inLanguage":"fr-FR","potentialAction":[{"@type":"ReadAction","target":["https:\/\/www.nettali.com\/2025\/05\/03\/necrologie-deces-du-chanteur-secka-de-thies\/"]}]},{"@type":"BreadcrumbList","@id":"https:\/\/www.nettali.com\/2025\/05\/03\/necrologie-deces-du-chanteur-secka-de-thies\/#breadcrumb","itemListElement":[{"@type":"ListItem","position":1,"name":"Accueil","item":"https:\/\/www.nettali.com\/"},{"@type":"ListItem","position":2,"name":"NECROLOGIE - D\u00e9c\u00e8s du chanteur Secka de Thi\u00e8s"}]},{"@type":"Person","@id":"https:\/\/www.nettali.com\/#\/schema\/person\/7962a12a6e0267f88f0ffa544c36469a","name":"Moustapha","image":{"@type":"ImageObject","@id":"https:\/\/www.nettali.com\/#personlogo","inLanguage":"fr-FR","url":"https:\/\/secure.gravatar.com\/avatar\/10fdf6a071cccdcf374e3dbe45159590?s=96&d=mm&r=g","contentUrl":"https:\/\/secure.gravatar.com\/avatar\/10fdf6a071cccdcf374e3dbe45159590?s=96&d=mm&r=g","caption":"Moustapha"},"sameAs":["https:\/\/www.nettali.com"]}]}},"_links":{"self":[{"href":"https:\/\/www.nettali.com\/rest\/wp\/v2\/posts\/153520"}],"collection":[{"href":"https:\/\/www.nettali.com\/rest\/wp\/v2\/posts"}],"about":[{"href":"https:\/\/www.nettali.com\/rest\/wp\/v2\/types\/post"}],"author":[{"embeddable":true,"href":"https:\/\/www.nettali.com\/rest\/wp\/v2\/users\/3"}],"replies":[{"embeddable":true,"href":"https:\/\/www.nettali.com\/rest\/wp\/v2\/comments?post=153520"}],"version-history":[{"count":3,"href":"https:\/\/www.nettali.com\/rest\/wp\/v2\/posts\/153520\/revisions"}],"predecessor-version":[{"id":153527,"href":"https:\/\/www.nettali.com\/rest\/wp\/v2\/posts\/153520\/revisions\/153527"}],"wp:featuredmedia":[{"embeddable":true,"href":"https:\/\/www.nettali.com\/rest\/wp\/v2\/media\/153522"}],"wp:attachment":[{"href":"https:\/\/www.nettali.com\/rest\/wp\/v2\/media?parent=153520"}],"wp:term":[{"taxonomy":"category","embeddable":true,"href":"https:\/\/www.nettali.com\/rest\/wp\/v2\/categories?post=153520"},{"taxonomy":"post_tag","embeddable":true,"href":"https:\/\/www.nettali.com\/rest\/wp\/v2\/tags?post=153520"}],"curies":[{"name":"wp","href":"https:\/\/api.w.org\/{rel}","templated":true}]}}