{"id":153513,"date":"2025-05-03T16:59:20","date_gmt":"2025-05-03T16:59:20","guid":{"rendered":"https:\/\/www.nettali.com\/?p=153513"},"modified":"2025-05-03T18:11:27","modified_gmt":"2025-05-03T18:11:27","slug":"collision-entre-un-camion-et-un-bus-transportant-des-eleves-2-morts-plusieurs-blesses-graves","status":"publish","type":"post","link":"https:\/\/www.nettali.com\/2025\/05\/03\/collision-entre-un-camion-et-un-bus-transportant-des-eleves-2-morts-plusieurs-blesses-graves\/","title":{"rendered":"COLLISION ENTRE UN CAMION ET UN BUS TRANSPORTANT DES ELEVES - 2 morts, plusieurs bless\u00e9s graves"},"content":{"rendered":"<p><strong>NETTALI.COM - Un drame s'est produit ce samedi dans un d\u00e9partement de V\u00e9lingara. Un bus transportant des \u00e9l\u00e8ves est entr\u00e9 en collision avec un camion. Le bilan provisoire fait \u00e9tat de 2 morts et de nombreux bless\u00e9s graves.\u00a0<\/strong><\/p>\n<p>35 \u00e9l\u00e8ves accompagn\u00e9s de leur professeur se rendaient \u00e0 une ferme agricole situ\u00e9e dans la localit\u00e9 de Sar\u00e9 Thialy pour une visite p\u00e9dagogique. Une activit\u00e9 qui entre dans le cadre du Projet de formation professionnelle et d'insertion. Mais ces \u00e9l\u00e8ves du Coll\u00e8ge d'enseignement moyen de Sar\u00e9 Coly Sal\u00e9 situ\u00e9 \u00e0 10 km de V\u00e9lingara ont vu leur sortie p\u00e9dagogique tourner au drame. Leur bus est entr\u00e9 en collision avec un camion. \"<em>Le bilan provisoire fait \u00e9tat de 2 morts et de plusieurs bless\u00e9s graves<\/em>\", renseigne un communiqu\u00e9 sign\u00e9 par Daouda Gueye, directeur de la Formation et de la Communication au minist\u00e8re de l'Education nationale. Selon Malang Nzall\u00e9 Diatta, surveillant au CEM de Sar\u00e9 Coly Sal\u00e9, les personnes d\u00e9c\u00e9d\u00e9es sont l'\u00e9l\u00e8ve Ma\u00efmouna Sam et le chauffeur du bus. A l'en croire, le chauffeur du camion a perdu le contr\u00f4le de son v\u00e9hicule quand un de ses pneus a \u00e9clat\u00e9.<\/p>\n<p>\"<em>L'Inspection d'acad\u00e9mie (IA) de Tambacounda, l'Inspection m\u00e9dicale des \u00e9coles (IME) et l'Inspection de l'Education et de la Formation (IEF) de V\u00e9lingara sont mobilis\u00e9s pour accueillir et assister les bless\u00e9s en collaboration avec les autorit\u00e9s locales et les services comp\u00e9tents. Les meilleures dispositions sont en train d'\u00eatre prises pour assurer une prise en charge rapide et ad\u00e9quate des personnes concern\u00e9es au Centre hospitalier r\u00e9gional de Kolda, \u00e0 l'h\u00f4pital r\u00e9gional de Tambacounda et au centre de sant\u00e9 de V\u00e9lingara<\/em>\", souligne le communiqu\u00e9. Qui ajoute que \"<em>le minist\u00e8re de l'Education nationale exprime sa profonde compassion aux familles des victimes et \u00e0 l'ensemble de la communaut\u00e9 \u00e9ducative touch\u00e9e par ce drame<\/em>\".<\/p>\n<p>Quant au ministre Moustapha Guirass, le communiqu\u00e9 souligne qu'il suit <em>\"personnellement\"<\/em> la situation. Il appelle, en outre, \u00e0 l'unit\u00e9 et \u00e0 la solidarit\u00e9 en ces moments difficiles. \"<em>Une enqu\u00eate sera diligent\u00e9e par les autorit\u00e9s comp\u00e9tentes pour \u00e9tablir les circonstances exactes de cet accident<\/em>\", conclut le communiqu\u00e9 de la Direction de la Formation et de la Communication.<\/p>\n<p>&nbsp;<\/p>\n<div class='share-to-whatsapp-wrapper'><div class='share-on-whsp'>PARTAGER SUR : <\/div><a data-text='COLLISION ENTRE UN CAMION ET UN BUS TRANSPORTANT DES ELEVES - 2 morts, plusieurs bless\u00e9s graves' data-link='https:\/\/www.nettali.com\/2025\/05\/03\/collision-entre-un-camion-et-un-bus-transportant-des-eleves-2-morts-plusieurs-blesses-graves\/' class='whatsapp-button whatsapp-share'>WhatsApp<\/a><div class='clear '><\/div><\/div>","protected":false},"excerpt":{"rendered":"<p>NETTALI.COM - Un drame s'est produit ce samedi dans un d\u00e9partement de V\u00e9lingara. Un bus transportant des \u00e9l\u00e8ves est entr\u00e9 en collision avec un camion. Le bilan provisoire fait \u00e9tat de 2 morts et de nombreux bless\u00e9s graves.\u00a0 35 \u00e9l\u00e8ves accompagn\u00e9s de leur professeur se rendaient \u00e0 une ferme agricole situ\u00e9e dans la localit\u00e9 de [&hellip;]<\/p>\n","protected":false},"author":3,"featured_media":153519,"comment_status":"open","ping_status":"open","sticky":false,"template":"","format":"standard","meta":{"_et_pb_use_builder":"","_et_pb_old_content":""},"categories":[3],"tags":[],"yoast_head":"<!-- This site is optimized with the Yoast SEO Premium plugin v17.8 (Yoast SEO v17.8) - https:\/\/yoast.com\/wordpress\/plugins\/seo\/ -->\n<title>COLLISION ENTRE UN CAMION ET UN BUS TRANSPORTANT DES ELEVES - 2 morts, plusieurs bless\u00e9s graves | Nettali.com<\/title>\n<meta name=\"robots\" content=\"index, follow, max-snippet:-1, max-image-preview:large, max-video-preview:-1\" \/>\n<link rel=\"canonical\" href=\"https:\/\/www.nettali.com\/2025\/05\/03\/collision-entre-un-camion-et-un-bus-transportant-des-eleves-2-morts-plusieurs-blesses-graves\/\" \/>\n<meta property=\"og:locale\" content=\"fr_FR\" \/>\n<meta property=\"og:type\" content=\"article\" \/>\n<meta property=\"og:title\" content=\"COLLISION ENTRE UN CAMION ET UN BUS TRANSPORTANT DES ELEVES - 2 morts, plusieurs bless\u00e9s graves\" \/>\n<meta property=\"og:description\" content=\"NETTALI.COM - Un drame s&#039;est produit ce samedi dans un d\u00e9partement de V\u00e9lingara. Un bus transportant des \u00e9l\u00e8ves est entr\u00e9 en collision avec un camion. Le bilan provisoire fait \u00e9tat de 2 morts et de nombreux bless\u00e9s graves.\u00a0 35 \u00e9l\u00e8ves accompagn\u00e9s de leur professeur se rendaient \u00e0 une ferme agricole situ\u00e9e dans la localit\u00e9 de [&hellip;]\" \/>\n<meta property=\"og:url\" content=\"https:\/\/www.nettali.com\/2025\/05\/03\/collision-entre-un-camion-et-un-bus-transportant-des-eleves-2-morts-plusieurs-blesses-graves\/\" \/>\n<meta property=\"og:site_name\" content=\"Nettali.com\" \/>\n<meta property=\"article:publisher\" content=\"https:\/\/www.facebook.com\/nettalicom\" \/>\n<meta property=\"article:published_time\" content=\"2025-05-03T16:59:20+00:00\" \/>\n<meta property=\"article:modified_time\" content=\"2025-05-03T18:11:27+00:00\" \/>\n<meta property=\"og:image\" content=\"https:\/\/www.nettali.com\/wp-content\/uploads\/2025\/05\/09410000-0a00-0242-8f58-08daf18ed9fb_w1080_h608_s.jpg\" \/>\n\t<meta property=\"og:image:width\" content=\"1080\" \/>\n\t<meta property=\"og:image:height\" content=\"608\" \/>\n<meta name=\"twitter:card\" content=\"summary_large_image\" \/>\n<meta name=\"twitter:label1\" content=\"\u00c9crit par\" \/>\n\t<meta name=\"twitter:data1\" content=\"Moustapha\" \/>\n\t<meta name=\"twitter:label2\" content=\"Dur\u00e9e de lecture estim\u00e9e\" \/>\n\t<meta name=\"twitter:data2\" content=\"2 minutes\" \/>\n<script type=\"application\/ld+json\" class=\"yoast-schema-graph\">{\"@context\":\"https:\/\/schema.org\",\"@graph\":[{\"@type\":\"WebSite\",\"@id\":\"https:\/\/www.nettali.com\/#website\",\"url\":\"https:\/\/www.nettali.com\/\",\"name\":\"Nettali.com\",\"description\":\"Le rendez-vous critique du Net\",\"potentialAction\":[{\"@type\":\"SearchAction\",\"target\":{\"@type\":\"EntryPoint\",\"urlTemplate\":\"https:\/\/www.nettali.com\/?s={search_term_string}\"},\"query-input\":\"required name=search_term_string\"}],\"inLanguage\":\"fr-FR\"},{\"@type\":\"ImageObject\",\"@id\":\"https:\/\/www.nettali.com\/2025\/05\/03\/collision-entre-un-camion-et-un-bus-transportant-des-eleves-2-morts-plusieurs-blesses-graves\/#primaryimage\",\"inLanguage\":\"fr-FR\",\"url\":\"https:\/\/www.nettali.com\/wp-content\/uploads\/2025\/05\/09410000-0a00-0242-8f58-08daf18ed9fb_w1080_h608_s.jpg\",\"contentUrl\":\"https:\/\/www.nettali.com\/wp-content\/uploads\/2025\/05\/09410000-0a00-0242-8f58-08daf18ed9fb_w1080_h608_s.jpg\",\"width\":1080,\"height\":608},{\"@type\":\"WebPage\",\"@id\":\"https:\/\/www.nettali.com\/2025\/05\/03\/collision-entre-un-camion-et-un-bus-transportant-des-eleves-2-morts-plusieurs-blesses-graves\/#webpage\",\"url\":\"https:\/\/www.nettali.com\/2025\/05\/03\/collision-entre-un-camion-et-un-bus-transportant-des-eleves-2-morts-plusieurs-blesses-graves\/\",\"name\":\"COLLISION ENTRE UN CAMION ET UN BUS TRANSPORTANT DES ELEVES - 2 morts, plusieurs bless\\u00e9s graves | Nettali.com\",\"isPartOf\":{\"@id\":\"https:\/\/www.nettali.com\/#website\"},\"primaryImageOfPage\":{\"@id\":\"https:\/\/www.nettali.com\/2025\/05\/03\/collision-entre-un-camion-et-un-bus-transportant-des-eleves-2-morts-plusieurs-blesses-graves\/#primaryimage\"},\"datePublished\":\"2025-05-03T16:59:20+00:00\",\"dateModified\":\"2025-05-03T18:11:27+00:00\",\"author\":{\"@id\":\"https:\/\/www.nettali.com\/#\/schema\/person\/7962a12a6e0267f88f0ffa544c36469a\"},\"breadcrumb\":{\"@id\":\"https:\/\/www.nettali.com\/2025\/05\/03\/collision-entre-un-camion-et-un-bus-transportant-des-eleves-2-morts-plusieurs-blesses-graves\/#breadcrumb\"},\"inLanguage\":\"fr-FR\",\"potentialAction\":[{\"@type\":\"ReadAction\",\"target\":[\"https:\/\/www.nettali.com\/2025\/05\/03\/collision-entre-un-camion-et-un-bus-transportant-des-eleves-2-morts-plusieurs-blesses-graves\/\"]}]},{\"@type\":\"BreadcrumbList\",\"@id\":\"https:\/\/www.nettali.com\/2025\/05\/03\/collision-entre-un-camion-et-un-bus-transportant-des-eleves-2-morts-plusieurs-blesses-graves\/#breadcrumb\",\"itemListElement\":[{\"@type\":\"ListItem\",\"position\":1,\"name\":\"Accueil\",\"item\":\"https:\/\/www.nettali.com\/\"},{\"@type\":\"ListItem\",\"position\":2,\"name\":\"COLLISION ENTRE UN CAMION ET UN BUS TRANSPORTANT DES ELEVES - 2 morts, plusieurs bless\\u00e9s graves\"}]},{\"@type\":\"Person\",\"@id\":\"https:\/\/www.nettali.com\/#\/schema\/person\/7962a12a6e0267f88f0ffa544c36469a\",\"name\":\"Moustapha\",\"image\":{\"@type\":\"ImageObject\",\"@id\":\"https:\/\/www.nettali.com\/#personlogo\",\"inLanguage\":\"fr-FR\",\"url\":\"https:\/\/secure.gravatar.com\/avatar\/10fdf6a071cccdcf374e3dbe45159590?s=96&d=mm&r=g\",\"contentUrl\":\"https:\/\/secure.gravatar.com\/avatar\/10fdf6a071cccdcf374e3dbe45159590?s=96&d=mm&r=g\",\"caption\":\"Moustapha\"},\"sameAs\":[\"https:\/\/www.nettali.com\"]}]}<\/script>\n<!-- \/ Yoast SEO Premium plugin. -->","yoast_head_json":{"title":"COLLISION ENTRE UN CAMION ET UN BUS TRANSPORTANT DES ELEVES - 2 morts, plusieurs bless\u00e9s graves | Nettali.com","robots":{"index":"index","follow":"follow","max-snippet":"max-snippet:-1","max-image-preview":"max-image-preview:large","max-video-preview":"max-video-preview:-1"},"canonical":"https:\/\/www.nettali.com\/2025\/05\/03\/collision-entre-un-camion-et-un-bus-transportant-des-eleves-2-morts-plusieurs-blesses-graves\/","og_locale":"fr_FR","og_type":"article","og_title":"COLLISION ENTRE UN CAMION ET UN BUS TRANSPORTANT DES ELEVES - 2 morts, plusieurs bless\u00e9s graves","og_description":"NETTALI.COM - Un drame s'est produit ce samedi dans un d\u00e9partement de V\u00e9lingara. Un bus transportant des \u00e9l\u00e8ves est entr\u00e9 en collision avec un camion. Le bilan provisoire fait \u00e9tat de 2 morts et de nombreux bless\u00e9s graves.\u00a0 35 \u00e9l\u00e8ves accompagn\u00e9s de leur professeur se rendaient \u00e0 une ferme agricole situ\u00e9e dans la localit\u00e9 de [&hellip;]","og_url":"https:\/\/www.nettali.com\/2025\/05\/03\/collision-entre-un-camion-et-un-bus-transportant-des-eleves-2-morts-plusieurs-blesses-graves\/","og_site_name":"Nettali.com","article_publisher":"https:\/\/www.facebook.com\/nettalicom","article_published_time":"2025-05-03T16:59:20+00:00","article_modified_time":"2025-05-03T18:11:27+00:00","og_image":[{"width":1080,"height":608,"url":"https:\/\/www.nettali.com\/wp-content\/uploads\/2025\/05\/09410000-0a00-0242-8f58-08daf18ed9fb_w1080_h608_s.jpg","type":"image\/jpeg"}],"twitter_card":"summary_large_image","twitter_misc":{"\u00c9crit par":"Moustapha","Dur\u00e9e de lecture estim\u00e9e":"2 minutes"},"schema":{"@context":"https:\/\/schema.org","@graph":[{"@type":"WebSite","@id":"https:\/\/www.nettali.com\/#website","url":"https:\/\/www.nettali.com\/","name":"Nettali.com","description":"Le rendez-vous critique du Net","potentialAction":[{"@type":"SearchAction","target":{"@type":"EntryPoint","urlTemplate":"https:\/\/www.nettali.com\/?s={search_term_string}"},"query-input":"required name=search_term_string"}],"inLanguage":"fr-FR"},{"@type":"ImageObject","@id":"https:\/\/www.nettali.com\/2025\/05\/03\/collision-entre-un-camion-et-un-bus-transportant-des-eleves-2-morts-plusieurs-blesses-graves\/#primaryimage","inLanguage":"fr-FR","url":"https:\/\/www.nettali.com\/wp-content\/uploads\/2025\/05\/09410000-0a00-0242-8f58-08daf18ed9fb_w1080_h608_s.jpg","contentUrl":"https:\/\/www.nettali.com\/wp-content\/uploads\/2025\/05\/09410000-0a00-0242-8f58-08daf18ed9fb_w1080_h608_s.jpg","width":1080,"height":608},{"@type":"WebPage","@id":"https:\/\/www.nettali.com\/2025\/05\/03\/collision-entre-un-camion-et-un-bus-transportant-des-eleves-2-morts-plusieurs-blesses-graves\/#webpage","url":"https:\/\/www.nettali.com\/2025\/05\/03\/collision-entre-un-camion-et-un-bus-transportant-des-eleves-2-morts-plusieurs-blesses-graves\/","name":"COLLISION ENTRE UN CAMION ET UN BUS TRANSPORTANT DES ELEVES - 2 morts, plusieurs bless\u00e9s graves | Nettali.com","isPartOf":{"@id":"https:\/\/www.nettali.com\/#website"},"primaryImageOfPage":{"@id":"https:\/\/www.nettali.com\/2025\/05\/03\/collision-entre-un-camion-et-un-bus-transportant-des-eleves-2-morts-plusieurs-blesses-graves\/#primaryimage"},"datePublished":"2025-05-03T16:59:20+00:00","dateModified":"2025-05-03T18:11:27+00:00","author":{"@id":"https:\/\/www.nettali.com\/#\/schema\/person\/7962a12a6e0267f88f0ffa544c36469a"},"breadcrumb":{"@id":"https:\/\/www.nettali.com\/2025\/05\/03\/collision-entre-un-camion-et-un-bus-transportant-des-eleves-2-morts-plusieurs-blesses-graves\/#breadcrumb"},"inLanguage":"fr-FR","potentialAction":[{"@type":"ReadAction","target":["https:\/\/www.nettali.com\/2025\/05\/03\/collision-entre-un-camion-et-un-bus-transportant-des-eleves-2-morts-plusieurs-blesses-graves\/"]}]},{"@type":"BreadcrumbList","@id":"https:\/\/www.nettali.com\/2025\/05\/03\/collision-entre-un-camion-et-un-bus-transportant-des-eleves-2-morts-plusieurs-blesses-graves\/#breadcrumb","itemListElement":[{"@type":"ListItem","position":1,"name":"Accueil","item":"https:\/\/www.nettali.com\/"},{"@type":"ListItem","position":2,"name":"COLLISION ENTRE UN CAMION ET UN BUS TRANSPORTANT DES ELEVES - 2 morts, plusieurs bless\u00e9s graves"}]},{"@type":"Person","@id":"https:\/\/www.nettali.com\/#\/schema\/person\/7962a12a6e0267f88f0ffa544c36469a","name":"Moustapha","image":{"@type":"ImageObject","@id":"https:\/\/www.nettali.com\/#personlogo","inLanguage":"fr-FR","url":"https:\/\/secure.gravatar.com\/avatar\/10fdf6a071cccdcf374e3dbe45159590?s=96&d=mm&r=g","contentUrl":"https:\/\/secure.gravatar.com\/avatar\/10fdf6a071cccdcf374e3dbe45159590?s=96&d=mm&r=g","caption":"Moustapha"},"sameAs":["https:\/\/www.nettali.com"]}]}},"_links":{"self":[{"href":"https:\/\/www.nettali.com\/rest\/wp\/v2\/posts\/153513"}],"collection":[{"href":"https:\/\/www.nettali.com\/rest\/wp\/v2\/posts"}],"about":[{"href":"https:\/\/www.nettali.com\/rest\/wp\/v2\/types\/post"}],"author":[{"embeddable":true,"href":"https:\/\/www.nettali.com\/rest\/wp\/v2\/users\/3"}],"replies":[{"embeddable":true,"href":"https:\/\/www.nettali.com\/rest\/wp\/v2\/comments?post=153513"}],"version-history":[{"count":4,"href":"https:\/\/www.nettali.com\/rest\/wp\/v2\/posts\/153513\/revisions"}],"predecessor-version":[{"id":153525,"href":"https:\/\/www.nettali.com\/rest\/wp\/v2\/posts\/153513\/revisions\/153525"}],"wp:featuredmedia":[{"embeddable":true,"href":"https:\/\/www.nettali.com\/rest\/wp\/v2\/media\/153519"}],"wp:attachment":[{"href":"https:\/\/www.nettali.com\/rest\/wp\/v2\/media?parent=153513"}],"wp:term":[{"taxonomy":"category","embeddable":true,"href":"https:\/\/www.nettali.com\/rest\/wp\/v2\/categories?post=153513"},{"taxonomy":"post_tag","embeddable":true,"href":"https:\/\/www.nettali.com\/rest\/wp\/v2\/tags?post=153513"}],"curies":[{"name":"wp","href":"https:\/\/api.w.org\/{rel}","templated":true}]}}