{"id":153455,"date":"2025-05-02T12:32:38","date_gmt":"2025-05-02T12:32:38","guid":{"rendered":"https:\/\/www.nettali.com\/?p=153455"},"modified":"2025-05-05T07:54:51","modified_gmt":"2025-05-05T07:54:51","slug":"assemblee-nationale-limmunite-parlementaire-de-moustapha-diop-et-salimata-diop-levee","status":"publish","type":"post","link":"https:\/\/www.nettali.com\/2025\/05\/02\/assemblee-nationale-limmunite-parlementaire-de-moustapha-diop-et-salimata-diop-levee\/","title":{"rendered":"ASSEMBLEE NATIONALE - L\u2019immunit\u00e9 parlementaire de Moustapha Diop et Salimata Diop lev\u00e9e"},"content":{"rendered":"<p><strong>NETTALI.COM - L\u2019Assembl\u00e9e nationale a lev\u00e9, vendredi, l\u2019immunit\u00e9 parlementaire des d\u00e9put\u00e9s Moustapha Diop et Salimata Diop, cit\u00e9s dans l\u2019affaire des malversations pr\u00e9sum\u00e9es li\u00e9es aux d\u00e9penses du fonds de gestion de la pand\u00e9mie de COVID-19.<\/strong><\/p>\n<p>Les d\u00e9put\u00e9s ont adopt\u00e9 \u00e0 une large majorit\u00e9 les conclusions des commissions ad hoc charg\u00e9es de statuer sur la lev\u00e9e de l\u2019immunit\u00e9 parlementaire des deux anciens ministres.<\/p>\n<p>Moustapha Diop est cit\u00e9 dans l\u2019affaire relative \u00e0 la gestion du Fonds de riposte et de solidarit\u00e9 \u00e0 la COVID-19 allou\u00e9 au minist\u00e8re du D\u00e9veloppement industriel et des Petites et moyennes industries.<\/p>\n<p>Sa coll\u00e8gue Salimata Diop, alors en charge du minist\u00e8re de la Femme, de la Famille, du Genre et de la Protection des enfants, est \u00e9galement mise en cause dans cette m\u00eame affaire, souligne un rapport parlementaire.<\/p>\n<p>Le minist\u00e8re D\u00e9veloppement industriel et des Petites et moyennes industries, alors dirig\u00e9 par M. Diop, d\u00e9put\u00e9-maire de Louga, a b\u00e9n\u00e9fici\u00e9 d\u2019un montant 2 milliards 500 millions F CFA pour l\u2019acquisition de masques, selon ce document lu par la d\u00e9put\u00e9e Marie Ang\u00e9lique Mame Selb\u00e9 Diouf, rapporteur de la commission des Lois, de la D\u00e9centralisation, du Travail et des Droits humains de l\u2019Assembl\u00e9e nationale.<\/p>\n<p>Il ressort du rapport de la Cour des comptes que le minist\u00e8re de la Femme <em>\u201ca re\u00e7u une enveloppe de 150 millions FCFA au titre du Fonds de riposte et de solidarit\u00e9 \u00e0 la COVID-19\u201d,<\/em> mentionne la m\u00eame source.<\/p>\n<p>Elle ajoute que le rapport de la Cour des comptes a relev\u00e9 que <em>\u201cles justificatifs de d\u00e9penses d\u2019un montant de 36 147 500 FCFA, suppos\u00e9es avoir \u00e9t\u00e9 r\u00e9alis\u00e9es, \u00e9taient les m\u00eames que ceux qui avaient \u00e9t\u00e9 produits pour les op\u00e9rations de la caisse +aide et secours+\u201d.<\/em><\/p>\n<p>Sur la base des investigations conduites dans cette affaire, des \u201cpr\u00e9somptions graves et concordantes\u201d ont conduit les autorit\u00e9s judiciaires \u00e0 demander l\u2019ouverture d\u2019une proc\u00e9dure d\u2019instruction contre les deux d\u00e9put\u00e9s mis en cause.<\/p>\n<p>Conform\u00e9ment \u00e0 l\u2019article 52 du R\u00e8glement int\u00e9rieur de l\u2019Assembl\u00e9e nationale, seuls pouvaient prendre la parole le pr\u00e9sident de la commission du bureau des commissions ad hoc charg\u00e9es de statuer sur la demande de lev\u00e9e de l\u2019immunit\u00e9 parlementaire des deux d\u00e9put\u00e9s, le rapporteur, le d\u00e9put\u00e9 ou son d\u00e9fenseur et un orateur contre.<\/p>\n<div class='share-to-whatsapp-wrapper'><div class='share-on-whsp'>PARTAGER SUR : <\/div><a data-text='ASSEMBLEE NATIONALE - L\u2019immunit\u00e9 parlementaire de Moustapha Diop et Salimata Diop lev\u00e9e' data-link='https:\/\/www.nettali.com\/2025\/05\/02\/assemblee-nationale-limmunite-parlementaire-de-moustapha-diop-et-salimata-diop-levee\/' class='whatsapp-button whatsapp-share'>WhatsApp<\/a><div class='clear '><\/div><\/div>","protected":false},"excerpt":{"rendered":"<p>NETTALI.COM - L\u2019Assembl\u00e9e nationale a lev\u00e9, vendredi, l\u2019immunit\u00e9 parlementaire des d\u00e9put\u00e9s Moustapha Diop et Salimata Diop, cit\u00e9s dans l\u2019affaire des malversations pr\u00e9sum\u00e9es li\u00e9es aux d\u00e9penses du fonds de gestion de la pand\u00e9mie de COVID-19. Les d\u00e9put\u00e9s ont adopt\u00e9 \u00e0 une large majorit\u00e9 les conclusions des commissions ad hoc charg\u00e9es de statuer sur la lev\u00e9e de [&hellip;]<\/p>\n","protected":false},"author":4,"featured_media":153456,"comment_status":"open","ping_status":"open","sticky":false,"template":"","format":"standard","meta":{"_et_pb_use_builder":"","_et_pb_old_content":""},"categories":[3],"tags":[],"yoast_head":"<!-- This site is optimized with the Yoast SEO Premium plugin v17.8 (Yoast SEO v17.8) - https:\/\/yoast.com\/wordpress\/plugins\/seo\/ -->\n<title>ASSEMBLEE NATIONALE - L\u2019immunit\u00e9 parlementaire de Moustapha Diop et Salimata Diop lev\u00e9e | Nettali.com<\/title>\n<meta name=\"robots\" content=\"index, follow, max-snippet:-1, max-image-preview:large, max-video-preview:-1\" \/>\n<link rel=\"canonical\" href=\"https:\/\/www.nettali.com\/2025\/05\/02\/assemblee-nationale-limmunite-parlementaire-de-moustapha-diop-et-salimata-diop-levee\/\" \/>\n<meta property=\"og:locale\" content=\"fr_FR\" \/>\n<meta property=\"og:type\" content=\"article\" \/>\n<meta property=\"og:title\" content=\"ASSEMBLEE NATIONALE - L\u2019immunit\u00e9 parlementaire de Moustapha Diop et Salimata Diop lev\u00e9e\" \/>\n<meta property=\"og:description\" content=\"NETTALI.COM - L\u2019Assembl\u00e9e nationale a lev\u00e9, vendredi, l\u2019immunit\u00e9 parlementaire des d\u00e9put\u00e9s Moustapha Diop et Salimata Diop, cit\u00e9s dans l\u2019affaire des malversations pr\u00e9sum\u00e9es li\u00e9es aux d\u00e9penses du fonds de gestion de la pand\u00e9mie de COVID-19. Les d\u00e9put\u00e9s ont adopt\u00e9 \u00e0 une large majorit\u00e9 les conclusions des commissions ad hoc charg\u00e9es de statuer sur la lev\u00e9e de [&hellip;]\" \/>\n<meta property=\"og:url\" content=\"https:\/\/www.nettali.com\/2025\/05\/02\/assemblee-nationale-limmunite-parlementaire-de-moustapha-diop-et-salimata-diop-levee\/\" \/>\n<meta property=\"og:site_name\" content=\"Nettali.com\" \/>\n<meta property=\"article:publisher\" content=\"https:\/\/www.facebook.com\/nettalicom\" \/>\n<meta property=\"article:published_time\" content=\"2025-05-02T12:32:38+00:00\" \/>\n<meta property=\"article:modified_time\" content=\"2025-05-05T07:54:51+00:00\" \/>\n<meta property=\"og:image\" content=\"https:\/\/www.nettali.com\/wp-content\/uploads\/2025\/05\/Capture-de\u0301cran-2025-05-02-a\u0300-12.32.00.png\" \/>\n\t<meta property=\"og:image:width\" content=\"606\" \/>\n\t<meta property=\"og:image:height\" content=\"330\" \/>\n<meta name=\"twitter:card\" content=\"summary_large_image\" \/>\n<meta name=\"twitter:label1\" content=\"\u00c9crit par\" \/>\n\t<meta name=\"twitter:data1\" content=\"Daouda\" \/>\n\t<meta name=\"twitter:label2\" content=\"Dur\u00e9e de lecture estim\u00e9e\" \/>\n\t<meta name=\"twitter:data2\" content=\"2 minutes\" \/>\n<script type=\"application\/ld+json\" class=\"yoast-schema-graph\">{\"@context\":\"https:\/\/schema.org\",\"@graph\":[{\"@type\":\"WebSite\",\"@id\":\"https:\/\/www.nettali.com\/#website\",\"url\":\"https:\/\/www.nettali.com\/\",\"name\":\"Nettali.com\",\"description\":\"Le rendez-vous critique du Net\",\"potentialAction\":[{\"@type\":\"SearchAction\",\"target\":{\"@type\":\"EntryPoint\",\"urlTemplate\":\"https:\/\/www.nettali.com\/?s={search_term_string}\"},\"query-input\":\"required name=search_term_string\"}],\"inLanguage\":\"fr-FR\"},{\"@type\":\"ImageObject\",\"@id\":\"https:\/\/www.nettali.com\/2025\/05\/02\/assemblee-nationale-limmunite-parlementaire-de-moustapha-diop-et-salimata-diop-levee\/#primaryimage\",\"inLanguage\":\"fr-FR\",\"url\":\"https:\/\/www.nettali.com\/wp-content\/uploads\/2025\/05\/Capture-de\\u0301cran-2025-05-02-a\\u0300-12.32.00.png\",\"contentUrl\":\"https:\/\/www.nettali.com\/wp-content\/uploads\/2025\/05\/Capture-de\\u0301cran-2025-05-02-a\\u0300-12.32.00.png\",\"width\":606,\"height\":330},{\"@type\":\"WebPage\",\"@id\":\"https:\/\/www.nettali.com\/2025\/05\/02\/assemblee-nationale-limmunite-parlementaire-de-moustapha-diop-et-salimata-diop-levee\/#webpage\",\"url\":\"https:\/\/www.nettali.com\/2025\/05\/02\/assemblee-nationale-limmunite-parlementaire-de-moustapha-diop-et-salimata-diop-levee\/\",\"name\":\"ASSEMBLEE NATIONALE - L\\u2019immunit\\u00e9 parlementaire de Moustapha Diop et Salimata Diop lev\\u00e9e | Nettali.com\",\"isPartOf\":{\"@id\":\"https:\/\/www.nettali.com\/#website\"},\"primaryImageOfPage\":{\"@id\":\"https:\/\/www.nettali.com\/2025\/05\/02\/assemblee-nationale-limmunite-parlementaire-de-moustapha-diop-et-salimata-diop-levee\/#primaryimage\"},\"datePublished\":\"2025-05-02T12:32:38+00:00\",\"dateModified\":\"2025-05-05T07:54:51+00:00\",\"author\":{\"@id\":\"https:\/\/www.nettali.com\/#\/schema\/person\/3317e0bb3aa1da309fbf7b2780901bf4\"},\"breadcrumb\":{\"@id\":\"https:\/\/www.nettali.com\/2025\/05\/02\/assemblee-nationale-limmunite-parlementaire-de-moustapha-diop-et-salimata-diop-levee\/#breadcrumb\"},\"inLanguage\":\"fr-FR\",\"potentialAction\":[{\"@type\":\"ReadAction\",\"target\":[\"https:\/\/www.nettali.com\/2025\/05\/02\/assemblee-nationale-limmunite-parlementaire-de-moustapha-diop-et-salimata-diop-levee\/\"]}]},{\"@type\":\"BreadcrumbList\",\"@id\":\"https:\/\/www.nettali.com\/2025\/05\/02\/assemblee-nationale-limmunite-parlementaire-de-moustapha-diop-et-salimata-diop-levee\/#breadcrumb\",\"itemListElement\":[{\"@type\":\"ListItem\",\"position\":1,\"name\":\"Accueil\",\"item\":\"https:\/\/www.nettali.com\/\"},{\"@type\":\"ListItem\",\"position\":2,\"name\":\"ASSEMBLEE NATIONALE - L\\u2019immunit\\u00e9 parlementaire de Moustapha Diop et Salimata Diop lev\\u00e9e\"}]},{\"@type\":\"Person\",\"@id\":\"https:\/\/www.nettali.com\/#\/schema\/person\/3317e0bb3aa1da309fbf7b2780901bf4\",\"name\":\"Daouda\",\"image\":{\"@type\":\"ImageObject\",\"@id\":\"https:\/\/www.nettali.com\/#personlogo\",\"inLanguage\":\"fr-FR\",\"url\":\"https:\/\/secure.gravatar.com\/avatar\/8d143b5a49345098ddcfee1c49c2f47c?s=96&d=mm&r=g\",\"contentUrl\":\"https:\/\/secure.gravatar.com\/avatar\/8d143b5a49345098ddcfee1c49c2f47c?s=96&d=mm&r=g\",\"caption\":\"Daouda\"},\"sameAs\":[\"https:\/\/www.nettali.com\"]}]}<\/script>\n<!-- \/ Yoast SEO Premium plugin. -->","yoast_head_json":{"title":"ASSEMBLEE NATIONALE - L\u2019immunit\u00e9 parlementaire de Moustapha Diop et Salimata Diop lev\u00e9e | Nettali.com","robots":{"index":"index","follow":"follow","max-snippet":"max-snippet:-1","max-image-preview":"max-image-preview:large","max-video-preview":"max-video-preview:-1"},"canonical":"https:\/\/www.nettali.com\/2025\/05\/02\/assemblee-nationale-limmunite-parlementaire-de-moustapha-diop-et-salimata-diop-levee\/","og_locale":"fr_FR","og_type":"article","og_title":"ASSEMBLEE NATIONALE - L\u2019immunit\u00e9 parlementaire de Moustapha Diop et Salimata Diop lev\u00e9e","og_description":"NETTALI.COM - L\u2019Assembl\u00e9e nationale a lev\u00e9, vendredi, l\u2019immunit\u00e9 parlementaire des d\u00e9put\u00e9s Moustapha Diop et Salimata Diop, cit\u00e9s dans l\u2019affaire des malversations pr\u00e9sum\u00e9es li\u00e9es aux d\u00e9penses du fonds de gestion de la pand\u00e9mie de COVID-19. Les d\u00e9put\u00e9s ont adopt\u00e9 \u00e0 une large majorit\u00e9 les conclusions des commissions ad hoc charg\u00e9es de statuer sur la lev\u00e9e de [&hellip;]","og_url":"https:\/\/www.nettali.com\/2025\/05\/02\/assemblee-nationale-limmunite-parlementaire-de-moustapha-diop-et-salimata-diop-levee\/","og_site_name":"Nettali.com","article_publisher":"https:\/\/www.facebook.com\/nettalicom","article_published_time":"2025-05-02T12:32:38+00:00","article_modified_time":"2025-05-05T07:54:51+00:00","og_image":[{"width":606,"height":330,"url":"https:\/\/www.nettali.com\/wp-content\/uploads\/2025\/05\/Capture-de\u0301cran-2025-05-02-a\u0300-12.32.00.png","type":"image\/png"}],"twitter_card":"summary_large_image","twitter_misc":{"\u00c9crit par":"Daouda","Dur\u00e9e de lecture estim\u00e9e":"2 minutes"},"schema":{"@context":"https:\/\/schema.org","@graph":[{"@type":"WebSite","@id":"https:\/\/www.nettali.com\/#website","url":"https:\/\/www.nettali.com\/","name":"Nettali.com","description":"Le rendez-vous critique du Net","potentialAction":[{"@type":"SearchAction","target":{"@type":"EntryPoint","urlTemplate":"https:\/\/www.nettali.com\/?s={search_term_string}"},"query-input":"required name=search_term_string"}],"inLanguage":"fr-FR"},{"@type":"ImageObject","@id":"https:\/\/www.nettali.com\/2025\/05\/02\/assemblee-nationale-limmunite-parlementaire-de-moustapha-diop-et-salimata-diop-levee\/#primaryimage","inLanguage":"fr-FR","url":"https:\/\/www.nettali.com\/wp-content\/uploads\/2025\/05\/Capture-de\u0301cran-2025-05-02-a\u0300-12.32.00.png","contentUrl":"https:\/\/www.nettali.com\/wp-content\/uploads\/2025\/05\/Capture-de\u0301cran-2025-05-02-a\u0300-12.32.00.png","width":606,"height":330},{"@type":"WebPage","@id":"https:\/\/www.nettali.com\/2025\/05\/02\/assemblee-nationale-limmunite-parlementaire-de-moustapha-diop-et-salimata-diop-levee\/#webpage","url":"https:\/\/www.nettali.com\/2025\/05\/02\/assemblee-nationale-limmunite-parlementaire-de-moustapha-diop-et-salimata-diop-levee\/","name":"ASSEMBLEE NATIONALE - L\u2019immunit\u00e9 parlementaire de Moustapha Diop et Salimata Diop lev\u00e9e | Nettali.com","isPartOf":{"@id":"https:\/\/www.nettali.com\/#website"},"primaryImageOfPage":{"@id":"https:\/\/www.nettali.com\/2025\/05\/02\/assemblee-nationale-limmunite-parlementaire-de-moustapha-diop-et-salimata-diop-levee\/#primaryimage"},"datePublished":"2025-05-02T12:32:38+00:00","dateModified":"2025-05-05T07:54:51+00:00","author":{"@id":"https:\/\/www.nettali.com\/#\/schema\/person\/3317e0bb3aa1da309fbf7b2780901bf4"},"breadcrumb":{"@id":"https:\/\/www.nettali.com\/2025\/05\/02\/assemblee-nationale-limmunite-parlementaire-de-moustapha-diop-et-salimata-diop-levee\/#breadcrumb"},"inLanguage":"fr-FR","potentialAction":[{"@type":"ReadAction","target":["https:\/\/www.nettali.com\/2025\/05\/02\/assemblee-nationale-limmunite-parlementaire-de-moustapha-diop-et-salimata-diop-levee\/"]}]},{"@type":"BreadcrumbList","@id":"https:\/\/www.nettali.com\/2025\/05\/02\/assemblee-nationale-limmunite-parlementaire-de-moustapha-diop-et-salimata-diop-levee\/#breadcrumb","itemListElement":[{"@type":"ListItem","position":1,"name":"Accueil","item":"https:\/\/www.nettali.com\/"},{"@type":"ListItem","position":2,"name":"ASSEMBLEE NATIONALE - L\u2019immunit\u00e9 parlementaire de Moustapha Diop et Salimata Diop lev\u00e9e"}]},{"@type":"Person","@id":"https:\/\/www.nettali.com\/#\/schema\/person\/3317e0bb3aa1da309fbf7b2780901bf4","name":"Daouda","image":{"@type":"ImageObject","@id":"https:\/\/www.nettali.com\/#personlogo","inLanguage":"fr-FR","url":"https:\/\/secure.gravatar.com\/avatar\/8d143b5a49345098ddcfee1c49c2f47c?s=96&d=mm&r=g","contentUrl":"https:\/\/secure.gravatar.com\/avatar\/8d143b5a49345098ddcfee1c49c2f47c?s=96&d=mm&r=g","caption":"Daouda"},"sameAs":["https:\/\/www.nettali.com"]}]}},"_links":{"self":[{"href":"https:\/\/www.nettali.com\/rest\/wp\/v2\/posts\/153455"}],"collection":[{"href":"https:\/\/www.nettali.com\/rest\/wp\/v2\/posts"}],"about":[{"href":"https:\/\/www.nettali.com\/rest\/wp\/v2\/types\/post"}],"author":[{"embeddable":true,"href":"https:\/\/www.nettali.com\/rest\/wp\/v2\/users\/4"}],"replies":[{"embeddable":true,"href":"https:\/\/www.nettali.com\/rest\/wp\/v2\/comments?post=153455"}],"version-history":[{"count":1,"href":"https:\/\/www.nettali.com\/rest\/wp\/v2\/posts\/153455\/revisions"}],"predecessor-version":[{"id":153457,"href":"https:\/\/www.nettali.com\/rest\/wp\/v2\/posts\/153455\/revisions\/153457"}],"wp:featuredmedia":[{"embeddable":true,"href":"https:\/\/www.nettali.com\/rest\/wp\/v2\/media\/153456"}],"wp:attachment":[{"href":"https:\/\/www.nettali.com\/rest\/wp\/v2\/media?parent=153455"}],"wp:term":[{"taxonomy":"category","embeddable":true,"href":"https:\/\/www.nettali.com\/rest\/wp\/v2\/categories?post=153455"},{"taxonomy":"post_tag","embeddable":true,"href":"https:\/\/www.nettali.com\/rest\/wp\/v2\/tags?post=153455"}],"curies":[{"name":"wp","href":"https:\/\/api.w.org\/{rel}","templated":true}]}}