{"id":153407,"date":"2025-05-02T00:49:57","date_gmt":"2025-05-02T00:49:57","guid":{"rendered":"https:\/\/www.nettali.com\/?p=153407"},"modified":"2025-05-02T00:49:57","modified_gmt":"2025-05-02T00:49:57","slug":"pacte-de-stabilite-sociale-letat-le-patronat-et-les-syndicats-sengagent","status":"publish","type":"post","link":"https:\/\/www.nettali.com\/2025\/05\/02\/pacte-de-stabilite-sociale-letat-le-patronat-et-les-syndicats-sengagent\/","title":{"rendered":"PACTE DE STABILITE SOCIALE - L'Etat, le patronat et les syndicats s'engagent"},"content":{"rendered":"<p><strong>NETTALI.COM - La c\u00e9l\u00e9bration de la f\u00eate du Travail a \u00e9t\u00e9 l'occasion pour le gouvernement, les organisations syndicales et le patronat de signer le pacte national de stabilit\u00e9 sociale. Le document sign\u00e9 est cens\u00e9 installer un climat social apais\u00e9 propice \u00e0 une \u00e9conomie comp\u00e9titive, \u00e0 la promotion du travail d\u00e9cent productif et \u00e0 l\u2019\u00e9quit\u00e9 sociale.<\/strong><\/p>\n<p>Au cours d\u2019une c\u00e9r\u00e9monie pr\u00e9sid\u00e9e par le Premier ministre, quatre secr\u00e9taires g\u00e9n\u00e9raux de centrales syndicales (CNTS, UNSAS, CNTS\/FC et CSA) et des repr\u00e9sentants d\u2019organisations patronales (CNP, CNES, UNACOIS et MEDES) ont sign\u00e9 le pacte national de stabilit\u00e9 sociale. Du c\u00f4t\u00e9 de l\u2019\u00c9tat, il y avait Abass Fall, ministre du Travail, de l\u2019Emploi et des Relations avec les institutions, et son coll\u00e8gue Olivier Boucal de la Fonction publique et de la R\u00e9forme du Service public.<\/p>\n<p>S\u2019exprimant au nom des organisations syndicales, Mody Guiro, secr\u00e9taire g\u00e9n\u00e9ral de la Conf\u00e9d\u00e9ration nationale des travailleurs du S\u00e9n\u00e9gal (CNTS), a appel\u00e9 \u00e0 la responsabilit\u00e9 des signataires. \"<em>Notre signature nous engage et il nous faut nous assumer. J\u2019invite tous les autres \u00e0 en faire de m\u00eame en respectant les termes de ce pacte historique, en ce sens que c\u2019est la premi\u00e8re fois que le gouvernement et les partenaires sociaux sont arriv\u00e9s \u00e0 discuter de la sorte. Les enjeux sont connus, les d\u00e9fis sont multiples, et les pr\u00e9occupations \u00e9galement \u00e9normes. Chacun de nous, apr\u00e8s avoir sign\u00e9 ce pacte, a la responsabilit\u00e9 de s\u2019assumer pleinement, car ce pays nous appartient \u00e0 tous<\/em>\", a laiss\u00e9 entendre le patron de la CNTS. Et de poursuivre : \"<em>Nous devons faire en sorte que la stabilit\u00e9 permette \u00e0 notre pays de se d\u00e9velopper. Nous sommes arriv\u00e9s \u00e0 un tournant historique dans les relations sociales de notre pays. C\u2019est la premi\u00e8re fois que nous discutons de cette mani\u00e8re et parvenons \u00e0 un contenu de pacte qui permet de d\u00e9finir les grandes orientations<\/em>.\"<\/p>\n<p>Pour sa part, le Premier ministre a salu\u00e9 cette entente tripartite. \"<em>Il faut d\u2019abord cr\u00e9er de la richesse pour la partager. C\u2019est pourquoi nous avons ce pacte, dont la signature constitue un tournant historique pour enfin construire un vrai mod\u00e8le \u00e9conomique<\/em>\", a d\u00e9clar\u00e9 Ousmane Sonko.<\/p>\n<div class='share-to-whatsapp-wrapper'><div class='share-on-whsp'>PARTAGER SUR : <\/div><a data-text='PACTE DE STABILITE SOCIALE - L'Etat, le patronat et les syndicats s'engagent' data-link='https:\/\/www.nettali.com\/2025\/05\/02\/pacte-de-stabilite-sociale-letat-le-patronat-et-les-syndicats-sengagent\/' class='whatsapp-button whatsapp-share'>WhatsApp<\/a><div class='clear '><\/div><\/div>","protected":false},"excerpt":{"rendered":"<p>NETTALI.COM - La c\u00e9l\u00e9bration de la f\u00eate du Travail a \u00e9t\u00e9 l'occasion pour le gouvernement, les organisations syndicales et le patronat de signer le pacte national de stabilit\u00e9 sociale. Le document sign\u00e9 est cens\u00e9 installer un climat social apais\u00e9 propice \u00e0 une \u00e9conomie comp\u00e9titive, \u00e0 la promotion du travail d\u00e9cent productif et \u00e0 l\u2019\u00e9quit\u00e9 sociale. [&hellip;]<\/p>\n","protected":false},"author":6,"featured_media":153426,"comment_status":"open","ping_status":"open","sticky":false,"template":"","format":"standard","meta":{"_et_pb_use_builder":"","_et_pb_old_content":""},"categories":[3],"tags":[],"yoast_head":"<!-- This site is optimized with the Yoast SEO Premium plugin v17.8 (Yoast SEO v17.8) - https:\/\/yoast.com\/wordpress\/plugins\/seo\/ -->\n<title>PACTE DE STABILITE SOCIALE - L&#039;Etat, le patronat et les syndicats s&#039;engagent | Nettali.com<\/title>\n<meta name=\"robots\" content=\"index, follow, max-snippet:-1, max-image-preview:large, max-video-preview:-1\" \/>\n<link rel=\"canonical\" href=\"https:\/\/www.nettali.com\/2025\/05\/02\/pacte-de-stabilite-sociale-letat-le-patronat-et-les-syndicats-sengagent\/\" \/>\n<meta property=\"og:locale\" content=\"fr_FR\" \/>\n<meta property=\"og:type\" content=\"article\" \/>\n<meta property=\"og:title\" content=\"PACTE DE STABILITE SOCIALE - L&#039;Etat, le patronat et les syndicats s&#039;engagent\" \/>\n<meta property=\"og:description\" content=\"NETTALI.COM - La c\u00e9l\u00e9bration de la f\u00eate du Travail a \u00e9t\u00e9 l&#039;occasion pour le gouvernement, les organisations syndicales et le patronat de signer le pacte national de stabilit\u00e9 sociale. Le document sign\u00e9 est cens\u00e9 installer un climat social apais\u00e9 propice \u00e0 une \u00e9conomie comp\u00e9titive, \u00e0 la promotion du travail d\u00e9cent productif et \u00e0 l\u2019\u00e9quit\u00e9 sociale. [&hellip;]\" \/>\n<meta property=\"og:url\" content=\"https:\/\/www.nettali.com\/2025\/05\/02\/pacte-de-stabilite-sociale-letat-le-patronat-et-les-syndicats-sengagent\/\" \/>\n<meta property=\"og:site_name\" content=\"Nettali.com\" \/>\n<meta property=\"article:publisher\" content=\"https:\/\/www.facebook.com\/nettalicom\" \/>\n<meta property=\"article:published_time\" content=\"2025-05-02T00:49:57+00:00\" \/>\n<meta property=\"og:image\" content=\"https:\/\/www.nettali.com\/wp-content\/uploads\/2025\/05\/Signature-dun-Pacte-de-stabilite-sociale-entre-le-Gouvernement-Syndicats-et-Patronat.jpg\" \/>\n\t<meta property=\"og:image:width\" content=\"2048\" \/>\n\t<meta property=\"og:image:height\" content=\"1366\" \/>\n<meta name=\"twitter:card\" content=\"summary_large_image\" \/>\n<meta name=\"twitter:label1\" content=\"\u00c9crit par\" \/>\n\t<meta name=\"twitter:data1\" content=\"Fatou\" \/>\n\t<meta name=\"twitter:label2\" content=\"Dur\u00e9e de lecture estim\u00e9e\" \/>\n\t<meta name=\"twitter:data2\" content=\"2 minutes\" \/>\n<script type=\"application\/ld+json\" class=\"yoast-schema-graph\">{\"@context\":\"https:\/\/schema.org\",\"@graph\":[{\"@type\":\"WebSite\",\"@id\":\"https:\/\/www.nettali.com\/#website\",\"url\":\"https:\/\/www.nettali.com\/\",\"name\":\"Nettali.com\",\"description\":\"Le rendez-vous critique du Net\",\"potentialAction\":[{\"@type\":\"SearchAction\",\"target\":{\"@type\":\"EntryPoint\",\"urlTemplate\":\"https:\/\/www.nettali.com\/?s={search_term_string}\"},\"query-input\":\"required name=search_term_string\"}],\"inLanguage\":\"fr-FR\"},{\"@type\":\"ImageObject\",\"@id\":\"https:\/\/www.nettali.com\/2025\/05\/02\/pacte-de-stabilite-sociale-letat-le-patronat-et-les-syndicats-sengagent\/#primaryimage\",\"inLanguage\":\"fr-FR\",\"url\":\"https:\/\/www.nettali.com\/wp-content\/uploads\/2025\/05\/Signature-dun-Pacte-de-stabilite-sociale-entre-le-Gouvernement-Syndicats-et-Patronat.jpg\",\"contentUrl\":\"https:\/\/www.nettali.com\/wp-content\/uploads\/2025\/05\/Signature-dun-Pacte-de-stabilite-sociale-entre-le-Gouvernement-Syndicats-et-Patronat.jpg\",\"width\":2048,\"height\":1366},{\"@type\":\"WebPage\",\"@id\":\"https:\/\/www.nettali.com\/2025\/05\/02\/pacte-de-stabilite-sociale-letat-le-patronat-et-les-syndicats-sengagent\/#webpage\",\"url\":\"https:\/\/www.nettali.com\/2025\/05\/02\/pacte-de-stabilite-sociale-letat-le-patronat-et-les-syndicats-sengagent\/\",\"name\":\"PACTE DE STABILITE SOCIALE - L'Etat, le patronat et les syndicats s'engagent | Nettali.com\",\"isPartOf\":{\"@id\":\"https:\/\/www.nettali.com\/#website\"},\"primaryImageOfPage\":{\"@id\":\"https:\/\/www.nettali.com\/2025\/05\/02\/pacte-de-stabilite-sociale-letat-le-patronat-et-les-syndicats-sengagent\/#primaryimage\"},\"datePublished\":\"2025-05-02T00:49:57+00:00\",\"dateModified\":\"2025-05-02T00:49:57+00:00\",\"author\":{\"@id\":\"https:\/\/www.nettali.com\/#\/schema\/person\/418274a86bdf87caff7a3ef476bd0bbf\"},\"breadcrumb\":{\"@id\":\"https:\/\/www.nettali.com\/2025\/05\/02\/pacte-de-stabilite-sociale-letat-le-patronat-et-les-syndicats-sengagent\/#breadcrumb\"},\"inLanguage\":\"fr-FR\",\"potentialAction\":[{\"@type\":\"ReadAction\",\"target\":[\"https:\/\/www.nettali.com\/2025\/05\/02\/pacte-de-stabilite-sociale-letat-le-patronat-et-les-syndicats-sengagent\/\"]}]},{\"@type\":\"BreadcrumbList\",\"@id\":\"https:\/\/www.nettali.com\/2025\/05\/02\/pacte-de-stabilite-sociale-letat-le-patronat-et-les-syndicats-sengagent\/#breadcrumb\",\"itemListElement\":[{\"@type\":\"ListItem\",\"position\":1,\"name\":\"Accueil\",\"item\":\"https:\/\/www.nettali.com\/\"},{\"@type\":\"ListItem\",\"position\":2,\"name\":\"PACTE DE STABILITE SOCIALE - L'Etat, le patronat et les syndicats s'engagent\"}]},{\"@type\":\"Person\",\"@id\":\"https:\/\/www.nettali.com\/#\/schema\/person\/418274a86bdf87caff7a3ef476bd0bbf\",\"name\":\"Fatou\",\"image\":{\"@type\":\"ImageObject\",\"@id\":\"https:\/\/www.nettali.com\/#personlogo\",\"inLanguage\":\"fr-FR\",\"url\":\"https:\/\/secure.gravatar.com\/avatar\/5a9442a2bee7b4dcf167cab035858e9a?s=96&d=mm&r=g\",\"contentUrl\":\"https:\/\/secure.gravatar.com\/avatar\/5a9442a2bee7b4dcf167cab035858e9a?s=96&d=mm&r=g\",\"caption\":\"Fatou\"},\"sameAs\":[\"https:\/\/www.nettali.com\"]}]}<\/script>\n<!-- \/ Yoast SEO Premium plugin. -->","yoast_head_json":{"title":"PACTE DE STABILITE SOCIALE - L'Etat, le patronat et les syndicats s'engagent | Nettali.com","robots":{"index":"index","follow":"follow","max-snippet":"max-snippet:-1","max-image-preview":"max-image-preview:large","max-video-preview":"max-video-preview:-1"},"canonical":"https:\/\/www.nettali.com\/2025\/05\/02\/pacte-de-stabilite-sociale-letat-le-patronat-et-les-syndicats-sengagent\/","og_locale":"fr_FR","og_type":"article","og_title":"PACTE DE STABILITE SOCIALE - L'Etat, le patronat et les syndicats s'engagent","og_description":"NETTALI.COM - La c\u00e9l\u00e9bration de la f\u00eate du Travail a \u00e9t\u00e9 l'occasion pour le gouvernement, les organisations syndicales et le patronat de signer le pacte national de stabilit\u00e9 sociale. Le document sign\u00e9 est cens\u00e9 installer un climat social apais\u00e9 propice \u00e0 une \u00e9conomie comp\u00e9titive, \u00e0 la promotion du travail d\u00e9cent productif et \u00e0 l\u2019\u00e9quit\u00e9 sociale. [&hellip;]","og_url":"https:\/\/www.nettali.com\/2025\/05\/02\/pacte-de-stabilite-sociale-letat-le-patronat-et-les-syndicats-sengagent\/","og_site_name":"Nettali.com","article_publisher":"https:\/\/www.facebook.com\/nettalicom","article_published_time":"2025-05-02T00:49:57+00:00","og_image":[{"width":2048,"height":1366,"url":"https:\/\/www.nettali.com\/wp-content\/uploads\/2025\/05\/Signature-dun-Pacte-de-stabilite-sociale-entre-le-Gouvernement-Syndicats-et-Patronat.jpg","type":"image\/jpeg"}],"twitter_card":"summary_large_image","twitter_misc":{"\u00c9crit par":"Fatou","Dur\u00e9e de lecture estim\u00e9e":"2 minutes"},"schema":{"@context":"https:\/\/schema.org","@graph":[{"@type":"WebSite","@id":"https:\/\/www.nettali.com\/#website","url":"https:\/\/www.nettali.com\/","name":"Nettali.com","description":"Le rendez-vous critique du Net","potentialAction":[{"@type":"SearchAction","target":{"@type":"EntryPoint","urlTemplate":"https:\/\/www.nettali.com\/?s={search_term_string}"},"query-input":"required name=search_term_string"}],"inLanguage":"fr-FR"},{"@type":"ImageObject","@id":"https:\/\/www.nettali.com\/2025\/05\/02\/pacte-de-stabilite-sociale-letat-le-patronat-et-les-syndicats-sengagent\/#primaryimage","inLanguage":"fr-FR","url":"https:\/\/www.nettali.com\/wp-content\/uploads\/2025\/05\/Signature-dun-Pacte-de-stabilite-sociale-entre-le-Gouvernement-Syndicats-et-Patronat.jpg","contentUrl":"https:\/\/www.nettali.com\/wp-content\/uploads\/2025\/05\/Signature-dun-Pacte-de-stabilite-sociale-entre-le-Gouvernement-Syndicats-et-Patronat.jpg","width":2048,"height":1366},{"@type":"WebPage","@id":"https:\/\/www.nettali.com\/2025\/05\/02\/pacte-de-stabilite-sociale-letat-le-patronat-et-les-syndicats-sengagent\/#webpage","url":"https:\/\/www.nettali.com\/2025\/05\/02\/pacte-de-stabilite-sociale-letat-le-patronat-et-les-syndicats-sengagent\/","name":"PACTE DE STABILITE SOCIALE - L'Etat, le patronat et les syndicats s'engagent | Nettali.com","isPartOf":{"@id":"https:\/\/www.nettali.com\/#website"},"primaryImageOfPage":{"@id":"https:\/\/www.nettali.com\/2025\/05\/02\/pacte-de-stabilite-sociale-letat-le-patronat-et-les-syndicats-sengagent\/#primaryimage"},"datePublished":"2025-05-02T00:49:57+00:00","dateModified":"2025-05-02T00:49:57+00:00","author":{"@id":"https:\/\/www.nettali.com\/#\/schema\/person\/418274a86bdf87caff7a3ef476bd0bbf"},"breadcrumb":{"@id":"https:\/\/www.nettali.com\/2025\/05\/02\/pacte-de-stabilite-sociale-letat-le-patronat-et-les-syndicats-sengagent\/#breadcrumb"},"inLanguage":"fr-FR","potentialAction":[{"@type":"ReadAction","target":["https:\/\/www.nettali.com\/2025\/05\/02\/pacte-de-stabilite-sociale-letat-le-patronat-et-les-syndicats-sengagent\/"]}]},{"@type":"BreadcrumbList","@id":"https:\/\/www.nettali.com\/2025\/05\/02\/pacte-de-stabilite-sociale-letat-le-patronat-et-les-syndicats-sengagent\/#breadcrumb","itemListElement":[{"@type":"ListItem","position":1,"name":"Accueil","item":"https:\/\/www.nettali.com\/"},{"@type":"ListItem","position":2,"name":"PACTE DE STABILITE SOCIALE - L'Etat, le patronat et les syndicats s'engagent"}]},{"@type":"Person","@id":"https:\/\/www.nettali.com\/#\/schema\/person\/418274a86bdf87caff7a3ef476bd0bbf","name":"Fatou","image":{"@type":"ImageObject","@id":"https:\/\/www.nettali.com\/#personlogo","inLanguage":"fr-FR","url":"https:\/\/secure.gravatar.com\/avatar\/5a9442a2bee7b4dcf167cab035858e9a?s=96&d=mm&r=g","contentUrl":"https:\/\/secure.gravatar.com\/avatar\/5a9442a2bee7b4dcf167cab035858e9a?s=96&d=mm&r=g","caption":"Fatou"},"sameAs":["https:\/\/www.nettali.com"]}]}},"_links":{"self":[{"href":"https:\/\/www.nettali.com\/rest\/wp\/v2\/posts\/153407"}],"collection":[{"href":"https:\/\/www.nettali.com\/rest\/wp\/v2\/posts"}],"about":[{"href":"https:\/\/www.nettali.com\/rest\/wp\/v2\/types\/post"}],"author":[{"embeddable":true,"href":"https:\/\/www.nettali.com\/rest\/wp\/v2\/users\/6"}],"replies":[{"embeddable":true,"href":"https:\/\/www.nettali.com\/rest\/wp\/v2\/comments?post=153407"}],"version-history":[{"count":3,"href":"https:\/\/www.nettali.com\/rest\/wp\/v2\/posts\/153407\/revisions"}],"predecessor-version":[{"id":153427,"href":"https:\/\/www.nettali.com\/rest\/wp\/v2\/posts\/153407\/revisions\/153427"}],"wp:featuredmedia":[{"embeddable":true,"href":"https:\/\/www.nettali.com\/rest\/wp\/v2\/media\/153426"}],"wp:attachment":[{"href":"https:\/\/www.nettali.com\/rest\/wp\/v2\/media?parent=153407"}],"wp:term":[{"taxonomy":"category","embeddable":true,"href":"https:\/\/www.nettali.com\/rest\/wp\/v2\/categories?post=153407"},{"taxonomy":"post_tag","embeddable":true,"href":"https:\/\/www.nettali.com\/rest\/wp\/v2\/tags?post=153407"}],"curies":[{"name":"wp","href":"https:\/\/api.w.org\/{rel}","templated":true}]}}