{"id":153262,"date":"2025-04-29T19:49:54","date_gmt":"2025-04-29T19:49:54","guid":{"rendered":"https:\/\/www.nettali.com\/?p=153262"},"modified":"2025-04-30T15:31:40","modified_gmt":"2025-04-30T15:31:40","slug":"association-de-malfaiteurs-en-vue-de-blanchir-des-capitaux-la-nouvelle-inculpation-de-farba-ngom-et-tahirou-sarr","status":"publish","type":"post","link":"https:\/\/www.nettali.com\/2025\/04\/29\/association-de-malfaiteurs-en-vue-de-blanchir-des-capitaux-la-nouvelle-inculpation-de-farba-ngom-et-tahirou-sarr\/","title":{"rendered":"ASSOCIATION DE MALFAITEURS EN BANDE CRIMINELLE ORGANISEE - La nouvelle inculpation de Farba Ngom et Tahirou Sarr"},"content":{"rendered":"<p><strong>NETTALI.COM - Comme annonc\u00e9 dans la presse de ces derniers jours, Farba Ngom a \u00e9t\u00e9 extrait de sa cellule ce mardi pour \u00eatre conduit au bureau du pr\u00e9sident du coll\u00e8ge des juges d'instruction du Pool judiciaire financier. Le maire des Agnam a \u00e9t\u00e9 inculp\u00e9 pour une nouvelle infraction.\u00a0<\/strong><\/p>\n<p>L'audience a dur\u00e9 moins d'une heure. Ce mardi, Farba Ngom entour\u00e9 de ses avocats a fait face au pr\u00e9sident du coll\u00e8ge des juges d'instruction du Pool judiciaire financier qui souhaitait l'entendre suite \u00e0 un r\u00e9quisitoire suppl\u00e9tif du parquet. Extrait de sa cellule o\u00f9 il s\u00e9journe depuis le 27 f\u00e9vrier dernier, le d\u00e9put\u00e9 membre de l'Alliance pour la r\u00e9publique (Apr) a vu donc son dossier cors\u00e9 par le magistrat instructeur. Il est d\u00e9sormais poursuivi, en m\u00eame temps que l'homme d'affaires Tahirou Sarr pour association de malfaiteurs en bande criminelle organis\u00e9e.<\/p>\n<p>Par cet acte, le juge lie d\u00e9sormais le sort de Farba Ngom \u00e0 celui de Tahirou Sarr. D'ailleurs, en plus du d\u00e9put\u00e9 et de l'homme d'affaires, deux autres personnes ont \u00e9t\u00e9 inculp\u00e9es dans le m\u00eame dossier. Il s'agit de Demba Ngom, fr\u00e8re de Farba Ngom, et de son ami Abdou Aziz Kane, tailleur de profession.<\/p>\n<p>Par rappel, Farba Ngom a \u00e9t\u00e9 plac\u00e9 sous mandat de d\u00e9p\u00f4t le 27 f\u00e9vrier dernier suite \u00e0 un deuxi\u00e8me face-\u00e0-face avec le juge d'instruction. Cit\u00e9 dans un rapport de la Cellule nationale de traitement des informations financi\u00e8res (Centif), il \u00e9tait poursuivi pour blanchiment d'argent, association de malfaiteurs et complicit\u00e9 d'escroquerie sur un montant de 31 milliards. A ces chefs d'inculpation, il faut d\u00e9sormais ajouter le chef d'association de malfaiteurs en bande criminelle organis\u00e9e. Autrement dit, Farba et Tahirou Sarr, \u00e9galement en d\u00e9tention, se sont entendus pour dissimuler,\u00a0 transf\u00e9rer ou d\u00e9tenir des capitaux en vue de les blanchir. C'est du moins ce que soutient l'accusation.<\/p>\n<div class='share-to-whatsapp-wrapper'><div class='share-on-whsp'>PARTAGER SUR : <\/div><a data-text='ASSOCIATION DE MALFAITEURS EN BANDE CRIMINELLE ORGANISEE - La nouvelle inculpation de Farba Ngom et Tahirou Sarr' data-link='https:\/\/www.nettali.com\/2025\/04\/29\/association-de-malfaiteurs-en-vue-de-blanchir-des-capitaux-la-nouvelle-inculpation-de-farba-ngom-et-tahirou-sarr\/' class='whatsapp-button whatsapp-share'>WhatsApp<\/a><div class='clear '><\/div><\/div>","protected":false},"excerpt":{"rendered":"<p>NETTALI.COM - Comme annonc\u00e9 dans la presse de ces derniers jours, Farba Ngom a \u00e9t\u00e9 extrait de sa cellule ce mardi pour \u00eatre conduit au bureau du pr\u00e9sident du coll\u00e8ge des juges d'instruction du Pool judiciaire financier. Le maire des Agnam a \u00e9t\u00e9 inculp\u00e9 pour une nouvelle infraction.\u00a0 L'audience a dur\u00e9 moins d'une heure. Ce [&hellip;]<\/p>\n","protected":false},"author":3,"featured_media":153270,"comment_status":"open","ping_status":"open","sticky":false,"template":"","format":"standard","meta":{"_et_pb_use_builder":"","_et_pb_old_content":""},"categories":[3],"tags":[],"yoast_head":"<!-- This site is optimized with the Yoast SEO Premium plugin v17.8 (Yoast SEO v17.8) - https:\/\/yoast.com\/wordpress\/plugins\/seo\/ -->\n<title>ASSOCIATION DE MALFAITEURS EN BANDE CRIMINELLE ORGANISEE - La nouvelle inculpation de Farba Ngom et Tahirou Sarr | Nettali.com<\/title>\n<meta name=\"robots\" content=\"index, follow, max-snippet:-1, max-image-preview:large, max-video-preview:-1\" \/>\n<link rel=\"canonical\" href=\"https:\/\/www.nettali.com\/2025\/04\/29\/association-de-malfaiteurs-en-vue-de-blanchir-des-capitaux-la-nouvelle-inculpation-de-farba-ngom-et-tahirou-sarr\/\" \/>\n<meta property=\"og:locale\" content=\"fr_FR\" \/>\n<meta property=\"og:type\" content=\"article\" \/>\n<meta property=\"og:title\" content=\"ASSOCIATION DE MALFAITEURS EN BANDE CRIMINELLE ORGANISEE - La nouvelle inculpation de Farba Ngom et Tahirou Sarr\" \/>\n<meta property=\"og:description\" content=\"NETTALI.COM - Comme annonc\u00e9 dans la presse de ces derniers jours, Farba Ngom a \u00e9t\u00e9 extrait de sa cellule ce mardi pour \u00eatre conduit au bureau du pr\u00e9sident du coll\u00e8ge des juges d&#039;instruction du Pool judiciaire financier. Le maire des Agnam a \u00e9t\u00e9 inculp\u00e9 pour une nouvelle infraction.\u00a0 L&#039;audience a dur\u00e9 moins d&#039;une heure. Ce [&hellip;]\" \/>\n<meta property=\"og:url\" content=\"https:\/\/www.nettali.com\/2025\/04\/29\/association-de-malfaiteurs-en-vue-de-blanchir-des-capitaux-la-nouvelle-inculpation-de-farba-ngom-et-tahirou-sarr\/\" \/>\n<meta property=\"og:site_name\" content=\"Nettali.com\" \/>\n<meta property=\"article:publisher\" content=\"https:\/\/www.facebook.com\/nettalicom\" \/>\n<meta property=\"article:published_time\" content=\"2025-04-29T19:49:54+00:00\" \/>\n<meta property=\"article:modified_time\" content=\"2025-04-30T15:31:40+00:00\" \/>\n<meta property=\"og:image\" content=\"https:\/\/www.nettali.com\/wp-content\/uploads\/2025\/04\/farba-ngom-2.jpg\" \/>\n\t<meta property=\"og:image:width\" content=\"600\" \/>\n\t<meta property=\"og:image:height\" content=\"598\" \/>\n<meta name=\"twitter:card\" content=\"summary_large_image\" \/>\n<meta name=\"twitter:label1\" content=\"\u00c9crit par\" \/>\n\t<meta name=\"twitter:data1\" content=\"Moustapha\" \/>\n\t<meta name=\"twitter:label2\" content=\"Dur\u00e9e de lecture estim\u00e9e\" \/>\n\t<meta name=\"twitter:data2\" content=\"2 minutes\" \/>\n<script type=\"application\/ld+json\" class=\"yoast-schema-graph\">{\"@context\":\"https:\/\/schema.org\",\"@graph\":[{\"@type\":\"WebSite\",\"@id\":\"https:\/\/www.nettali.com\/#website\",\"url\":\"https:\/\/www.nettali.com\/\",\"name\":\"Nettali.com\",\"description\":\"Le rendez-vous critique du Net\",\"potentialAction\":[{\"@type\":\"SearchAction\",\"target\":{\"@type\":\"EntryPoint\",\"urlTemplate\":\"https:\/\/www.nettali.com\/?s={search_term_string}\"},\"query-input\":\"required name=search_term_string\"}],\"inLanguage\":\"fr-FR\"},{\"@type\":\"ImageObject\",\"@id\":\"https:\/\/www.nettali.com\/2025\/04\/29\/association-de-malfaiteurs-en-vue-de-blanchir-des-capitaux-la-nouvelle-inculpation-de-farba-ngom-et-tahirou-sarr\/#primaryimage\",\"inLanguage\":\"fr-FR\",\"url\":\"https:\/\/www.nettali.com\/wp-content\/uploads\/2025\/04\/farba-ngom-2.jpg\",\"contentUrl\":\"https:\/\/www.nettali.com\/wp-content\/uploads\/2025\/04\/farba-ngom-2.jpg\",\"width\":600,\"height\":598},{\"@type\":\"WebPage\",\"@id\":\"https:\/\/www.nettali.com\/2025\/04\/29\/association-de-malfaiteurs-en-vue-de-blanchir-des-capitaux-la-nouvelle-inculpation-de-farba-ngom-et-tahirou-sarr\/#webpage\",\"url\":\"https:\/\/www.nettali.com\/2025\/04\/29\/association-de-malfaiteurs-en-vue-de-blanchir-des-capitaux-la-nouvelle-inculpation-de-farba-ngom-et-tahirou-sarr\/\",\"name\":\"ASSOCIATION DE MALFAITEURS EN BANDE CRIMINELLE ORGANISEE - La nouvelle inculpation de Farba Ngom et Tahirou Sarr | Nettali.com\",\"isPartOf\":{\"@id\":\"https:\/\/www.nettali.com\/#website\"},\"primaryImageOfPage\":{\"@id\":\"https:\/\/www.nettali.com\/2025\/04\/29\/association-de-malfaiteurs-en-vue-de-blanchir-des-capitaux-la-nouvelle-inculpation-de-farba-ngom-et-tahirou-sarr\/#primaryimage\"},\"datePublished\":\"2025-04-29T19:49:54+00:00\",\"dateModified\":\"2025-04-30T15:31:40+00:00\",\"author\":{\"@id\":\"https:\/\/www.nettali.com\/#\/schema\/person\/7962a12a6e0267f88f0ffa544c36469a\"},\"breadcrumb\":{\"@id\":\"https:\/\/www.nettali.com\/2025\/04\/29\/association-de-malfaiteurs-en-vue-de-blanchir-des-capitaux-la-nouvelle-inculpation-de-farba-ngom-et-tahirou-sarr\/#breadcrumb\"},\"inLanguage\":\"fr-FR\",\"potentialAction\":[{\"@type\":\"ReadAction\",\"target\":[\"https:\/\/www.nettali.com\/2025\/04\/29\/association-de-malfaiteurs-en-vue-de-blanchir-des-capitaux-la-nouvelle-inculpation-de-farba-ngom-et-tahirou-sarr\/\"]}]},{\"@type\":\"BreadcrumbList\",\"@id\":\"https:\/\/www.nettali.com\/2025\/04\/29\/association-de-malfaiteurs-en-vue-de-blanchir-des-capitaux-la-nouvelle-inculpation-de-farba-ngom-et-tahirou-sarr\/#breadcrumb\",\"itemListElement\":[{\"@type\":\"ListItem\",\"position\":1,\"name\":\"Accueil\",\"item\":\"https:\/\/www.nettali.com\/\"},{\"@type\":\"ListItem\",\"position\":2,\"name\":\"ASSOCIATION DE MALFAITEURS EN BANDE CRIMINELLE ORGANISEE - La nouvelle inculpation de Farba Ngom et Tahirou Sarr\"}]},{\"@type\":\"Person\",\"@id\":\"https:\/\/www.nettali.com\/#\/schema\/person\/7962a12a6e0267f88f0ffa544c36469a\",\"name\":\"Moustapha\",\"image\":{\"@type\":\"ImageObject\",\"@id\":\"https:\/\/www.nettali.com\/#personlogo\",\"inLanguage\":\"fr-FR\",\"url\":\"https:\/\/secure.gravatar.com\/avatar\/10fdf6a071cccdcf374e3dbe45159590?s=96&d=mm&r=g\",\"contentUrl\":\"https:\/\/secure.gravatar.com\/avatar\/10fdf6a071cccdcf374e3dbe45159590?s=96&d=mm&r=g\",\"caption\":\"Moustapha\"},\"sameAs\":[\"https:\/\/www.nettali.com\"]}]}<\/script>\n<!-- \/ Yoast SEO Premium plugin. -->","yoast_head_json":{"title":"ASSOCIATION DE MALFAITEURS EN BANDE CRIMINELLE ORGANISEE - La nouvelle inculpation de Farba Ngom et Tahirou Sarr | Nettali.com","robots":{"index":"index","follow":"follow","max-snippet":"max-snippet:-1","max-image-preview":"max-image-preview:large","max-video-preview":"max-video-preview:-1"},"canonical":"https:\/\/www.nettali.com\/2025\/04\/29\/association-de-malfaiteurs-en-vue-de-blanchir-des-capitaux-la-nouvelle-inculpation-de-farba-ngom-et-tahirou-sarr\/","og_locale":"fr_FR","og_type":"article","og_title":"ASSOCIATION DE MALFAITEURS EN BANDE CRIMINELLE ORGANISEE - La nouvelle inculpation de Farba Ngom et Tahirou Sarr","og_description":"NETTALI.COM - Comme annonc\u00e9 dans la presse de ces derniers jours, Farba Ngom a \u00e9t\u00e9 extrait de sa cellule ce mardi pour \u00eatre conduit au bureau du pr\u00e9sident du coll\u00e8ge des juges d'instruction du Pool judiciaire financier. Le maire des Agnam a \u00e9t\u00e9 inculp\u00e9 pour une nouvelle infraction.\u00a0 L'audience a dur\u00e9 moins d'une heure. Ce [&hellip;]","og_url":"https:\/\/www.nettali.com\/2025\/04\/29\/association-de-malfaiteurs-en-vue-de-blanchir-des-capitaux-la-nouvelle-inculpation-de-farba-ngom-et-tahirou-sarr\/","og_site_name":"Nettali.com","article_publisher":"https:\/\/www.facebook.com\/nettalicom","article_published_time":"2025-04-29T19:49:54+00:00","article_modified_time":"2025-04-30T15:31:40+00:00","og_image":[{"width":600,"height":598,"url":"https:\/\/www.nettali.com\/wp-content\/uploads\/2025\/04\/farba-ngom-2.jpg","type":"image\/jpeg"}],"twitter_card":"summary_large_image","twitter_misc":{"\u00c9crit par":"Moustapha","Dur\u00e9e de lecture estim\u00e9e":"2 minutes"},"schema":{"@context":"https:\/\/schema.org","@graph":[{"@type":"WebSite","@id":"https:\/\/www.nettali.com\/#website","url":"https:\/\/www.nettali.com\/","name":"Nettali.com","description":"Le rendez-vous critique du Net","potentialAction":[{"@type":"SearchAction","target":{"@type":"EntryPoint","urlTemplate":"https:\/\/www.nettali.com\/?s={search_term_string}"},"query-input":"required name=search_term_string"}],"inLanguage":"fr-FR"},{"@type":"ImageObject","@id":"https:\/\/www.nettali.com\/2025\/04\/29\/association-de-malfaiteurs-en-vue-de-blanchir-des-capitaux-la-nouvelle-inculpation-de-farba-ngom-et-tahirou-sarr\/#primaryimage","inLanguage":"fr-FR","url":"https:\/\/www.nettali.com\/wp-content\/uploads\/2025\/04\/farba-ngom-2.jpg","contentUrl":"https:\/\/www.nettali.com\/wp-content\/uploads\/2025\/04\/farba-ngom-2.jpg","width":600,"height":598},{"@type":"WebPage","@id":"https:\/\/www.nettali.com\/2025\/04\/29\/association-de-malfaiteurs-en-vue-de-blanchir-des-capitaux-la-nouvelle-inculpation-de-farba-ngom-et-tahirou-sarr\/#webpage","url":"https:\/\/www.nettali.com\/2025\/04\/29\/association-de-malfaiteurs-en-vue-de-blanchir-des-capitaux-la-nouvelle-inculpation-de-farba-ngom-et-tahirou-sarr\/","name":"ASSOCIATION DE MALFAITEURS EN BANDE CRIMINELLE ORGANISEE - La nouvelle inculpation de Farba Ngom et Tahirou Sarr | Nettali.com","isPartOf":{"@id":"https:\/\/www.nettali.com\/#website"},"primaryImageOfPage":{"@id":"https:\/\/www.nettali.com\/2025\/04\/29\/association-de-malfaiteurs-en-vue-de-blanchir-des-capitaux-la-nouvelle-inculpation-de-farba-ngom-et-tahirou-sarr\/#primaryimage"},"datePublished":"2025-04-29T19:49:54+00:00","dateModified":"2025-04-30T15:31:40+00:00","author":{"@id":"https:\/\/www.nettali.com\/#\/schema\/person\/7962a12a6e0267f88f0ffa544c36469a"},"breadcrumb":{"@id":"https:\/\/www.nettali.com\/2025\/04\/29\/association-de-malfaiteurs-en-vue-de-blanchir-des-capitaux-la-nouvelle-inculpation-de-farba-ngom-et-tahirou-sarr\/#breadcrumb"},"inLanguage":"fr-FR","potentialAction":[{"@type":"ReadAction","target":["https:\/\/www.nettali.com\/2025\/04\/29\/association-de-malfaiteurs-en-vue-de-blanchir-des-capitaux-la-nouvelle-inculpation-de-farba-ngom-et-tahirou-sarr\/"]}]},{"@type":"BreadcrumbList","@id":"https:\/\/www.nettali.com\/2025\/04\/29\/association-de-malfaiteurs-en-vue-de-blanchir-des-capitaux-la-nouvelle-inculpation-de-farba-ngom-et-tahirou-sarr\/#breadcrumb","itemListElement":[{"@type":"ListItem","position":1,"name":"Accueil","item":"https:\/\/www.nettali.com\/"},{"@type":"ListItem","position":2,"name":"ASSOCIATION DE MALFAITEURS EN BANDE CRIMINELLE ORGANISEE - La nouvelle inculpation de Farba Ngom et Tahirou Sarr"}]},{"@type":"Person","@id":"https:\/\/www.nettali.com\/#\/schema\/person\/7962a12a6e0267f88f0ffa544c36469a","name":"Moustapha","image":{"@type":"ImageObject","@id":"https:\/\/www.nettali.com\/#personlogo","inLanguage":"fr-FR","url":"https:\/\/secure.gravatar.com\/avatar\/10fdf6a071cccdcf374e3dbe45159590?s=96&d=mm&r=g","contentUrl":"https:\/\/secure.gravatar.com\/avatar\/10fdf6a071cccdcf374e3dbe45159590?s=96&d=mm&r=g","caption":"Moustapha"},"sameAs":["https:\/\/www.nettali.com"]}]}},"_links":{"self":[{"href":"https:\/\/www.nettali.com\/rest\/wp\/v2\/posts\/153262"}],"collection":[{"href":"https:\/\/www.nettali.com\/rest\/wp\/v2\/posts"}],"about":[{"href":"https:\/\/www.nettali.com\/rest\/wp\/v2\/types\/post"}],"author":[{"embeddable":true,"href":"https:\/\/www.nettali.com\/rest\/wp\/v2\/users\/3"}],"replies":[{"embeddable":true,"href":"https:\/\/www.nettali.com\/rest\/wp\/v2\/comments?post=153262"}],"version-history":[{"count":9,"href":"https:\/\/www.nettali.com\/rest\/wp\/v2\/posts\/153262\/revisions"}],"predecessor-version":[{"id":153298,"href":"https:\/\/www.nettali.com\/rest\/wp\/v2\/posts\/153262\/revisions\/153298"}],"wp:featuredmedia":[{"embeddable":true,"href":"https:\/\/www.nettali.com\/rest\/wp\/v2\/media\/153270"}],"wp:attachment":[{"href":"https:\/\/www.nettali.com\/rest\/wp\/v2\/media?parent=153262"}],"wp:term":[{"taxonomy":"category","embeddable":true,"href":"https:\/\/www.nettali.com\/rest\/wp\/v2\/categories?post=153262"},{"taxonomy":"post_tag","embeddable":true,"href":"https:\/\/www.nettali.com\/rest\/wp\/v2\/tags?post=153262"}],"curies":[{"name":"wp","href":"https:\/\/api.w.org\/{rel}","templated":true}]}}