{"id":153246,"date":"2025-04-29T15:07:32","date_gmt":"2025-04-29T15:07:32","guid":{"rendered":"https:\/\/www.nettali.com\/?p=153246"},"modified":"2025-04-29T20:05:08","modified_gmt":"2025-04-29T20:05:08","slug":"mouhamadou-bachir-seye-nouveau-membre-du-conseil-constitutionnel-je-vais-exercer-mon-mandat-avec-humilite-responsabilite-et-rigueur-dans-le-respect-des-lois","status":"publish","type":"post","link":"https:\/\/www.nettali.com\/2025\/04\/29\/mouhamadou-bachir-seye-nouveau-membre-du-conseil-constitutionnel-je-vais-exercer-mon-mandat-avec-humilite-responsabilite-et-rigueur-dans-le-respect-des-lois\/","title":{"rendered":"MOUHAMADOU BACHIR SEYE, NOUVEAU MEMBRE DU CONSEIL CONSTITUTIONNEL : \"Je vais exercer mon mandat avec humilit\u00e9, responsabilit\u00e9 et rigueur dans le respect des lois\""},"content":{"rendered":"<p>NETTALI.COM - Le magistrat Mouhamadou Bachir S\u00e8ye, install\u00e9, lundi, dans ses fonctions de juge au Conseil constitutionnel, s\u2019est engag\u00e9 \u00e0 exercer son mandat <em>\"avec humilit\u00e9, responsabilit\u00e9 et rigueur dans le respect des lois\"<\/em>.<\/p>\n<p><em>\"Je mesure pleinement la responsabilit\u00e9 qui m\u2019incombe \u00e0 partir d\u2019aujourd\u2019hui. Et je m\u2019engage \u00e0 exercer mes fonctions avec humilit\u00e9, responsabilit\u00e9 et rigueur dans le respect des lois comme tout magistrat\"<\/em>, a-t-il soutenu lors de sa prestation de serment \u00e0 la salle d\u2019audience de la Cour supr\u00eame.<\/p>\n<p>M. S\u00e8ye a \u00e9t\u00e9 nomm\u00e9 membre du Conseil constitutionnel par d\u00e9cret 149 du 21 janvier 2025.\u00a0Il remplace \u00e0 ce poste le magistrat Mouhamadou Diawara dont le mandat de six ans est arriv\u00e9 \u00e0 expiration en d\u00e9cembre 2024.<\/p>\n<p>Le magistrat \u00e9m\u00e9rite, au parcours et au professionnalisme reconnus par ses coll\u00e8gues, s\u2019engage pleinement \u00e0 \u2018\u2019garder le secret des d\u00e9lib\u00e9rations et des votes, de ne prendre aucune position publique et de ne donner aucune consultation priv\u00e9e sur des questions relevant des comp\u00e9tences du conseil Constitutionnel\u2019\u2019.<\/p>\n<p>Ancien Premier pr\u00e9sident de la Cour d\u2019appel de Ziguinchor, il a eu \u00e0 occuper de hautes fonctions dans les instances judiciaires publiques dont celle de conseiller \u00e0 la Cour supr\u00eame, de Pr\u00e9sident du Tribunal r\u00e9gional hors classe de Dakar et de Directeur des Affaires civiles au minist\u00e8re de la Justice.<\/p>\n<p>Il a \u00e9t\u00e9 pr\u00e9sident de Chambre \u00e0 la Cour d\u2019appel de Dakar, Conseiller de la Cour d\u2019Appel de Kaolack, Vice-pr\u00e9sident du Tribunal R\u00e9gional hors classe de Dakar, Juge d\u2019instruction du 2<sup>\u00e8me<\/sup>\u00a0cabinet au Tribunal r\u00e9gional hors classe de Dakar, Pr\u00e9sident de la Chambre professionnelle, juge d\u2019instruction au Tribunal r\u00e9gional hors classe de Dakar et juge d\u2019instruction au Tribunal r\u00e9gional de Kaolack.<\/p>\n<p>Pour sa vice-pr\u00e9sidente, l\u2019int\u00e9gration de M. S\u00e8ye au Conseil constitutionnel intervient dans un contexte marqu\u00e9 un d\u00e9bat \u201dautour de sa place et de son utilit\u00e9\u2019\u2019.<\/p>\n<p>Elle n\u2019a toutefois pas manqu\u00e9 d\u2019insister sur le fait que le Conseil constitutionnel, \u201dconscient de ses devoirs de gardien des droits de libert\u00e9 et de r\u00e9gulateur social, continuera de donner aux requ\u00eates qui lui sont soumises les r\u00e9ponses proc\u00e9dant d\u2019un raisonnement rigoureux, fruit de recherches approfondies et d\u2019un travail unifi\u00e9\u2019\u201d.<\/p>\n<div class='share-to-whatsapp-wrapper'><div class='share-on-whsp'>PARTAGER SUR : <\/div><a data-text='MOUHAMADOU BACHIR SEYE, NOUVEAU MEMBRE DU CONSEIL CONSTITUTIONNEL : \"Je vais exercer mon mandat avec humilit\u00e9, responsabilit\u00e9 et rigueur dans le respect des lois\"' data-link='https:\/\/www.nettali.com\/2025\/04\/29\/mouhamadou-bachir-seye-nouveau-membre-du-conseil-constitutionnel-je-vais-exercer-mon-mandat-avec-humilite-responsabilite-et-rigueur-dans-le-respect-des-lois\/' class='whatsapp-button whatsapp-share'>WhatsApp<\/a><div class='clear '><\/div><\/div>","protected":false},"excerpt":{"rendered":"<p>NETTALI.COM - Le magistrat Mouhamadou Bachir S\u00e8ye, install\u00e9, lundi, dans ses fonctions de juge au Conseil constitutionnel, s\u2019est engag\u00e9 \u00e0 exercer son mandat \"avec humilit\u00e9, responsabilit\u00e9 et rigueur dans le respect des lois\". \"Je mesure pleinement la responsabilit\u00e9 qui m\u2019incombe \u00e0 partir d\u2019aujourd\u2019hui. Et je m\u2019engage \u00e0 exercer mes fonctions avec humilit\u00e9, responsabilit\u00e9 et rigueur [&hellip;]<\/p>\n","protected":false},"author":4,"featured_media":153247,"comment_status":"open","ping_status":"open","sticky":false,"template":"","format":"standard","meta":{"_et_pb_use_builder":"","_et_pb_old_content":""},"categories":[3],"tags":[],"yoast_head":"<!-- This site is optimized with the Yoast SEO Premium plugin v17.8 (Yoast SEO v17.8) - https:\/\/yoast.com\/wordpress\/plugins\/seo\/ -->\n<title>MOUHAMADOU BACHIR SEYE, NOUVEAU MEMBRE DU CONSEIL CONSTITUTIONNEL : &quot;Je vais exercer mon mandat avec humilit\u00e9, responsabilit\u00e9 et rigueur dans le respect des lois&quot; | Nettali.com<\/title>\n<meta name=\"robots\" content=\"index, follow, max-snippet:-1, max-image-preview:large, max-video-preview:-1\" \/>\n<link rel=\"canonical\" href=\"https:\/\/www.nettali.com\/2025\/04\/29\/mouhamadou-bachir-seye-nouveau-membre-du-conseil-constitutionnel-je-vais-exercer-mon-mandat-avec-humilite-responsabilite-et-rigueur-dans-le-respect-des-lois\/\" \/>\n<meta property=\"og:locale\" content=\"fr_FR\" \/>\n<meta property=\"og:type\" content=\"article\" \/>\n<meta property=\"og:title\" content=\"MOUHAMADOU BACHIR SEYE, NOUVEAU MEMBRE DU CONSEIL CONSTITUTIONNEL : &quot;Je vais exercer mon mandat avec humilit\u00e9, responsabilit\u00e9 et rigueur dans le respect des lois&quot;\" \/>\n<meta property=\"og:description\" content=\"NETTALI.COM - Le magistrat Mouhamadou Bachir S\u00e8ye, install\u00e9, lundi, dans ses fonctions de juge au Conseil constitutionnel, s\u2019est engag\u00e9 \u00e0 exercer son mandat &quot;avec humilit\u00e9, responsabilit\u00e9 et rigueur dans le respect des lois&quot;. &quot;Je mesure pleinement la responsabilit\u00e9 qui m\u2019incombe \u00e0 partir d\u2019aujourd\u2019hui. Et je m\u2019engage \u00e0 exercer mes fonctions avec humilit\u00e9, responsabilit\u00e9 et rigueur [&hellip;]\" \/>\n<meta property=\"og:url\" content=\"https:\/\/www.nettali.com\/2025\/04\/29\/mouhamadou-bachir-seye-nouveau-membre-du-conseil-constitutionnel-je-vais-exercer-mon-mandat-avec-humilite-responsabilite-et-rigueur-dans-le-respect-des-lois\/\" \/>\n<meta property=\"og:site_name\" content=\"Nettali.com\" \/>\n<meta property=\"article:publisher\" content=\"https:\/\/www.facebook.com\/nettalicom\" \/>\n<meta property=\"article:published_time\" content=\"2025-04-29T15:07:32+00:00\" \/>\n<meta property=\"article:modified_time\" content=\"2025-04-29T20:05:08+00:00\" \/>\n<meta property=\"og:image\" content=\"https:\/\/www.nettali.com\/wp-content\/uploads\/2025\/04\/Capture-de\u0301cran-2025-04-29-a\u0300-14.07.19.png\" \/>\n\t<meta property=\"og:image:width\" content=\"608\" \/>\n\t<meta property=\"og:image:height\" content=\"349\" \/>\n<meta name=\"twitter:card\" content=\"summary_large_image\" \/>\n<meta name=\"twitter:label1\" content=\"\u00c9crit par\" \/>\n\t<meta name=\"twitter:data1\" content=\"Daouda\" \/>\n\t<meta name=\"twitter:label2\" content=\"Dur\u00e9e de lecture estim\u00e9e\" \/>\n\t<meta name=\"twitter:data2\" content=\"2 minutes\" \/>\n<script type=\"application\/ld+json\" class=\"yoast-schema-graph\">{\"@context\":\"https:\/\/schema.org\",\"@graph\":[{\"@type\":\"WebSite\",\"@id\":\"https:\/\/www.nettali.com\/#website\",\"url\":\"https:\/\/www.nettali.com\/\",\"name\":\"Nettali.com\",\"description\":\"Le rendez-vous critique du Net\",\"potentialAction\":[{\"@type\":\"SearchAction\",\"target\":{\"@type\":\"EntryPoint\",\"urlTemplate\":\"https:\/\/www.nettali.com\/?s={search_term_string}\"},\"query-input\":\"required name=search_term_string\"}],\"inLanguage\":\"fr-FR\"},{\"@type\":\"ImageObject\",\"@id\":\"https:\/\/www.nettali.com\/2025\/04\/29\/mouhamadou-bachir-seye-nouveau-membre-du-conseil-constitutionnel-je-vais-exercer-mon-mandat-avec-humilite-responsabilite-et-rigueur-dans-le-respect-des-lois\/#primaryimage\",\"inLanguage\":\"fr-FR\",\"url\":\"https:\/\/www.nettali.com\/wp-content\/uploads\/2025\/04\/Capture-de\\u0301cran-2025-04-29-a\\u0300-14.07.19.png\",\"contentUrl\":\"https:\/\/www.nettali.com\/wp-content\/uploads\/2025\/04\/Capture-de\\u0301cran-2025-04-29-a\\u0300-14.07.19.png\",\"width\":608,\"height\":349},{\"@type\":\"WebPage\",\"@id\":\"https:\/\/www.nettali.com\/2025\/04\/29\/mouhamadou-bachir-seye-nouveau-membre-du-conseil-constitutionnel-je-vais-exercer-mon-mandat-avec-humilite-responsabilite-et-rigueur-dans-le-respect-des-lois\/#webpage\",\"url\":\"https:\/\/www.nettali.com\/2025\/04\/29\/mouhamadou-bachir-seye-nouveau-membre-du-conseil-constitutionnel-je-vais-exercer-mon-mandat-avec-humilite-responsabilite-et-rigueur-dans-le-respect-des-lois\/\",\"name\":\"MOUHAMADOU BACHIR SEYE, NOUVEAU MEMBRE DU CONSEIL CONSTITUTIONNEL : \\\"Je vais exercer mon mandat avec humilit\\u00e9, responsabilit\\u00e9 et rigueur dans le respect des lois\\\" | Nettali.com\",\"isPartOf\":{\"@id\":\"https:\/\/www.nettali.com\/#website\"},\"primaryImageOfPage\":{\"@id\":\"https:\/\/www.nettali.com\/2025\/04\/29\/mouhamadou-bachir-seye-nouveau-membre-du-conseil-constitutionnel-je-vais-exercer-mon-mandat-avec-humilite-responsabilite-et-rigueur-dans-le-respect-des-lois\/#primaryimage\"},\"datePublished\":\"2025-04-29T15:07:32+00:00\",\"dateModified\":\"2025-04-29T20:05:08+00:00\",\"author\":{\"@id\":\"https:\/\/www.nettali.com\/#\/schema\/person\/3317e0bb3aa1da309fbf7b2780901bf4\"},\"breadcrumb\":{\"@id\":\"https:\/\/www.nettali.com\/2025\/04\/29\/mouhamadou-bachir-seye-nouveau-membre-du-conseil-constitutionnel-je-vais-exercer-mon-mandat-avec-humilite-responsabilite-et-rigueur-dans-le-respect-des-lois\/#breadcrumb\"},\"inLanguage\":\"fr-FR\",\"potentialAction\":[{\"@type\":\"ReadAction\",\"target\":[\"https:\/\/www.nettali.com\/2025\/04\/29\/mouhamadou-bachir-seye-nouveau-membre-du-conseil-constitutionnel-je-vais-exercer-mon-mandat-avec-humilite-responsabilite-et-rigueur-dans-le-respect-des-lois\/\"]}]},{\"@type\":\"BreadcrumbList\",\"@id\":\"https:\/\/www.nettali.com\/2025\/04\/29\/mouhamadou-bachir-seye-nouveau-membre-du-conseil-constitutionnel-je-vais-exercer-mon-mandat-avec-humilite-responsabilite-et-rigueur-dans-le-respect-des-lois\/#breadcrumb\",\"itemListElement\":[{\"@type\":\"ListItem\",\"position\":1,\"name\":\"Accueil\",\"item\":\"https:\/\/www.nettali.com\/\"},{\"@type\":\"ListItem\",\"position\":2,\"name\":\"MOUHAMADOU BACHIR SEYE, NOUVEAU MEMBRE DU CONSEIL CONSTITUTIONNEL : \\\"Je vais exercer mon mandat avec humilit\\u00e9, responsabilit\\u00e9 et rigueur dans le respect des lois\\\"\"}]},{\"@type\":\"Person\",\"@id\":\"https:\/\/www.nettali.com\/#\/schema\/person\/3317e0bb3aa1da309fbf7b2780901bf4\",\"name\":\"Daouda\",\"image\":{\"@type\":\"ImageObject\",\"@id\":\"https:\/\/www.nettali.com\/#personlogo\",\"inLanguage\":\"fr-FR\",\"url\":\"https:\/\/secure.gravatar.com\/avatar\/8d143b5a49345098ddcfee1c49c2f47c?s=96&d=mm&r=g\",\"contentUrl\":\"https:\/\/secure.gravatar.com\/avatar\/8d143b5a49345098ddcfee1c49c2f47c?s=96&d=mm&r=g\",\"caption\":\"Daouda\"},\"sameAs\":[\"https:\/\/www.nettali.com\"]}]}<\/script>\n<!-- \/ Yoast SEO Premium plugin. -->","yoast_head_json":{"title":"MOUHAMADOU BACHIR SEYE, NOUVEAU MEMBRE DU CONSEIL CONSTITUTIONNEL : \"Je vais exercer mon mandat avec humilit\u00e9, responsabilit\u00e9 et rigueur dans le respect des lois\" | Nettali.com","robots":{"index":"index","follow":"follow","max-snippet":"max-snippet:-1","max-image-preview":"max-image-preview:large","max-video-preview":"max-video-preview:-1"},"canonical":"https:\/\/www.nettali.com\/2025\/04\/29\/mouhamadou-bachir-seye-nouveau-membre-du-conseil-constitutionnel-je-vais-exercer-mon-mandat-avec-humilite-responsabilite-et-rigueur-dans-le-respect-des-lois\/","og_locale":"fr_FR","og_type":"article","og_title":"MOUHAMADOU BACHIR SEYE, NOUVEAU MEMBRE DU CONSEIL CONSTITUTIONNEL : \"Je vais exercer mon mandat avec humilit\u00e9, responsabilit\u00e9 et rigueur dans le respect des lois\"","og_description":"NETTALI.COM - Le magistrat Mouhamadou Bachir S\u00e8ye, install\u00e9, lundi, dans ses fonctions de juge au Conseil constitutionnel, s\u2019est engag\u00e9 \u00e0 exercer son mandat \"avec humilit\u00e9, responsabilit\u00e9 et rigueur dans le respect des lois\". \"Je mesure pleinement la responsabilit\u00e9 qui m\u2019incombe \u00e0 partir d\u2019aujourd\u2019hui. Et je m\u2019engage \u00e0 exercer mes fonctions avec humilit\u00e9, responsabilit\u00e9 et rigueur [&hellip;]","og_url":"https:\/\/www.nettali.com\/2025\/04\/29\/mouhamadou-bachir-seye-nouveau-membre-du-conseil-constitutionnel-je-vais-exercer-mon-mandat-avec-humilite-responsabilite-et-rigueur-dans-le-respect-des-lois\/","og_site_name":"Nettali.com","article_publisher":"https:\/\/www.facebook.com\/nettalicom","article_published_time":"2025-04-29T15:07:32+00:00","article_modified_time":"2025-04-29T20:05:08+00:00","og_image":[{"width":608,"height":349,"url":"https:\/\/www.nettali.com\/wp-content\/uploads\/2025\/04\/Capture-de\u0301cran-2025-04-29-a\u0300-14.07.19.png","type":"image\/png"}],"twitter_card":"summary_large_image","twitter_misc":{"\u00c9crit par":"Daouda","Dur\u00e9e de lecture estim\u00e9e":"2 minutes"},"schema":{"@context":"https:\/\/schema.org","@graph":[{"@type":"WebSite","@id":"https:\/\/www.nettali.com\/#website","url":"https:\/\/www.nettali.com\/","name":"Nettali.com","description":"Le rendez-vous critique du Net","potentialAction":[{"@type":"SearchAction","target":{"@type":"EntryPoint","urlTemplate":"https:\/\/www.nettali.com\/?s={search_term_string}"},"query-input":"required name=search_term_string"}],"inLanguage":"fr-FR"},{"@type":"ImageObject","@id":"https:\/\/www.nettali.com\/2025\/04\/29\/mouhamadou-bachir-seye-nouveau-membre-du-conseil-constitutionnel-je-vais-exercer-mon-mandat-avec-humilite-responsabilite-et-rigueur-dans-le-respect-des-lois\/#primaryimage","inLanguage":"fr-FR","url":"https:\/\/www.nettali.com\/wp-content\/uploads\/2025\/04\/Capture-de\u0301cran-2025-04-29-a\u0300-14.07.19.png","contentUrl":"https:\/\/www.nettali.com\/wp-content\/uploads\/2025\/04\/Capture-de\u0301cran-2025-04-29-a\u0300-14.07.19.png","width":608,"height":349},{"@type":"WebPage","@id":"https:\/\/www.nettali.com\/2025\/04\/29\/mouhamadou-bachir-seye-nouveau-membre-du-conseil-constitutionnel-je-vais-exercer-mon-mandat-avec-humilite-responsabilite-et-rigueur-dans-le-respect-des-lois\/#webpage","url":"https:\/\/www.nettali.com\/2025\/04\/29\/mouhamadou-bachir-seye-nouveau-membre-du-conseil-constitutionnel-je-vais-exercer-mon-mandat-avec-humilite-responsabilite-et-rigueur-dans-le-respect-des-lois\/","name":"MOUHAMADOU BACHIR SEYE, NOUVEAU MEMBRE DU CONSEIL CONSTITUTIONNEL : \"Je vais exercer mon mandat avec humilit\u00e9, responsabilit\u00e9 et rigueur dans le respect des lois\" | Nettali.com","isPartOf":{"@id":"https:\/\/www.nettali.com\/#website"},"primaryImageOfPage":{"@id":"https:\/\/www.nettali.com\/2025\/04\/29\/mouhamadou-bachir-seye-nouveau-membre-du-conseil-constitutionnel-je-vais-exercer-mon-mandat-avec-humilite-responsabilite-et-rigueur-dans-le-respect-des-lois\/#primaryimage"},"datePublished":"2025-04-29T15:07:32+00:00","dateModified":"2025-04-29T20:05:08+00:00","author":{"@id":"https:\/\/www.nettali.com\/#\/schema\/person\/3317e0bb3aa1da309fbf7b2780901bf4"},"breadcrumb":{"@id":"https:\/\/www.nettali.com\/2025\/04\/29\/mouhamadou-bachir-seye-nouveau-membre-du-conseil-constitutionnel-je-vais-exercer-mon-mandat-avec-humilite-responsabilite-et-rigueur-dans-le-respect-des-lois\/#breadcrumb"},"inLanguage":"fr-FR","potentialAction":[{"@type":"ReadAction","target":["https:\/\/www.nettali.com\/2025\/04\/29\/mouhamadou-bachir-seye-nouveau-membre-du-conseil-constitutionnel-je-vais-exercer-mon-mandat-avec-humilite-responsabilite-et-rigueur-dans-le-respect-des-lois\/"]}]},{"@type":"BreadcrumbList","@id":"https:\/\/www.nettali.com\/2025\/04\/29\/mouhamadou-bachir-seye-nouveau-membre-du-conseil-constitutionnel-je-vais-exercer-mon-mandat-avec-humilite-responsabilite-et-rigueur-dans-le-respect-des-lois\/#breadcrumb","itemListElement":[{"@type":"ListItem","position":1,"name":"Accueil","item":"https:\/\/www.nettali.com\/"},{"@type":"ListItem","position":2,"name":"MOUHAMADOU BACHIR SEYE, NOUVEAU MEMBRE DU CONSEIL CONSTITUTIONNEL : \"Je vais exercer mon mandat avec humilit\u00e9, responsabilit\u00e9 et rigueur dans le respect des lois\""}]},{"@type":"Person","@id":"https:\/\/www.nettali.com\/#\/schema\/person\/3317e0bb3aa1da309fbf7b2780901bf4","name":"Daouda","image":{"@type":"ImageObject","@id":"https:\/\/www.nettali.com\/#personlogo","inLanguage":"fr-FR","url":"https:\/\/secure.gravatar.com\/avatar\/8d143b5a49345098ddcfee1c49c2f47c?s=96&d=mm&r=g","contentUrl":"https:\/\/secure.gravatar.com\/avatar\/8d143b5a49345098ddcfee1c49c2f47c?s=96&d=mm&r=g","caption":"Daouda"},"sameAs":["https:\/\/www.nettali.com"]}]}},"_links":{"self":[{"href":"https:\/\/www.nettali.com\/rest\/wp\/v2\/posts\/153246"}],"collection":[{"href":"https:\/\/www.nettali.com\/rest\/wp\/v2\/posts"}],"about":[{"href":"https:\/\/www.nettali.com\/rest\/wp\/v2\/types\/post"}],"author":[{"embeddable":true,"href":"https:\/\/www.nettali.com\/rest\/wp\/v2\/users\/4"}],"replies":[{"embeddable":true,"href":"https:\/\/www.nettali.com\/rest\/wp\/v2\/comments?post=153246"}],"version-history":[{"count":2,"href":"https:\/\/www.nettali.com\/rest\/wp\/v2\/posts\/153246\/revisions"}],"predecessor-version":[{"id":153271,"href":"https:\/\/www.nettali.com\/rest\/wp\/v2\/posts\/153246\/revisions\/153271"}],"wp:featuredmedia":[{"embeddable":true,"href":"https:\/\/www.nettali.com\/rest\/wp\/v2\/media\/153247"}],"wp:attachment":[{"href":"https:\/\/www.nettali.com\/rest\/wp\/v2\/media?parent=153246"}],"wp:term":[{"taxonomy":"category","embeddable":true,"href":"https:\/\/www.nettali.com\/rest\/wp\/v2\/categories?post=153246"},{"taxonomy":"post_tag","embeddable":true,"href":"https:\/\/www.nettali.com\/rest\/wp\/v2\/tags?post=153246"}],"curies":[{"name":"wp","href":"https:\/\/api.w.org\/{rel}","templated":true}]}}