{"id":153213,"date":"2025-04-29T08:30:36","date_gmt":"2025-04-29T08:30:36","guid":{"rendered":"https:\/\/www.nettali.com\/?p=153213"},"modified":"2025-04-30T07:52:42","modified_gmt":"2025-04-30T07:52:42","slug":"levee-de-limmunite-parlementaire-lassemblee-choisit-ses-procureurs","status":"publish","type":"post","link":"https:\/\/www.nettali.com\/2025\/04\/29\/levee-de-limmunite-parlementaire-lassemblee-choisit-ses-procureurs\/","title":{"rendered":"LEV\u00c9E DE L'IMMUNIT\u00c9 PARLEMENTAIRE - L'Assembl\u00e9e choisit ses \"procureurs\""},"content":{"rendered":"<p><strong>NETTALI.COM -<\/strong> C\u2019\u00e9tait une s\u00e9ance en mode fast-track. R\u00e9unis le lundi 28 avril en s\u00e9ance pl\u00e9ni\u00e8re, les d\u00e9put\u00e9s ont ratifi\u00e9 sans grandes difficult\u00e9s, les r\u00e9solutions portant mise en place des commissions ad hoc charg\u00e9es d'instruire les demandes de lev\u00e9e de l'immunit\u00e9 parlementaire des d\u00e9put\u00e9s Moustapha Diop et Salimata Diop.<\/p>\n<p>Conform\u00e9ment \u00e0 l\u2019article 34 du r\u00e8glement int\u00e9rieur de l\u2019Assembl\u00e9e nationale, deux commissions de 11 membres r\u00e9partis au prorata des groupes et des non-inscrits ont \u00e9t\u00e9 mises en place. Sur cette base, Pastef compte neuf membres dans chacune des deux commissions, Takku-Wallu un, non-inscrits un.<\/p>\n<p>\u00c0 noter que Pastef a propos\u00e9 les m\u00eames d\u00e9put\u00e9s pour les deux commissions. Il s'agit de Mouhamed Ayib Salim Daff\u00e9, Abdoulaye Tall, Ansoumana Sarr, Youngare Dione, Marie Ang\u00e9lique Mame Selb\u00e9 Diouf, Nd\u00e8ye Marie San\u00e9, Sokhna Diarra Thiaw, Mayabe Mbaye et Safi\u00e9tou Sow.<\/p>\n<p>Quant \u00e0 Takku Wallu, il a propos\u00e9 Djimo Souwar\u00e9 et Barane Fofana, respectivement pour Moustapha Diop et Salimata Diop. Pour les non-inscrits, ils seront repr\u00e9sent\u00e9s respectivement par Moussa Hamady Sarr et Anta Babacar Ngom.<\/p>\n<p>La prochaine \u00e9tape sera ainsi l'audition des d\u00e9put\u00e9s concern\u00e9s. Lesquels pourront, s'ils le d\u00e9sirent, se faire assister par un de leurs coll\u00e8gues.<\/p>\n<p>Apr\u00e8s cette \u00e9tape, le dossier va revenir en pl\u00e9ni\u00e8re o\u00f9 les parlementaires doivent d\u00e9cider souverainement s'ils acc\u00e8dent ou non \u00e0 la requ\u00eate de l'Ex\u00e9cutif.<\/p>\n<p>Il convient de rappeler que les deux d\u00e9put\u00e9s, dont la demande de lev\u00e9e de l'immunit\u00e9 a \u00e9t\u00e9 introduite par le ministre de la Justice, \u00e9taient ministres dans le r\u00e9gime de Macky Sall et sont poursuivis pour leur implication dans l'affaire dite de la gestion des fonds Covid qui d\u00e9fraie la chronique depuis quelque temps. Depuis que la 15e l\u00e9gislature a \u00e9t\u00e9 install\u00e9e, ce sera au moins les troisi\u00e8me et quatri\u00e8me fois que les d\u00e9put\u00e9s se r\u00e9unissent pour lever l'immunit\u00e9 parlementaire de leurs coll\u00e8gues. Le premier a \u00e9t\u00e9 Farba Ngom, ensuite Moustapha Diop, puis Nd\u00e8ye Saly Diop et \u00e0 nouveau Moustapha Diop.<\/p>\n<div class='share-to-whatsapp-wrapper'><div class='share-on-whsp'>PARTAGER SUR : <\/div><a data-text='LEV\u00c9E DE L'IMMUNIT\u00c9 PARLEMENTAIRE - L'Assembl\u00e9e choisit ses \"procureurs\"' data-link='https:\/\/www.nettali.com\/2025\/04\/29\/levee-de-limmunite-parlementaire-lassemblee-choisit-ses-procureurs\/' class='whatsapp-button whatsapp-share'>WhatsApp<\/a><div class='clear '><\/div><\/div>","protected":false},"excerpt":{"rendered":"<p>NETTALI.COM - C\u2019\u00e9tait une s\u00e9ance en mode fast-track. R\u00e9unis le lundi 28 avril en s\u00e9ance pl\u00e9ni\u00e8re, les d\u00e9put\u00e9s ont ratifi\u00e9 sans grandes difficult\u00e9s, les r\u00e9solutions portant mise en place des commissions ad hoc charg\u00e9es d'instruire les demandes de lev\u00e9e de l'immunit\u00e9 parlementaire des d\u00e9put\u00e9s Moustapha Diop et Salimata Diop. Conform\u00e9ment \u00e0 l\u2019article 34 du r\u00e8glement [&hellip;]<\/p>\n","protected":false},"author":2,"featured_media":153214,"comment_status":"open","ping_status":"open","sticky":false,"template":"","format":"standard","meta":{"_et_pb_use_builder":"","_et_pb_old_content":""},"categories":[2],"tags":[],"yoast_head":"<!-- This site is optimized with the Yoast SEO Premium plugin v17.8 (Yoast SEO v17.8) - https:\/\/yoast.com\/wordpress\/plugins\/seo\/ -->\n<title>LEV\u00c9E DE L&#039;IMMUNIT\u00c9 PARLEMENTAIRE - L&#039;Assembl\u00e9e choisit ses &quot;procureurs&quot; | Nettali.com<\/title>\n<meta name=\"robots\" content=\"index, follow, max-snippet:-1, max-image-preview:large, max-video-preview:-1\" \/>\n<link rel=\"canonical\" href=\"https:\/\/www.nettali.com\/2025\/04\/29\/levee-de-limmunite-parlementaire-lassemblee-choisit-ses-procureurs\/\" \/>\n<meta property=\"og:locale\" content=\"fr_FR\" \/>\n<meta property=\"og:type\" content=\"article\" \/>\n<meta property=\"og:title\" content=\"LEV\u00c9E DE L&#039;IMMUNIT\u00c9 PARLEMENTAIRE - L&#039;Assembl\u00e9e choisit ses &quot;procureurs&quot;\" \/>\n<meta property=\"og:description\" content=\"NETTALI.COM - C\u2019\u00e9tait une s\u00e9ance en mode fast-track. R\u00e9unis le lundi 28 avril en s\u00e9ance pl\u00e9ni\u00e8re, les d\u00e9put\u00e9s ont ratifi\u00e9 sans grandes difficult\u00e9s, les r\u00e9solutions portant mise en place des commissions ad hoc charg\u00e9es d&#039;instruire les demandes de lev\u00e9e de l&#039;immunit\u00e9 parlementaire des d\u00e9put\u00e9s Moustapha Diop et Salimata Diop. Conform\u00e9ment \u00e0 l\u2019article 34 du r\u00e8glement [&hellip;]\" \/>\n<meta property=\"og:url\" content=\"https:\/\/www.nettali.com\/2025\/04\/29\/levee-de-limmunite-parlementaire-lassemblee-choisit-ses-procureurs\/\" \/>\n<meta property=\"og:site_name\" content=\"Nettali.com\" \/>\n<meta property=\"article:publisher\" content=\"https:\/\/www.facebook.com\/nettalicom\" \/>\n<meta property=\"article:published_time\" content=\"2025-04-29T08:30:36+00:00\" \/>\n<meta property=\"article:modified_time\" content=\"2025-04-30T07:52:42+00:00\" \/>\n<meta property=\"og:image\" content=\"https:\/\/www.nettali.com\/wp-content\/uploads\/2025\/04\/84966907-60628691.jpg\" \/>\n\t<meta property=\"og:image:width\" content=\"1215\" \/>\n\t<meta property=\"og:image:height\" content=\"810\" \/>\n<meta name=\"twitter:card\" content=\"summary_large_image\" \/>\n<meta name=\"twitter:label1\" content=\"\u00c9crit par\" \/>\n\t<meta name=\"twitter:data1\" content=\"CK\" \/>\n\t<meta name=\"twitter:label2\" content=\"Dur\u00e9e de lecture estim\u00e9e\" \/>\n\t<meta name=\"twitter:data2\" content=\"2 minutes\" \/>\n<script type=\"application\/ld+json\" class=\"yoast-schema-graph\">{\"@context\":\"https:\/\/schema.org\",\"@graph\":[{\"@type\":\"WebSite\",\"@id\":\"https:\/\/www.nettali.com\/#website\",\"url\":\"https:\/\/www.nettali.com\/\",\"name\":\"Nettali.com\",\"description\":\"Le rendez-vous critique du Net\",\"potentialAction\":[{\"@type\":\"SearchAction\",\"target\":{\"@type\":\"EntryPoint\",\"urlTemplate\":\"https:\/\/www.nettali.com\/?s={search_term_string}\"},\"query-input\":\"required name=search_term_string\"}],\"inLanguage\":\"fr-FR\"},{\"@type\":\"ImageObject\",\"@id\":\"https:\/\/www.nettali.com\/2025\/04\/29\/levee-de-limmunite-parlementaire-lassemblee-choisit-ses-procureurs\/#primaryimage\",\"inLanguage\":\"fr-FR\",\"url\":\"https:\/\/www.nettali.com\/wp-content\/uploads\/2025\/04\/84966907-60628691.jpg\",\"contentUrl\":\"https:\/\/www.nettali.com\/wp-content\/uploads\/2025\/04\/84966907-60628691.jpg\",\"width\":1215,\"height\":810},{\"@type\":\"WebPage\",\"@id\":\"https:\/\/www.nettali.com\/2025\/04\/29\/levee-de-limmunite-parlementaire-lassemblee-choisit-ses-procureurs\/#webpage\",\"url\":\"https:\/\/www.nettali.com\/2025\/04\/29\/levee-de-limmunite-parlementaire-lassemblee-choisit-ses-procureurs\/\",\"name\":\"LEV\\u00c9E DE L'IMMUNIT\\u00c9 PARLEMENTAIRE - L'Assembl\\u00e9e choisit ses \\\"procureurs\\\" | Nettali.com\",\"isPartOf\":{\"@id\":\"https:\/\/www.nettali.com\/#website\"},\"primaryImageOfPage\":{\"@id\":\"https:\/\/www.nettali.com\/2025\/04\/29\/levee-de-limmunite-parlementaire-lassemblee-choisit-ses-procureurs\/#primaryimage\"},\"datePublished\":\"2025-04-29T08:30:36+00:00\",\"dateModified\":\"2025-04-30T07:52:42+00:00\",\"author\":{\"@id\":\"https:\/\/www.nettali.com\/#\/schema\/person\/d8ac7b7e27ddad43f1c0d2ef090d7f71\"},\"breadcrumb\":{\"@id\":\"https:\/\/www.nettali.com\/2025\/04\/29\/levee-de-limmunite-parlementaire-lassemblee-choisit-ses-procureurs\/#breadcrumb\"},\"inLanguage\":\"fr-FR\",\"potentialAction\":[{\"@type\":\"ReadAction\",\"target\":[\"https:\/\/www.nettali.com\/2025\/04\/29\/levee-de-limmunite-parlementaire-lassemblee-choisit-ses-procureurs\/\"]}]},{\"@type\":\"BreadcrumbList\",\"@id\":\"https:\/\/www.nettali.com\/2025\/04\/29\/levee-de-limmunite-parlementaire-lassemblee-choisit-ses-procureurs\/#breadcrumb\",\"itemListElement\":[{\"@type\":\"ListItem\",\"position\":1,\"name\":\"Accueil\",\"item\":\"https:\/\/www.nettali.com\/\"},{\"@type\":\"ListItem\",\"position\":2,\"name\":\"LEV\\u00c9E DE L'IMMUNIT\\u00c9 PARLEMENTAIRE - L'Assembl\\u00e9e choisit ses \\\"procureurs\\\"\"}]},{\"@type\":\"Person\",\"@id\":\"https:\/\/www.nettali.com\/#\/schema\/person\/d8ac7b7e27ddad43f1c0d2ef090d7f71\",\"name\":\"CK\",\"image\":{\"@type\":\"ImageObject\",\"@id\":\"https:\/\/www.nettali.com\/#personlogo\",\"inLanguage\":\"fr-FR\",\"url\":\"https:\/\/secure.gravatar.com\/avatar\/1d8d5118b9327d94da7cd4ce7f17fec2?s=96&d=mm&r=g\",\"contentUrl\":\"https:\/\/secure.gravatar.com\/avatar\/1d8d5118b9327d94da7cd4ce7f17fec2?s=96&d=mm&r=g\",\"caption\":\"CK\"},\"sameAs\":[\"https:\/\/www.nettali.com\"]}]}<\/script>\n<!-- \/ Yoast SEO Premium plugin. -->","yoast_head_json":{"title":"LEV\u00c9E DE L'IMMUNIT\u00c9 PARLEMENTAIRE - L'Assembl\u00e9e choisit ses \"procureurs\" | Nettali.com","robots":{"index":"index","follow":"follow","max-snippet":"max-snippet:-1","max-image-preview":"max-image-preview:large","max-video-preview":"max-video-preview:-1"},"canonical":"https:\/\/www.nettali.com\/2025\/04\/29\/levee-de-limmunite-parlementaire-lassemblee-choisit-ses-procureurs\/","og_locale":"fr_FR","og_type":"article","og_title":"LEV\u00c9E DE L'IMMUNIT\u00c9 PARLEMENTAIRE - L'Assembl\u00e9e choisit ses \"procureurs\"","og_description":"NETTALI.COM - C\u2019\u00e9tait une s\u00e9ance en mode fast-track. R\u00e9unis le lundi 28 avril en s\u00e9ance pl\u00e9ni\u00e8re, les d\u00e9put\u00e9s ont ratifi\u00e9 sans grandes difficult\u00e9s, les r\u00e9solutions portant mise en place des commissions ad hoc charg\u00e9es d'instruire les demandes de lev\u00e9e de l'immunit\u00e9 parlementaire des d\u00e9put\u00e9s Moustapha Diop et Salimata Diop. Conform\u00e9ment \u00e0 l\u2019article 34 du r\u00e8glement [&hellip;]","og_url":"https:\/\/www.nettali.com\/2025\/04\/29\/levee-de-limmunite-parlementaire-lassemblee-choisit-ses-procureurs\/","og_site_name":"Nettali.com","article_publisher":"https:\/\/www.facebook.com\/nettalicom","article_published_time":"2025-04-29T08:30:36+00:00","article_modified_time":"2025-04-30T07:52:42+00:00","og_image":[{"width":1215,"height":810,"url":"https:\/\/www.nettali.com\/wp-content\/uploads\/2025\/04\/84966907-60628691.jpg","type":"image\/jpeg"}],"twitter_card":"summary_large_image","twitter_misc":{"\u00c9crit par":"CK","Dur\u00e9e de lecture estim\u00e9e":"2 minutes"},"schema":{"@context":"https:\/\/schema.org","@graph":[{"@type":"WebSite","@id":"https:\/\/www.nettali.com\/#website","url":"https:\/\/www.nettali.com\/","name":"Nettali.com","description":"Le rendez-vous critique du Net","potentialAction":[{"@type":"SearchAction","target":{"@type":"EntryPoint","urlTemplate":"https:\/\/www.nettali.com\/?s={search_term_string}"},"query-input":"required name=search_term_string"}],"inLanguage":"fr-FR"},{"@type":"ImageObject","@id":"https:\/\/www.nettali.com\/2025\/04\/29\/levee-de-limmunite-parlementaire-lassemblee-choisit-ses-procureurs\/#primaryimage","inLanguage":"fr-FR","url":"https:\/\/www.nettali.com\/wp-content\/uploads\/2025\/04\/84966907-60628691.jpg","contentUrl":"https:\/\/www.nettali.com\/wp-content\/uploads\/2025\/04\/84966907-60628691.jpg","width":1215,"height":810},{"@type":"WebPage","@id":"https:\/\/www.nettali.com\/2025\/04\/29\/levee-de-limmunite-parlementaire-lassemblee-choisit-ses-procureurs\/#webpage","url":"https:\/\/www.nettali.com\/2025\/04\/29\/levee-de-limmunite-parlementaire-lassemblee-choisit-ses-procureurs\/","name":"LEV\u00c9E DE L'IMMUNIT\u00c9 PARLEMENTAIRE - L'Assembl\u00e9e choisit ses \"procureurs\" | Nettali.com","isPartOf":{"@id":"https:\/\/www.nettali.com\/#website"},"primaryImageOfPage":{"@id":"https:\/\/www.nettali.com\/2025\/04\/29\/levee-de-limmunite-parlementaire-lassemblee-choisit-ses-procureurs\/#primaryimage"},"datePublished":"2025-04-29T08:30:36+00:00","dateModified":"2025-04-30T07:52:42+00:00","author":{"@id":"https:\/\/www.nettali.com\/#\/schema\/person\/d8ac7b7e27ddad43f1c0d2ef090d7f71"},"breadcrumb":{"@id":"https:\/\/www.nettali.com\/2025\/04\/29\/levee-de-limmunite-parlementaire-lassemblee-choisit-ses-procureurs\/#breadcrumb"},"inLanguage":"fr-FR","potentialAction":[{"@type":"ReadAction","target":["https:\/\/www.nettali.com\/2025\/04\/29\/levee-de-limmunite-parlementaire-lassemblee-choisit-ses-procureurs\/"]}]},{"@type":"BreadcrumbList","@id":"https:\/\/www.nettali.com\/2025\/04\/29\/levee-de-limmunite-parlementaire-lassemblee-choisit-ses-procureurs\/#breadcrumb","itemListElement":[{"@type":"ListItem","position":1,"name":"Accueil","item":"https:\/\/www.nettali.com\/"},{"@type":"ListItem","position":2,"name":"LEV\u00c9E DE L'IMMUNIT\u00c9 PARLEMENTAIRE - L'Assembl\u00e9e choisit ses \"procureurs\""}]},{"@type":"Person","@id":"https:\/\/www.nettali.com\/#\/schema\/person\/d8ac7b7e27ddad43f1c0d2ef090d7f71","name":"CK","image":{"@type":"ImageObject","@id":"https:\/\/www.nettali.com\/#personlogo","inLanguage":"fr-FR","url":"https:\/\/secure.gravatar.com\/avatar\/1d8d5118b9327d94da7cd4ce7f17fec2?s=96&d=mm&r=g","contentUrl":"https:\/\/secure.gravatar.com\/avatar\/1d8d5118b9327d94da7cd4ce7f17fec2?s=96&d=mm&r=g","caption":"CK"},"sameAs":["https:\/\/www.nettali.com"]}]}},"_links":{"self":[{"href":"https:\/\/www.nettali.com\/rest\/wp\/v2\/posts\/153213"}],"collection":[{"href":"https:\/\/www.nettali.com\/rest\/wp\/v2\/posts"}],"about":[{"href":"https:\/\/www.nettali.com\/rest\/wp\/v2\/types\/post"}],"author":[{"embeddable":true,"href":"https:\/\/www.nettali.com\/rest\/wp\/v2\/users\/2"}],"replies":[{"embeddable":true,"href":"https:\/\/www.nettali.com\/rest\/wp\/v2\/comments?post=153213"}],"version-history":[{"count":1,"href":"https:\/\/www.nettali.com\/rest\/wp\/v2\/posts\/153213\/revisions"}],"predecessor-version":[{"id":153215,"href":"https:\/\/www.nettali.com\/rest\/wp\/v2\/posts\/153213\/revisions\/153215"}],"wp:featuredmedia":[{"embeddable":true,"href":"https:\/\/www.nettali.com\/rest\/wp\/v2\/media\/153214"}],"wp:attachment":[{"href":"https:\/\/www.nettali.com\/rest\/wp\/v2\/media?parent=153213"}],"wp:term":[{"taxonomy":"category","embeddable":true,"href":"https:\/\/www.nettali.com\/rest\/wp\/v2\/categories?post=153213"},{"taxonomy":"post_tag","embeddable":true,"href":"https:\/\/www.nettali.com\/rest\/wp\/v2\/tags?post=153213"}],"curies":[{"name":"wp","href":"https:\/\/api.w.org\/{rel}","templated":true}]}}