{"id":153201,"date":"2025-04-28T23:59:37","date_gmt":"2025-04-28T23:59:37","guid":{"rendered":"https:\/\/www.nettali.com\/?p=153201"},"modified":"2025-04-30T07:51:52","modified_gmt":"2025-04-30T07:51:52","slug":"affaire-ismaila-madior-fall-ce-quon-sait-de-laccusateur-de-lex-ministre-de-la-justice","status":"publish","type":"post","link":"https:\/\/www.nettali.com\/2025\/04\/28\/affaire-ismaila-madior-fall-ce-quon-sait-de-laccusateur-de-lex-ministre-de-la-justice\/","title":{"rendered":"AFFAIRE ISMAILA MADIOR FALL - Ce qu'on sait de l'accusateur de l'ex-ministre de la Justice"},"content":{"rendered":"<p><strong>NETTALI.COM - Cheikh Gueye. Ce nom s'impose sur la sc\u00e8ne m\u00e9diatique depuis que l'ancien ministre Isma\u00efla Madior Fall l'a cit\u00e9 dans une \u00e9mission sur la 7Tv. L'homme est accus\u00e9 d'avoir tent\u00e9 de corrompre l'ex ministre de la Justice. Mais qui est vraiment cet homme dont l'entreprise avait \u00e9t\u00e9 choisie pour la construction d'un centre de surveillance des bracelets \u00e9lectroniques.\u00a0<\/strong><\/p>\n<p>L'affaire remonte \u00e0 2023. A l'\u00e9poque, le minist\u00e8re de la Justice avait deux projets \u00e0 r\u00e9aliser. Le premier concerne un centre d'accueil pour enfants. Et le deuxi\u00e8me consistait \u00e0 construire un centre de surveillance des bracelets \u00e9lectroniques. Pr\u00e9sent\u00e9 au ministre Isma\u00efla Madior Fall, le chef d'entreprise Cheikh Gueye r\u00e9ussit \u00e0 d\u00e9crocher le march\u00e9 qui ne sera finalement jamais ex\u00e9cut\u00e9. Et pour cause, l'entrepreur qui devait \u00eatre pay\u00e9 par dation n'a pu aller jusqu'au bout de son contrat avec le minist\u00e8re de la Justice. Apr\u00e8s le changement de r\u00e9gime, une enqu\u00eate est ouverte pour Association de malfaiteurs, escroquerie fonci\u00e8re et blanchiment de capitaux. Ce, apr\u00e8s que plusieurs manquements ont \u00e9t\u00e9 constat\u00e9s dans cette affaire. Mais qui est vraiment ce Cheikh Gueye que l'ex-ministre de la Justice accuse de tentative de corruption et qui avait \u00e9t\u00e9 entendu par la Division des investigations criminelles (DIC) depuis le 1er octobre 2024?<\/p>\n<p>N\u00e9 \u00e0 Kaolack en 1971, Cheikh Gueye se pr\u00e9sente comme le Directeur g\u00e9n\u00e9ral de la soci\u00e9t\u00e9 Technologie consulting service. Mari\u00e9 et p\u00e8re de 7 enfants, il dit \u00eatre titulaire du BFEM. Aux enqu\u00eateurs, il confie avoir arr\u00eat\u00e9 ses \u00e9tudes pour assister sa m\u00e8re malade. Et ce n'est qu'apr\u00e8s le d\u00e9c\u00e8s de cette derni\u00e8re que Cheikh Gueye viendra s'installer \u00e0 Dakar. C'\u00e9tait en 1991. Il travaillera pour le compte d'un cousin avant de lancer sa propre affaire. Sa premi\u00e8re entreprise est sp\u00e9cialis\u00e9e dans l'informatique, le BTP, l'armement et divers commerces. Et ce n'est qu'en 2023 qu'il d\u00e9croche un contrat avec le minist\u00e8re de la Justice. Contrat sign\u00e9 par Isma\u00efla Madior Fall, lui-m\u00eame, pour la construction d'un centre d'accueil pour enfants et d'un centre de surveillance de bracelets \u00e9lectroniques. Dans ledit contrat, il est pr\u00e9cis\u00e9 qu'il devait \u00eatre pay\u00e9 en dation. C'est ainsi que 9430 m2 lui ont \u00e9t\u00e9 attribu\u00e9s sur l'assiette fonci\u00e8re dont dispose le minist\u00e8re de la Justice \u00e0 l'endroit o\u00f9 est construit le nouveau tribunal de Pikine-Gu\u00e9diawaye.<\/p>\n<p>Seulement, Cheikh Gueye n'obtiendra jamais le bail promis, selon lui, par le ministre Isma\u00efla Madior Fall. Le contrat est, entre temps, annul\u00e9. Et les nouvelles autorit\u00e9s judiciaires n'ont h\u00e9sit\u00e9 \u00e0 confier l'affaire \u00e0 la DIC. L'ancien ministre accuse Cheikh Gueye de lui avoir offert <em>\"g\u00e9n\u00e9reusement\"<\/em> 50 millions qu'il lui aurait retourn\u00e9s <em>\"diplomatiquement\".<\/em> Seulement, c'est une autre version que Gueye a servie aux enqu\u00eateurs. Il accuse l'ancien ministre de la Justice de lui avoir r\u00e9clam\u00e9 250 millions pour l'octroi du march\u00e9. Il soutient lui avoir donn\u00e9 une avance de 50 millions en esp\u00e8ces et devant t\u00e9moin. Peut-\u00eatre que l'enqu\u00eate ouverte \u00e0 cet effet permettra de faire toute la lumi\u00e8re. Signalons qu'Isma\u00efla Madior Fall fait partie d'une liste de 5 anciens ministres dont le procureur demande la mise en accusation devant la Haute cour de justice.<\/p>\n<div class='share-to-whatsapp-wrapper'><div class='share-on-whsp'>PARTAGER SUR : <\/div><a data-text='AFFAIRE ISMAILA MADIOR FALL - Ce qu'on sait de l'accusateur de l'ex-ministre de la Justice' data-link='https:\/\/www.nettali.com\/2025\/04\/28\/affaire-ismaila-madior-fall-ce-quon-sait-de-laccusateur-de-lex-ministre-de-la-justice\/' class='whatsapp-button whatsapp-share'>WhatsApp<\/a><div class='clear '><\/div><\/div>","protected":false},"excerpt":{"rendered":"<p>NETTALI.COM - Cheikh Gueye. Ce nom s'impose sur la sc\u00e8ne m\u00e9diatique depuis que l'ancien ministre Isma\u00efla Madior Fall l'a cit\u00e9 dans une \u00e9mission sur la 7Tv. L'homme est accus\u00e9 d'avoir tent\u00e9 de corrompre l'ex ministre de la Justice. Mais qui est vraiment cet homme dont l'entreprise avait \u00e9t\u00e9 choisie pour la construction d'un centre de [&hellip;]<\/p>\n","protected":false},"author":3,"featured_media":89584,"comment_status":"open","ping_status":"open","sticky":false,"template":"","format":"standard","meta":{"_et_pb_use_builder":"","_et_pb_old_content":""},"categories":[3],"tags":[],"yoast_head":"<!-- This site is optimized with the Yoast SEO Premium plugin v17.8 (Yoast SEO v17.8) - https:\/\/yoast.com\/wordpress\/plugins\/seo\/ -->\n<title>AFFAIRE ISMAILA MADIOR FALL - Ce qu&#039;on sait de l&#039;accusateur de l&#039;ex-ministre de la Justice | Nettali.com<\/title>\n<meta name=\"robots\" content=\"index, follow, max-snippet:-1, max-image-preview:large, max-video-preview:-1\" \/>\n<link rel=\"canonical\" href=\"https:\/\/www.nettali.com\/2025\/04\/28\/affaire-ismaila-madior-fall-ce-quon-sait-de-laccusateur-de-lex-ministre-de-la-justice\/\" \/>\n<meta property=\"og:locale\" content=\"fr_FR\" \/>\n<meta property=\"og:type\" content=\"article\" \/>\n<meta property=\"og:title\" content=\"AFFAIRE ISMAILA MADIOR FALL - Ce qu&#039;on sait de l&#039;accusateur de l&#039;ex-ministre de la Justice\" \/>\n<meta property=\"og:description\" content=\"NETTALI.COM - Cheikh Gueye. Ce nom s&#039;impose sur la sc\u00e8ne m\u00e9diatique depuis que l&#039;ancien ministre Isma\u00efla Madior Fall l&#039;a cit\u00e9 dans une \u00e9mission sur la 7Tv. L&#039;homme est accus\u00e9 d&#039;avoir tent\u00e9 de corrompre l&#039;ex ministre de la Justice. Mais qui est vraiment cet homme dont l&#039;entreprise avait \u00e9t\u00e9 choisie pour la construction d&#039;un centre de [&hellip;]\" \/>\n<meta property=\"og:url\" content=\"https:\/\/www.nettali.com\/2025\/04\/28\/affaire-ismaila-madior-fall-ce-quon-sait-de-laccusateur-de-lex-ministre-de-la-justice\/\" \/>\n<meta property=\"og:site_name\" content=\"Nettali.com\" \/>\n<meta property=\"article:publisher\" content=\"https:\/\/www.facebook.com\/nettalicom\" \/>\n<meta property=\"article:published_time\" content=\"2025-04-28T23:59:37+00:00\" \/>\n<meta property=\"article:modified_time\" content=\"2025-04-30T07:51:52+00:00\" \/>\n<meta property=\"og:image\" content=\"https:\/\/www.nettali.com\/wp-content\/uploads\/2022\/07\/ismaila-madior.jpg\" \/>\n\t<meta property=\"og:image:width\" content=\"700\" \/>\n\t<meta property=\"og:image:height\" content=\"466\" \/>\n<meta name=\"twitter:card\" content=\"summary_large_image\" \/>\n<meta name=\"twitter:label1\" content=\"\u00c9crit par\" \/>\n\t<meta name=\"twitter:data1\" content=\"Moustapha\" \/>\n\t<meta name=\"twitter:label2\" content=\"Dur\u00e9e de lecture estim\u00e9e\" \/>\n\t<meta name=\"twitter:data2\" content=\"3 minutes\" \/>\n<script type=\"application\/ld+json\" class=\"yoast-schema-graph\">{\"@context\":\"https:\/\/schema.org\",\"@graph\":[{\"@type\":\"WebSite\",\"@id\":\"https:\/\/www.nettali.com\/#website\",\"url\":\"https:\/\/www.nettali.com\/\",\"name\":\"Nettali.com\",\"description\":\"Le rendez-vous critique du Net\",\"potentialAction\":[{\"@type\":\"SearchAction\",\"target\":{\"@type\":\"EntryPoint\",\"urlTemplate\":\"https:\/\/www.nettali.com\/?s={search_term_string}\"},\"query-input\":\"required name=search_term_string\"}],\"inLanguage\":\"fr-FR\"},{\"@type\":\"ImageObject\",\"@id\":\"https:\/\/www.nettali.com\/2025\/04\/28\/affaire-ismaila-madior-fall-ce-quon-sait-de-laccusateur-de-lex-ministre-de-la-justice\/#primaryimage\",\"inLanguage\":\"fr-FR\",\"url\":\"https:\/\/www.nettali.com\/wp-content\/uploads\/2022\/07\/ismaila-madior.jpg\",\"contentUrl\":\"https:\/\/www.nettali.com\/wp-content\/uploads\/2022\/07\/ismaila-madior.jpg\",\"width\":700,\"height\":466},{\"@type\":\"WebPage\",\"@id\":\"https:\/\/www.nettali.com\/2025\/04\/28\/affaire-ismaila-madior-fall-ce-quon-sait-de-laccusateur-de-lex-ministre-de-la-justice\/#webpage\",\"url\":\"https:\/\/www.nettali.com\/2025\/04\/28\/affaire-ismaila-madior-fall-ce-quon-sait-de-laccusateur-de-lex-ministre-de-la-justice\/\",\"name\":\"AFFAIRE ISMAILA MADIOR FALL - Ce qu'on sait de l'accusateur de l'ex-ministre de la Justice | Nettali.com\",\"isPartOf\":{\"@id\":\"https:\/\/www.nettali.com\/#website\"},\"primaryImageOfPage\":{\"@id\":\"https:\/\/www.nettali.com\/2025\/04\/28\/affaire-ismaila-madior-fall-ce-quon-sait-de-laccusateur-de-lex-ministre-de-la-justice\/#primaryimage\"},\"datePublished\":\"2025-04-28T23:59:37+00:00\",\"dateModified\":\"2025-04-30T07:51:52+00:00\",\"author\":{\"@id\":\"https:\/\/www.nettali.com\/#\/schema\/person\/7962a12a6e0267f88f0ffa544c36469a\"},\"breadcrumb\":{\"@id\":\"https:\/\/www.nettali.com\/2025\/04\/28\/affaire-ismaila-madior-fall-ce-quon-sait-de-laccusateur-de-lex-ministre-de-la-justice\/#breadcrumb\"},\"inLanguage\":\"fr-FR\",\"potentialAction\":[{\"@type\":\"ReadAction\",\"target\":[\"https:\/\/www.nettali.com\/2025\/04\/28\/affaire-ismaila-madior-fall-ce-quon-sait-de-laccusateur-de-lex-ministre-de-la-justice\/\"]}]},{\"@type\":\"BreadcrumbList\",\"@id\":\"https:\/\/www.nettali.com\/2025\/04\/28\/affaire-ismaila-madior-fall-ce-quon-sait-de-laccusateur-de-lex-ministre-de-la-justice\/#breadcrumb\",\"itemListElement\":[{\"@type\":\"ListItem\",\"position\":1,\"name\":\"Accueil\",\"item\":\"https:\/\/www.nettali.com\/\"},{\"@type\":\"ListItem\",\"position\":2,\"name\":\"AFFAIRE ISMAILA MADIOR FALL - Ce qu'on sait de l'accusateur de l'ex-ministre de la Justice\"}]},{\"@type\":\"Person\",\"@id\":\"https:\/\/www.nettali.com\/#\/schema\/person\/7962a12a6e0267f88f0ffa544c36469a\",\"name\":\"Moustapha\",\"image\":{\"@type\":\"ImageObject\",\"@id\":\"https:\/\/www.nettali.com\/#personlogo\",\"inLanguage\":\"fr-FR\",\"url\":\"https:\/\/secure.gravatar.com\/avatar\/10fdf6a071cccdcf374e3dbe45159590?s=96&d=mm&r=g\",\"contentUrl\":\"https:\/\/secure.gravatar.com\/avatar\/10fdf6a071cccdcf374e3dbe45159590?s=96&d=mm&r=g\",\"caption\":\"Moustapha\"},\"sameAs\":[\"https:\/\/www.nettali.com\"]}]}<\/script>\n<!-- \/ Yoast SEO Premium plugin. -->","yoast_head_json":{"title":"AFFAIRE ISMAILA MADIOR FALL - Ce qu'on sait de l'accusateur de l'ex-ministre de la Justice | Nettali.com","robots":{"index":"index","follow":"follow","max-snippet":"max-snippet:-1","max-image-preview":"max-image-preview:large","max-video-preview":"max-video-preview:-1"},"canonical":"https:\/\/www.nettali.com\/2025\/04\/28\/affaire-ismaila-madior-fall-ce-quon-sait-de-laccusateur-de-lex-ministre-de-la-justice\/","og_locale":"fr_FR","og_type":"article","og_title":"AFFAIRE ISMAILA MADIOR FALL - Ce qu'on sait de l'accusateur de l'ex-ministre de la Justice","og_description":"NETTALI.COM - Cheikh Gueye. Ce nom s'impose sur la sc\u00e8ne m\u00e9diatique depuis que l'ancien ministre Isma\u00efla Madior Fall l'a cit\u00e9 dans une \u00e9mission sur la 7Tv. L'homme est accus\u00e9 d'avoir tent\u00e9 de corrompre l'ex ministre de la Justice. Mais qui est vraiment cet homme dont l'entreprise avait \u00e9t\u00e9 choisie pour la construction d'un centre de [&hellip;]","og_url":"https:\/\/www.nettali.com\/2025\/04\/28\/affaire-ismaila-madior-fall-ce-quon-sait-de-laccusateur-de-lex-ministre-de-la-justice\/","og_site_name":"Nettali.com","article_publisher":"https:\/\/www.facebook.com\/nettalicom","article_published_time":"2025-04-28T23:59:37+00:00","article_modified_time":"2025-04-30T07:51:52+00:00","og_image":[{"width":700,"height":466,"url":"https:\/\/www.nettali.com\/wp-content\/uploads\/2022\/07\/ismaila-madior.jpg","type":"image\/jpeg"}],"twitter_card":"summary_large_image","twitter_misc":{"\u00c9crit par":"Moustapha","Dur\u00e9e de lecture estim\u00e9e":"3 minutes"},"schema":{"@context":"https:\/\/schema.org","@graph":[{"@type":"WebSite","@id":"https:\/\/www.nettali.com\/#website","url":"https:\/\/www.nettali.com\/","name":"Nettali.com","description":"Le rendez-vous critique du Net","potentialAction":[{"@type":"SearchAction","target":{"@type":"EntryPoint","urlTemplate":"https:\/\/www.nettali.com\/?s={search_term_string}"},"query-input":"required name=search_term_string"}],"inLanguage":"fr-FR"},{"@type":"ImageObject","@id":"https:\/\/www.nettali.com\/2025\/04\/28\/affaire-ismaila-madior-fall-ce-quon-sait-de-laccusateur-de-lex-ministre-de-la-justice\/#primaryimage","inLanguage":"fr-FR","url":"https:\/\/www.nettali.com\/wp-content\/uploads\/2022\/07\/ismaila-madior.jpg","contentUrl":"https:\/\/www.nettali.com\/wp-content\/uploads\/2022\/07\/ismaila-madior.jpg","width":700,"height":466},{"@type":"WebPage","@id":"https:\/\/www.nettali.com\/2025\/04\/28\/affaire-ismaila-madior-fall-ce-quon-sait-de-laccusateur-de-lex-ministre-de-la-justice\/#webpage","url":"https:\/\/www.nettali.com\/2025\/04\/28\/affaire-ismaila-madior-fall-ce-quon-sait-de-laccusateur-de-lex-ministre-de-la-justice\/","name":"AFFAIRE ISMAILA MADIOR FALL - Ce qu'on sait de l'accusateur de l'ex-ministre de la Justice | Nettali.com","isPartOf":{"@id":"https:\/\/www.nettali.com\/#website"},"primaryImageOfPage":{"@id":"https:\/\/www.nettali.com\/2025\/04\/28\/affaire-ismaila-madior-fall-ce-quon-sait-de-laccusateur-de-lex-ministre-de-la-justice\/#primaryimage"},"datePublished":"2025-04-28T23:59:37+00:00","dateModified":"2025-04-30T07:51:52+00:00","author":{"@id":"https:\/\/www.nettali.com\/#\/schema\/person\/7962a12a6e0267f88f0ffa544c36469a"},"breadcrumb":{"@id":"https:\/\/www.nettali.com\/2025\/04\/28\/affaire-ismaila-madior-fall-ce-quon-sait-de-laccusateur-de-lex-ministre-de-la-justice\/#breadcrumb"},"inLanguage":"fr-FR","potentialAction":[{"@type":"ReadAction","target":["https:\/\/www.nettali.com\/2025\/04\/28\/affaire-ismaila-madior-fall-ce-quon-sait-de-laccusateur-de-lex-ministre-de-la-justice\/"]}]},{"@type":"BreadcrumbList","@id":"https:\/\/www.nettali.com\/2025\/04\/28\/affaire-ismaila-madior-fall-ce-quon-sait-de-laccusateur-de-lex-ministre-de-la-justice\/#breadcrumb","itemListElement":[{"@type":"ListItem","position":1,"name":"Accueil","item":"https:\/\/www.nettali.com\/"},{"@type":"ListItem","position":2,"name":"AFFAIRE ISMAILA MADIOR FALL - Ce qu'on sait de l'accusateur de l'ex-ministre de la Justice"}]},{"@type":"Person","@id":"https:\/\/www.nettali.com\/#\/schema\/person\/7962a12a6e0267f88f0ffa544c36469a","name":"Moustapha","image":{"@type":"ImageObject","@id":"https:\/\/www.nettali.com\/#personlogo","inLanguage":"fr-FR","url":"https:\/\/secure.gravatar.com\/avatar\/10fdf6a071cccdcf374e3dbe45159590?s=96&d=mm&r=g","contentUrl":"https:\/\/secure.gravatar.com\/avatar\/10fdf6a071cccdcf374e3dbe45159590?s=96&d=mm&r=g","caption":"Moustapha"},"sameAs":["https:\/\/www.nettali.com"]}]}},"_links":{"self":[{"href":"https:\/\/www.nettali.com\/rest\/wp\/v2\/posts\/153201"}],"collection":[{"href":"https:\/\/www.nettali.com\/rest\/wp\/v2\/posts"}],"about":[{"href":"https:\/\/www.nettali.com\/rest\/wp\/v2\/types\/post"}],"author":[{"embeddable":true,"href":"https:\/\/www.nettali.com\/rest\/wp\/v2\/users\/3"}],"replies":[{"embeddable":true,"href":"https:\/\/www.nettali.com\/rest\/wp\/v2\/comments?post=153201"}],"version-history":[{"count":1,"href":"https:\/\/www.nettali.com\/rest\/wp\/v2\/posts\/153201\/revisions"}],"predecessor-version":[{"id":153202,"href":"https:\/\/www.nettali.com\/rest\/wp\/v2\/posts\/153201\/revisions\/153202"}],"wp:featuredmedia":[{"embeddable":true,"href":"https:\/\/www.nettali.com\/rest\/wp\/v2\/media\/89584"}],"wp:attachment":[{"href":"https:\/\/www.nettali.com\/rest\/wp\/v2\/media?parent=153201"}],"wp:term":[{"taxonomy":"category","embeddable":true,"href":"https:\/\/www.nettali.com\/rest\/wp\/v2\/categories?post=153201"},{"taxonomy":"post_tag","embeddable":true,"href":"https:\/\/www.nettali.com\/rest\/wp\/v2\/tags?post=153201"}],"curies":[{"name":"wp","href":"https:\/\/api.w.org\/{rel}","templated":true}]}}