{"id":153127,"date":"2025-04-26T20:57:05","date_gmt":"2025-04-26T20:57:05","guid":{"rendered":"https:\/\/www.nettali.com\/?p=153127"},"modified":"2025-04-26T20:57:05","modified_gmt":"2025-04-26T20:57:05","slug":"presidence-de-lafp-mbaye-dione-succede-a-moustapha-niasse","status":"publish","type":"post","link":"https:\/\/www.nettali.com\/2025\/04\/26\/presidence-de-lafp-mbaye-dione-succede-a-moustapha-niasse\/","title":{"rendered":"PRESIDENCE DE L'AFP - Mbaye Dione succ\u00e8de \u00e0 Moustapha Niasse"},"content":{"rendered":"<p><strong>NETTALI.COM - Le d\u00e9put\u00e9 Mbaye Dione a \u00e9t\u00e9 d\u00e9sign\u00e9, samedi, \u00e0 l\u2019unanimit\u00e9 nouveau secr\u00e9taire g\u00e9n\u00e9ral de l\u2019Alliance des Forces de progr\u00e8s (AFP) succ\u00e9dant \u00e0 Moustapha Niasse.<\/strong><\/p>\n<p><em>\u201cJe prends l\u2019engagement solennel (\u2026) je resterai loyal \u00e0 cet homme, \u00e0 sa vision, en son legs, en son h\u00e9ritage\u201d<\/em>, a-t-il dit en marge du 3\u00e8me Congr\u00e8s ordinaire de l\u2019Alliance des Forces de Progr\u00e8s(AFP), formation politique cr\u00e9\u00e9 par Moustapha Niasse en 1999.<\/p>\n<p><em>\u201cLe S\u00e9n\u00e9gal \u00e0 la crois\u00e9e des chemins: l\u2019AFP face \u00e0 ses responsabilit\u00e9s historiques\u201d<\/em> est la th\u00e9matique choisie pour cet \u00e9v\u00e8nement politique.<\/p>\n<p>Le congr\u00e8s a approuv\u00e9 par acclamations la nouvelle direction coll\u00e9giale avec \u00e0 sa t\u00eate le d\u00e9put\u00e9 maire de Ngoundiane. Les actes du congr\u00e8s ont \u00e9t\u00e9 solennellement remis au successeur de Moustapha Niasse.<\/p>\n<p>M. Dione et son \u00e9quipe doivent d\u00e9sormais relever le d\u00e9fi de la mobilisation. <em>\u201cOn va faire le tour de ce pays pour aller \u00e0 la rencontre des militants de l\u2019AFP(\u2026) en perspective des \u00e9lections territoriales de 2027\u201d<\/em>, s\u2019est engag\u00e9 M. Dione.<\/p>\n<p>Il promet de faire les 558 communes du pays pour redynamiser la formation politique n\u00e9e des flancs du parti socialiste.<\/p>\n<p>Mbaye Dione a \u00e9galement renouvel\u00e9 sa <em>\u201cloyaut\u00e9\u201d<\/em> \u00e0 son mentor politique qui incarne, selon lui, des valeurs de dignit\u00e9.<\/p>\n<p>Le d\u00e9put\u00e9-maire de Ngoundiane a d\u00e9clin\u00e9 sa feuille de route laquelle pr\u00e9voit la restructuration des structures de bases du parti.<\/p>\n<p>Il a exhort\u00e9 les responsables \u00e0 investir les bases pour pr\u00e9parer les prochaines \u00e9ch\u00e9ances \u00e9lectorales.<\/p>\n<p>L\u2019ancien pr\u00e9sident du Mouvement national des jeunes de l\u2019AFP estime que le parcours de Moustapha Niasse doit \u00eatre enseign\u00e9 dans les \u00e9coles politiques en raison de sa <em>\u201cdimension exceptionnelle\u201d.<\/em><\/p>\n<p>Il a fait un rappel des troupes pour une forte mobilisation de tous les militants et sympathisants car, dit-il <em>\u201cle plus difficile est devant nous\u201d.<\/em><\/p>\n<p>Le progressiste en chef compte s\u2019\u00e9vertuer au respect du fonctionnement l\u00e9gal des instances.<br \/>\nMoustapha Niasse, secr\u00e9taire g\u00e9n\u00e9ral sortant a \u00e9t\u00e9 d\u00e9sign\u00e9 pr\u00e9sident d\u2019honneur de l\u2019Alliance des Forces de progr\u00e8s.<\/p>\n<p>Dr en philosophie, Sagar Seck a fait lecture de l\u2019hommage d\u00e9di\u00e9 \u00e0 Niasse en revenant sur la trajectoire d'<em>\u201dun connaisseur et d\u00e9fenseur\u201d<\/em> de la nation.<\/p>\n<p>Dans la m\u00eame veine, un film documentaire d\u2019une trentaine de minutes intitul\u00e9: Moustapha Niasse, <em>\u201cun destin au service de la nation\u201d<\/em> a \u00e9t\u00e9 projet\u00e9 pour retracer une partie de la trajectoire de l\u2019homme politique.<\/p>\n<div class='share-to-whatsapp-wrapper'><div class='share-on-whsp'>PARTAGER SUR : <\/div><a data-text='PRESIDENCE DE L'AFP - Mbaye Dione succ\u00e8de \u00e0 Moustapha Niasse' data-link='https:\/\/www.nettali.com\/2025\/04\/26\/presidence-de-lafp-mbaye-dione-succede-a-moustapha-niasse\/' class='whatsapp-button whatsapp-share'>WhatsApp<\/a><div class='clear '><\/div><\/div>","protected":false},"excerpt":{"rendered":"<p>NETTALI.COM - Le d\u00e9put\u00e9 Mbaye Dione a \u00e9t\u00e9 d\u00e9sign\u00e9, samedi, \u00e0 l\u2019unanimit\u00e9 nouveau secr\u00e9taire g\u00e9n\u00e9ral de l\u2019Alliance des Forces de progr\u00e8s (AFP) succ\u00e9dant \u00e0 Moustapha Niasse. \u201cJe prends l\u2019engagement solennel (\u2026) je resterai loyal \u00e0 cet homme, \u00e0 sa vision, en son legs, en son h\u00e9ritage\u201d, a-t-il dit en marge du 3\u00e8me Congr\u00e8s ordinaire de [&hellip;]<\/p>\n","protected":false},"author":4,"featured_media":153128,"comment_status":"open","ping_status":"open","sticky":false,"template":"","format":"standard","meta":{"_et_pb_use_builder":"","_et_pb_old_content":""},"categories":[2],"tags":[],"yoast_head":"<!-- This site is optimized with the Yoast SEO Premium plugin v17.8 (Yoast SEO v17.8) - https:\/\/yoast.com\/wordpress\/plugins\/seo\/ -->\n<title>PRESIDENCE DE L&#039;AFP - Mbaye Dione succ\u00e8de \u00e0 Moustapha Niasse | Nettali.com<\/title>\n<meta name=\"robots\" content=\"index, follow, max-snippet:-1, max-image-preview:large, max-video-preview:-1\" \/>\n<link rel=\"canonical\" href=\"https:\/\/www.nettali.com\/2025\/04\/26\/presidence-de-lafp-mbaye-dione-succede-a-moustapha-niasse\/\" \/>\n<meta property=\"og:locale\" content=\"fr_FR\" \/>\n<meta property=\"og:type\" content=\"article\" \/>\n<meta property=\"og:title\" content=\"PRESIDENCE DE L&#039;AFP - Mbaye Dione succ\u00e8de \u00e0 Moustapha Niasse\" \/>\n<meta property=\"og:description\" content=\"NETTALI.COM - Le d\u00e9put\u00e9 Mbaye Dione a \u00e9t\u00e9 d\u00e9sign\u00e9, samedi, \u00e0 l\u2019unanimit\u00e9 nouveau secr\u00e9taire g\u00e9n\u00e9ral de l\u2019Alliance des Forces de progr\u00e8s (AFP) succ\u00e9dant \u00e0 Moustapha Niasse. \u201cJe prends l\u2019engagement solennel (\u2026) je resterai loyal \u00e0 cet homme, \u00e0 sa vision, en son legs, en son h\u00e9ritage\u201d, a-t-il dit en marge du 3\u00e8me Congr\u00e8s ordinaire de [&hellip;]\" \/>\n<meta property=\"og:url\" content=\"https:\/\/www.nettali.com\/2025\/04\/26\/presidence-de-lafp-mbaye-dione-succede-a-moustapha-niasse\/\" \/>\n<meta property=\"og:site_name\" content=\"Nettali.com\" \/>\n<meta property=\"article:publisher\" content=\"https:\/\/www.facebook.com\/nettalicom\" \/>\n<meta property=\"article:published_time\" content=\"2025-04-26T20:57:05+00:00\" \/>\n<meta property=\"og:image\" content=\"https:\/\/www.nettali.com\/wp-content\/uploads\/2025\/04\/Capture-de\u0301cran-2025-04-26-a\u0300-20.53.27.png\" \/>\n\t<meta property=\"og:image:width\" content=\"630\" \/>\n\t<meta property=\"og:image:height\" content=\"293\" \/>\n<meta name=\"twitter:card\" content=\"summary_large_image\" \/>\n<meta name=\"twitter:label1\" content=\"\u00c9crit par\" \/>\n\t<meta name=\"twitter:data1\" content=\"Daouda\" \/>\n\t<meta name=\"twitter:label2\" content=\"Dur\u00e9e de lecture estim\u00e9e\" \/>\n\t<meta name=\"twitter:data2\" content=\"2 minutes\" \/>\n<script type=\"application\/ld+json\" class=\"yoast-schema-graph\">{\"@context\":\"https:\/\/schema.org\",\"@graph\":[{\"@type\":\"WebSite\",\"@id\":\"https:\/\/www.nettali.com\/#website\",\"url\":\"https:\/\/www.nettali.com\/\",\"name\":\"Nettali.com\",\"description\":\"Le rendez-vous critique du Net\",\"potentialAction\":[{\"@type\":\"SearchAction\",\"target\":{\"@type\":\"EntryPoint\",\"urlTemplate\":\"https:\/\/www.nettali.com\/?s={search_term_string}\"},\"query-input\":\"required name=search_term_string\"}],\"inLanguage\":\"fr-FR\"},{\"@type\":\"ImageObject\",\"@id\":\"https:\/\/www.nettali.com\/2025\/04\/26\/presidence-de-lafp-mbaye-dione-succede-a-moustapha-niasse\/#primaryimage\",\"inLanguage\":\"fr-FR\",\"url\":\"https:\/\/www.nettali.com\/wp-content\/uploads\/2025\/04\/Capture-de\\u0301cran-2025-04-26-a\\u0300-20.53.27.png\",\"contentUrl\":\"https:\/\/www.nettali.com\/wp-content\/uploads\/2025\/04\/Capture-de\\u0301cran-2025-04-26-a\\u0300-20.53.27.png\",\"width\":630,\"height\":293},{\"@type\":\"WebPage\",\"@id\":\"https:\/\/www.nettali.com\/2025\/04\/26\/presidence-de-lafp-mbaye-dione-succede-a-moustapha-niasse\/#webpage\",\"url\":\"https:\/\/www.nettali.com\/2025\/04\/26\/presidence-de-lafp-mbaye-dione-succede-a-moustapha-niasse\/\",\"name\":\"PRESIDENCE DE L'AFP - Mbaye Dione succ\\u00e8de \\u00e0 Moustapha Niasse | Nettali.com\",\"isPartOf\":{\"@id\":\"https:\/\/www.nettali.com\/#website\"},\"primaryImageOfPage\":{\"@id\":\"https:\/\/www.nettali.com\/2025\/04\/26\/presidence-de-lafp-mbaye-dione-succede-a-moustapha-niasse\/#primaryimage\"},\"datePublished\":\"2025-04-26T20:57:05+00:00\",\"dateModified\":\"2025-04-26T20:57:05+00:00\",\"author\":{\"@id\":\"https:\/\/www.nettali.com\/#\/schema\/person\/3317e0bb3aa1da309fbf7b2780901bf4\"},\"breadcrumb\":{\"@id\":\"https:\/\/www.nettali.com\/2025\/04\/26\/presidence-de-lafp-mbaye-dione-succede-a-moustapha-niasse\/#breadcrumb\"},\"inLanguage\":\"fr-FR\",\"potentialAction\":[{\"@type\":\"ReadAction\",\"target\":[\"https:\/\/www.nettali.com\/2025\/04\/26\/presidence-de-lafp-mbaye-dione-succede-a-moustapha-niasse\/\"]}]},{\"@type\":\"BreadcrumbList\",\"@id\":\"https:\/\/www.nettali.com\/2025\/04\/26\/presidence-de-lafp-mbaye-dione-succede-a-moustapha-niasse\/#breadcrumb\",\"itemListElement\":[{\"@type\":\"ListItem\",\"position\":1,\"name\":\"Accueil\",\"item\":\"https:\/\/www.nettali.com\/\"},{\"@type\":\"ListItem\",\"position\":2,\"name\":\"PRESIDENCE DE L'AFP - Mbaye Dione succ\\u00e8de \\u00e0 Moustapha Niasse\"}]},{\"@type\":\"Person\",\"@id\":\"https:\/\/www.nettali.com\/#\/schema\/person\/3317e0bb3aa1da309fbf7b2780901bf4\",\"name\":\"Daouda\",\"image\":{\"@type\":\"ImageObject\",\"@id\":\"https:\/\/www.nettali.com\/#personlogo\",\"inLanguage\":\"fr-FR\",\"url\":\"https:\/\/secure.gravatar.com\/avatar\/8d143b5a49345098ddcfee1c49c2f47c?s=96&d=mm&r=g\",\"contentUrl\":\"https:\/\/secure.gravatar.com\/avatar\/8d143b5a49345098ddcfee1c49c2f47c?s=96&d=mm&r=g\",\"caption\":\"Daouda\"},\"sameAs\":[\"https:\/\/www.nettali.com\"]}]}<\/script>\n<!-- \/ Yoast SEO Premium plugin. -->","yoast_head_json":{"title":"PRESIDENCE DE L'AFP - Mbaye Dione succ\u00e8de \u00e0 Moustapha Niasse | Nettali.com","robots":{"index":"index","follow":"follow","max-snippet":"max-snippet:-1","max-image-preview":"max-image-preview:large","max-video-preview":"max-video-preview:-1"},"canonical":"https:\/\/www.nettali.com\/2025\/04\/26\/presidence-de-lafp-mbaye-dione-succede-a-moustapha-niasse\/","og_locale":"fr_FR","og_type":"article","og_title":"PRESIDENCE DE L'AFP - Mbaye Dione succ\u00e8de \u00e0 Moustapha Niasse","og_description":"NETTALI.COM - Le d\u00e9put\u00e9 Mbaye Dione a \u00e9t\u00e9 d\u00e9sign\u00e9, samedi, \u00e0 l\u2019unanimit\u00e9 nouveau secr\u00e9taire g\u00e9n\u00e9ral de l\u2019Alliance des Forces de progr\u00e8s (AFP) succ\u00e9dant \u00e0 Moustapha Niasse. \u201cJe prends l\u2019engagement solennel (\u2026) je resterai loyal \u00e0 cet homme, \u00e0 sa vision, en son legs, en son h\u00e9ritage\u201d, a-t-il dit en marge du 3\u00e8me Congr\u00e8s ordinaire de [&hellip;]","og_url":"https:\/\/www.nettali.com\/2025\/04\/26\/presidence-de-lafp-mbaye-dione-succede-a-moustapha-niasse\/","og_site_name":"Nettali.com","article_publisher":"https:\/\/www.facebook.com\/nettalicom","article_published_time":"2025-04-26T20:57:05+00:00","og_image":[{"width":630,"height":293,"url":"https:\/\/www.nettali.com\/wp-content\/uploads\/2025\/04\/Capture-de\u0301cran-2025-04-26-a\u0300-20.53.27.png","type":"image\/png"}],"twitter_card":"summary_large_image","twitter_misc":{"\u00c9crit par":"Daouda","Dur\u00e9e de lecture estim\u00e9e":"2 minutes"},"schema":{"@context":"https:\/\/schema.org","@graph":[{"@type":"WebSite","@id":"https:\/\/www.nettali.com\/#website","url":"https:\/\/www.nettali.com\/","name":"Nettali.com","description":"Le rendez-vous critique du Net","potentialAction":[{"@type":"SearchAction","target":{"@type":"EntryPoint","urlTemplate":"https:\/\/www.nettali.com\/?s={search_term_string}"},"query-input":"required name=search_term_string"}],"inLanguage":"fr-FR"},{"@type":"ImageObject","@id":"https:\/\/www.nettali.com\/2025\/04\/26\/presidence-de-lafp-mbaye-dione-succede-a-moustapha-niasse\/#primaryimage","inLanguage":"fr-FR","url":"https:\/\/www.nettali.com\/wp-content\/uploads\/2025\/04\/Capture-de\u0301cran-2025-04-26-a\u0300-20.53.27.png","contentUrl":"https:\/\/www.nettali.com\/wp-content\/uploads\/2025\/04\/Capture-de\u0301cran-2025-04-26-a\u0300-20.53.27.png","width":630,"height":293},{"@type":"WebPage","@id":"https:\/\/www.nettali.com\/2025\/04\/26\/presidence-de-lafp-mbaye-dione-succede-a-moustapha-niasse\/#webpage","url":"https:\/\/www.nettali.com\/2025\/04\/26\/presidence-de-lafp-mbaye-dione-succede-a-moustapha-niasse\/","name":"PRESIDENCE DE L'AFP - Mbaye Dione succ\u00e8de \u00e0 Moustapha Niasse | Nettali.com","isPartOf":{"@id":"https:\/\/www.nettali.com\/#website"},"primaryImageOfPage":{"@id":"https:\/\/www.nettali.com\/2025\/04\/26\/presidence-de-lafp-mbaye-dione-succede-a-moustapha-niasse\/#primaryimage"},"datePublished":"2025-04-26T20:57:05+00:00","dateModified":"2025-04-26T20:57:05+00:00","author":{"@id":"https:\/\/www.nettali.com\/#\/schema\/person\/3317e0bb3aa1da309fbf7b2780901bf4"},"breadcrumb":{"@id":"https:\/\/www.nettali.com\/2025\/04\/26\/presidence-de-lafp-mbaye-dione-succede-a-moustapha-niasse\/#breadcrumb"},"inLanguage":"fr-FR","potentialAction":[{"@type":"ReadAction","target":["https:\/\/www.nettali.com\/2025\/04\/26\/presidence-de-lafp-mbaye-dione-succede-a-moustapha-niasse\/"]}]},{"@type":"BreadcrumbList","@id":"https:\/\/www.nettali.com\/2025\/04\/26\/presidence-de-lafp-mbaye-dione-succede-a-moustapha-niasse\/#breadcrumb","itemListElement":[{"@type":"ListItem","position":1,"name":"Accueil","item":"https:\/\/www.nettali.com\/"},{"@type":"ListItem","position":2,"name":"PRESIDENCE DE L'AFP - Mbaye Dione succ\u00e8de \u00e0 Moustapha Niasse"}]},{"@type":"Person","@id":"https:\/\/www.nettali.com\/#\/schema\/person\/3317e0bb3aa1da309fbf7b2780901bf4","name":"Daouda","image":{"@type":"ImageObject","@id":"https:\/\/www.nettali.com\/#personlogo","inLanguage":"fr-FR","url":"https:\/\/secure.gravatar.com\/avatar\/8d143b5a49345098ddcfee1c49c2f47c?s=96&d=mm&r=g","contentUrl":"https:\/\/secure.gravatar.com\/avatar\/8d143b5a49345098ddcfee1c49c2f47c?s=96&d=mm&r=g","caption":"Daouda"},"sameAs":["https:\/\/www.nettali.com"]}]}},"_links":{"self":[{"href":"https:\/\/www.nettali.com\/rest\/wp\/v2\/posts\/153127"}],"collection":[{"href":"https:\/\/www.nettali.com\/rest\/wp\/v2\/posts"}],"about":[{"href":"https:\/\/www.nettali.com\/rest\/wp\/v2\/types\/post"}],"author":[{"embeddable":true,"href":"https:\/\/www.nettali.com\/rest\/wp\/v2\/users\/4"}],"replies":[{"embeddable":true,"href":"https:\/\/www.nettali.com\/rest\/wp\/v2\/comments?post=153127"}],"version-history":[{"count":1,"href":"https:\/\/www.nettali.com\/rest\/wp\/v2\/posts\/153127\/revisions"}],"predecessor-version":[{"id":153130,"href":"https:\/\/www.nettali.com\/rest\/wp\/v2\/posts\/153127\/revisions\/153130"}],"wp:featuredmedia":[{"embeddable":true,"href":"https:\/\/www.nettali.com\/rest\/wp\/v2\/media\/153128"}],"wp:attachment":[{"href":"https:\/\/www.nettali.com\/rest\/wp\/v2\/media?parent=153127"}],"wp:term":[{"taxonomy":"category","embeddable":true,"href":"https:\/\/www.nettali.com\/rest\/wp\/v2\/categories?post=153127"},{"taxonomy":"post_tag","embeddable":true,"href":"https:\/\/www.nettali.com\/rest\/wp\/v2\/tags?post=153127"}],"curies":[{"name":"wp","href":"https:\/\/api.w.org\/{rel}","templated":true}]}}