{"id":153123,"date":"2025-04-26T20:48:50","date_gmt":"2025-04-26T20:48:50","guid":{"rendered":"https:\/\/www.nettali.com\/?p=153123"},"modified":"2025-04-26T21:02:42","modified_gmt":"2025-04-26T21:02:42","slug":"vice-presidence-de-la-caf-le-marocain-leekja-remplace-augustin-senghor","status":"publish","type":"post","link":"https:\/\/www.nettali.com\/2025\/04\/26\/vice-presidence-de-la-caf-le-marocain-leekja-remplace-augustin-senghor\/","title":{"rendered":"VICE PR\u00c9SIDENCE DE LA CAF - Le Marocain Lekjaa remplace Augustin Senghor"},"content":{"rendered":"<p><strong>NETTALI.COM - Sans grande surprise, Fouzi Lekjaa, pr\u00e9sident de la F\u00e9d\u00e9ration royale marocaine de football, a \u00e9t\u00e9 nomm\u00e9 1er vice-pr\u00e9sident de la CAF samedi lors du comit\u00e9 ex\u00e9cutif de l\u2019instance qui a eu lieu au Ghana.<\/strong><\/p>\n<p>La Conf\u00e9d\u00e9ration Africaine de Football n\u2019a pas perdu de temps pour composer son nouvel organigramme et surtout trouver son nouveau premier vice-pr\u00e9sident. Un mois apr\u00e8s la d\u00e9mission d\u2019Augustin Senghor, le pr\u00e9sident de la F\u00e9d\u00e9ration S\u00e9n\u00e9galaise de Football (FSF) qui avait \u00e9chou\u00e9 \u00e0 se faire \u00e9lire membre du conseil de la FIFA par la CAF, l\u2019instance dirigeante du football africain a jet\u00e9 son d\u00e9volu ce samedi sur\u2026 Fouzi Lekjaa.<\/p>\n<p>Pr\u00e9sident de la F\u00e9d\u00e9ration royale marocaine de football (FRMF) depuis 2014, le dirigeant de 54 ans renoue avec un poste de vice-pr\u00e9sident au sein de la CAF, lui qui occupait un r\u00f4le de 3e vice-pr\u00e9sident en 2017 lors de son entr\u00e9e au sein de l\u2019instance. C\u2019est un choix tr\u00e8s peu surprenant de la part du pr\u00e9sident de la CAF, le Sud-Africain Patrice Motsepe, tant le Maroc et Fouzi Lekjaa imposent leur aura dans le football africain actuel.<\/p>\n<p>Toujours pour les postes de vice-pr\u00e9sidents, o\u00f9 tout est nouveau, le second vice-pr\u00e9sident est le Ghan\u00e9en Kurt Okaraku, l\u2019h\u00f4te de ce comit\u00e9 ex\u00e9cutif et tout nouveau membre de celui-ci. En troisi\u00e8me position c\u2019est le Gabonais Pierre-Alain Mounguenegui qui gagne une place. Bestide Kazadi du RD Congo est le 4e vice-pr\u00e9sident, le Mozambicain Feizal Sidat occupera le r\u00f4le de 5e vice-pr\u00e9sident. Pour faire fonctionner la CAF.<\/p>\n<div class='share-to-whatsapp-wrapper'><div class='share-on-whsp'>PARTAGER SUR : <\/div><a data-text='VICE PR\u00c9SIDENCE DE LA CAF - Le Marocain Lekjaa remplace Augustin Senghor' data-link='https:\/\/www.nettali.com\/2025\/04\/26\/vice-presidence-de-la-caf-le-marocain-leekja-remplace-augustin-senghor\/' class='whatsapp-button whatsapp-share'>WhatsApp<\/a><div class='clear '><\/div><\/div>","protected":false},"excerpt":{"rendered":"<p>NETTALI.COM - Sans grande surprise, Fouzi Lekjaa, pr\u00e9sident de la F\u00e9d\u00e9ration royale marocaine de football, a \u00e9t\u00e9 nomm\u00e9 1er vice-pr\u00e9sident de la CAF samedi lors du comit\u00e9 ex\u00e9cutif de l\u2019instance qui a eu lieu au Ghana. La Conf\u00e9d\u00e9ration Africaine de Football n\u2019a pas perdu de temps pour composer son nouvel organigramme et surtout trouver son [&hellip;]<\/p>\n","protected":false},"author":5,"featured_media":153124,"comment_status":"open","ping_status":"open","sticky":false,"template":"","format":"standard","meta":{"_et_pb_use_builder":"","_et_pb_old_content":""},"categories":[6],"tags":[],"yoast_head":"<!-- This site is optimized with the Yoast SEO Premium plugin v17.8 (Yoast SEO v17.8) - https:\/\/yoast.com\/wordpress\/plugins\/seo\/ -->\n<title>VICE PR\u00c9SIDENCE DE LA CAF - Le Marocain Lekjaa remplace Augustin Senghor | Nettali.com<\/title>\n<meta name=\"robots\" content=\"index, follow, max-snippet:-1, max-image-preview:large, max-video-preview:-1\" \/>\n<link rel=\"canonical\" href=\"https:\/\/www.nettali.com\/2025\/04\/26\/vice-presidence-de-la-caf-le-marocain-leekja-remplace-augustin-senghor\/\" \/>\n<meta property=\"og:locale\" content=\"fr_FR\" \/>\n<meta property=\"og:type\" content=\"article\" \/>\n<meta property=\"og:title\" content=\"VICE PR\u00c9SIDENCE DE LA CAF - Le Marocain Lekjaa remplace Augustin Senghor\" \/>\n<meta property=\"og:description\" content=\"NETTALI.COM - Sans grande surprise, Fouzi Lekjaa, pr\u00e9sident de la F\u00e9d\u00e9ration royale marocaine de football, a \u00e9t\u00e9 nomm\u00e9 1er vice-pr\u00e9sident de la CAF samedi lors du comit\u00e9 ex\u00e9cutif de l\u2019instance qui a eu lieu au Ghana. La Conf\u00e9d\u00e9ration Africaine de Football n\u2019a pas perdu de temps pour composer son nouvel organigramme et surtout trouver son [&hellip;]\" \/>\n<meta property=\"og:url\" content=\"https:\/\/www.nettali.com\/2025\/04\/26\/vice-presidence-de-la-caf-le-marocain-leekja-remplace-augustin-senghor\/\" \/>\n<meta property=\"og:site_name\" content=\"Nettali.com\" \/>\n<meta property=\"article:publisher\" content=\"https:\/\/www.facebook.com\/nettalicom\" \/>\n<meta property=\"article:published_time\" content=\"2025-04-26T20:48:50+00:00\" \/>\n<meta property=\"article:modified_time\" content=\"2025-04-26T21:02:42+00:00\" \/>\n<meta property=\"og:image\" content=\"https:\/\/www.nettali.com\/wp-content\/uploads\/2025\/04\/Screenshot_20250426_185503_Gallery.jpg\" \/>\n\t<meta property=\"og:image:width\" content=\"1080\" \/>\n\t<meta property=\"og:image:height\" content=\"734\" \/>\n<meta name=\"twitter:card\" content=\"summary_large_image\" \/>\n<meta name=\"twitter:label1\" content=\"\u00c9crit par\" \/>\n\t<meta name=\"twitter:data1\" content=\"Ibrahima\" \/>\n\t<meta name=\"twitter:label2\" content=\"Dur\u00e9e de lecture estim\u00e9e\" \/>\n\t<meta name=\"twitter:data2\" content=\"2 minutes\" \/>\n<script type=\"application\/ld+json\" class=\"yoast-schema-graph\">{\"@context\":\"https:\/\/schema.org\",\"@graph\":[{\"@type\":\"WebSite\",\"@id\":\"https:\/\/www.nettali.com\/#website\",\"url\":\"https:\/\/www.nettali.com\/\",\"name\":\"Nettali.com\",\"description\":\"Le rendez-vous critique du Net\",\"potentialAction\":[{\"@type\":\"SearchAction\",\"target\":{\"@type\":\"EntryPoint\",\"urlTemplate\":\"https:\/\/www.nettali.com\/?s={search_term_string}\"},\"query-input\":\"required name=search_term_string\"}],\"inLanguage\":\"fr-FR\"},{\"@type\":\"ImageObject\",\"@id\":\"https:\/\/www.nettali.com\/2025\/04\/26\/vice-presidence-de-la-caf-le-marocain-leekja-remplace-augustin-senghor\/#primaryimage\",\"inLanguage\":\"fr-FR\",\"url\":\"https:\/\/www.nettali.com\/wp-content\/uploads\/2025\/04\/Screenshot_20250426_185503_Gallery.jpg\",\"contentUrl\":\"https:\/\/www.nettali.com\/wp-content\/uploads\/2025\/04\/Screenshot_20250426_185503_Gallery.jpg\",\"width\":1080,\"height\":734},{\"@type\":\"WebPage\",\"@id\":\"https:\/\/www.nettali.com\/2025\/04\/26\/vice-presidence-de-la-caf-le-marocain-leekja-remplace-augustin-senghor\/#webpage\",\"url\":\"https:\/\/www.nettali.com\/2025\/04\/26\/vice-presidence-de-la-caf-le-marocain-leekja-remplace-augustin-senghor\/\",\"name\":\"VICE PR\\u00c9SIDENCE DE LA CAF - Le Marocain Lekjaa remplace Augustin Senghor | Nettali.com\",\"isPartOf\":{\"@id\":\"https:\/\/www.nettali.com\/#website\"},\"primaryImageOfPage\":{\"@id\":\"https:\/\/www.nettali.com\/2025\/04\/26\/vice-presidence-de-la-caf-le-marocain-leekja-remplace-augustin-senghor\/#primaryimage\"},\"datePublished\":\"2025-04-26T20:48:50+00:00\",\"dateModified\":\"2025-04-26T21:02:42+00:00\",\"author\":{\"@id\":\"https:\/\/www.nettali.com\/#\/schema\/person\/bb147657c2986240405a608162b9bb23\"},\"breadcrumb\":{\"@id\":\"https:\/\/www.nettali.com\/2025\/04\/26\/vice-presidence-de-la-caf-le-marocain-leekja-remplace-augustin-senghor\/#breadcrumb\"},\"inLanguage\":\"fr-FR\",\"potentialAction\":[{\"@type\":\"ReadAction\",\"target\":[\"https:\/\/www.nettali.com\/2025\/04\/26\/vice-presidence-de-la-caf-le-marocain-leekja-remplace-augustin-senghor\/\"]}]},{\"@type\":\"BreadcrumbList\",\"@id\":\"https:\/\/www.nettali.com\/2025\/04\/26\/vice-presidence-de-la-caf-le-marocain-leekja-remplace-augustin-senghor\/#breadcrumb\",\"itemListElement\":[{\"@type\":\"ListItem\",\"position\":1,\"name\":\"Accueil\",\"item\":\"https:\/\/www.nettali.com\/\"},{\"@type\":\"ListItem\",\"position\":2,\"name\":\"VICE PR\\u00c9SIDENCE DE LA CAF - Le Marocain Lekjaa remplace Augustin Senghor\"}]},{\"@type\":\"Person\",\"@id\":\"https:\/\/www.nettali.com\/#\/schema\/person\/bb147657c2986240405a608162b9bb23\",\"name\":\"Ibrahima\",\"image\":{\"@type\":\"ImageObject\",\"@id\":\"https:\/\/www.nettali.com\/#personlogo\",\"inLanguage\":\"fr-FR\",\"url\":\"https:\/\/secure.gravatar.com\/avatar\/26a8a81f09f0dd7624c9d5c36c9ba3a2?s=96&d=mm&r=g\",\"contentUrl\":\"https:\/\/secure.gravatar.com\/avatar\/26a8a81f09f0dd7624c9d5c36c9ba3a2?s=96&d=mm&r=g\",\"caption\":\"Ibrahima\"},\"sameAs\":[\"https:\/\/www.nettali.com\"]}]}<\/script>\n<!-- \/ Yoast SEO Premium plugin. -->","yoast_head_json":{"title":"VICE PR\u00c9SIDENCE DE LA CAF - Le Marocain Lekjaa remplace Augustin Senghor | Nettali.com","robots":{"index":"index","follow":"follow","max-snippet":"max-snippet:-1","max-image-preview":"max-image-preview:large","max-video-preview":"max-video-preview:-1"},"canonical":"https:\/\/www.nettali.com\/2025\/04\/26\/vice-presidence-de-la-caf-le-marocain-leekja-remplace-augustin-senghor\/","og_locale":"fr_FR","og_type":"article","og_title":"VICE PR\u00c9SIDENCE DE LA CAF - Le Marocain Lekjaa remplace Augustin Senghor","og_description":"NETTALI.COM - Sans grande surprise, Fouzi Lekjaa, pr\u00e9sident de la F\u00e9d\u00e9ration royale marocaine de football, a \u00e9t\u00e9 nomm\u00e9 1er vice-pr\u00e9sident de la CAF samedi lors du comit\u00e9 ex\u00e9cutif de l\u2019instance qui a eu lieu au Ghana. La Conf\u00e9d\u00e9ration Africaine de Football n\u2019a pas perdu de temps pour composer son nouvel organigramme et surtout trouver son [&hellip;]","og_url":"https:\/\/www.nettali.com\/2025\/04\/26\/vice-presidence-de-la-caf-le-marocain-leekja-remplace-augustin-senghor\/","og_site_name":"Nettali.com","article_publisher":"https:\/\/www.facebook.com\/nettalicom","article_published_time":"2025-04-26T20:48:50+00:00","article_modified_time":"2025-04-26T21:02:42+00:00","og_image":[{"width":1080,"height":734,"url":"https:\/\/www.nettali.com\/wp-content\/uploads\/2025\/04\/Screenshot_20250426_185503_Gallery.jpg","type":"image\/jpeg"}],"twitter_card":"summary_large_image","twitter_misc":{"\u00c9crit par":"Ibrahima","Dur\u00e9e de lecture estim\u00e9e":"2 minutes"},"schema":{"@context":"https:\/\/schema.org","@graph":[{"@type":"WebSite","@id":"https:\/\/www.nettali.com\/#website","url":"https:\/\/www.nettali.com\/","name":"Nettali.com","description":"Le rendez-vous critique du Net","potentialAction":[{"@type":"SearchAction","target":{"@type":"EntryPoint","urlTemplate":"https:\/\/www.nettali.com\/?s={search_term_string}"},"query-input":"required name=search_term_string"}],"inLanguage":"fr-FR"},{"@type":"ImageObject","@id":"https:\/\/www.nettali.com\/2025\/04\/26\/vice-presidence-de-la-caf-le-marocain-leekja-remplace-augustin-senghor\/#primaryimage","inLanguage":"fr-FR","url":"https:\/\/www.nettali.com\/wp-content\/uploads\/2025\/04\/Screenshot_20250426_185503_Gallery.jpg","contentUrl":"https:\/\/www.nettali.com\/wp-content\/uploads\/2025\/04\/Screenshot_20250426_185503_Gallery.jpg","width":1080,"height":734},{"@type":"WebPage","@id":"https:\/\/www.nettali.com\/2025\/04\/26\/vice-presidence-de-la-caf-le-marocain-leekja-remplace-augustin-senghor\/#webpage","url":"https:\/\/www.nettali.com\/2025\/04\/26\/vice-presidence-de-la-caf-le-marocain-leekja-remplace-augustin-senghor\/","name":"VICE PR\u00c9SIDENCE DE LA CAF - Le Marocain Lekjaa remplace Augustin Senghor | Nettali.com","isPartOf":{"@id":"https:\/\/www.nettali.com\/#website"},"primaryImageOfPage":{"@id":"https:\/\/www.nettali.com\/2025\/04\/26\/vice-presidence-de-la-caf-le-marocain-leekja-remplace-augustin-senghor\/#primaryimage"},"datePublished":"2025-04-26T20:48:50+00:00","dateModified":"2025-04-26T21:02:42+00:00","author":{"@id":"https:\/\/www.nettali.com\/#\/schema\/person\/bb147657c2986240405a608162b9bb23"},"breadcrumb":{"@id":"https:\/\/www.nettali.com\/2025\/04\/26\/vice-presidence-de-la-caf-le-marocain-leekja-remplace-augustin-senghor\/#breadcrumb"},"inLanguage":"fr-FR","potentialAction":[{"@type":"ReadAction","target":["https:\/\/www.nettali.com\/2025\/04\/26\/vice-presidence-de-la-caf-le-marocain-leekja-remplace-augustin-senghor\/"]}]},{"@type":"BreadcrumbList","@id":"https:\/\/www.nettali.com\/2025\/04\/26\/vice-presidence-de-la-caf-le-marocain-leekja-remplace-augustin-senghor\/#breadcrumb","itemListElement":[{"@type":"ListItem","position":1,"name":"Accueil","item":"https:\/\/www.nettali.com\/"},{"@type":"ListItem","position":2,"name":"VICE PR\u00c9SIDENCE DE LA CAF - Le Marocain Lekjaa remplace Augustin Senghor"}]},{"@type":"Person","@id":"https:\/\/www.nettali.com\/#\/schema\/person\/bb147657c2986240405a608162b9bb23","name":"Ibrahima","image":{"@type":"ImageObject","@id":"https:\/\/www.nettali.com\/#personlogo","inLanguage":"fr-FR","url":"https:\/\/secure.gravatar.com\/avatar\/26a8a81f09f0dd7624c9d5c36c9ba3a2?s=96&d=mm&r=g","contentUrl":"https:\/\/secure.gravatar.com\/avatar\/26a8a81f09f0dd7624c9d5c36c9ba3a2?s=96&d=mm&r=g","caption":"Ibrahima"},"sameAs":["https:\/\/www.nettali.com"]}]}},"_links":{"self":[{"href":"https:\/\/www.nettali.com\/rest\/wp\/v2\/posts\/153123"}],"collection":[{"href":"https:\/\/www.nettali.com\/rest\/wp\/v2\/posts"}],"about":[{"href":"https:\/\/www.nettali.com\/rest\/wp\/v2\/types\/post"}],"author":[{"embeddable":true,"href":"https:\/\/www.nettali.com\/rest\/wp\/v2\/users\/5"}],"replies":[{"embeddable":true,"href":"https:\/\/www.nettali.com\/rest\/wp\/v2\/comments?post=153123"}],"version-history":[{"count":3,"href":"https:\/\/www.nettali.com\/rest\/wp\/v2\/posts\/153123\/revisions"}],"predecessor-version":[{"id":153134,"href":"https:\/\/www.nettali.com\/rest\/wp\/v2\/posts\/153123\/revisions\/153134"}],"wp:featuredmedia":[{"embeddable":true,"href":"https:\/\/www.nettali.com\/rest\/wp\/v2\/media\/153124"}],"wp:attachment":[{"href":"https:\/\/www.nettali.com\/rest\/wp\/v2\/media?parent=153123"}],"wp:term":[{"taxonomy":"category","embeddable":true,"href":"https:\/\/www.nettali.com\/rest\/wp\/v2\/categories?post=153123"},{"taxonomy":"post_tag","embeddable":true,"href":"https:\/\/www.nettali.com\/rest\/wp\/v2\/tags?post=153123"}],"curies":[{"name":"wp","href":"https:\/\/api.w.org\/{rel}","templated":true}]}}