{"id":153097,"date":"2025-04-26T08:25:18","date_gmt":"2025-04-26T08:25:18","guid":{"rendered":"https:\/\/www.nettali.com\/?p=153097"},"modified":"2025-04-26T08:25:18","modified_gmt":"2025-04-26T08:25:18","slug":"dialogue-politique-le-parti-socialiste-partant-mais","status":"publish","type":"post","link":"https:\/\/www.nettali.com\/2025\/04\/26\/dialogue-politique-le-parti-socialiste-partant-mais\/","title":{"rendered":"DIALOGUE POLITIQUE - Le Parti socialiste partant, mais..."},"content":{"rendered":"<p><strong>NETTALI.COM - Le Parti socialiste se dit favorable au dialogue politique. Toutefois les socialistes estiment qu\u2019il faut d\u2019embl\u00e9e instaurer un climat de confiance.<\/strong><\/p>\n<p>Le porte-parole du parti socialiste s\u2019est exprim\u00e9 sur le dialogue politique qui sera lanc\u00e9 le 28 mai 2025. \u00ab <em>En ce qui concerne le dialogue, le Parti socialiste a toujours consid\u00e9r\u00e9 depuis Senghor, Abdou Diouf , Tanor que le dialogue est consubstantiel \u00e0 la d\u00e9mocratie. Alors, si le Pr\u00e9sident Basirou Diomaye Faye et son premier ministre Ousmane Sonko, dont il ne faut pas l'oublier, leur famille politique a dialogu\u00e9, que ce soit reconnu ou pas, en cachette ou en catimini, avec Macky Sall, m\u00eame \u00e0 quelques jours de la pr\u00e9sidentielle<\/em> \u00bb, a d\u2019embl\u00e9e soutenu Abdoulaye Willane.<\/p>\n<p>Poursuivant , il ajoute : \u00ab <em>Si aujourd'hui, le pr\u00e9sident de la R\u00e9publique, le premier responsable \u00e9lu au S\u00e9n\u00e9gal, en appelle au dialogue, nous, partis socialistes, par culture, par h\u00e9ritage, par responsabilit\u00e9, par ligne politique, nous ne pouvons pas ne pas \u00eatre favorable<\/em> \u00bb.<\/p>\n<p>Toutefois, Abdoulaye Wilane estime qu\u2019il faut d'abord installer un climat de confiance.\u00a0\u00ab <em>Nous pensons qu'il faut installer un climat de confiance, un climat propice, et m\u00eame, pourquoi pas, trouver des facilitateurs qui, d'abord, diff\u00e8rent de Dr Cheikh Gu\u00e8ye. Il faut impliquer les m\u00e9diateurs sociaux, le patronat, le syndicat et le patronat syndical. Nous allons donc, nous, prendre notre responsabilit\u00e9 en indiquant sur quoi, sur le principe, nous sommes favorables au dialogue. Bien entendu, il peut y avoir des questions de pr\u00e9alables, des questions pr\u00e9judicielles , des questions de format, de timing, de chronogramme, et m\u00eame de ce \u00e0 quoi on va aboutir<\/em> \u00bb dit-il.<\/p>\n<div class='share-to-whatsapp-wrapper'><div class='share-on-whsp'>PARTAGER SUR : <\/div><a data-text='DIALOGUE POLITIQUE - Le Parti socialiste partant, mais...' data-link='https:\/\/www.nettali.com\/2025\/04\/26\/dialogue-politique-le-parti-socialiste-partant-mais\/' class='whatsapp-button whatsapp-share'>WhatsApp<\/a><div class='clear '><\/div><\/div>","protected":false},"excerpt":{"rendered":"<p>NETTALI.COM - Le Parti socialiste se dit favorable au dialogue politique. Toutefois les socialistes estiment qu\u2019il faut d\u2019embl\u00e9e instaurer un climat de confiance. Le porte-parole du parti socialiste s\u2019est exprim\u00e9 sur le dialogue politique qui sera lanc\u00e9 le 28 mai 2025. \u00ab En ce qui concerne le dialogue, le Parti socialiste a toujours consid\u00e9r\u00e9 depuis [&hellip;]<\/p>\n","protected":false},"author":6,"featured_media":14321,"comment_status":"open","ping_status":"open","sticky":false,"template":"","format":"standard","meta":{"_et_pb_use_builder":"","_et_pb_old_content":""},"categories":[2],"tags":[],"yoast_head":"<!-- This site is optimized with the Yoast SEO Premium plugin v17.8 (Yoast SEO v17.8) - https:\/\/yoast.com\/wordpress\/plugins\/seo\/ -->\n<title>DIALOGUE POLITIQUE - Le Parti socialiste partant, mais... | Nettali.com<\/title>\n<meta name=\"robots\" content=\"index, follow, max-snippet:-1, max-image-preview:large, max-video-preview:-1\" \/>\n<link rel=\"canonical\" href=\"https:\/\/www.nettali.com\/2025\/04\/26\/dialogue-politique-le-parti-socialiste-partant-mais\/\" \/>\n<meta property=\"og:locale\" content=\"fr_FR\" \/>\n<meta property=\"og:type\" content=\"article\" \/>\n<meta property=\"og:title\" content=\"DIALOGUE POLITIQUE - Le Parti socialiste partant, mais...\" \/>\n<meta property=\"og:description\" content=\"NETTALI.COM - Le Parti socialiste se dit favorable au dialogue politique. Toutefois les socialistes estiment qu\u2019il faut d\u2019embl\u00e9e instaurer un climat de confiance. Le porte-parole du parti socialiste s\u2019est exprim\u00e9 sur le dialogue politique qui sera lanc\u00e9 le 28 mai 2025. \u00ab En ce qui concerne le dialogue, le Parti socialiste a toujours consid\u00e9r\u00e9 depuis [&hellip;]\" \/>\n<meta property=\"og:url\" content=\"https:\/\/www.nettali.com\/2025\/04\/26\/dialogue-politique-le-parti-socialiste-partant-mais\/\" \/>\n<meta property=\"og:site_name\" content=\"Nettali.com\" \/>\n<meta property=\"article:publisher\" content=\"https:\/\/www.facebook.com\/nettalicom\" \/>\n<meta property=\"article:published_time\" content=\"2025-04-26T08:25:18+00:00\" \/>\n<meta property=\"og:image\" content=\"https:\/\/www.nettali.com\/wp-content\/uploads\/2019\/07\/wilane-690x500.jpg\" \/>\n\t<meta property=\"og:image:width\" content=\"690\" \/>\n\t<meta property=\"og:image:height\" content=\"500\" \/>\n<meta name=\"twitter:card\" content=\"summary_large_image\" \/>\n<meta name=\"twitter:label1\" content=\"\u00c9crit par\" \/>\n\t<meta name=\"twitter:data1\" content=\"Fatou\" \/>\n\t<meta name=\"twitter:label2\" content=\"Dur\u00e9e de lecture estim\u00e9e\" \/>\n\t<meta name=\"twitter:data2\" content=\"2 minutes\" \/>\n<script type=\"application\/ld+json\" class=\"yoast-schema-graph\">{\"@context\":\"https:\/\/schema.org\",\"@graph\":[{\"@type\":\"WebSite\",\"@id\":\"https:\/\/www.nettali.com\/#website\",\"url\":\"https:\/\/www.nettali.com\/\",\"name\":\"Nettali.com\",\"description\":\"Le rendez-vous critique du Net\",\"potentialAction\":[{\"@type\":\"SearchAction\",\"target\":{\"@type\":\"EntryPoint\",\"urlTemplate\":\"https:\/\/www.nettali.com\/?s={search_term_string}\"},\"query-input\":\"required name=search_term_string\"}],\"inLanguage\":\"fr-FR\"},{\"@type\":\"ImageObject\",\"@id\":\"https:\/\/www.nettali.com\/2025\/04\/26\/dialogue-politique-le-parti-socialiste-partant-mais\/#primaryimage\",\"inLanguage\":\"fr-FR\",\"url\":\"https:\/\/www.nettali.com\/wp-content\/uploads\/2019\/07\/wilane-690x500.jpg\",\"contentUrl\":\"https:\/\/www.nettali.com\/wp-content\/uploads\/2019\/07\/wilane-690x500.jpg\",\"width\":690,\"height\":500},{\"@type\":\"WebPage\",\"@id\":\"https:\/\/www.nettali.com\/2025\/04\/26\/dialogue-politique-le-parti-socialiste-partant-mais\/#webpage\",\"url\":\"https:\/\/www.nettali.com\/2025\/04\/26\/dialogue-politique-le-parti-socialiste-partant-mais\/\",\"name\":\"DIALOGUE POLITIQUE - Le Parti socialiste partant, mais... | Nettali.com\",\"isPartOf\":{\"@id\":\"https:\/\/www.nettali.com\/#website\"},\"primaryImageOfPage\":{\"@id\":\"https:\/\/www.nettali.com\/2025\/04\/26\/dialogue-politique-le-parti-socialiste-partant-mais\/#primaryimage\"},\"datePublished\":\"2025-04-26T08:25:18+00:00\",\"dateModified\":\"2025-04-26T08:25:18+00:00\",\"author\":{\"@id\":\"https:\/\/www.nettali.com\/#\/schema\/person\/418274a86bdf87caff7a3ef476bd0bbf\"},\"breadcrumb\":{\"@id\":\"https:\/\/www.nettali.com\/2025\/04\/26\/dialogue-politique-le-parti-socialiste-partant-mais\/#breadcrumb\"},\"inLanguage\":\"fr-FR\",\"potentialAction\":[{\"@type\":\"ReadAction\",\"target\":[\"https:\/\/www.nettali.com\/2025\/04\/26\/dialogue-politique-le-parti-socialiste-partant-mais\/\"]}]},{\"@type\":\"BreadcrumbList\",\"@id\":\"https:\/\/www.nettali.com\/2025\/04\/26\/dialogue-politique-le-parti-socialiste-partant-mais\/#breadcrumb\",\"itemListElement\":[{\"@type\":\"ListItem\",\"position\":1,\"name\":\"Accueil\",\"item\":\"https:\/\/www.nettali.com\/\"},{\"@type\":\"ListItem\",\"position\":2,\"name\":\"DIALOGUE POLITIQUE - Le Parti socialiste partant, mais...\"}]},{\"@type\":\"Person\",\"@id\":\"https:\/\/www.nettali.com\/#\/schema\/person\/418274a86bdf87caff7a3ef476bd0bbf\",\"name\":\"Fatou\",\"image\":{\"@type\":\"ImageObject\",\"@id\":\"https:\/\/www.nettali.com\/#personlogo\",\"inLanguage\":\"fr-FR\",\"url\":\"https:\/\/secure.gravatar.com\/avatar\/5a9442a2bee7b4dcf167cab035858e9a?s=96&d=mm&r=g\",\"contentUrl\":\"https:\/\/secure.gravatar.com\/avatar\/5a9442a2bee7b4dcf167cab035858e9a?s=96&d=mm&r=g\",\"caption\":\"Fatou\"},\"sameAs\":[\"https:\/\/www.nettali.com\"]}]}<\/script>\n<!-- \/ Yoast SEO Premium plugin. -->","yoast_head_json":{"title":"DIALOGUE POLITIQUE - Le Parti socialiste partant, mais... | Nettali.com","robots":{"index":"index","follow":"follow","max-snippet":"max-snippet:-1","max-image-preview":"max-image-preview:large","max-video-preview":"max-video-preview:-1"},"canonical":"https:\/\/www.nettali.com\/2025\/04\/26\/dialogue-politique-le-parti-socialiste-partant-mais\/","og_locale":"fr_FR","og_type":"article","og_title":"DIALOGUE POLITIQUE - Le Parti socialiste partant, mais...","og_description":"NETTALI.COM - Le Parti socialiste se dit favorable au dialogue politique. Toutefois les socialistes estiment qu\u2019il faut d\u2019embl\u00e9e instaurer un climat de confiance. Le porte-parole du parti socialiste s\u2019est exprim\u00e9 sur le dialogue politique qui sera lanc\u00e9 le 28 mai 2025. \u00ab En ce qui concerne le dialogue, le Parti socialiste a toujours consid\u00e9r\u00e9 depuis [&hellip;]","og_url":"https:\/\/www.nettali.com\/2025\/04\/26\/dialogue-politique-le-parti-socialiste-partant-mais\/","og_site_name":"Nettali.com","article_publisher":"https:\/\/www.facebook.com\/nettalicom","article_published_time":"2025-04-26T08:25:18+00:00","og_image":[{"width":690,"height":500,"url":"https:\/\/www.nettali.com\/wp-content\/uploads\/2019\/07\/wilane-690x500.jpg","type":"image\/jpeg"}],"twitter_card":"summary_large_image","twitter_misc":{"\u00c9crit par":"Fatou","Dur\u00e9e de lecture estim\u00e9e":"2 minutes"},"schema":{"@context":"https:\/\/schema.org","@graph":[{"@type":"WebSite","@id":"https:\/\/www.nettali.com\/#website","url":"https:\/\/www.nettali.com\/","name":"Nettali.com","description":"Le rendez-vous critique du Net","potentialAction":[{"@type":"SearchAction","target":{"@type":"EntryPoint","urlTemplate":"https:\/\/www.nettali.com\/?s={search_term_string}"},"query-input":"required name=search_term_string"}],"inLanguage":"fr-FR"},{"@type":"ImageObject","@id":"https:\/\/www.nettali.com\/2025\/04\/26\/dialogue-politique-le-parti-socialiste-partant-mais\/#primaryimage","inLanguage":"fr-FR","url":"https:\/\/www.nettali.com\/wp-content\/uploads\/2019\/07\/wilane-690x500.jpg","contentUrl":"https:\/\/www.nettali.com\/wp-content\/uploads\/2019\/07\/wilane-690x500.jpg","width":690,"height":500},{"@type":"WebPage","@id":"https:\/\/www.nettali.com\/2025\/04\/26\/dialogue-politique-le-parti-socialiste-partant-mais\/#webpage","url":"https:\/\/www.nettali.com\/2025\/04\/26\/dialogue-politique-le-parti-socialiste-partant-mais\/","name":"DIALOGUE POLITIQUE - Le Parti socialiste partant, mais... | Nettali.com","isPartOf":{"@id":"https:\/\/www.nettali.com\/#website"},"primaryImageOfPage":{"@id":"https:\/\/www.nettali.com\/2025\/04\/26\/dialogue-politique-le-parti-socialiste-partant-mais\/#primaryimage"},"datePublished":"2025-04-26T08:25:18+00:00","dateModified":"2025-04-26T08:25:18+00:00","author":{"@id":"https:\/\/www.nettali.com\/#\/schema\/person\/418274a86bdf87caff7a3ef476bd0bbf"},"breadcrumb":{"@id":"https:\/\/www.nettali.com\/2025\/04\/26\/dialogue-politique-le-parti-socialiste-partant-mais\/#breadcrumb"},"inLanguage":"fr-FR","potentialAction":[{"@type":"ReadAction","target":["https:\/\/www.nettali.com\/2025\/04\/26\/dialogue-politique-le-parti-socialiste-partant-mais\/"]}]},{"@type":"BreadcrumbList","@id":"https:\/\/www.nettali.com\/2025\/04\/26\/dialogue-politique-le-parti-socialiste-partant-mais\/#breadcrumb","itemListElement":[{"@type":"ListItem","position":1,"name":"Accueil","item":"https:\/\/www.nettali.com\/"},{"@type":"ListItem","position":2,"name":"DIALOGUE POLITIQUE - Le Parti socialiste partant, mais..."}]},{"@type":"Person","@id":"https:\/\/www.nettali.com\/#\/schema\/person\/418274a86bdf87caff7a3ef476bd0bbf","name":"Fatou","image":{"@type":"ImageObject","@id":"https:\/\/www.nettali.com\/#personlogo","inLanguage":"fr-FR","url":"https:\/\/secure.gravatar.com\/avatar\/5a9442a2bee7b4dcf167cab035858e9a?s=96&d=mm&r=g","contentUrl":"https:\/\/secure.gravatar.com\/avatar\/5a9442a2bee7b4dcf167cab035858e9a?s=96&d=mm&r=g","caption":"Fatou"},"sameAs":["https:\/\/www.nettali.com"]}]}},"_links":{"self":[{"href":"https:\/\/www.nettali.com\/rest\/wp\/v2\/posts\/153097"}],"collection":[{"href":"https:\/\/www.nettali.com\/rest\/wp\/v2\/posts"}],"about":[{"href":"https:\/\/www.nettali.com\/rest\/wp\/v2\/types\/post"}],"author":[{"embeddable":true,"href":"https:\/\/www.nettali.com\/rest\/wp\/v2\/users\/6"}],"replies":[{"embeddable":true,"href":"https:\/\/www.nettali.com\/rest\/wp\/v2\/comments?post=153097"}],"version-history":[{"count":3,"href":"https:\/\/www.nettali.com\/rest\/wp\/v2\/posts\/153097\/revisions"}],"predecessor-version":[{"id":153105,"href":"https:\/\/www.nettali.com\/rest\/wp\/v2\/posts\/153097\/revisions\/153105"}],"wp:featuredmedia":[{"embeddable":true,"href":"https:\/\/www.nettali.com\/rest\/wp\/v2\/media\/14321"}],"wp:attachment":[{"href":"https:\/\/www.nettali.com\/rest\/wp\/v2\/media?parent=153097"}],"wp:term":[{"taxonomy":"category","embeddable":true,"href":"https:\/\/www.nettali.com\/rest\/wp\/v2\/categories?post=153097"},{"taxonomy":"post_tag","embeddable":true,"href":"https:\/\/www.nettali.com\/rest\/wp\/v2\/tags?post=153097"}],"curies":[{"name":"wp","href":"https:\/\/api.w.org\/{rel}","templated":true}]}}