{"id":153073,"date":"2025-04-25T20:09:16","date_gmt":"2025-04-25T20:09:16","guid":{"rendered":"https:\/\/www.nettali.com\/?p=153073"},"modified":"2025-04-25T20:09:16","modified_gmt":"2025-04-25T20:09:16","slug":"copa-del-rey-larbitre-de-la-finale-craque-en-larmes-en-conference-de-presse","status":"publish","type":"post","link":"https:\/\/www.nettali.com\/2025\/04\/25\/copa-del-rey-larbitre-de-la-finale-craque-en-larmes-en-conference-de-presse\/","title":{"rendered":"COPA DEL REY - L'arbitre de la finale craque en larmes en conf\u00e9rence de presse"},"content":{"rendered":"<p><strong>NETTALI.COM - A la veille de la finale de la Coupe du Roi entre le Bar\u00e7a et le Real Madrid, samedi, l'arbitre d\u00e9sign\u00e9 pour y officier, Ricardo de Burgos Bengoetxea, s'est livr\u00e9 sur sa situation personnelle en conf\u00e9rence de presse : se dit \"indiff\u00e9rent\" aux vid\u00e9os publi\u00e9es par la cha\u00eene officielle du club merengue, jeudi, sur les pr\u00e9tendues erreurs qu'aurait d\u00e9j\u00e0 commises le Basque, il a ensuite fendu l'armure au moment d'\u00e9voquer des situations que peuvent subir lui et sa famille \u00e0 cause de sa profession.<\/strong><\/p>\n<p>\"<em>Lorsque votre fils va \u00e0 l'\u00e9cole et qu'on lui dit que son p\u00e8re est un voleur et qu'il rentre \u00e0 la maison en pleurant, c'est tr\u00e8s perturbant<\/em>\", a-t-il confi\u00e9, les larmes qui perlaient au coin des yeux, lors de la conf\u00e9rence de presse, ce vendredi 25 avril.<\/p>\n<p>\"<em>Ce que je fais, c'est essayer d'\u00e9duquer mon fils, de lui dire que son p\u00e8re est honn\u00eate, qu'il fait des erreurs comme n'importe quel autre sportif. (...) Le jour o\u00f9 je partirai d'ici, je veux que mon fils soit fier de ce qu'a \u00e9t\u00e9 son p\u00e8re et de ce qu'est l'arbitrage, qui nous a donn\u00e9 beaucoup de valeurs<\/em>\", a ajout\u00e9 de Burgos Begoetxea, \u00e9mu.<\/p>\n<p>A rappeler la finale de la coupe du Roi entre le FC Barcelone et le Real Madrid est pr\u00e9vu ce samedi 26 avril \u00e0 19h GMT, \u00e0 Seville.<\/p>\n<div class='share-to-whatsapp-wrapper'><div class='share-on-whsp'>PARTAGER SUR : <\/div><a data-text='COPA DEL REY - L'arbitre de la finale craque en larmes en conf\u00e9rence de presse' data-link='https:\/\/www.nettali.com\/2025\/04\/25\/copa-del-rey-larbitre-de-la-finale-craque-en-larmes-en-conference-de-presse\/' class='whatsapp-button whatsapp-share'>WhatsApp<\/a><div class='clear '><\/div><\/div>","protected":false},"excerpt":{"rendered":"<p>NETTALI.COM - A la veille de la finale de la Coupe du Roi entre le Bar\u00e7a et le Real Madrid, samedi, l'arbitre d\u00e9sign\u00e9 pour y officier, Ricardo de Burgos Bengoetxea, s'est livr\u00e9 sur sa situation personnelle en conf\u00e9rence de presse : se dit \"indiff\u00e9rent\" aux vid\u00e9os publi\u00e9es par la cha\u00eene officielle du club merengue, jeudi, [&hellip;]<\/p>\n","protected":false},"author":5,"featured_media":153074,"comment_status":"open","ping_status":"open","sticky":false,"template":"","format":"standard","meta":{"_et_pb_use_builder":"","_et_pb_old_content":""},"categories":[6],"tags":[],"yoast_head":"<!-- This site is optimized with the Yoast SEO Premium plugin v17.8 (Yoast SEO v17.8) - https:\/\/yoast.com\/wordpress\/plugins\/seo\/ -->\n<title>COPA DEL REY - L&#039;arbitre de la finale craque en larmes en conf\u00e9rence de presse | Nettali.com<\/title>\n<meta name=\"robots\" content=\"index, follow, max-snippet:-1, max-image-preview:large, max-video-preview:-1\" \/>\n<link rel=\"canonical\" href=\"https:\/\/www.nettali.com\/2025\/04\/25\/copa-del-rey-larbitre-de-la-finale-craque-en-larmes-en-conference-de-presse\/\" \/>\n<meta property=\"og:locale\" content=\"fr_FR\" \/>\n<meta property=\"og:type\" content=\"article\" \/>\n<meta property=\"og:title\" content=\"COPA DEL REY - L&#039;arbitre de la finale craque en larmes en conf\u00e9rence de presse\" \/>\n<meta property=\"og:description\" content=\"NETTALI.COM - A la veille de la finale de la Coupe du Roi entre le Bar\u00e7a et le Real Madrid, samedi, l&#039;arbitre d\u00e9sign\u00e9 pour y officier, Ricardo de Burgos Bengoetxea, s&#039;est livr\u00e9 sur sa situation personnelle en conf\u00e9rence de presse : se dit &quot;indiff\u00e9rent&quot; aux vid\u00e9os publi\u00e9es par la cha\u00eene officielle du club merengue, jeudi, [&hellip;]\" \/>\n<meta property=\"og:url\" content=\"https:\/\/www.nettali.com\/2025\/04\/25\/copa-del-rey-larbitre-de-la-finale-craque-en-larmes-en-conference-de-presse\/\" \/>\n<meta property=\"og:site_name\" content=\"Nettali.com\" \/>\n<meta property=\"article:publisher\" content=\"https:\/\/www.facebook.com\/nettalicom\" \/>\n<meta property=\"article:published_time\" content=\"2025-04-25T20:09:16+00:00\" \/>\n<meta property=\"og:image\" content=\"https:\/\/www.nettali.com\/wp-content\/uploads\/2025\/04\/Screenshot_20250425_182941_Gallery.jpg\" \/>\n\t<meta property=\"og:image:width\" content=\"1080\" \/>\n\t<meta property=\"og:image:height\" content=\"676\" \/>\n<meta name=\"twitter:card\" content=\"summary_large_image\" \/>\n<meta name=\"twitter:label1\" content=\"\u00c9crit par\" \/>\n\t<meta name=\"twitter:data1\" content=\"Ibrahima\" \/>\n\t<meta name=\"twitter:label2\" content=\"Dur\u00e9e de lecture estim\u00e9e\" \/>\n\t<meta name=\"twitter:data2\" content=\"2 minutes\" \/>\n<script type=\"application\/ld+json\" class=\"yoast-schema-graph\">{\"@context\":\"https:\/\/schema.org\",\"@graph\":[{\"@type\":\"WebSite\",\"@id\":\"https:\/\/www.nettali.com\/#website\",\"url\":\"https:\/\/www.nettali.com\/\",\"name\":\"Nettali.com\",\"description\":\"Le rendez-vous critique du Net\",\"potentialAction\":[{\"@type\":\"SearchAction\",\"target\":{\"@type\":\"EntryPoint\",\"urlTemplate\":\"https:\/\/www.nettali.com\/?s={search_term_string}\"},\"query-input\":\"required name=search_term_string\"}],\"inLanguage\":\"fr-FR\"},{\"@type\":\"ImageObject\",\"@id\":\"https:\/\/www.nettali.com\/2025\/04\/25\/copa-del-rey-larbitre-de-la-finale-craque-en-larmes-en-conference-de-presse\/#primaryimage\",\"inLanguage\":\"fr-FR\",\"url\":\"https:\/\/www.nettali.com\/wp-content\/uploads\/2025\/04\/Screenshot_20250425_182941_Gallery.jpg\",\"contentUrl\":\"https:\/\/www.nettali.com\/wp-content\/uploads\/2025\/04\/Screenshot_20250425_182941_Gallery.jpg\",\"width\":1080,\"height\":676},{\"@type\":\"WebPage\",\"@id\":\"https:\/\/www.nettali.com\/2025\/04\/25\/copa-del-rey-larbitre-de-la-finale-craque-en-larmes-en-conference-de-presse\/#webpage\",\"url\":\"https:\/\/www.nettali.com\/2025\/04\/25\/copa-del-rey-larbitre-de-la-finale-craque-en-larmes-en-conference-de-presse\/\",\"name\":\"COPA DEL REY - L'arbitre de la finale craque en larmes en conf\\u00e9rence de presse | Nettali.com\",\"isPartOf\":{\"@id\":\"https:\/\/www.nettali.com\/#website\"},\"primaryImageOfPage\":{\"@id\":\"https:\/\/www.nettali.com\/2025\/04\/25\/copa-del-rey-larbitre-de-la-finale-craque-en-larmes-en-conference-de-presse\/#primaryimage\"},\"datePublished\":\"2025-04-25T20:09:16+00:00\",\"dateModified\":\"2025-04-25T20:09:16+00:00\",\"author\":{\"@id\":\"https:\/\/www.nettali.com\/#\/schema\/person\/bb147657c2986240405a608162b9bb23\"},\"breadcrumb\":{\"@id\":\"https:\/\/www.nettali.com\/2025\/04\/25\/copa-del-rey-larbitre-de-la-finale-craque-en-larmes-en-conference-de-presse\/#breadcrumb\"},\"inLanguage\":\"fr-FR\",\"potentialAction\":[{\"@type\":\"ReadAction\",\"target\":[\"https:\/\/www.nettali.com\/2025\/04\/25\/copa-del-rey-larbitre-de-la-finale-craque-en-larmes-en-conference-de-presse\/\"]}]},{\"@type\":\"BreadcrumbList\",\"@id\":\"https:\/\/www.nettali.com\/2025\/04\/25\/copa-del-rey-larbitre-de-la-finale-craque-en-larmes-en-conference-de-presse\/#breadcrumb\",\"itemListElement\":[{\"@type\":\"ListItem\",\"position\":1,\"name\":\"Accueil\",\"item\":\"https:\/\/www.nettali.com\/\"},{\"@type\":\"ListItem\",\"position\":2,\"name\":\"COPA DEL REY - L'arbitre de la finale craque en larmes en conf\\u00e9rence de presse\"}]},{\"@type\":\"Person\",\"@id\":\"https:\/\/www.nettali.com\/#\/schema\/person\/bb147657c2986240405a608162b9bb23\",\"name\":\"Ibrahima\",\"image\":{\"@type\":\"ImageObject\",\"@id\":\"https:\/\/www.nettali.com\/#personlogo\",\"inLanguage\":\"fr-FR\",\"url\":\"https:\/\/secure.gravatar.com\/avatar\/26a8a81f09f0dd7624c9d5c36c9ba3a2?s=96&d=mm&r=g\",\"contentUrl\":\"https:\/\/secure.gravatar.com\/avatar\/26a8a81f09f0dd7624c9d5c36c9ba3a2?s=96&d=mm&r=g\",\"caption\":\"Ibrahima\"},\"sameAs\":[\"https:\/\/www.nettali.com\"]}]}<\/script>\n<!-- \/ Yoast SEO Premium plugin. -->","yoast_head_json":{"title":"COPA DEL REY - L'arbitre de la finale craque en larmes en conf\u00e9rence de presse | Nettali.com","robots":{"index":"index","follow":"follow","max-snippet":"max-snippet:-1","max-image-preview":"max-image-preview:large","max-video-preview":"max-video-preview:-1"},"canonical":"https:\/\/www.nettali.com\/2025\/04\/25\/copa-del-rey-larbitre-de-la-finale-craque-en-larmes-en-conference-de-presse\/","og_locale":"fr_FR","og_type":"article","og_title":"COPA DEL REY - L'arbitre de la finale craque en larmes en conf\u00e9rence de presse","og_description":"NETTALI.COM - A la veille de la finale de la Coupe du Roi entre le Bar\u00e7a et le Real Madrid, samedi, l'arbitre d\u00e9sign\u00e9 pour y officier, Ricardo de Burgos Bengoetxea, s'est livr\u00e9 sur sa situation personnelle en conf\u00e9rence de presse : se dit \"indiff\u00e9rent\" aux vid\u00e9os publi\u00e9es par la cha\u00eene officielle du club merengue, jeudi, [&hellip;]","og_url":"https:\/\/www.nettali.com\/2025\/04\/25\/copa-del-rey-larbitre-de-la-finale-craque-en-larmes-en-conference-de-presse\/","og_site_name":"Nettali.com","article_publisher":"https:\/\/www.facebook.com\/nettalicom","article_published_time":"2025-04-25T20:09:16+00:00","og_image":[{"width":1080,"height":676,"url":"https:\/\/www.nettali.com\/wp-content\/uploads\/2025\/04\/Screenshot_20250425_182941_Gallery.jpg","type":"image\/jpeg"}],"twitter_card":"summary_large_image","twitter_misc":{"\u00c9crit par":"Ibrahima","Dur\u00e9e de lecture estim\u00e9e":"2 minutes"},"schema":{"@context":"https:\/\/schema.org","@graph":[{"@type":"WebSite","@id":"https:\/\/www.nettali.com\/#website","url":"https:\/\/www.nettali.com\/","name":"Nettali.com","description":"Le rendez-vous critique du Net","potentialAction":[{"@type":"SearchAction","target":{"@type":"EntryPoint","urlTemplate":"https:\/\/www.nettali.com\/?s={search_term_string}"},"query-input":"required name=search_term_string"}],"inLanguage":"fr-FR"},{"@type":"ImageObject","@id":"https:\/\/www.nettali.com\/2025\/04\/25\/copa-del-rey-larbitre-de-la-finale-craque-en-larmes-en-conference-de-presse\/#primaryimage","inLanguage":"fr-FR","url":"https:\/\/www.nettali.com\/wp-content\/uploads\/2025\/04\/Screenshot_20250425_182941_Gallery.jpg","contentUrl":"https:\/\/www.nettali.com\/wp-content\/uploads\/2025\/04\/Screenshot_20250425_182941_Gallery.jpg","width":1080,"height":676},{"@type":"WebPage","@id":"https:\/\/www.nettali.com\/2025\/04\/25\/copa-del-rey-larbitre-de-la-finale-craque-en-larmes-en-conference-de-presse\/#webpage","url":"https:\/\/www.nettali.com\/2025\/04\/25\/copa-del-rey-larbitre-de-la-finale-craque-en-larmes-en-conference-de-presse\/","name":"COPA DEL REY - L'arbitre de la finale craque en larmes en conf\u00e9rence de presse | Nettali.com","isPartOf":{"@id":"https:\/\/www.nettali.com\/#website"},"primaryImageOfPage":{"@id":"https:\/\/www.nettali.com\/2025\/04\/25\/copa-del-rey-larbitre-de-la-finale-craque-en-larmes-en-conference-de-presse\/#primaryimage"},"datePublished":"2025-04-25T20:09:16+00:00","dateModified":"2025-04-25T20:09:16+00:00","author":{"@id":"https:\/\/www.nettali.com\/#\/schema\/person\/bb147657c2986240405a608162b9bb23"},"breadcrumb":{"@id":"https:\/\/www.nettali.com\/2025\/04\/25\/copa-del-rey-larbitre-de-la-finale-craque-en-larmes-en-conference-de-presse\/#breadcrumb"},"inLanguage":"fr-FR","potentialAction":[{"@type":"ReadAction","target":["https:\/\/www.nettali.com\/2025\/04\/25\/copa-del-rey-larbitre-de-la-finale-craque-en-larmes-en-conference-de-presse\/"]}]},{"@type":"BreadcrumbList","@id":"https:\/\/www.nettali.com\/2025\/04\/25\/copa-del-rey-larbitre-de-la-finale-craque-en-larmes-en-conference-de-presse\/#breadcrumb","itemListElement":[{"@type":"ListItem","position":1,"name":"Accueil","item":"https:\/\/www.nettali.com\/"},{"@type":"ListItem","position":2,"name":"COPA DEL REY - L'arbitre de la finale craque en larmes en conf\u00e9rence de presse"}]},{"@type":"Person","@id":"https:\/\/www.nettali.com\/#\/schema\/person\/bb147657c2986240405a608162b9bb23","name":"Ibrahima","image":{"@type":"ImageObject","@id":"https:\/\/www.nettali.com\/#personlogo","inLanguage":"fr-FR","url":"https:\/\/secure.gravatar.com\/avatar\/26a8a81f09f0dd7624c9d5c36c9ba3a2?s=96&d=mm&r=g","contentUrl":"https:\/\/secure.gravatar.com\/avatar\/26a8a81f09f0dd7624c9d5c36c9ba3a2?s=96&d=mm&r=g","caption":"Ibrahima"},"sameAs":["https:\/\/www.nettali.com"]}]}},"_links":{"self":[{"href":"https:\/\/www.nettali.com\/rest\/wp\/v2\/posts\/153073"}],"collection":[{"href":"https:\/\/www.nettali.com\/rest\/wp\/v2\/posts"}],"about":[{"href":"https:\/\/www.nettali.com\/rest\/wp\/v2\/types\/post"}],"author":[{"embeddable":true,"href":"https:\/\/www.nettali.com\/rest\/wp\/v2\/users\/5"}],"replies":[{"embeddable":true,"href":"https:\/\/www.nettali.com\/rest\/wp\/v2\/comments?post=153073"}],"version-history":[{"count":1,"href":"https:\/\/www.nettali.com\/rest\/wp\/v2\/posts\/153073\/revisions"}],"predecessor-version":[{"id":153075,"href":"https:\/\/www.nettali.com\/rest\/wp\/v2\/posts\/153073\/revisions\/153075"}],"wp:featuredmedia":[{"embeddable":true,"href":"https:\/\/www.nettali.com\/rest\/wp\/v2\/media\/153074"}],"wp:attachment":[{"href":"https:\/\/www.nettali.com\/rest\/wp\/v2\/media?parent=153073"}],"wp:term":[{"taxonomy":"category","embeddable":true,"href":"https:\/\/www.nettali.com\/rest\/wp\/v2\/categories?post=153073"},{"taxonomy":"post_tag","embeddable":true,"href":"https:\/\/www.nettali.com\/rest\/wp\/v2\/tags?post=153073"}],"curies":[{"name":"wp","href":"https:\/\/api.w.org\/{rel}","templated":true}]}}