{"id":153005,"date":"2025-04-24T13:26:45","date_gmt":"2025-04-24T13:26:45","guid":{"rendered":"https:\/\/www.nettali.com\/?p=153005"},"modified":"2025-04-24T14:33:06","modified_gmt":"2025-04-24T14:33:06","slug":"bassirou-diomaye-faye-le-monde-de-lemploi-est-confronte-au-defi-permanent-de-lia","status":"publish","type":"post","link":"https:\/\/www.nettali.com\/2025\/04\/24\/bassirou-diomaye-faye-le-monde-de-lemploi-est-confronte-au-defi-permanent-de-lia\/","title":{"rendered":"BASSIROU DIOMAYE FAYE : \"Le monde de l\u2019emploi est confront\u00e9 au d\u00e9fi permanent de l\u2019IA\""},"content":{"rendered":"<p><strong>NETTALI.COM - Le chef de l\u2019\u00c9tat, Bassirou Diomaye Faye, a estim\u00e9, jeudi, que le secteur de l\u2019emploi durable est confront\u00e9 \u00e0 un \"d\u00e9fi permanent\" face \u00e0 l\u2019avanc\u00e9e des technologies de pointe comme l\u2019Intelligence artificielle (IA).<\/strong><\/p>\n<p><em>\"Conserver et \u00e9voluer dans un emploi est un d\u00e9fi permanent face au bouleversement technologique majeur que conna\u00eet notre \u00e9poque, notamment avec l\u2019essor fulgurant de l\u2019intelligence artificielle et l\u2019utilisation croissante des robots et des services automatis\u00e9s \u00e0 la place des humains\"<\/em>, a-t-il dit dans son discours \u00e0 l\u2019ouverture de la quatri\u00e8me Conf\u00e9rence sociale sur l\u2019emploi et l\u2019employabilit\u00e9.<\/p>\n<p>Cet \u00e9v\u00e8nement de deux jours, qui se tient au Centre international de conf\u00e9rences Abdou Diouf (CICA) de Diamniadio, situ\u00e9 \u00e0 trente kilom\u00e8tres de Dakar, porte sur le th\u00e8me : <em>\"Emploi et Employabilit\u00e9 : D\u00e9fis et perspectives pour un S\u00e9n\u00e9gal souverain, juste et prosp\u00e8re\"<\/em>.<\/p>\n<p>Selon le pr\u00e9sident Faye, les \u00e9volutions technologiques posent avec acuit\u00e9 la question de l\u2019avenir du travail et des comp\u00e9tences de demain.<\/p>\n<p>Il a pr\u00e9conis\u00e9 parmi les solutions, l\u2019int\u00e9gration de ces \u00e9volutions num\u00e9riques dans la formation. Le chef de l\u2019Etat a invit\u00e9 les entrepreneurs et les entreprises \u00e0 adopter des d\u00e9marches innovantes, assurant \u00e0 ces derniers de l\u2019accompagnement de l\u2019Etat.<\/p>\n<p>Il faut <em>\"placer l\u2019innovation et l\u2019entrepreneuriat au c\u0153ur des actions de d\u00e9veloppement \u00e9conomique avec une attention particuli\u00e8re aux start-up technologiques et aux entreprises innovantes qui sont des moteurs essentiels de comp\u00e9titivit\u00e9 et d\u2019opportunit\u00e9 \u00e9conomique pour la jeunesse \u00e0 l\u2019horizon 2050\"<\/em>, a soulign\u00e9 le pr\u00e9sident de la R\u00e9publique.<\/p>\n<p>La quatri\u00e8me Conf\u00e9rence sociale sur l\u2019emploi et l\u2019employabilit\u00e9 a \u00e9galement vu la participation d\u2019autorit\u00e9s gouvernementales, notamment du ministre du Travail, de l\u2019Emploi et des relations avec les institutions, Abass Fall, des travailleurs, des organisations syndicales et patronales, des partenaires techniques et financiers.<\/p>\n<p>L\u2019objectif de cette rencontre est, selon le ministre du Travail, de l\u2019Emploi et des relations avec les institutions, d\u2019\u00e9tablir une <em>\"feuille de route claire et inclusive\"<\/em> afin de promouvoir le d\u00e9veloppement de l\u2019emploi d\u00e9cent et de qualit\u00e9, de renforcer le dialogue social ou encore proposer des m\u00e9canismes novateurs en mati\u00e8re de politique nationale.<\/p>\n<p>Les participants devront ainsi identifier des solutions concr\u00e8tes et durables pour renforcer l\u2019employabilit\u00e9 des jeunes, favoriser leur insertion professionnelle et accompagner la transformation structurelle du march\u00e9 du travail.<\/p>\n<div class='share-to-whatsapp-wrapper'><div class='share-on-whsp'>PARTAGER SUR : <\/div><a data-text='BASSIROU DIOMAYE FAYE : \"Le monde de l\u2019emploi est confront\u00e9 au d\u00e9fi permanent de l\u2019IA\"' data-link='https:\/\/www.nettali.com\/2025\/04\/24\/bassirou-diomaye-faye-le-monde-de-lemploi-est-confronte-au-defi-permanent-de-lia\/' class='whatsapp-button whatsapp-share'>WhatsApp<\/a><div class='clear '><\/div><\/div>","protected":false},"excerpt":{"rendered":"<p>NETTALI.COM - Le chef de l\u2019\u00c9tat, Bassirou Diomaye Faye, a estim\u00e9, jeudi, que le secteur de l\u2019emploi durable est confront\u00e9 \u00e0 un \"d\u00e9fi permanent\" face \u00e0 l\u2019avanc\u00e9e des technologies de pointe comme l\u2019Intelligence artificielle (IA). \"Conserver et \u00e9voluer dans un emploi est un d\u00e9fi permanent face au bouleversement technologique majeur que conna\u00eet notre \u00e9poque, notamment [&hellip;]<\/p>\n","protected":false},"author":4,"featured_media":153006,"comment_status":"open","ping_status":"open","sticky":false,"template":"","format":"standard","meta":{"_et_pb_use_builder":"","_et_pb_old_content":""},"categories":[2],"tags":[],"yoast_head":"<!-- This site is optimized with the Yoast SEO Premium plugin v17.8 (Yoast SEO v17.8) - https:\/\/yoast.com\/wordpress\/plugins\/seo\/ -->\n<title>BASSIROU DIOMAYE FAYE : &quot;Le monde de l\u2019emploi est confront\u00e9 au d\u00e9fi permanent de l\u2019IA&quot; | Nettali.com<\/title>\n<meta name=\"robots\" content=\"index, follow, max-snippet:-1, max-image-preview:large, max-video-preview:-1\" \/>\n<link rel=\"canonical\" href=\"https:\/\/www.nettali.com\/2025\/04\/24\/bassirou-diomaye-faye-le-monde-de-lemploi-est-confronte-au-defi-permanent-de-lia\/\" \/>\n<meta property=\"og:locale\" content=\"fr_FR\" \/>\n<meta property=\"og:type\" content=\"article\" \/>\n<meta property=\"og:title\" content=\"BASSIROU DIOMAYE FAYE : &quot;Le monde de l\u2019emploi est confront\u00e9 au d\u00e9fi permanent de l\u2019IA&quot;\" \/>\n<meta property=\"og:description\" content=\"NETTALI.COM - Le chef de l\u2019\u00c9tat, Bassirou Diomaye Faye, a estim\u00e9, jeudi, que le secteur de l\u2019emploi durable est confront\u00e9 \u00e0 un &quot;d\u00e9fi permanent&quot; face \u00e0 l\u2019avanc\u00e9e des technologies de pointe comme l\u2019Intelligence artificielle (IA). &quot;Conserver et \u00e9voluer dans un emploi est un d\u00e9fi permanent face au bouleversement technologique majeur que conna\u00eet notre \u00e9poque, notamment [&hellip;]\" \/>\n<meta property=\"og:url\" content=\"https:\/\/www.nettali.com\/2025\/04\/24\/bassirou-diomaye-faye-le-monde-de-lemploi-est-confronte-au-defi-permanent-de-lia\/\" \/>\n<meta property=\"og:site_name\" content=\"Nettali.com\" \/>\n<meta property=\"article:publisher\" content=\"https:\/\/www.facebook.com\/nettalicom\" \/>\n<meta property=\"article:published_time\" content=\"2025-04-24T13:26:45+00:00\" \/>\n<meta property=\"article:modified_time\" content=\"2025-04-24T14:33:06+00:00\" \/>\n<meta property=\"og:image\" content=\"https:\/\/www.nettali.com\/wp-content\/uploads\/2025\/04\/Capture-de\u0301cran-2025-04-24-a\u0300-13.25.37.png\" \/>\n\t<meta property=\"og:image:width\" content=\"625\" \/>\n\t<meta property=\"og:image:height\" content=\"349\" \/>\n<meta name=\"twitter:card\" content=\"summary_large_image\" \/>\n<meta name=\"twitter:label1\" content=\"\u00c9crit par\" \/>\n\t<meta name=\"twitter:data1\" content=\"Daouda\" \/>\n\t<meta name=\"twitter:label2\" content=\"Dur\u00e9e de lecture estim\u00e9e\" \/>\n\t<meta name=\"twitter:data2\" content=\"2 minutes\" \/>\n<script type=\"application\/ld+json\" class=\"yoast-schema-graph\">{\"@context\":\"https:\/\/schema.org\",\"@graph\":[{\"@type\":\"WebSite\",\"@id\":\"https:\/\/www.nettali.com\/#website\",\"url\":\"https:\/\/www.nettali.com\/\",\"name\":\"Nettali.com\",\"description\":\"Le rendez-vous critique du Net\",\"potentialAction\":[{\"@type\":\"SearchAction\",\"target\":{\"@type\":\"EntryPoint\",\"urlTemplate\":\"https:\/\/www.nettali.com\/?s={search_term_string}\"},\"query-input\":\"required name=search_term_string\"}],\"inLanguage\":\"fr-FR\"},{\"@type\":\"ImageObject\",\"@id\":\"https:\/\/www.nettali.com\/2025\/04\/24\/bassirou-diomaye-faye-le-monde-de-lemploi-est-confronte-au-defi-permanent-de-lia\/#primaryimage\",\"inLanguage\":\"fr-FR\",\"url\":\"https:\/\/www.nettali.com\/wp-content\/uploads\/2025\/04\/Capture-de\\u0301cran-2025-04-24-a\\u0300-13.25.37.png\",\"contentUrl\":\"https:\/\/www.nettali.com\/wp-content\/uploads\/2025\/04\/Capture-de\\u0301cran-2025-04-24-a\\u0300-13.25.37.png\",\"width\":625,\"height\":349},{\"@type\":\"WebPage\",\"@id\":\"https:\/\/www.nettali.com\/2025\/04\/24\/bassirou-diomaye-faye-le-monde-de-lemploi-est-confronte-au-defi-permanent-de-lia\/#webpage\",\"url\":\"https:\/\/www.nettali.com\/2025\/04\/24\/bassirou-diomaye-faye-le-monde-de-lemploi-est-confronte-au-defi-permanent-de-lia\/\",\"name\":\"BASSIROU DIOMAYE FAYE : \\\"Le monde de l\\u2019emploi est confront\\u00e9 au d\\u00e9fi permanent de l\\u2019IA\\\" | Nettali.com\",\"isPartOf\":{\"@id\":\"https:\/\/www.nettali.com\/#website\"},\"primaryImageOfPage\":{\"@id\":\"https:\/\/www.nettali.com\/2025\/04\/24\/bassirou-diomaye-faye-le-monde-de-lemploi-est-confronte-au-defi-permanent-de-lia\/#primaryimage\"},\"datePublished\":\"2025-04-24T13:26:45+00:00\",\"dateModified\":\"2025-04-24T14:33:06+00:00\",\"author\":{\"@id\":\"https:\/\/www.nettali.com\/#\/schema\/person\/3317e0bb3aa1da309fbf7b2780901bf4\"},\"breadcrumb\":{\"@id\":\"https:\/\/www.nettali.com\/2025\/04\/24\/bassirou-diomaye-faye-le-monde-de-lemploi-est-confronte-au-defi-permanent-de-lia\/#breadcrumb\"},\"inLanguage\":\"fr-FR\",\"potentialAction\":[{\"@type\":\"ReadAction\",\"target\":[\"https:\/\/www.nettali.com\/2025\/04\/24\/bassirou-diomaye-faye-le-monde-de-lemploi-est-confronte-au-defi-permanent-de-lia\/\"]}]},{\"@type\":\"BreadcrumbList\",\"@id\":\"https:\/\/www.nettali.com\/2025\/04\/24\/bassirou-diomaye-faye-le-monde-de-lemploi-est-confronte-au-defi-permanent-de-lia\/#breadcrumb\",\"itemListElement\":[{\"@type\":\"ListItem\",\"position\":1,\"name\":\"Accueil\",\"item\":\"https:\/\/www.nettali.com\/\"},{\"@type\":\"ListItem\",\"position\":2,\"name\":\"BASSIROU DIOMAYE FAYE : \\\"Le monde de l\\u2019emploi est confront\\u00e9 au d\\u00e9fi permanent de l\\u2019IA\\\"\"}]},{\"@type\":\"Person\",\"@id\":\"https:\/\/www.nettali.com\/#\/schema\/person\/3317e0bb3aa1da309fbf7b2780901bf4\",\"name\":\"Daouda\",\"image\":{\"@type\":\"ImageObject\",\"@id\":\"https:\/\/www.nettali.com\/#personlogo\",\"inLanguage\":\"fr-FR\",\"url\":\"https:\/\/secure.gravatar.com\/avatar\/8d143b5a49345098ddcfee1c49c2f47c?s=96&d=mm&r=g\",\"contentUrl\":\"https:\/\/secure.gravatar.com\/avatar\/8d143b5a49345098ddcfee1c49c2f47c?s=96&d=mm&r=g\",\"caption\":\"Daouda\"},\"sameAs\":[\"https:\/\/www.nettali.com\"]}]}<\/script>\n<!-- \/ Yoast SEO Premium plugin. -->","yoast_head_json":{"title":"BASSIROU DIOMAYE FAYE : \"Le monde de l\u2019emploi est confront\u00e9 au d\u00e9fi permanent de l\u2019IA\" | Nettali.com","robots":{"index":"index","follow":"follow","max-snippet":"max-snippet:-1","max-image-preview":"max-image-preview:large","max-video-preview":"max-video-preview:-1"},"canonical":"https:\/\/www.nettali.com\/2025\/04\/24\/bassirou-diomaye-faye-le-monde-de-lemploi-est-confronte-au-defi-permanent-de-lia\/","og_locale":"fr_FR","og_type":"article","og_title":"BASSIROU DIOMAYE FAYE : \"Le monde de l\u2019emploi est confront\u00e9 au d\u00e9fi permanent de l\u2019IA\"","og_description":"NETTALI.COM - Le chef de l\u2019\u00c9tat, Bassirou Diomaye Faye, a estim\u00e9, jeudi, que le secteur de l\u2019emploi durable est confront\u00e9 \u00e0 un \"d\u00e9fi permanent\" face \u00e0 l\u2019avanc\u00e9e des technologies de pointe comme l\u2019Intelligence artificielle (IA). \"Conserver et \u00e9voluer dans un emploi est un d\u00e9fi permanent face au bouleversement technologique majeur que conna\u00eet notre \u00e9poque, notamment [&hellip;]","og_url":"https:\/\/www.nettali.com\/2025\/04\/24\/bassirou-diomaye-faye-le-monde-de-lemploi-est-confronte-au-defi-permanent-de-lia\/","og_site_name":"Nettali.com","article_publisher":"https:\/\/www.facebook.com\/nettalicom","article_published_time":"2025-04-24T13:26:45+00:00","article_modified_time":"2025-04-24T14:33:06+00:00","og_image":[{"width":625,"height":349,"url":"https:\/\/www.nettali.com\/wp-content\/uploads\/2025\/04\/Capture-de\u0301cran-2025-04-24-a\u0300-13.25.37.png","type":"image\/png"}],"twitter_card":"summary_large_image","twitter_misc":{"\u00c9crit par":"Daouda","Dur\u00e9e de lecture estim\u00e9e":"2 minutes"},"schema":{"@context":"https:\/\/schema.org","@graph":[{"@type":"WebSite","@id":"https:\/\/www.nettali.com\/#website","url":"https:\/\/www.nettali.com\/","name":"Nettali.com","description":"Le rendez-vous critique du Net","potentialAction":[{"@type":"SearchAction","target":{"@type":"EntryPoint","urlTemplate":"https:\/\/www.nettali.com\/?s={search_term_string}"},"query-input":"required name=search_term_string"}],"inLanguage":"fr-FR"},{"@type":"ImageObject","@id":"https:\/\/www.nettali.com\/2025\/04\/24\/bassirou-diomaye-faye-le-monde-de-lemploi-est-confronte-au-defi-permanent-de-lia\/#primaryimage","inLanguage":"fr-FR","url":"https:\/\/www.nettali.com\/wp-content\/uploads\/2025\/04\/Capture-de\u0301cran-2025-04-24-a\u0300-13.25.37.png","contentUrl":"https:\/\/www.nettali.com\/wp-content\/uploads\/2025\/04\/Capture-de\u0301cran-2025-04-24-a\u0300-13.25.37.png","width":625,"height":349},{"@type":"WebPage","@id":"https:\/\/www.nettali.com\/2025\/04\/24\/bassirou-diomaye-faye-le-monde-de-lemploi-est-confronte-au-defi-permanent-de-lia\/#webpage","url":"https:\/\/www.nettali.com\/2025\/04\/24\/bassirou-diomaye-faye-le-monde-de-lemploi-est-confronte-au-defi-permanent-de-lia\/","name":"BASSIROU DIOMAYE FAYE : \"Le monde de l\u2019emploi est confront\u00e9 au d\u00e9fi permanent de l\u2019IA\" | Nettali.com","isPartOf":{"@id":"https:\/\/www.nettali.com\/#website"},"primaryImageOfPage":{"@id":"https:\/\/www.nettali.com\/2025\/04\/24\/bassirou-diomaye-faye-le-monde-de-lemploi-est-confronte-au-defi-permanent-de-lia\/#primaryimage"},"datePublished":"2025-04-24T13:26:45+00:00","dateModified":"2025-04-24T14:33:06+00:00","author":{"@id":"https:\/\/www.nettali.com\/#\/schema\/person\/3317e0bb3aa1da309fbf7b2780901bf4"},"breadcrumb":{"@id":"https:\/\/www.nettali.com\/2025\/04\/24\/bassirou-diomaye-faye-le-monde-de-lemploi-est-confronte-au-defi-permanent-de-lia\/#breadcrumb"},"inLanguage":"fr-FR","potentialAction":[{"@type":"ReadAction","target":["https:\/\/www.nettali.com\/2025\/04\/24\/bassirou-diomaye-faye-le-monde-de-lemploi-est-confronte-au-defi-permanent-de-lia\/"]}]},{"@type":"BreadcrumbList","@id":"https:\/\/www.nettali.com\/2025\/04\/24\/bassirou-diomaye-faye-le-monde-de-lemploi-est-confronte-au-defi-permanent-de-lia\/#breadcrumb","itemListElement":[{"@type":"ListItem","position":1,"name":"Accueil","item":"https:\/\/www.nettali.com\/"},{"@type":"ListItem","position":2,"name":"BASSIROU DIOMAYE FAYE : \"Le monde de l\u2019emploi est confront\u00e9 au d\u00e9fi permanent de l\u2019IA\""}]},{"@type":"Person","@id":"https:\/\/www.nettali.com\/#\/schema\/person\/3317e0bb3aa1da309fbf7b2780901bf4","name":"Daouda","image":{"@type":"ImageObject","@id":"https:\/\/www.nettali.com\/#personlogo","inLanguage":"fr-FR","url":"https:\/\/secure.gravatar.com\/avatar\/8d143b5a49345098ddcfee1c49c2f47c?s=96&d=mm&r=g","contentUrl":"https:\/\/secure.gravatar.com\/avatar\/8d143b5a49345098ddcfee1c49c2f47c?s=96&d=mm&r=g","caption":"Daouda"},"sameAs":["https:\/\/www.nettali.com"]}]}},"_links":{"self":[{"href":"https:\/\/www.nettali.com\/rest\/wp\/v2\/posts\/153005"}],"collection":[{"href":"https:\/\/www.nettali.com\/rest\/wp\/v2\/posts"}],"about":[{"href":"https:\/\/www.nettali.com\/rest\/wp\/v2\/types\/post"}],"author":[{"embeddable":true,"href":"https:\/\/www.nettali.com\/rest\/wp\/v2\/users\/4"}],"replies":[{"embeddable":true,"href":"https:\/\/www.nettali.com\/rest\/wp\/v2\/comments?post=153005"}],"version-history":[{"count":2,"href":"https:\/\/www.nettali.com\/rest\/wp\/v2\/posts\/153005\/revisions"}],"predecessor-version":[{"id":153014,"href":"https:\/\/www.nettali.com\/rest\/wp\/v2\/posts\/153005\/revisions\/153014"}],"wp:featuredmedia":[{"embeddable":true,"href":"https:\/\/www.nettali.com\/rest\/wp\/v2\/media\/153006"}],"wp:attachment":[{"href":"https:\/\/www.nettali.com\/rest\/wp\/v2\/media?parent=153005"}],"wp:term":[{"taxonomy":"category","embeddable":true,"href":"https:\/\/www.nettali.com\/rest\/wp\/v2\/categories?post=153005"},{"taxonomy":"post_tag","embeddable":true,"href":"https:\/\/www.nettali.com\/rest\/wp\/v2\/tags?post=153005"}],"curies":[{"name":"wp","href":"https:\/\/api.w.org\/{rel}","templated":true}]}}