{"id":152958,"date":"2025-04-24T00:00:01","date_gmt":"2025-04-24T00:00:01","guid":{"rendered":"https:\/\/www.nettali.com\/?p=152958"},"modified":"2025-04-24T00:00:01","modified_gmt":"2025-04-24T00:00:01","slug":"mendicite-des-mineurs-ousmane-sonko-demande-aux-ministres-concernes-de-lui-presenter-une-strategie-de-riposte-au-plus-tard","status":"publish","type":"post","link":"https:\/\/www.nettali.com\/2025\/04\/24\/mendicite-des-mineurs-ousmane-sonko-demande-aux-ministres-concernes-de-lui-presenter-une-strategie-de-riposte-au-plus-tard\/","title":{"rendered":"MENDICITE DES MINEURS - Ousmane Sonko demande aux ministres concern\u00e9s de lui pr\u00e9senter une strat\u00e9gie de riposte au plus tard...."},"content":{"rendered":"<p><strong>NETTALI.COM - Lors du Conseil des ministres du mercredi 23 avril, le Premier ministre a ax\u00e9 sa communication sur la prise en charge des enfants de la rue et sur le ph\u00e9nom\u00e8ne de la mendicit\u00e9 publique et du vagabondage en g\u00e9n\u00e9ral. Outre l'organisation des Assises de la petite enfance qu'il veut soumettre au Chef de l'Etat, Ousmane Sonko a demand\u00e9 aux ministres concern\u00e9s de proposer , au plus tard fin octobre 2025, une strat\u00e9gie de riposte. <\/strong><\/p>\n<p>La question de la prise en charge des enfants de la rue pr\u00e9occupe le Gouvernement. Le Premier ministre l\u2019a rappel\u00e9 aux ministres en relevant qu\u2019il s\u2019agit d\u2019un ph\u00e9nom\u00e8ne de violation grave des droits de l\u2019enfant garantis par la Constitution du S\u00e9n\u00e9gal et les divers textes internationaux. Il s\u2019est d\u00e9sol\u00e9 que \u00ab\u00a0<em>les diff\u00e9rentes initiatives prises par le S\u00e9n\u00e9gal, notamment la \u00ab Strat\u00e9gie de protection de l\u2019enfant \u00bb, le Projet \u00ab Z\u00e9ro enfant en situation de rue \u00bb et le \u00ab Programme de Modernisation des Daara \u00bb n\u2019aient pas produit les impacts attendus\u00a0<\/em>\u00bb.<\/p>\n<p>C\u2019est pourquoi, Ousmane Sonko estime \u00ab\u00a0<em>qu\u2019un nouveau paradigme s\u2019impose donc dans le contexte de la Vision S\u00e9n\u00e9gal 2050 qui place l\u2019avenir de l\u2019enfant au c\u0153ur de la promotion d\u2019un capital humain de qualit\u00e9 et de la promotion de l\u2019\u00e9quit\u00e9 sociale\u00a0<\/em>\u00bb.<\/p>\n<p>Selon son argumentaire aux ministres, \u00ab\u00a0<em>il s\u2019agira de parvenir, une fois pour toutes, au retrait des enfants en situation de rue et \u00e0 leur r\u00e9insertion socio-\u00e9conomique <\/em>\u00bb.<\/p>\n<p>Dans cette perspective, informe le communiqu\u00e9, \u00ab\u00a0<em>le Premier ministre a soumis au pr\u00e9sident de la R\u00e9publique, la proposition faite par le Ministre de la Famille et des Solidarit\u00e9s, relative \u00e0 l\u2019organisation des Assises de la petite enfance destin\u00e9es notamment \u00e0 proposer des solutions concr\u00e8tes, durables et adapt\u00e9es au contexte s\u00e9n\u00e9galais, en synergie avec l\u2019ensemble des parties impliqu\u00e9es, sur la base de l\u2019identification pr\u00e9cise des obstacles qui entravent l\u2019\u00e9radication du ph\u00e9nom\u00e8ne des enfants en situation de rue <\/em>\u00bb.<\/p>\n<p>\u00ab\u00a0<em>Sur la base des directives arr\u00eat\u00e9es par le Chef de l\u2019Etat, il a invit\u00e9 le Ministre de la Famille et des Solidarit\u00e9s \u00e0 prendre les dispositions appropri\u00e9es pour la bonne organisation de ces Assises, en relation avec les Ministres charg\u00e9s de la Justice, de la Sant\u00e9 et de l\u2019Action sociale, \u00a0de l\u2019Education nationale ainsi que de l\u2019Int\u00e9rieur et de la S\u00e9curit\u00e9 publique\u00a0<\/em>\u00bb, ajoute le document.<\/p>\n<p>Abordant le ph\u00e9nom\u00e8ne relatif \u00e0 la lutte contre la mendicit\u00e9 publique et le vagabondage, le Premier Ministre a, selon le communiqu\u00e9, \u00ab\u00a0<em>d\u00e9plor\u00e9 son accentuation malgr\u00e9 un arsenal l\u00e9gal dissuasif et la mise en place d\u2019organes d\u00e9di\u00e9s\u00a0<\/em>\u00bb. \u00ab\u00a0<em>Il a rappel\u00e9 les dispositions l\u00e9gales pertinentes relatives \u00e0 l\u2019incrimination de la mendicit\u00e9, du vagabondage et de l\u2019exploitation de la mendicit\u00e9 d\u2019autrui ainsi qu\u2019\u00e0 la protection des victimes d\u2019exploitation de la mendicit\u00e9 et \u00e0 la protection de l\u2019enfant en danger<\/em>\u00a0\u00bb, rapporte le communiqu\u00e9. Qui indique que sur cette base, le Chef du gouvernement a engag\u00e9 les ministres charg\u00e9s de la Justice, de la Famille, de l\u2019Int\u00e9rieur et de la S\u00e9curit\u00e9 publique, des Forces arm\u00e9es ainsi que des Affaires \u00e9trang\u00e8res de lui soumettre, au plus tard fin octobre 2025, \u00ab\u00a0une strat\u00e9gie de riposte \u00e0 pr\u00e9senter \u00e0 l\u2019approbation de Monsieur le Pr\u00e9sident de la R\u00e9publique\u00a0\u00bb.<\/p>\n<p>Selon le document, cette strat\u00e9gie devra couvrir, entre autres, les axes telle la mendicit\u00e9 des mineurs. Ce qui passe \u00ab\u00a0<em>par des mesures d\u2019op\u00e9rationnalisation de la Brigade sp\u00e9ciale de protection des mineurs, devant permettre l\u2019identification des parents de tout mineur trouv\u00e9 dans la rue et \u00e9ventuellement des personnes charg\u00e9es de sa garde afin que des poursuites puissent \u00eatre engag\u00e9es \u00e0 leur encontre<\/em>\u00a0\u00bb<\/p>\n<p>L\u2019autre axe concerne la mendicit\u00e9 des \u00e9trangers. Il s\u2019agira d\u2019avoir des m\u00e9canismes de concertation avec les pays d\u2019origine pour le retour organis\u00e9 de leurs ressortissants et par l\u2019application des mesures d\u2019\u00e9loignement d\u00e8s la prise des d\u00e9cisions de condamnation \u00e0 leur \u00e9gard.<\/p>\n<div class='share-to-whatsapp-wrapper'><div class='share-on-whsp'>PARTAGER SUR : <\/div><a data-text='MENDICITE DES MINEURS - Ousmane Sonko demande aux ministres concern\u00e9s de lui pr\u00e9senter une strat\u00e9gie de riposte au plus tard....' data-link='https:\/\/www.nettali.com\/2025\/04\/24\/mendicite-des-mineurs-ousmane-sonko-demande-aux-ministres-concernes-de-lui-presenter-une-strategie-de-riposte-au-plus-tard\/' class='whatsapp-button whatsapp-share'>WhatsApp<\/a><div class='clear '><\/div><\/div>","protected":false},"excerpt":{"rendered":"<p>NETTALI.COM - Lors du Conseil des ministres du mercredi 23 avril, le Premier ministre a ax\u00e9 sa communication sur la prise en charge des enfants de la rue et sur le ph\u00e9nom\u00e8ne de la mendicit\u00e9 publique et du vagabondage en g\u00e9n\u00e9ral. Outre l'organisation des Assises de la petite enfance qu'il veut soumettre au Chef de [&hellip;]<\/p>\n","protected":false},"author":6,"featured_media":152959,"comment_status":"open","ping_status":"open","sticky":false,"template":"","format":"standard","meta":{"_et_pb_use_builder":"","_et_pb_old_content":""},"categories":[3],"tags":[],"yoast_head":"<!-- This site is optimized with the Yoast SEO Premium plugin v17.8 (Yoast SEO v17.8) - https:\/\/yoast.com\/wordpress\/plugins\/seo\/ -->\n<title>MENDICITE DES MINEURS - Ousmane Sonko demande aux ministres concern\u00e9s de lui pr\u00e9senter une strat\u00e9gie de riposte au plus tard.... | Nettali.com<\/title>\n<meta name=\"robots\" content=\"index, follow, max-snippet:-1, max-image-preview:large, max-video-preview:-1\" \/>\n<link rel=\"canonical\" href=\"https:\/\/www.nettali.com\/2025\/04\/24\/mendicite-des-mineurs-ousmane-sonko-demande-aux-ministres-concernes-de-lui-presenter-une-strategie-de-riposte-au-plus-tard\/\" \/>\n<meta property=\"og:locale\" content=\"fr_FR\" \/>\n<meta property=\"og:type\" content=\"article\" \/>\n<meta property=\"og:title\" content=\"MENDICITE DES MINEURS - Ousmane Sonko demande aux ministres concern\u00e9s de lui pr\u00e9senter une strat\u00e9gie de riposte au plus tard....\" \/>\n<meta property=\"og:description\" content=\"NETTALI.COM - Lors du Conseil des ministres du mercredi 23 avril, le Premier ministre a ax\u00e9 sa communication sur la prise en charge des enfants de la rue et sur le ph\u00e9nom\u00e8ne de la mendicit\u00e9 publique et du vagabondage en g\u00e9n\u00e9ral. Outre l&#039;organisation des Assises de la petite enfance qu&#039;il veut soumettre au Chef de [&hellip;]\" \/>\n<meta property=\"og:url\" content=\"https:\/\/www.nettali.com\/2025\/04\/24\/mendicite-des-mineurs-ousmane-sonko-demande-aux-ministres-concernes-de-lui-presenter-une-strategie-de-riposte-au-plus-tard\/\" \/>\n<meta property=\"og:site_name\" content=\"Nettali.com\" \/>\n<meta property=\"article:publisher\" content=\"https:\/\/www.facebook.com\/nettalicom\" \/>\n<meta property=\"article:published_time\" content=\"2025-04-24T00:00:01+00:00\" \/>\n<meta property=\"og:image\" content=\"https:\/\/www.nettali.com\/wp-content\/uploads\/2025\/04\/Mendicite.jpg\" \/>\n\t<meta property=\"og:image:width\" content=\"700\" \/>\n\t<meta property=\"og:image:height\" content=\"437\" \/>\n<meta name=\"twitter:card\" content=\"summary_large_image\" \/>\n<meta name=\"twitter:label1\" content=\"\u00c9crit par\" \/>\n\t<meta name=\"twitter:data1\" content=\"Fatou\" \/>\n\t<meta name=\"twitter:label2\" content=\"Dur\u00e9e de lecture estim\u00e9e\" \/>\n\t<meta name=\"twitter:data2\" content=\"4 minutes\" \/>\n<script type=\"application\/ld+json\" class=\"yoast-schema-graph\">{\"@context\":\"https:\/\/schema.org\",\"@graph\":[{\"@type\":\"WebSite\",\"@id\":\"https:\/\/www.nettali.com\/#website\",\"url\":\"https:\/\/www.nettali.com\/\",\"name\":\"Nettali.com\",\"description\":\"Le rendez-vous critique du Net\",\"potentialAction\":[{\"@type\":\"SearchAction\",\"target\":{\"@type\":\"EntryPoint\",\"urlTemplate\":\"https:\/\/www.nettali.com\/?s={search_term_string}\"},\"query-input\":\"required name=search_term_string\"}],\"inLanguage\":\"fr-FR\"},{\"@type\":\"ImageObject\",\"@id\":\"https:\/\/www.nettali.com\/2025\/04\/24\/mendicite-des-mineurs-ousmane-sonko-demande-aux-ministres-concernes-de-lui-presenter-une-strategie-de-riposte-au-plus-tard\/#primaryimage\",\"inLanguage\":\"fr-FR\",\"url\":\"https:\/\/www.nettali.com\/wp-content\/uploads\/2025\/04\/Mendicite.jpg\",\"contentUrl\":\"https:\/\/www.nettali.com\/wp-content\/uploads\/2025\/04\/Mendicite.jpg\",\"width\":700,\"height\":437},{\"@type\":\"WebPage\",\"@id\":\"https:\/\/www.nettali.com\/2025\/04\/24\/mendicite-des-mineurs-ousmane-sonko-demande-aux-ministres-concernes-de-lui-presenter-une-strategie-de-riposte-au-plus-tard\/#webpage\",\"url\":\"https:\/\/www.nettali.com\/2025\/04\/24\/mendicite-des-mineurs-ousmane-sonko-demande-aux-ministres-concernes-de-lui-presenter-une-strategie-de-riposte-au-plus-tard\/\",\"name\":\"MENDICITE DES MINEURS - Ousmane Sonko demande aux ministres concern\\u00e9s de lui pr\\u00e9senter une strat\\u00e9gie de riposte au plus tard.... | Nettali.com\",\"isPartOf\":{\"@id\":\"https:\/\/www.nettali.com\/#website\"},\"primaryImageOfPage\":{\"@id\":\"https:\/\/www.nettali.com\/2025\/04\/24\/mendicite-des-mineurs-ousmane-sonko-demande-aux-ministres-concernes-de-lui-presenter-une-strategie-de-riposte-au-plus-tard\/#primaryimage\"},\"datePublished\":\"2025-04-24T00:00:01+00:00\",\"dateModified\":\"2025-04-24T00:00:01+00:00\",\"author\":{\"@id\":\"https:\/\/www.nettali.com\/#\/schema\/person\/418274a86bdf87caff7a3ef476bd0bbf\"},\"breadcrumb\":{\"@id\":\"https:\/\/www.nettali.com\/2025\/04\/24\/mendicite-des-mineurs-ousmane-sonko-demande-aux-ministres-concernes-de-lui-presenter-une-strategie-de-riposte-au-plus-tard\/#breadcrumb\"},\"inLanguage\":\"fr-FR\",\"potentialAction\":[{\"@type\":\"ReadAction\",\"target\":[\"https:\/\/www.nettali.com\/2025\/04\/24\/mendicite-des-mineurs-ousmane-sonko-demande-aux-ministres-concernes-de-lui-presenter-une-strategie-de-riposte-au-plus-tard\/\"]}]},{\"@type\":\"BreadcrumbList\",\"@id\":\"https:\/\/www.nettali.com\/2025\/04\/24\/mendicite-des-mineurs-ousmane-sonko-demande-aux-ministres-concernes-de-lui-presenter-une-strategie-de-riposte-au-plus-tard\/#breadcrumb\",\"itemListElement\":[{\"@type\":\"ListItem\",\"position\":1,\"name\":\"Accueil\",\"item\":\"https:\/\/www.nettali.com\/\"},{\"@type\":\"ListItem\",\"position\":2,\"name\":\"MENDICITE DES MINEURS - Ousmane Sonko demande aux ministres concern\\u00e9s de lui pr\\u00e9senter une strat\\u00e9gie de riposte au plus tard....\"}]},{\"@type\":\"Person\",\"@id\":\"https:\/\/www.nettali.com\/#\/schema\/person\/418274a86bdf87caff7a3ef476bd0bbf\",\"name\":\"Fatou\",\"image\":{\"@type\":\"ImageObject\",\"@id\":\"https:\/\/www.nettali.com\/#personlogo\",\"inLanguage\":\"fr-FR\",\"url\":\"https:\/\/secure.gravatar.com\/avatar\/5a9442a2bee7b4dcf167cab035858e9a?s=96&d=mm&r=g\",\"contentUrl\":\"https:\/\/secure.gravatar.com\/avatar\/5a9442a2bee7b4dcf167cab035858e9a?s=96&d=mm&r=g\",\"caption\":\"Fatou\"},\"sameAs\":[\"https:\/\/www.nettali.com\"]}]}<\/script>\n<!-- \/ Yoast SEO Premium plugin. -->","yoast_head_json":{"title":"MENDICITE DES MINEURS - Ousmane Sonko demande aux ministres concern\u00e9s de lui pr\u00e9senter une strat\u00e9gie de riposte au plus tard.... | Nettali.com","robots":{"index":"index","follow":"follow","max-snippet":"max-snippet:-1","max-image-preview":"max-image-preview:large","max-video-preview":"max-video-preview:-1"},"canonical":"https:\/\/www.nettali.com\/2025\/04\/24\/mendicite-des-mineurs-ousmane-sonko-demande-aux-ministres-concernes-de-lui-presenter-une-strategie-de-riposte-au-plus-tard\/","og_locale":"fr_FR","og_type":"article","og_title":"MENDICITE DES MINEURS - Ousmane Sonko demande aux ministres concern\u00e9s de lui pr\u00e9senter une strat\u00e9gie de riposte au plus tard....","og_description":"NETTALI.COM - Lors du Conseil des ministres du mercredi 23 avril, le Premier ministre a ax\u00e9 sa communication sur la prise en charge des enfants de la rue et sur le ph\u00e9nom\u00e8ne de la mendicit\u00e9 publique et du vagabondage en g\u00e9n\u00e9ral. Outre l'organisation des Assises de la petite enfance qu'il veut soumettre au Chef de [&hellip;]","og_url":"https:\/\/www.nettali.com\/2025\/04\/24\/mendicite-des-mineurs-ousmane-sonko-demande-aux-ministres-concernes-de-lui-presenter-une-strategie-de-riposte-au-plus-tard\/","og_site_name":"Nettali.com","article_publisher":"https:\/\/www.facebook.com\/nettalicom","article_published_time":"2025-04-24T00:00:01+00:00","og_image":[{"width":700,"height":437,"url":"https:\/\/www.nettali.com\/wp-content\/uploads\/2025\/04\/Mendicite.jpg","type":"image\/jpeg"}],"twitter_card":"summary_large_image","twitter_misc":{"\u00c9crit par":"Fatou","Dur\u00e9e de lecture estim\u00e9e":"4 minutes"},"schema":{"@context":"https:\/\/schema.org","@graph":[{"@type":"WebSite","@id":"https:\/\/www.nettali.com\/#website","url":"https:\/\/www.nettali.com\/","name":"Nettali.com","description":"Le rendez-vous critique du Net","potentialAction":[{"@type":"SearchAction","target":{"@type":"EntryPoint","urlTemplate":"https:\/\/www.nettali.com\/?s={search_term_string}"},"query-input":"required name=search_term_string"}],"inLanguage":"fr-FR"},{"@type":"ImageObject","@id":"https:\/\/www.nettali.com\/2025\/04\/24\/mendicite-des-mineurs-ousmane-sonko-demande-aux-ministres-concernes-de-lui-presenter-une-strategie-de-riposte-au-plus-tard\/#primaryimage","inLanguage":"fr-FR","url":"https:\/\/www.nettali.com\/wp-content\/uploads\/2025\/04\/Mendicite.jpg","contentUrl":"https:\/\/www.nettali.com\/wp-content\/uploads\/2025\/04\/Mendicite.jpg","width":700,"height":437},{"@type":"WebPage","@id":"https:\/\/www.nettali.com\/2025\/04\/24\/mendicite-des-mineurs-ousmane-sonko-demande-aux-ministres-concernes-de-lui-presenter-une-strategie-de-riposte-au-plus-tard\/#webpage","url":"https:\/\/www.nettali.com\/2025\/04\/24\/mendicite-des-mineurs-ousmane-sonko-demande-aux-ministres-concernes-de-lui-presenter-une-strategie-de-riposte-au-plus-tard\/","name":"MENDICITE DES MINEURS - Ousmane Sonko demande aux ministres concern\u00e9s de lui pr\u00e9senter une strat\u00e9gie de riposte au plus tard.... | Nettali.com","isPartOf":{"@id":"https:\/\/www.nettali.com\/#website"},"primaryImageOfPage":{"@id":"https:\/\/www.nettali.com\/2025\/04\/24\/mendicite-des-mineurs-ousmane-sonko-demande-aux-ministres-concernes-de-lui-presenter-une-strategie-de-riposte-au-plus-tard\/#primaryimage"},"datePublished":"2025-04-24T00:00:01+00:00","dateModified":"2025-04-24T00:00:01+00:00","author":{"@id":"https:\/\/www.nettali.com\/#\/schema\/person\/418274a86bdf87caff7a3ef476bd0bbf"},"breadcrumb":{"@id":"https:\/\/www.nettali.com\/2025\/04\/24\/mendicite-des-mineurs-ousmane-sonko-demande-aux-ministres-concernes-de-lui-presenter-une-strategie-de-riposte-au-plus-tard\/#breadcrumb"},"inLanguage":"fr-FR","potentialAction":[{"@type":"ReadAction","target":["https:\/\/www.nettali.com\/2025\/04\/24\/mendicite-des-mineurs-ousmane-sonko-demande-aux-ministres-concernes-de-lui-presenter-une-strategie-de-riposte-au-plus-tard\/"]}]},{"@type":"BreadcrumbList","@id":"https:\/\/www.nettali.com\/2025\/04\/24\/mendicite-des-mineurs-ousmane-sonko-demande-aux-ministres-concernes-de-lui-presenter-une-strategie-de-riposte-au-plus-tard\/#breadcrumb","itemListElement":[{"@type":"ListItem","position":1,"name":"Accueil","item":"https:\/\/www.nettali.com\/"},{"@type":"ListItem","position":2,"name":"MENDICITE DES MINEURS - Ousmane Sonko demande aux ministres concern\u00e9s de lui pr\u00e9senter une strat\u00e9gie de riposte au plus tard...."}]},{"@type":"Person","@id":"https:\/\/www.nettali.com\/#\/schema\/person\/418274a86bdf87caff7a3ef476bd0bbf","name":"Fatou","image":{"@type":"ImageObject","@id":"https:\/\/www.nettali.com\/#personlogo","inLanguage":"fr-FR","url":"https:\/\/secure.gravatar.com\/avatar\/5a9442a2bee7b4dcf167cab035858e9a?s=96&d=mm&r=g","contentUrl":"https:\/\/secure.gravatar.com\/avatar\/5a9442a2bee7b4dcf167cab035858e9a?s=96&d=mm&r=g","caption":"Fatou"},"sameAs":["https:\/\/www.nettali.com"]}]}},"_links":{"self":[{"href":"https:\/\/www.nettali.com\/rest\/wp\/v2\/posts\/152958"}],"collection":[{"href":"https:\/\/www.nettali.com\/rest\/wp\/v2\/posts"}],"about":[{"href":"https:\/\/www.nettali.com\/rest\/wp\/v2\/types\/post"}],"author":[{"embeddable":true,"href":"https:\/\/www.nettali.com\/rest\/wp\/v2\/users\/6"}],"replies":[{"embeddable":true,"href":"https:\/\/www.nettali.com\/rest\/wp\/v2\/comments?post=152958"}],"version-history":[{"count":3,"href":"https:\/\/www.nettali.com\/rest\/wp\/v2\/posts\/152958\/revisions"}],"predecessor-version":[{"id":152964,"href":"https:\/\/www.nettali.com\/rest\/wp\/v2\/posts\/152958\/revisions\/152964"}],"wp:featuredmedia":[{"embeddable":true,"href":"https:\/\/www.nettali.com\/rest\/wp\/v2\/media\/152959"}],"wp:attachment":[{"href":"https:\/\/www.nettali.com\/rest\/wp\/v2\/media?parent=152958"}],"wp:term":[{"taxonomy":"category","embeddable":true,"href":"https:\/\/www.nettali.com\/rest\/wp\/v2\/categories?post=152958"},{"taxonomy":"post_tag","embeddable":true,"href":"https:\/\/www.nettali.com\/rest\/wp\/v2\/tags?post=152958"}],"curies":[{"name":"wp","href":"https:\/\/api.w.org\/{rel}","templated":true}]}}