{"id":152925,"date":"2025-04-23T15:26:41","date_gmt":"2025-04-23T15:26:41","guid":{"rendered":"https:\/\/www.nettali.com\/?p=152925"},"modified":"2025-04-25T08:25:33","modified_gmt":"2025-04-25T08:25:33","slug":"assemblee-nationale-voici-lidentite-des-5-ministres-vises-par-une-mise-en-accusation","status":"publish","type":"post","link":"https:\/\/www.nettali.com\/2025\/04\/23\/assemblee-nationale-voici-lidentite-des-5-ministres-vises-par-une-mise-en-accusation\/","title":{"rendered":"ASSEMBL\u00c9E NATIONALE - Voici l'identit\u00e9 des 5 ministres vis\u00e9s par une mise en accusation"},"content":{"rendered":"<p><strong>NETTALI.COM - Ce mercredi 23 avril 2025, le bureau de l'Assembl\u00e9e nationale s'est r\u00e9uni \u00e0 11 heures. Comme pr\u00e9vu, les membres du bureau de l'h\u00e9micycle ont examin\u00e9 deux points principalement li\u00e9s \u00e0 l'enqu\u00eate sur les fonds de la Force Covid-19. L'identit\u00e9 des 5 ministres vis\u00e9s a \u00e9t\u00e9 r\u00e9v\u00e9l\u00e9e.<\/strong><\/p>\n<p>D'abord, les parlementaires ont pris acte des demandes de lev\u00e9e de l'immunit\u00e9 parlementaire de deux de leurs coll\u00e8gues, \u00e0 savoir Moustapha Diop et Nd\u00e8ye Saly Diop. Comme ils sont d'anciens ministres, mais aussi d'actuels d\u00e9put\u00e9s, on ne peut les mettre en accusation que si leur immunit\u00e9 parlementaire est lev\u00e9e.<\/p>\n<p>Les membres du bureau de l'Assembl\u00e9e nationale ont\u00a0 \u00e9galement abord\u00e9 les demandes de mise en accusation devant la Haute Cour de justice de cinq anciens ministres, \u00e0 savoir Isma\u00efla Madior Fall, Nd\u00e8ye Saly Diop Dieng, Sophie Gladima, Moustapha Diop et Mansour Faye.<\/p>\n<p>Ces derniers sont poursuivis par le Parquet g\u00e9n\u00e9ral dans le cadre de l'enqu\u00eate sur la gestion des fonds de la Force Covid-19.<\/p>\n<div class='share-to-whatsapp-wrapper'><div class='share-on-whsp'>PARTAGER SUR : <\/div><a data-text='ASSEMBL\u00c9E NATIONALE - Voici l'identit\u00e9 des 5 ministres vis\u00e9s par une mise en accusation' data-link='https:\/\/www.nettali.com\/2025\/04\/23\/assemblee-nationale-voici-lidentite-des-5-ministres-vises-par-une-mise-en-accusation\/' class='whatsapp-button whatsapp-share'>WhatsApp<\/a><div class='clear '><\/div><\/div>","protected":false},"excerpt":{"rendered":"<p>NETTALI.COM - Ce mercredi 23 avril 2025, le bureau de l'Assembl\u00e9e nationale s'est r\u00e9uni \u00e0 11 heures. Comme pr\u00e9vu, les membres du bureau de l'h\u00e9micycle ont examin\u00e9 deux points principalement li\u00e9s \u00e0 l'enqu\u00eate sur les fonds de la Force Covid-19. L'identit\u00e9 des 5 ministres vis\u00e9s a \u00e9t\u00e9 r\u00e9v\u00e9l\u00e9e. D'abord, les parlementaires ont pris acte des [&hellip;]<\/p>\n","protected":false},"author":4,"featured_media":137495,"comment_status":"open","ping_status":"open","sticky":false,"template":"","format":"standard","meta":{"_et_pb_use_builder":"","_et_pb_old_content":""},"categories":[3],"tags":[],"yoast_head":"<!-- This site is optimized with the Yoast SEO Premium plugin v17.8 (Yoast SEO v17.8) - https:\/\/yoast.com\/wordpress\/plugins\/seo\/ -->\n<title>ASSEMBL\u00c9E NATIONALE - Voici l&#039;identit\u00e9 des 5 ministres vis\u00e9s par une mise en accusation | Nettali.com<\/title>\n<meta name=\"robots\" content=\"index, follow, max-snippet:-1, max-image-preview:large, max-video-preview:-1\" \/>\n<link rel=\"canonical\" href=\"https:\/\/www.nettali.com\/2025\/04\/23\/assemblee-nationale-voici-lidentite-des-5-ministres-vises-par-une-mise-en-accusation\/\" \/>\n<meta property=\"og:locale\" content=\"fr_FR\" \/>\n<meta property=\"og:type\" content=\"article\" \/>\n<meta property=\"og:title\" content=\"ASSEMBL\u00c9E NATIONALE - Voici l&#039;identit\u00e9 des 5 ministres vis\u00e9s par une mise en accusation\" \/>\n<meta property=\"og:description\" content=\"NETTALI.COM - Ce mercredi 23 avril 2025, le bureau de l&#039;Assembl\u00e9e nationale s&#039;est r\u00e9uni \u00e0 11 heures. Comme pr\u00e9vu, les membres du bureau de l&#039;h\u00e9micycle ont examin\u00e9 deux points principalement li\u00e9s \u00e0 l&#039;enqu\u00eate sur les fonds de la Force Covid-19. L&#039;identit\u00e9 des 5 ministres vis\u00e9s a \u00e9t\u00e9 r\u00e9v\u00e9l\u00e9e. D&#039;abord, les parlementaires ont pris acte des [&hellip;]\" \/>\n<meta property=\"og:url\" content=\"https:\/\/www.nettali.com\/2025\/04\/23\/assemblee-nationale-voici-lidentite-des-5-ministres-vises-par-une-mise-en-accusation\/\" \/>\n<meta property=\"og:site_name\" content=\"Nettali.com\" \/>\n<meta property=\"article:publisher\" content=\"https:\/\/www.facebook.com\/nettalicom\" \/>\n<meta property=\"article:published_time\" content=\"2025-04-23T15:26:41+00:00\" \/>\n<meta property=\"article:modified_time\" content=\"2025-04-25T08:25:33+00:00\" \/>\n<meta property=\"og:image\" content=\"https:\/\/www.nettali.com\/wp-content\/uploads\/2024\/07\/assemblee_36.jpg\" \/>\n\t<meta property=\"og:image:width\" content=\"600\" \/>\n\t<meta property=\"og:image:height\" content=\"400\" \/>\n<meta name=\"twitter:card\" content=\"summary_large_image\" \/>\n<meta name=\"twitter:label1\" content=\"\u00c9crit par\" \/>\n\t<meta name=\"twitter:data1\" content=\"Daouda\" \/>\n\t<meta name=\"twitter:label2\" content=\"Dur\u00e9e de lecture estim\u00e9e\" \/>\n\t<meta name=\"twitter:data2\" content=\"1 minute\" \/>\n<script type=\"application\/ld+json\" class=\"yoast-schema-graph\">{\"@context\":\"https:\/\/schema.org\",\"@graph\":[{\"@type\":\"WebSite\",\"@id\":\"https:\/\/www.nettali.com\/#website\",\"url\":\"https:\/\/www.nettali.com\/\",\"name\":\"Nettali.com\",\"description\":\"Le rendez-vous critique du Net\",\"potentialAction\":[{\"@type\":\"SearchAction\",\"target\":{\"@type\":\"EntryPoint\",\"urlTemplate\":\"https:\/\/www.nettali.com\/?s={search_term_string}\"},\"query-input\":\"required name=search_term_string\"}],\"inLanguage\":\"fr-FR\"},{\"@type\":\"ImageObject\",\"@id\":\"https:\/\/www.nettali.com\/2025\/04\/23\/assemblee-nationale-voici-lidentite-des-5-ministres-vises-par-une-mise-en-accusation\/#primaryimage\",\"inLanguage\":\"fr-FR\",\"url\":\"https:\/\/www.nettali.com\/wp-content\/uploads\/2024\/07\/assemblee_36.jpg\",\"contentUrl\":\"https:\/\/www.nettali.com\/wp-content\/uploads\/2024\/07\/assemblee_36.jpg\",\"width\":600,\"height\":400},{\"@type\":\"WebPage\",\"@id\":\"https:\/\/www.nettali.com\/2025\/04\/23\/assemblee-nationale-voici-lidentite-des-5-ministres-vises-par-une-mise-en-accusation\/#webpage\",\"url\":\"https:\/\/www.nettali.com\/2025\/04\/23\/assemblee-nationale-voici-lidentite-des-5-ministres-vises-par-une-mise-en-accusation\/\",\"name\":\"ASSEMBL\\u00c9E NATIONALE - Voici l'identit\\u00e9 des 5 ministres vis\\u00e9s par une mise en accusation | Nettali.com\",\"isPartOf\":{\"@id\":\"https:\/\/www.nettali.com\/#website\"},\"primaryImageOfPage\":{\"@id\":\"https:\/\/www.nettali.com\/2025\/04\/23\/assemblee-nationale-voici-lidentite-des-5-ministres-vises-par-une-mise-en-accusation\/#primaryimage\"},\"datePublished\":\"2025-04-23T15:26:41+00:00\",\"dateModified\":\"2025-04-25T08:25:33+00:00\",\"author\":{\"@id\":\"https:\/\/www.nettali.com\/#\/schema\/person\/3317e0bb3aa1da309fbf7b2780901bf4\"},\"breadcrumb\":{\"@id\":\"https:\/\/www.nettali.com\/2025\/04\/23\/assemblee-nationale-voici-lidentite-des-5-ministres-vises-par-une-mise-en-accusation\/#breadcrumb\"},\"inLanguage\":\"fr-FR\",\"potentialAction\":[{\"@type\":\"ReadAction\",\"target\":[\"https:\/\/www.nettali.com\/2025\/04\/23\/assemblee-nationale-voici-lidentite-des-5-ministres-vises-par-une-mise-en-accusation\/\"]}]},{\"@type\":\"BreadcrumbList\",\"@id\":\"https:\/\/www.nettali.com\/2025\/04\/23\/assemblee-nationale-voici-lidentite-des-5-ministres-vises-par-une-mise-en-accusation\/#breadcrumb\",\"itemListElement\":[{\"@type\":\"ListItem\",\"position\":1,\"name\":\"Accueil\",\"item\":\"https:\/\/www.nettali.com\/\"},{\"@type\":\"ListItem\",\"position\":2,\"name\":\"ASSEMBL\\u00c9E NATIONALE - Voici l'identit\\u00e9 des 5 ministres vis\\u00e9s par une mise en accusation\"}]},{\"@type\":\"Person\",\"@id\":\"https:\/\/www.nettali.com\/#\/schema\/person\/3317e0bb3aa1da309fbf7b2780901bf4\",\"name\":\"Daouda\",\"image\":{\"@type\":\"ImageObject\",\"@id\":\"https:\/\/www.nettali.com\/#personlogo\",\"inLanguage\":\"fr-FR\",\"url\":\"https:\/\/secure.gravatar.com\/avatar\/8d143b5a49345098ddcfee1c49c2f47c?s=96&d=mm&r=g\",\"contentUrl\":\"https:\/\/secure.gravatar.com\/avatar\/8d143b5a49345098ddcfee1c49c2f47c?s=96&d=mm&r=g\",\"caption\":\"Daouda\"},\"sameAs\":[\"https:\/\/www.nettali.com\"]}]}<\/script>\n<!-- \/ Yoast SEO Premium plugin. -->","yoast_head_json":{"title":"ASSEMBL\u00c9E NATIONALE - Voici l'identit\u00e9 des 5 ministres vis\u00e9s par une mise en accusation | Nettali.com","robots":{"index":"index","follow":"follow","max-snippet":"max-snippet:-1","max-image-preview":"max-image-preview:large","max-video-preview":"max-video-preview:-1"},"canonical":"https:\/\/www.nettali.com\/2025\/04\/23\/assemblee-nationale-voici-lidentite-des-5-ministres-vises-par-une-mise-en-accusation\/","og_locale":"fr_FR","og_type":"article","og_title":"ASSEMBL\u00c9E NATIONALE - Voici l'identit\u00e9 des 5 ministres vis\u00e9s par une mise en accusation","og_description":"NETTALI.COM - Ce mercredi 23 avril 2025, le bureau de l'Assembl\u00e9e nationale s'est r\u00e9uni \u00e0 11 heures. Comme pr\u00e9vu, les membres du bureau de l'h\u00e9micycle ont examin\u00e9 deux points principalement li\u00e9s \u00e0 l'enqu\u00eate sur les fonds de la Force Covid-19. L'identit\u00e9 des 5 ministres vis\u00e9s a \u00e9t\u00e9 r\u00e9v\u00e9l\u00e9e. D'abord, les parlementaires ont pris acte des [&hellip;]","og_url":"https:\/\/www.nettali.com\/2025\/04\/23\/assemblee-nationale-voici-lidentite-des-5-ministres-vises-par-une-mise-en-accusation\/","og_site_name":"Nettali.com","article_publisher":"https:\/\/www.facebook.com\/nettalicom","article_published_time":"2025-04-23T15:26:41+00:00","article_modified_time":"2025-04-25T08:25:33+00:00","og_image":[{"width":600,"height":400,"url":"https:\/\/www.nettali.com\/wp-content\/uploads\/2024\/07\/assemblee_36.jpg","type":"image\/jpeg"}],"twitter_card":"summary_large_image","twitter_misc":{"\u00c9crit par":"Daouda","Dur\u00e9e de lecture estim\u00e9e":"1 minute"},"schema":{"@context":"https:\/\/schema.org","@graph":[{"@type":"WebSite","@id":"https:\/\/www.nettali.com\/#website","url":"https:\/\/www.nettali.com\/","name":"Nettali.com","description":"Le rendez-vous critique du Net","potentialAction":[{"@type":"SearchAction","target":{"@type":"EntryPoint","urlTemplate":"https:\/\/www.nettali.com\/?s={search_term_string}"},"query-input":"required name=search_term_string"}],"inLanguage":"fr-FR"},{"@type":"ImageObject","@id":"https:\/\/www.nettali.com\/2025\/04\/23\/assemblee-nationale-voici-lidentite-des-5-ministres-vises-par-une-mise-en-accusation\/#primaryimage","inLanguage":"fr-FR","url":"https:\/\/www.nettali.com\/wp-content\/uploads\/2024\/07\/assemblee_36.jpg","contentUrl":"https:\/\/www.nettali.com\/wp-content\/uploads\/2024\/07\/assemblee_36.jpg","width":600,"height":400},{"@type":"WebPage","@id":"https:\/\/www.nettali.com\/2025\/04\/23\/assemblee-nationale-voici-lidentite-des-5-ministres-vises-par-une-mise-en-accusation\/#webpage","url":"https:\/\/www.nettali.com\/2025\/04\/23\/assemblee-nationale-voici-lidentite-des-5-ministres-vises-par-une-mise-en-accusation\/","name":"ASSEMBL\u00c9E NATIONALE - Voici l'identit\u00e9 des 5 ministres vis\u00e9s par une mise en accusation | Nettali.com","isPartOf":{"@id":"https:\/\/www.nettali.com\/#website"},"primaryImageOfPage":{"@id":"https:\/\/www.nettali.com\/2025\/04\/23\/assemblee-nationale-voici-lidentite-des-5-ministres-vises-par-une-mise-en-accusation\/#primaryimage"},"datePublished":"2025-04-23T15:26:41+00:00","dateModified":"2025-04-25T08:25:33+00:00","author":{"@id":"https:\/\/www.nettali.com\/#\/schema\/person\/3317e0bb3aa1da309fbf7b2780901bf4"},"breadcrumb":{"@id":"https:\/\/www.nettali.com\/2025\/04\/23\/assemblee-nationale-voici-lidentite-des-5-ministres-vises-par-une-mise-en-accusation\/#breadcrumb"},"inLanguage":"fr-FR","potentialAction":[{"@type":"ReadAction","target":["https:\/\/www.nettali.com\/2025\/04\/23\/assemblee-nationale-voici-lidentite-des-5-ministres-vises-par-une-mise-en-accusation\/"]}]},{"@type":"BreadcrumbList","@id":"https:\/\/www.nettali.com\/2025\/04\/23\/assemblee-nationale-voici-lidentite-des-5-ministres-vises-par-une-mise-en-accusation\/#breadcrumb","itemListElement":[{"@type":"ListItem","position":1,"name":"Accueil","item":"https:\/\/www.nettali.com\/"},{"@type":"ListItem","position":2,"name":"ASSEMBL\u00c9E NATIONALE - Voici l'identit\u00e9 des 5 ministres vis\u00e9s par une mise en accusation"}]},{"@type":"Person","@id":"https:\/\/www.nettali.com\/#\/schema\/person\/3317e0bb3aa1da309fbf7b2780901bf4","name":"Daouda","image":{"@type":"ImageObject","@id":"https:\/\/www.nettali.com\/#personlogo","inLanguage":"fr-FR","url":"https:\/\/secure.gravatar.com\/avatar\/8d143b5a49345098ddcfee1c49c2f47c?s=96&d=mm&r=g","contentUrl":"https:\/\/secure.gravatar.com\/avatar\/8d143b5a49345098ddcfee1c49c2f47c?s=96&d=mm&r=g","caption":"Daouda"},"sameAs":["https:\/\/www.nettali.com"]}]}},"_links":{"self":[{"href":"https:\/\/www.nettali.com\/rest\/wp\/v2\/posts\/152925"}],"collection":[{"href":"https:\/\/www.nettali.com\/rest\/wp\/v2\/posts"}],"about":[{"href":"https:\/\/www.nettali.com\/rest\/wp\/v2\/types\/post"}],"author":[{"embeddable":true,"href":"https:\/\/www.nettali.com\/rest\/wp\/v2\/users\/4"}],"replies":[{"embeddable":true,"href":"https:\/\/www.nettali.com\/rest\/wp\/v2\/comments?post=152925"}],"version-history":[{"count":1,"href":"https:\/\/www.nettali.com\/rest\/wp\/v2\/posts\/152925\/revisions"}],"predecessor-version":[{"id":152926,"href":"https:\/\/www.nettali.com\/rest\/wp\/v2\/posts\/152925\/revisions\/152926"}],"wp:featuredmedia":[{"embeddable":true,"href":"https:\/\/www.nettali.com\/rest\/wp\/v2\/media\/137495"}],"wp:attachment":[{"href":"https:\/\/www.nettali.com\/rest\/wp\/v2\/media?parent=152925"}],"wp:term":[{"taxonomy":"category","embeddable":true,"href":"https:\/\/www.nettali.com\/rest\/wp\/v2\/categories?post=152925"},{"taxonomy":"post_tag","embeddable":true,"href":"https:\/\/www.nettali.com\/rest\/wp\/v2\/tags?post=152925"}],"curies":[{"name":"wp","href":"https:\/\/api.w.org\/{rel}","templated":true}]}}