{"id":152919,"date":"2025-04-23T14:47:48","date_gmt":"2025-04-23T14:47:48","guid":{"rendered":"https:\/\/www.nettali.com\/?p=152919"},"modified":"2025-04-23T15:02:14","modified_gmt":"2025-04-23T15:02:14","slug":"etats-unis-elon-musk-va-seloigner-du-gouvernement-trump","status":"publish","type":"post","link":"https:\/\/www.nettali.com\/2025\/04\/23\/etats-unis-elon-musk-va-seloigner-du-gouvernement-trump\/","title":{"rendered":"\u00c9TATS-UNIS - Elon Musk va s'\u00e9loigner du gouvernement Trump\u00a0"},"content":{"rendered":"<p class=\"t-content__chapo\"><strong>NETTALI.COM - Le patron de Tesla, Elon Musk, a annonc\u00e9 mardi 22 avril qu'il compte prendre ses distances avec l'administration Trump \u00e0 partir de mai pour se consacrer davantage au sp\u00e9cialiste des v\u00e9hicules \u00e9lectriques. Son entreprise a p\u00e2ti au premier trimestre de cette \u00e9troite collaboration. L'homme le plus riche au monde \u00e9tait charg\u00e9 jusqu'ici d'une instance cr\u00e9\u00e9e pour lui, la commission pour l'efficacit\u00e9 gouvernementale (Doge), charg\u00e9e de couper drastiquement dans les d\u00e9penses du gouvernement f\u00e9d\u00e9ral.<\/strong><\/p>\n<p>\u00ab\u00a0<em>Probablement \u00e0 partir du mois prochain, de mai, le temps que je vais allouer \u00e0 Doge va baisser de mani\u00e8re tr\u00e8s importante\u00a0<\/em>\u00bb, a indiqu\u00e9\u00a0<strong>Elon Musk<\/strong>\u00a0lors d'une audioconf\u00e9rence avec des analystes, faisant r\u00e9f\u00e9rence \u00e0 la commission pour l'efficacit\u00e9 gouvernementale (Doge). Le milliardaire, propri\u00e9taire \u00e9galement du r\u00e9seau social X et de l'entreprise spatiale SpaceX, pilote cette commission cr\u00e9\u00e9e par le pr\u00e9sident am\u00e9ricain pour r\u00e9duire radicalement les d\u00e9penses f\u00e9d\u00e9rales.<\/p>\n<p>Le \u00ab\u00a0<em>travail crucial<\/em>\u00a0\u00bb de la commission est \u00ab\u00a0<em>en grande partie accompli<\/em>\u00a0\u00bb, a pr\u00e9cis\u00e9 Elon Musk, \u00e9voquant\u00a0<strong>les \u00ab\u00a0<em>r\u00e9percussions<\/em>\u00a0\u00bb sur Tesla<\/strong>\u00a0du fait de son implication. Vandalisme, appels au boycott, manifestations, Tesla est pris \u00e0 partie aux\u00a0<strong>\u00c9tats-Unis<\/strong>\u00a0et dans d'autres pays, en particulier en Europe.<\/p>\n<p>Selon le directeur financier Vaibhav Taneja, \u00ab\u00a0<em>l'impact n\u00e9gatif du vandalisme et de l'hostilit\u00e9 injustifi\u00e9e envers notre marque et nos employ\u00e9s a eu un impact sur certains march\u00e9s<\/em>\u00a0\u00bb. Les ventes mondiales ont chut\u00e9 plus abruptement qu'anticip\u00e9 au premier trimestre, avec seulement 336\u00a0681 v\u00e9hicules livr\u00e9s (-13% sur un an), selon des chiffres publi\u00e9s d\u00e9but avril.<\/p>\n<p>Le groupe a annonc\u00e9, mardi 22 avril, des r\u00e9sultats pour le premier trimestre bien inf\u00e9rieurs aux attentes, affect\u00e9s par cette \u00e9troite collaboration d'Elon Musk avec\u00a0<strong>Donald Trump<\/strong>, mais aussi du fait d'une gamme vieillissante et d'une concurrence accrue. Le chiffre d'affaires a atteint 19,33\u00a0milliards de dollars au premier trimestre (-9% sur un an) et le b\u00e9n\u00e9fice net 409\u00a0millions (-71%).<\/p>\n<div class='share-to-whatsapp-wrapper'><div class='share-on-whsp'>PARTAGER SUR : <\/div><a data-text='\u00c9TATS-UNIS - Elon Musk va s'\u00e9loigner du gouvernement Trump\u00a0' data-link='https:\/\/www.nettali.com\/2025\/04\/23\/etats-unis-elon-musk-va-seloigner-du-gouvernement-trump\/' class='whatsapp-button whatsapp-share'>WhatsApp<\/a><div class='clear '><\/div><\/div>","protected":false},"excerpt":{"rendered":"<p>NETTALI.COM - Le patron de Tesla, Elon Musk, a annonc\u00e9 mardi 22 avril qu'il compte prendre ses distances avec l'administration Trump \u00e0 partir de mai pour se consacrer davantage au sp\u00e9cialiste des v\u00e9hicules \u00e9lectriques. Son entreprise a p\u00e2ti au premier trimestre de cette \u00e9troite collaboration. L'homme le plus riche au monde \u00e9tait charg\u00e9 jusqu'ici d'une [&hellip;]<\/p>\n","protected":false},"author":4,"featured_media":152920,"comment_status":"open","ping_status":"open","sticky":false,"template":"","format":"standard","meta":{"_et_pb_use_builder":"","_et_pb_old_content":""},"categories":[3],"tags":[],"yoast_head":"<!-- This site is optimized with the Yoast SEO Premium plugin v17.8 (Yoast SEO v17.8) - https:\/\/yoast.com\/wordpress\/plugins\/seo\/ -->\n<title>\u00c9TATS-UNIS - Elon Musk va s&#039;\u00e9loigner du gouvernement Trump\u00a0 | Nettali.com<\/title>\n<meta name=\"robots\" content=\"index, follow, max-snippet:-1, max-image-preview:large, max-video-preview:-1\" \/>\n<link rel=\"canonical\" href=\"https:\/\/www.nettali.com\/2025\/04\/23\/etats-unis-elon-musk-va-seloigner-du-gouvernement-trump\/\" \/>\n<meta property=\"og:locale\" content=\"fr_FR\" \/>\n<meta property=\"og:type\" content=\"article\" \/>\n<meta property=\"og:title\" content=\"\u00c9TATS-UNIS - Elon Musk va s&#039;\u00e9loigner du gouvernement Trump\u00a0\" \/>\n<meta property=\"og:description\" content=\"NETTALI.COM - Le patron de Tesla, Elon Musk, a annonc\u00e9 mardi 22 avril qu&#039;il compte prendre ses distances avec l&#039;administration Trump \u00e0 partir de mai pour se consacrer davantage au sp\u00e9cialiste des v\u00e9hicules \u00e9lectriques. Son entreprise a p\u00e2ti au premier trimestre de cette \u00e9troite collaboration. L&#039;homme le plus riche au monde \u00e9tait charg\u00e9 jusqu&#039;ici d&#039;une [&hellip;]\" \/>\n<meta property=\"og:url\" content=\"https:\/\/www.nettali.com\/2025\/04\/23\/etats-unis-elon-musk-va-seloigner-du-gouvernement-trump\/\" \/>\n<meta property=\"og:site_name\" content=\"Nettali.com\" \/>\n<meta property=\"article:publisher\" content=\"https:\/\/www.facebook.com\/nettalicom\" \/>\n<meta property=\"article:published_time\" content=\"2025-04-23T14:47:48+00:00\" \/>\n<meta property=\"article:modified_time\" content=\"2025-04-23T15:02:14+00:00\" \/>\n<meta property=\"og:image\" content=\"https:\/\/www.nettali.com\/wp-content\/uploads\/2025\/04\/Capture-de\u0301cran-2025-04-23-a\u0300-13.45.16.png\" \/>\n\t<meta property=\"og:image:width\" content=\"970\" \/>\n\t<meta property=\"og:image:height\" content=\"508\" \/>\n<meta name=\"twitter:card\" content=\"summary_large_image\" \/>\n<meta name=\"twitter:label1\" content=\"\u00c9crit par\" \/>\n\t<meta name=\"twitter:data1\" content=\"Daouda\" \/>\n\t<meta name=\"twitter:label2\" content=\"Dur\u00e9e de lecture estim\u00e9e\" \/>\n\t<meta name=\"twitter:data2\" content=\"2 minutes\" \/>\n<script type=\"application\/ld+json\" class=\"yoast-schema-graph\">{\"@context\":\"https:\/\/schema.org\",\"@graph\":[{\"@type\":\"WebSite\",\"@id\":\"https:\/\/www.nettali.com\/#website\",\"url\":\"https:\/\/www.nettali.com\/\",\"name\":\"Nettali.com\",\"description\":\"Le rendez-vous critique du Net\",\"potentialAction\":[{\"@type\":\"SearchAction\",\"target\":{\"@type\":\"EntryPoint\",\"urlTemplate\":\"https:\/\/www.nettali.com\/?s={search_term_string}\"},\"query-input\":\"required name=search_term_string\"}],\"inLanguage\":\"fr-FR\"},{\"@type\":\"ImageObject\",\"@id\":\"https:\/\/www.nettali.com\/2025\/04\/23\/etats-unis-elon-musk-va-seloigner-du-gouvernement-trump\/#primaryimage\",\"inLanguage\":\"fr-FR\",\"url\":\"https:\/\/www.nettali.com\/wp-content\/uploads\/2025\/04\/Capture-de\\u0301cran-2025-04-23-a\\u0300-13.45.16.png\",\"contentUrl\":\"https:\/\/www.nettali.com\/wp-content\/uploads\/2025\/04\/Capture-de\\u0301cran-2025-04-23-a\\u0300-13.45.16.png\",\"width\":970,\"height\":508},{\"@type\":\"WebPage\",\"@id\":\"https:\/\/www.nettali.com\/2025\/04\/23\/etats-unis-elon-musk-va-seloigner-du-gouvernement-trump\/#webpage\",\"url\":\"https:\/\/www.nettali.com\/2025\/04\/23\/etats-unis-elon-musk-va-seloigner-du-gouvernement-trump\/\",\"name\":\"\\u00c9TATS-UNIS - Elon Musk va s'\\u00e9loigner du gouvernement Trump\\u00a0 | Nettali.com\",\"isPartOf\":{\"@id\":\"https:\/\/www.nettali.com\/#website\"},\"primaryImageOfPage\":{\"@id\":\"https:\/\/www.nettali.com\/2025\/04\/23\/etats-unis-elon-musk-va-seloigner-du-gouvernement-trump\/#primaryimage\"},\"datePublished\":\"2025-04-23T14:47:48+00:00\",\"dateModified\":\"2025-04-23T15:02:14+00:00\",\"author\":{\"@id\":\"https:\/\/www.nettali.com\/#\/schema\/person\/3317e0bb3aa1da309fbf7b2780901bf4\"},\"breadcrumb\":{\"@id\":\"https:\/\/www.nettali.com\/2025\/04\/23\/etats-unis-elon-musk-va-seloigner-du-gouvernement-trump\/#breadcrumb\"},\"inLanguage\":\"fr-FR\",\"potentialAction\":[{\"@type\":\"ReadAction\",\"target\":[\"https:\/\/www.nettali.com\/2025\/04\/23\/etats-unis-elon-musk-va-seloigner-du-gouvernement-trump\/\"]}]},{\"@type\":\"BreadcrumbList\",\"@id\":\"https:\/\/www.nettali.com\/2025\/04\/23\/etats-unis-elon-musk-va-seloigner-du-gouvernement-trump\/#breadcrumb\",\"itemListElement\":[{\"@type\":\"ListItem\",\"position\":1,\"name\":\"Accueil\",\"item\":\"https:\/\/www.nettali.com\/\"},{\"@type\":\"ListItem\",\"position\":2,\"name\":\"\\u00c9TATS-UNIS - Elon Musk va s'\\u00e9loigner du gouvernement Trump\\u00a0\"}]},{\"@type\":\"Person\",\"@id\":\"https:\/\/www.nettali.com\/#\/schema\/person\/3317e0bb3aa1da309fbf7b2780901bf4\",\"name\":\"Daouda\",\"image\":{\"@type\":\"ImageObject\",\"@id\":\"https:\/\/www.nettali.com\/#personlogo\",\"inLanguage\":\"fr-FR\",\"url\":\"https:\/\/secure.gravatar.com\/avatar\/8d143b5a49345098ddcfee1c49c2f47c?s=96&d=mm&r=g\",\"contentUrl\":\"https:\/\/secure.gravatar.com\/avatar\/8d143b5a49345098ddcfee1c49c2f47c?s=96&d=mm&r=g\",\"caption\":\"Daouda\"},\"sameAs\":[\"https:\/\/www.nettali.com\"]}]}<\/script>\n<!-- \/ Yoast SEO Premium plugin. -->","yoast_head_json":{"title":"\u00c9TATS-UNIS - Elon Musk va s'\u00e9loigner du gouvernement Trump\u00a0 | Nettali.com","robots":{"index":"index","follow":"follow","max-snippet":"max-snippet:-1","max-image-preview":"max-image-preview:large","max-video-preview":"max-video-preview:-1"},"canonical":"https:\/\/www.nettali.com\/2025\/04\/23\/etats-unis-elon-musk-va-seloigner-du-gouvernement-trump\/","og_locale":"fr_FR","og_type":"article","og_title":"\u00c9TATS-UNIS - Elon Musk va s'\u00e9loigner du gouvernement Trump\u00a0","og_description":"NETTALI.COM - Le patron de Tesla, Elon Musk, a annonc\u00e9 mardi 22 avril qu'il compte prendre ses distances avec l'administration Trump \u00e0 partir de mai pour se consacrer davantage au sp\u00e9cialiste des v\u00e9hicules \u00e9lectriques. Son entreprise a p\u00e2ti au premier trimestre de cette \u00e9troite collaboration. L'homme le plus riche au monde \u00e9tait charg\u00e9 jusqu'ici d'une [&hellip;]","og_url":"https:\/\/www.nettali.com\/2025\/04\/23\/etats-unis-elon-musk-va-seloigner-du-gouvernement-trump\/","og_site_name":"Nettali.com","article_publisher":"https:\/\/www.facebook.com\/nettalicom","article_published_time":"2025-04-23T14:47:48+00:00","article_modified_time":"2025-04-23T15:02:14+00:00","og_image":[{"width":970,"height":508,"url":"https:\/\/www.nettali.com\/wp-content\/uploads\/2025\/04\/Capture-de\u0301cran-2025-04-23-a\u0300-13.45.16.png","type":"image\/png"}],"twitter_card":"summary_large_image","twitter_misc":{"\u00c9crit par":"Daouda","Dur\u00e9e de lecture estim\u00e9e":"2 minutes"},"schema":{"@context":"https:\/\/schema.org","@graph":[{"@type":"WebSite","@id":"https:\/\/www.nettali.com\/#website","url":"https:\/\/www.nettali.com\/","name":"Nettali.com","description":"Le rendez-vous critique du Net","potentialAction":[{"@type":"SearchAction","target":{"@type":"EntryPoint","urlTemplate":"https:\/\/www.nettali.com\/?s={search_term_string}"},"query-input":"required name=search_term_string"}],"inLanguage":"fr-FR"},{"@type":"ImageObject","@id":"https:\/\/www.nettali.com\/2025\/04\/23\/etats-unis-elon-musk-va-seloigner-du-gouvernement-trump\/#primaryimage","inLanguage":"fr-FR","url":"https:\/\/www.nettali.com\/wp-content\/uploads\/2025\/04\/Capture-de\u0301cran-2025-04-23-a\u0300-13.45.16.png","contentUrl":"https:\/\/www.nettali.com\/wp-content\/uploads\/2025\/04\/Capture-de\u0301cran-2025-04-23-a\u0300-13.45.16.png","width":970,"height":508},{"@type":"WebPage","@id":"https:\/\/www.nettali.com\/2025\/04\/23\/etats-unis-elon-musk-va-seloigner-du-gouvernement-trump\/#webpage","url":"https:\/\/www.nettali.com\/2025\/04\/23\/etats-unis-elon-musk-va-seloigner-du-gouvernement-trump\/","name":"\u00c9TATS-UNIS - Elon Musk va s'\u00e9loigner du gouvernement Trump\u00a0 | Nettali.com","isPartOf":{"@id":"https:\/\/www.nettali.com\/#website"},"primaryImageOfPage":{"@id":"https:\/\/www.nettali.com\/2025\/04\/23\/etats-unis-elon-musk-va-seloigner-du-gouvernement-trump\/#primaryimage"},"datePublished":"2025-04-23T14:47:48+00:00","dateModified":"2025-04-23T15:02:14+00:00","author":{"@id":"https:\/\/www.nettali.com\/#\/schema\/person\/3317e0bb3aa1da309fbf7b2780901bf4"},"breadcrumb":{"@id":"https:\/\/www.nettali.com\/2025\/04\/23\/etats-unis-elon-musk-va-seloigner-du-gouvernement-trump\/#breadcrumb"},"inLanguage":"fr-FR","potentialAction":[{"@type":"ReadAction","target":["https:\/\/www.nettali.com\/2025\/04\/23\/etats-unis-elon-musk-va-seloigner-du-gouvernement-trump\/"]}]},{"@type":"BreadcrumbList","@id":"https:\/\/www.nettali.com\/2025\/04\/23\/etats-unis-elon-musk-va-seloigner-du-gouvernement-trump\/#breadcrumb","itemListElement":[{"@type":"ListItem","position":1,"name":"Accueil","item":"https:\/\/www.nettali.com\/"},{"@type":"ListItem","position":2,"name":"\u00c9TATS-UNIS - Elon Musk va s'\u00e9loigner du gouvernement Trump\u00a0"}]},{"@type":"Person","@id":"https:\/\/www.nettali.com\/#\/schema\/person\/3317e0bb3aa1da309fbf7b2780901bf4","name":"Daouda","image":{"@type":"ImageObject","@id":"https:\/\/www.nettali.com\/#personlogo","inLanguage":"fr-FR","url":"https:\/\/secure.gravatar.com\/avatar\/8d143b5a49345098ddcfee1c49c2f47c?s=96&d=mm&r=g","contentUrl":"https:\/\/secure.gravatar.com\/avatar\/8d143b5a49345098ddcfee1c49c2f47c?s=96&d=mm&r=g","caption":"Daouda"},"sameAs":["https:\/\/www.nettali.com"]}]}},"_links":{"self":[{"href":"https:\/\/www.nettali.com\/rest\/wp\/v2\/posts\/152919"}],"collection":[{"href":"https:\/\/www.nettali.com\/rest\/wp\/v2\/posts"}],"about":[{"href":"https:\/\/www.nettali.com\/rest\/wp\/v2\/types\/post"}],"author":[{"embeddable":true,"href":"https:\/\/www.nettali.com\/rest\/wp\/v2\/users\/4"}],"replies":[{"embeddable":true,"href":"https:\/\/www.nettali.com\/rest\/wp\/v2\/comments?post=152919"}],"version-history":[{"count":1,"href":"https:\/\/www.nettali.com\/rest\/wp\/v2\/posts\/152919\/revisions"}],"predecessor-version":[{"id":152921,"href":"https:\/\/www.nettali.com\/rest\/wp\/v2\/posts\/152919\/revisions\/152921"}],"wp:featuredmedia":[{"embeddable":true,"href":"https:\/\/www.nettali.com\/rest\/wp\/v2\/media\/152920"}],"wp:attachment":[{"href":"https:\/\/www.nettali.com\/rest\/wp\/v2\/media?parent=152919"}],"wp:term":[{"taxonomy":"category","embeddable":true,"href":"https:\/\/www.nettali.com\/rest\/wp\/v2\/categories?post=152919"},{"taxonomy":"post_tag","embeddable":true,"href":"https:\/\/www.nettali.com\/rest\/wp\/v2\/tags?post=152919"}],"curies":[{"name":"wp","href":"https:\/\/api.w.org\/{rel}","templated":true}]}}